{"id":16658,"date":"2023-09-05T16:01:36","date_gmt":"2023-09-05T14:01:36","guid":{"rendered":"https:\/\/www.ringier.com\/erster-internationaler-editorial-summit-der-ringier-gruppe\/"},"modified":"2025-06-23T13:52:08","modified_gmt":"2025-06-23T11:52:08","slug":"pleins-feux-sur-le-journalisme-le-premier-editorial-summit-international-du-groupe-ringier","status":"publish","type":"post","link":"https:\/\/www.ringier.com\/fr\/pleins-feux-sur-le-journalisme-le-premier-editorial-summit-international-du-groupe-ringier\/","title":{"rendered":"Pleins feux sur le journalisme: le premier \u00abEditorial Summit\u00bb international du groupe Ringier"},"content":{"rendered":"\n<p>Sur invitation de l\u2019\u00e9diteur Michael Ringier, du CEO de Ringier Marc Walder, et de la CEO de Global Media et Blick Ladina Heimgartner, les responsables des r\u00e9dactions de toutes les publications Ringier de Suisse et de l\u2019\u00e9tranger ont tenu hier une r\u00e9union dans le cadre du premier \u00abEditorial Summit\u00bb du groupe Ringier. Au Medienpark de Zurich, les quelque 50&nbsp;participantes et participants ont discut\u00e9 ensemble de l\u2019interaction entre les individus et l\u2019intelligence artificielle dans leurs titres.<\/p>\n\n\n\n<p>Les opportunit\u00e9s et les possibilit\u00e9s d\u2019utilisation de l\u2019IA ont \u00e9t\u00e9 abord\u00e9es lors de ce sommet sous la devise de \u00abPen &amp; Prediction: Crafting the Future for Newsrooms with Human and Artificial Intelligence\u00bb.<\/p>\n\n\n\n<p>L\u2019Editorial Summit souligne l\u2019engagement de Ringier en faveur du journalisme, a rappel\u00e9 l\u2019\u00e9diteur Michael Ringier dans son discours d\u2019ouverture. Michael Ringier \u00e9crit depuis plus de 30&nbsp;ans sur le r\u00f4le du journalisme dans la soci\u00e9t\u00e9, notamment dans sa chronique dans le magazine DOMO. La pertinence \u00e9tait souvent au centre des pr\u00e9occupations. Le paysage m\u00e9diatique a chang\u00e9 avec la num\u00e9risation. Des marques telles que \u00abBlick\u00bb, \u00abLibertatea\u00bb et \u00abOnet\u00bb y sont synonymes d\u2019int\u00e9grit\u00e9 journalistique. Le r\u00f4le des journalistes est d\u2019expliquer le monde aux gens en int\u00e9grant des perspectives mondiales mais aussi quotidiennes. Il est important de mettre en avant le s\u00e9rieux journalistique et de transmettre le plaisir de lire.<\/p>\n\n\n\n<p>Des expertes et des experts \u2013 dont le c\u00e9l\u00e8bre journaliste \u00e9conomique Lionel Barber, la scientifique et membre du Ringier AI Adversory Board L\u00e9a Steinacker, l\u2019expert num\u00e9rique en user needs Dmitry Shishkin, ainsi que Matthieu Mingasson, Head Design Transformation de l\u2019agence Internet Code and Theory \u00e0 New York, se sont exprim\u00e9s sur ce sujet dans le cadre d\u2019expos\u00e9s introductifs.<\/p>\n\n\n\n<div class=\"gallery-content-slider\" id=\"gallery-slider-frontend-1\">\n    <div class=\"glide__track\" data-glide-el=\"track\">\n        <div class=\"glide__slides\">\n                                <div class=\"glide__slide gallery-slider-slide-style-default gallery-slider-slide-fit-contain\">\n                                <div class=\"glide-content-slider-img-wrap glide-content-slider-img-wrap-1\">\n                    <img decoding=\"async\" src=\"https:\/\/www.ringier.com\/wp-content\/uploads\/2023\/09\/4A8A3952-Verbessert-NR-Kopie.jpg\" alt=\"\">\n                <\/div>\n            <\/div>\n                                                        <div class=\"glide__slide gallery-slider-slide-style-default gallery-slider-slide-fit-contain\">\n                                <div class=\"glide-content-slider-img-wrap glide-content-slider-img-wrap-1\">\n                    <img decoding=\"async\" src=\"https:\/\/www.ringier.com\/wp-content\/uploads\/2023\/09\/4A8A3018-Verbessert-NR-Kopie.jpg\" alt=\"\">\n                <\/div>\n            <\/div>\n                                                        <div class=\"glide__slide gallery-slider-slide-style-default gallery-slider-slide-fit-contain\">\n                                <div class=\"glide-content-slider-img-wrap glide-content-slider-img-wrap-1\">\n                    <img decoding=\"async\" src=\"https:\/\/www.ringier.com\/wp-content\/uploads\/2023\/09\/4A8A3371-Verbessert-NR-Kopie.jpg\" alt=\"\">\n                <\/div>\n            <\/div>\n                                                        <div class=\"glide__slide gallery-slider-slide-style-default gallery-slider-slide-fit-contain\">\n                                <div class=\"glide-content-slider-img-wrap glide-content-slider-img-wrap-1\">\n                    <img decoding=\"async\" src=\"https:\/\/www.ringier.com\/wp-content\/uploads\/2023\/09\/4A8A4332-Verbessert-NR-Kopie.jpg\" alt=\"\">\n                <\/div>\n            <\/div>\n                                                        <div class=\"glide__slide gallery-slider-slide-style-default gallery-slider-slide-fit-contain\">\n                                <div class=\"glide-content-slider-img-wrap glide-content-slider-img-wrap-1\">\n                    <img decoding=\"async\" src=\"https:\/\/www.ringier.com\/wp-content\/uploads\/2023\/09\/005A6248-Verbessert-NR-Kopie.jpg\" alt=\"\">\n                <\/div>\n            <\/div>\n                                                        <div class=\"glide__slide gallery-slider-slide-style-default gallery-slider-slide-fit-contain\">\n                                <div class=\"glide-content-slider-img-wrap glide-content-slider-img-wrap-1\">\n                    <img decoding=\"async\" src=\"https:\/\/www.ringier.com\/wp-content\/uploads\/2023\/09\/4A8A4478-Verbessert-NR-Kopie.jpg\" alt=\"\">\n                <\/div>\n            <\/div>\n                                                        <div class=\"glide__slide gallery-slider-slide-style-default gallery-slider-slide-fit-contain\">\n                                <div class=\"glide-content-slider-img-wrap glide-content-slider-img-wrap-1\">\n                    <img decoding=\"async\" src=\"https:\/\/www.ringier.com\/wp-content\/uploads\/2023\/09\/4A8A4228-Verbessert-NR-Kopie.jpg\" alt=\"\">\n                <\/div>\n            <\/div>\n                                                        <div class=\"glide__slide gallery-slider-slide-style-default gallery-slider-slide-fit-contain\">\n                                <div class=\"glide-content-slider-img-wrap glide-content-slider-img-wrap-1\">\n                    <img decoding=\"async\" src=\"https:\/\/www.ringier.com\/wp-content\/uploads\/2023\/09\/4A8A4291-Verbessert-NR-Kopie.jpg\" alt=\"\">\n                <\/div>\n            <\/div>\n                                        <\/div>\n                    <div class=\"glide__controls gallery__controls\" data-glide-el=\"controls\">\n                <button class=\"slider__arrow slider__arrow--prev glide__arrow glide__arrow--prev\" data-glide-dir=\"<\">\n                    <svg width=\"28\" height=\"56\" viewBox=\"0 0 28 56\" fill=\"currentColor\" version=\"1.1\" id=\"svg4\" sodipodi:docname=\"gallery-left-arrow-semicircle.svg\" inkscape:version=\"1.1.2 (0a00cf5339, 2022-02-04)\" xmlns:inkscape=\"http:\/\/www.inkscape.org\/namespaces\/inkscape\" xmlns:sodipodi=\"http:\/\/sodipodi.sourceforge.net\/DTD\/sodipodi-0.dtd\" xmlns=\"http:\/\/www.w3.org\/2000\/svg\" xmlns:svg=\"http:\/\/www.w3.org\/2000\/svg\">\n                        <path id=\"path32\" style=\"fill:#ffffff;fill-rule:evenodd;stroke-width:1.9741\" d=\"M 0.164062,0.01171875 V 56 H 0 a 28,28 0 0 0 0.164062,0.01172 28,28 0 0 0 28,-28 28,28 0 0 0 -28,-28.00000025 z\" \/>\n                        <path d=\"m 20.821022,26.761865 v 2.5 H 4.7856724 l 4.0531199,4.05311 -1.76773,1.7678 L 0,28.011735 l 7.0710623,-7.071072 1.76773,1.767762 -4.0534099,4.05344 z\" fill=\"currentColor\" id=\"path2\" \/>\n                    <\/svg>\n                <\/button>\n                <button class=\"slider__arrow slider__arrow--next glide__arrow glide__arrow--next\" data-glide-dir=\">\">\n                    <svg width=\"28\" height=\"56\" viewBox=\"0 0 28 56\" fill=\"none\" version=\"1.1\" id=\"svg4\" sodipodi:docname=\"gallery-right-arrow-semicircle.svg\" inkscape:version=\"1.1.2 (0a00cf5339, 2022-02-04)\" xmlns:inkscape=\"http:\/\/www.inkscape.org\/namespaces\/inkscape\" xmlns:sodipodi=\"http:\/\/sodipodi.sourceforge.net\/DTD\/sodipodi-0.dtd\" xmlns=\"http:\/\/www.w3.org\/2000\/svg\" xmlns:svg=\"http:\/\/www.w3.org\/2000\/svg\">\n                        <path id=\"path32\" style=\"fill:#ffffff;fill-rule:evenodd;stroke-width:1.96834\" d=\"M 27.836894,56.000001 V 0.01172 H 28 A 27.836894,28 0 0 0 27.836894,0 27.836894,28 0 0 0 0,28 27.836894,28 0 0 0 27.836894,56.000001 Z\" \/>\n                        <path d=\"m 7.3002651,29.249855 v -2.5 H 23.242206 l -4.02951,-4.05311 1.757433,-1.7678 7.029871,7.07104 -7.029871,7.071072 -1.757433,-1.767762 4.029798,-4.05344 z\" fill=\"currentColor\" id=\"path2\" style=\"stroke-width:0.997083\" \/>\n                    <\/svg>\n                <\/button>\n            <\/div>\n            <\/div>\n\n    <!-- We need to show number of slides rather than dots for navigation, eg (1 of 10)-->\n    <div class=\"glide__footer\">\n                <div class=\"glide__controls gallery__controls__mobile\" data-glide-el=\"controls\">\n            <button class=\"slider__arrow slider__arrow--prev glide__arrow glide__arrow--prev\" data-glide-dir=\"<\">\n                <svg width=\"22\" height=\"16\" viewBox=\"0 0 22 16\" fill=\"none\" xmlns=\"http:\/\/www.w3.org\/2000\/svg\">\n                    <path d=\"M21.4105 6.75089V9.25089H5.37515L9.42827 13.304L7.66054 15.0718L0.589478 8.00076L7.66054 0.929688L9.42827 2.69745L5.37486 6.75089H21.4105Z\" fill=\"currentColor\"\/>\n                <\/svg>\n            <\/button>\n            <div class=\"glide__footer_count_wrap\">\n                <div class=\"glide__footer_count\">\n                    1\/8                <\/div>\n            <\/div>\n            <button class=\"slider__arrow slider__arrow--next glide__arrow glide__arrow--next\" data-glide-dir=\">\">\n                <svg width=\"22\" height=\"16\" viewBox=\"0 0 22 16\" fill=\"none\" xmlns=\"http:\/\/www.w3.org\/2000\/svg\">\n                    <path d=\"M0.5895 9.24911L0.5895 6.74911L16.6249 6.74911L12.5717 2.69599L14.3395 0.928239L21.4105 7.99924L14.3395 15.0703L12.5717 13.3026L16.6252 9.24911L0.5895 9.24911Z\" fill=\"currentColor\"\/>\n                <\/svg>\n            <\/button>\n        <\/div>\n        \n            <\/div>\n\n<\/div>\n\n    <script>\n        var glide1 = new Glide('#gallery-slider-frontend-1', {\n            type: 'carousel',\n            perView: 1,\n            gap: 20,\n                        \/\/ Pause autoplay on hover\n            hoverpause: false,\n        })\n        glide1.mount();\n\n        \/\/ Update footer with current slide\n        glide1.on('run.after', function(){\n            \/\/ Update counter\n            var footer = document.querySelector('#gallery-slider-frontend-1 .glide__footer .glide__footer_count');\n            footer.innerHTML = (glide1.index + 1) + '\/8';\n\n                    });\n\n        \/\/ Pause when not in view\n        var glide_slider_observer = new IntersectionObserver(function(entries, glide_slider_observer){\n            entries.forEach(entry => {\n                if(entry.isIntersecting){\n                    glide1.play();\n                }else{\n                    glide1.pause();\n                }\n            });\n        }, {threshold: 0.5});\n        glide_slider_observer.observe(document.querySelector('#gallery-slider-frontend-1'));\n\n    <\/script>\n\n<style>\n\n    .glide-gallery-text-wrap{\n        \/* margin-top: 46px; *\/\n        width: 100%;\n        color: #fff;\n        position: relative;\n        background-color: #162D46;\n        min-height: calc(40px + (20px));\n    }\n    .glide-gallery-text{\n        font-family   : 'Ringier Book';\n        padding       : 20px;\n        font-style    : normal;\n        letter-spacing: 0;\n        font-size     : 16px;\n        line-height   : 20px;\n\n    }\n    .glide-gallery-text p, .glide-gallery-text a{\n        font-family   : 'Ringier Book';\n        padding       : 0px;\n        margin        : 0px;\n        font-style    : normal;\n        letter-spacing: 0;\n        font-size     : 16px;\n        line-height   : 20px;\n        color         : #FFF;\n    }\n    .gallery-content-slider .glide__track{\n        position: relative;\n    }\n    .gallery-content-slider .glide__slide img{\n        width: 100%;\n    }\n    \/* This is a horizontally scrollable list of dots with a fade effect *\/\n    .glide-gallery-image-bullet-wrap{\n        \n        display: flex;\n        flex-direction: row;\n        overflow-x: auto;\n        overflow-y: hidden;\n        scroll-snap-type: x mandatory;\n        scroll-behavior: smooth;\n        -webkit-overflow-scrolling: touch;\n        padding: 20px 0;\n        gap:10px;\n        justify-content: center;\n    }\n    .glide-gallery-image-bullet-wrap::-webkit-scrollbar {\n        display: none;\n    }\n\n    \/* Remove all button styles and make them simple squares *\/\n    .glide-gallery-image-bullet{\n        \/* flex: 1; *\/\n        border: 1px solid transparent;\n        background: none;\n        padding: 0;\n        margin: 0;\n        \/* width: 100px; *\/\n        \/* min-width: 100px; *\/\n        \/* height: 100px; *\/\n        cursor: pointer;\n    }\n    .glide-gallery-image-bullet-wrap > .glide__bullet--active{\n        border: 1px solid #f5f5f7;\n    }\n    .glide-gallery-image-bullet img{\n        width: 100px;\n        height: 80px;\n        object-fit: cover;\n    }\n    \/* Custom single slide stypes *\/\n    \/* Default Fixed aspect ratio *\/\n    .glide-content-slider-img-wrap>img{\n        object-fit: contain;\n        aspect-ratio: 3\/2;\n        background-color: #f6f6f6;\n    }\n\n    \/* Full Height *\/\n    .gallery-slider-slide-style-full-width{\n        width: 100%;\n    }\n    .gallery-slider-slide-style-full-width{\n        width: 100%;\n    }\n\n    \/* Aspect Ratio classes *\/\n    .gallery-slider-slide-style-vertical > .glide-content-slider-img-wrap>img{\n        aspect-ratio: 4\/5;\n    }\n    .gallery-slider-slide-style-standard > .glide-content-slider-img-wrap>img{\n        aspect-ratio: 4\/3;\n    }\n    .gallery-slider-slide-style-square > .glide-content-slider-img-wrap>img{\n        aspect-ratio: 1\/1;\n    }\n    .gallery-slider-slide-style-widescreen > .glide-content-slider-img-wrap>img{\n        aspect-ratio: 16\/9;\n    }\n    .gallery-slider-slide-style-ultrawide > .glide-content-slider-img-wrap>img{\n        aspect-ratio: 2.4\/1;\n    }\n\n    \/* Image fit classes *\/\n    .gallery-slider-slide-fit-contain > .glide-content-slider-img-wrap>img{\n        object-fit: contain;\n    }\n    .gallery-slider-slide-fit-cover > .glide-content-slider-img-wrap>img{\n        object-fit: cover;\n    }\n    .gallery-slider-slide-fit-fill > .glide-content-slider-img-wrap>img{\n        object-fit: fill;\n    }\n    \/* Glide arrows, need to be cented in slider  *\/\n    .gallery-content-slider{\n        position: relative;\n    }\n    .gallery__controls{\n        position: absolute;\n        display: flex;\n        justify-content: space-between;\n        width: 100%;\n        top: 50%;\n        transform: translateY(-50%);\n        height: 56px;\n    }\n    .gallery__controls>.slider__arrow{\n        height: 56px;\n        display: flex;\n        align-items: center;\n        justify-content: center;\n        background-color: transparent;\n        width: 28px;\n        height: 56px;\n        padding: 0px !important;\n    }\n\n    .gallery__controls__mobile>.slider__arrow{\n        width: 28px;\n        height: 56px;\n        display: flex;\n        align-items: center;\n    }\n    .gallery__controls>.slider__arrow--prev{\n        margin-left:-1px;\n    }\n    .gallery__controls>.slider__arrow--next{\n        margin-right:-1px;\n    }\n    .gallery__controls__mobile{\n        width: 100%;\n        display: flex;\n        justify-content: center;\n    }\n    .gallery__controls__mobile .slider__arrow{\n        width:22px;\n        padding: 0px;\n        display: none;\n    }\n    @media screen and (max-width: 768px) {\n        .gallery__controls__mobile{\n            justify-content: space-between;\n        }\n        .gallery__controls__mobile .slider__arrow{\n            display: flex;\n        }\n        .gallery__controls{\n            display: none;\n        }\n    }\n    .glide__footer{\n        display: block;\n        justify-content: center;\n    }\n    .glide__footer_count_wrap{\n        display: flex;\n        padding-block: 16px;\n        justify-content: center;\n    }\n    .glide__footer_count{\n        font-family: 'Ringier Book';\n        font-style: normal;\n        font-weight: 700;\n        font-size: 20px;\n        line-height: 24px;\n        color: #162D46;\n    }\n\n    .gallery__controls .slider__arrow svg{\n        color:#ACACAC;\n        transition: all 0.2s;\n    }\n    .gallery__controls__mobile .slider__arrow svg{\n        color:#162D46;\n        \/* transition: all 0.2s; *\/\n    }\n    .gallery__controls .slider__arrow svg:hover, .gallery__controls__mobile .slider__arrow svg:hover{\n        color:#162D46;\n    }\n<\/style>\n\n\n\n<p>Marc Walder a introduit l\u2019\u00e9v\u00e9nement en \u00e9voquant la technologie et les m\u00e9dias, l\u2019IA et les m\u00e9dias, ainsi que les d\u00e9fis et les opportunit\u00e9s des m\u00e9dias dans un monde largement num\u00e9rique. Son message cl\u00e9: malgr\u00e9 toutes ces transformations, il est et reste essentiel pour les journalistes que les faits soient d\u2019abord trait\u00e9s correctement. Ce n\u2019est qu\u2019ensuite que viennent l\u2019interpr\u00e9tation, le storytelling, les formats et les opinions.<\/p>\n\n\n\n<p>D\u2019apr\u00e8s Walder, la presse vient tout juste de vivre un exemple frappant et n\u00e9gatif: \u00abQui peut encore lire ce Blick?\u00bb, pouvait-on lire en titre. Et l\u2019auteur arrivait \u00e0 la conclusion que Blick ferait mieux de faire ce qu\u2019il faisait avant: du sexe, des crimes et du sport. Ce n\u2019est qu\u2019ainsi que Blick pourrait r\u00e9ussir. Il s\u2019agit l\u00e0 d\u2019un exemple aussi bon qu\u2019embarrassant sur la direction que prend le journalisme quand il ne s\u2019appuie pas sur les faits: un appel t\u00e9l\u00e9phonique ou une petite v\u00e9rification des faits auraient montr\u00e9 au journaliste cit\u00e9 de se rendre compte de faits contradictoires, \u00e0 savoir le succ\u00e8s du groupe Blick au cours des trois derni\u00e8res ann\u00e9es:<\/p>\n\n\n\n<ul class=\"wp-block-list\">\n<li>Blick n\u2019a jamais eu autant d\u2019utilisateurs et d\u2019utilisatrices (1,3&nbsp;million par jour)<\/li>\n\n\n\n<li>Blick n\u2019a jamais eu autant de vid\u00e9os visionn\u00e9es (1&nbsp;million par jour)<\/li>\n\n\n\n<li>Blick n\u2019a jamais eu autant de femmes en tant que lectrices (50%)<\/li>\n\n\n\n<li>On n\u2019a jamais mesur\u00e9 un temps de visite aussi long sur Blick.ch (plus de 5&nbsp;minutes)<\/li>\n<\/ul>\n\n\n\n<p>Le journaliste \u00e9conomique Lionel Barber, ancien r\u00e9dacteur en chef du Financial Times, a \u00e9galement r\u00e9affirm\u00e9 l\u2019importance de la fid\u00e9lit\u00e9 aux faits. Il est beaucoup plus facile d\u2019avoir une opinion que de conna\u00eetre les faits. En ce qui concerne la qualit\u00e9, il a d\u00e9clar\u00e9 que malgr\u00e9 l\u2019esprit de comp\u00e9tition, il est plus important de ne pas \u00eatre le plus rapide, mais d\u2019\u00eatre le premier ou la premi\u00e8re \u00e0 comprendre l\u2019histoire et \u00e0 la restituer correctement.<\/p>\n\n\n\n<p>L\u2019expert en user needs Dmitry Shishkin a expliqu\u00e9 comment rester pertinent pour les utilisatrices et les utilisateurs \u00e0 l\u2019aide du mod\u00e8le user news, qui identifie huit besoins diff\u00e9rents. Shishkin s\u2019est montr\u00e9 convaincu: Si les besoins du public sont satisfaits de mani\u00e8re cr\u00e9ative, coh\u00e9rente et strat\u00e9gique, la croissance s\u2019ensuit. Son conseil aux journalistes sur place: faites preuve d\u2019esprit critique: qu\u2019est-ce qui changerait dans la vie de votre lectorat si la marque m\u00e9diatique pour laquelle vous travaillez venait \u00e0 dispara\u00eetre demain?<\/p>\n\n\n\n<p>Matthieu Mingasson, Head Design Transformation de l\u2019agence Internet new-yorkaise Code&amp;Theory, s\u2019est pench\u00e9 sur la question de savoir dans quels domaines autrefois journalistiques les portails de recherche et l\u2019IA ont repris le flambeau et dans quels domaines le journalisme peut et continuera \u00e0 cr\u00e9er de la valeur. Comp\u00e9tence, cr\u00e9dibilit\u00e9 et confiance gr\u00e2ce \u00e0 l\u2019utilisation de l\u2019IA sont attribu\u00e9es \u00e0 des marques qui exp\u00e9rimentent et apprennent. N\u00e9anmoins, malgr\u00e9 toute l\u2019intelligence artificielle, ce sont les contenus uniques et originaux d\u2019une marque qui doivent \u00eatre particuli\u00e8rement appr\u00e9ci\u00e9s. Au cours du d\u00eener qui a suivi, L\u00e9a Steinacker a r\u00e9ussi \u00e0 emmener les personnes pr\u00e9sentes dans un voyage passionnant dans le pass\u00e9, le pr\u00e9sent et l\u2019avenir de l\u2019IA. Pour Steinacker, qui enseigne l\u2019intelligence artificielle \u00e0 l\u2019Universit\u00e9 de Saint-Gall, il est clair que m\u00eame si nous allons encore vivre des bonds en avant dans le d\u00e9veloppement de l\u2019intelligence artificielle, l\u2019aspect \u00abhumain\u00bb du journalisme continuera \u00e0 s\u2019imposer comme \u00abpremium\u00bb.<\/p>\n\n\n\n<p><strong><strong>Le Ringier International Editorial Standards &amp; Innovation Board se r\u00e9unit pour la premi\u00e8re fois<\/strong><\/strong><\/p>\n\n\n\n<p>Le \u00abRingier International Editorial Standards and Innovation Board\u00bb s\u2019est r\u00e9uni pour la premi\u00e8re fois hier. Il se consacre aux publications de Ringier, \u00e9value et encourage le leadership et les innovations. Le \u00abRingier International Editorial Standards and Innovation Board\u00bb, pr\u00e9sid\u00e9 par Michael Ringier, est compos\u00e9 de Nancy Cruickshank, membre du conseil d\u2019administration de Ringier, Marc Walder, CEO de Ringier, Ladina Heimgartner, Head Global Media de Ringier, Alexander Theobald, CEO de Ringier Axel Springer Suisse\u00a0SA, Petra Ehmann, Chief Innovation Officer de Ringier, Peter Hossli, directeur de l\u2019\u00e9cole de journalisme Ringier, l\u2019expert en m\u00e9dias externe et international Dmitry Shishkin, ainsi que de Stephan Sch\u00e4fer, journaliste et CEO de Gruner &amp; Jahr et RTL Allemagne.<\/p>\n\n\n\n<div style=\"height:4px\" aria-hidden=\"true\" class=\"wp-block-spacer\"><\/div>\n\n\n\n<p>Ringier, Corporate Communications<\/p>\n","protected":false},"excerpt":{"rendered":"<p>Dans le cadre du premier \u00abEditorial Summit\u00bb du groupe Ringier, les r\u00e9dactions en chef de tous les titres internationaux de Ringier se sont pench\u00e9es hier au Medienpark de Zurich sur les user needs, les innovations produits et l\u2019utilisation de l\u2019intelligence artificielle dans les salles de r\u00e9daction et les publications. Le Ringier International Editorial Standards &#038; Innovation Board s\u2019est r\u00e9uni le m\u00eame jour.<\/p>\n","protected":false},"author":23,"featured_media":16620,"comment_status":"closed","ping_status":"open","sticky":false,"template":"","format":"standard","meta":{"inline_featured_image":false,"footnotes":""},"categories":[370],"tags":[],"class_list":["post-16658","post","type-post","status-publish","format-standard","has-post-thumbnail","hentry","category-media-fr"],"yoast_head":"<!-- This site is optimized with the Yoast SEO Premium plugin v27.0 (Yoast SEO v27.0) - https:\/\/yoast.com\/product\/yoast-seo-premium-wordpress\/ -->\n<title>Pleins feux sur le journalisme: le premier \u00abEditorial Summit\u00bb international du groupe Ringier - Ringier<\/title>\n<meta name=\"robots\" content=\"index, follow, max-snippet:-1, max-image-preview:large, max-video-preview:-1\" \/>\n<link rel=\"canonical\" href=\"https:\/\/www.ringier.com\/fr\/pleins-feux-sur-le-journalisme-le-premier-editorial-summit-international-du-groupe-ringier\/\" \/>\n<meta property=\"og:locale\" content=\"fr_FR\" \/>\n<meta property=\"og:type\" content=\"article\" \/>\n<meta property=\"og:title\" content=\"Pleins feux sur le journalisme: le premier \u00abEditorial Summit\u00bb international du groupe Ringier\" \/>\n<meta property=\"og:description\" content=\"Dans le cadre du premier \u00abEditorial Summit\u00bb du groupe Ringier, les r\u00e9dactions en chef de tous les titres internationaux de Ringier se sont pench\u00e9es hier au Medienpark de Zurich sur les user needs, les innovations produits et l\u2019utilisation de l\u2019intelligence artificielle dans les salles de r\u00e9daction et les publications. Le Ringier International Editorial Standards &amp; Innovation Board s\u2019est r\u00e9uni le m\u00eame jour.\" \/>\n<meta property=\"og:url\" content=\"https:\/\/www.ringier.com\/fr\/pleins-feux-sur-le-journalisme-le-premier-editorial-summit-international-du-groupe-ringier\/\" \/>\n<meta property=\"og:site_name\" content=\"Ringier\" \/>\n<meta property=\"article:publisher\" content=\"https:\/\/www.facebook.com\/ringierag\/\" \/>\n<meta property=\"article:published_time\" content=\"2023-09-05T14:01:36+00:00\" \/>\n<meta property=\"article:modified_time\" content=\"2025-06-23T11:52:08+00:00\" \/>\n<meta property=\"og:image\" content=\"https:\/\/www.ringier.com\/wp-content\/uploads\/2023\/09\/unnamed-5.png\" \/>\n\t<meta property=\"og:image:width\" content=\"1200\" \/>\n\t<meta property=\"og:image:height\" content=\"600\" \/>\n\t<meta property=\"og:image:type\" content=\"image\/png\" \/>\n<meta name=\"author\" content=\"Ringier Corporate Communications\" \/>\n<meta name=\"twitter:card\" content=\"summary_large_image\" \/>\n<meta name=\"twitter:creator\" content=\"@ringier_ag\" \/>\n<meta name=\"twitter:site\" content=\"@ringier_ag\" \/>\n<meta name=\"twitter:label1\" content=\"\u00c9crit par\" \/>\n\t<meta name=\"twitter:data1\" content=\"Ringier Corporate Communications\" \/>\n\t<meta name=\"twitter:label2\" content=\"Dur\u00e9e de lecture estim\u00e9e\" \/>\n\t<meta name=\"twitter:data2\" content=\"6 minutes\" \/>\n<script type=\"application\/ld+json\" class=\"yoast-schema-graph\">{\"@context\":\"https:\/\/schema.org\",\"@graph\":[{\"@type\":\"Article\",\"@id\":\"https:\/\/www.ringier.com\/fr\/pleins-feux-sur-le-journalisme-le-premier-editorial-summit-international-du-groupe-ringier\/#article\",\"isPartOf\":{\"@id\":\"https:\/\/www.ringier.com\/fr\/pleins-feux-sur-le-journalisme-le-premier-editorial-summit-international-du-groupe-ringier\/\"},\"author\":{\"name\":\"Ringier Corporate Communications\",\"@id\":\"https:\/\/www.ringier.com\/fr\/#\/schema\/person\/4cf76a308dc4b2bb5121bd1e7b752e52\"},\"headline\":\"Pleins feux sur le journalisme: le premier \u00abEditorial Summit\u00bb international du groupe Ringier\",\"datePublished\":\"2023-09-05T14:01:36+00:00\",\"dateModified\":\"2025-06-23T11:52:08+00:00\",\"mainEntityOfPage\":{\"@id\":\"https:\/\/www.ringier.com\/fr\/pleins-feux-sur-le-journalisme-le-premier-editorial-summit-international-du-groupe-ringier\/\"},\"wordCount\":1082,\"publisher\":{\"@id\":\"https:\/\/www.ringier.com\/fr\/#organization\"},\"image\":{\"@id\":\"https:\/\/www.ringier.com\/fr\/pleins-feux-sur-le-journalisme-le-premier-editorial-summit-international-du-groupe-ringier\/#primaryimage\"},\"thumbnailUrl\":\"https:\/\/www.ringier.com\/wp-content\/uploads\/2023\/09\/unnamed-5.png\",\"articleSection\":[\"Media\"],\"inLanguage\":\"fr-FR\"},{\"@type\":\"WebPage\",\"@id\":\"https:\/\/www.ringier.com\/fr\/pleins-feux-sur-le-journalisme-le-premier-editorial-summit-international-du-groupe-ringier\/\",\"url\":\"https:\/\/www.ringier.com\/fr\/pleins-feux-sur-le-journalisme-le-premier-editorial-summit-international-du-groupe-ringier\/\",\"name\":\"Pleins feux sur le journalisme: le premier \u00abEditorial Summit\u00bb international du groupe Ringier - Ringier\",\"isPartOf\":{\"@id\":\"https:\/\/www.ringier.com\/fr\/#website\"},\"primaryImageOfPage\":{\"@id\":\"https:\/\/www.ringier.com\/fr\/pleins-feux-sur-le-journalisme-le-premier-editorial-summit-international-du-groupe-ringier\/#primaryimage\"},\"image\":{\"@id\":\"https:\/\/www.ringier.com\/fr\/pleins-feux-sur-le-journalisme-le-premier-editorial-summit-international-du-groupe-ringier\/#primaryimage\"},\"thumbnailUrl\":\"https:\/\/www.ringier.com\/wp-content\/uploads\/2023\/09\/unnamed-5.png\",\"datePublished\":\"2023-09-05T14:01:36+00:00\",\"dateModified\":\"2025-06-23T11:52:08+00:00\",\"breadcrumb\":{\"@id\":\"https:\/\/www.ringier.com\/fr\/pleins-feux-sur-le-journalisme-le-premier-editorial-summit-international-du-groupe-ringier\/#breadcrumb\"},\"inLanguage\":\"fr-FR\",\"potentialAction\":[{\"@type\":\"ReadAction\",\"target\":[\"https:\/\/www.ringier.com\/fr\/pleins-feux-sur-le-journalisme-le-premier-editorial-summit-international-du-groupe-ringier\/\"]}]},{\"@type\":\"ImageObject\",\"inLanguage\":\"fr-FR\",\"@id\":\"https:\/\/www.ringier.com\/fr\/pleins-feux-sur-le-journalisme-le-premier-editorial-summit-international-du-groupe-ringier\/#primaryimage\",\"url\":\"https:\/\/www.ringier.com\/wp-content\/uploads\/2023\/09\/unnamed-5.png\",\"contentUrl\":\"https:\/\/www.ringier.com\/wp-content\/uploads\/2023\/09\/unnamed-5.png\",\"width\":1200,\"height\":600},{\"@type\":\"BreadcrumbList\",\"@id\":\"https:\/\/www.ringier.com\/fr\/pleins-feux-sur-le-journalisme-le-premier-editorial-summit-international-du-groupe-ringier\/#breadcrumb\",\"itemListElement\":[{\"@type\":\"ListItem\",\"position\":1,\"name\":\"Home\",\"item\":\"https:\/\/www.ringier.com\/fr\/\"},{\"@type\":\"ListItem\",\"position\":2,\"name\":\"Pleins feux sur le journalisme: le premier \u00abEditorial Summit\u00bb international du groupe Ringier\"}]},{\"@type\":\"WebSite\",\"@id\":\"https:\/\/www.ringier.com\/fr\/#website\",\"url\":\"https:\/\/www.ringier.com\/fr\/\",\"name\":\"Ringier\",\"description\":\"We inform. We entertain. We connect\",\"publisher\":{\"@id\":\"https:\/\/www.ringier.com\/fr\/#organization\"},\"potentialAction\":[{\"@type\":\"SearchAction\",\"target\":{\"@type\":\"EntryPoint\",\"urlTemplate\":\"https:\/\/www.ringier.com\/fr\/?s={search_term_string}\"},\"query-input\":{\"@type\":\"PropertyValueSpecification\",\"valueRequired\":true,\"valueName\":\"search_term_string\"}}],\"inLanguage\":\"fr-FR\"},{\"@type\":\"Organization\",\"@id\":\"https:\/\/www.ringier.com\/fr\/#organization\",\"name\":\"Ringier\",\"url\":\"https:\/\/www.ringier.com\/fr\/\",\"logo\":{\"@type\":\"ImageObject\",\"inLanguage\":\"fr-FR\",\"@id\":\"https:\/\/www.ringier.com\/fr\/#\/schema\/logo\/image\/\",\"url\":\"https:\/\/www.ringier.com\/wp-content\/uploads\/2021\/10\/ringier_logo_2.jpg\",\"contentUrl\":\"https:\/\/www.ringier.com\/wp-content\/uploads\/2021\/10\/ringier_logo_2.jpg\",\"width\":750,\"height\":550,\"caption\":\"Ringier\"},\"image\":{\"@id\":\"https:\/\/www.ringier.com\/fr\/#\/schema\/logo\/image\/\"},\"sameAs\":[\"https:\/\/www.facebook.com\/ringierag\/\",\"https:\/\/x.com\/ringier_ag\",\"https:\/\/www.instagram.com\/ringier_ag\/\",\"https:\/\/www.linkedin.com\/company\/ringier\/\",\"https:\/\/www.youtube.com\/user\/RingierComm\",\"https:\/\/en.wikipedia.org\/wiki\/Ringier\",\"https:\/\/de.wikipedia.org\/wiki\/Ringier\",\"https:\/\/fr.wikipedia.org\/wiki\/Ringier\",\"https:\/\/www.crunchbase.com\/organization\/ringier-ag\"]},{\"@type\":\"Person\",\"@id\":\"https:\/\/www.ringier.com\/fr\/#\/schema\/person\/4cf76a308dc4b2bb5121bd1e7b752e52\",\"name\":\"Ringier Corporate Communications\",\"image\":{\"@type\":\"ImageObject\",\"inLanguage\":\"fr-FR\",\"@id\":\"https:\/\/www.ringier.com\/fr\/#\/schema\/person\/image\/\",\"url\":\"https:\/\/secure.gravatar.com\/avatar\/9391e20481368d5df4fe3e1e476c13b27786347489822ec1ed07e532bb41f587?s=96&d=mm&r=g\",\"contentUrl\":\"https:\/\/secure.gravatar.com\/avatar\/9391e20481368d5df4fe3e1e476c13b27786347489822ec1ed07e532bb41f587?s=96&d=mm&r=g\",\"caption\":\"Ringier Corporate Communications\"},\"sameAs\":[\"https:\/\/www.ringier.com\"]}]}<\/script>\n<!-- \/ Yoast SEO Premium plugin. -->","yoast_head_json":{"title":"Pleins feux sur le journalisme: le premier \u00abEditorial Summit\u00bb international du groupe Ringier - Ringier","robots":{"index":"index","follow":"follow","max-snippet":"max-snippet:-1","max-image-preview":"max-image-preview:large","max-video-preview":"max-video-preview:-1"},"canonical":"https:\/\/www.ringier.com\/fr\/pleins-feux-sur-le-journalisme-le-premier-editorial-summit-international-du-groupe-ringier\/","og_locale":"fr_FR","og_type":"article","og_title":"Pleins feux sur le journalisme: le premier \u00abEditorial Summit\u00bb international du groupe Ringier","og_description":"Dans le cadre du premier \u00abEditorial Summit\u00bb du groupe Ringier, les r\u00e9dactions en chef de tous les titres internationaux de Ringier se sont pench\u00e9es hier au Medienpark de Zurich sur les user needs, les innovations produits et l\u2019utilisation de l\u2019intelligence artificielle dans les salles de r\u00e9daction et les publications. Le Ringier International Editorial Standards & Innovation Board s\u2019est r\u00e9uni le m\u00eame jour.","og_url":"https:\/\/www.ringier.com\/fr\/pleins-feux-sur-le-journalisme-le-premier-editorial-summit-international-du-groupe-ringier\/","og_site_name":"Ringier","article_publisher":"https:\/\/www.facebook.com\/ringierag\/","article_published_time":"2023-09-05T14:01:36+00:00","article_modified_time":"2025-06-23T11:52:08+00:00","og_image":[{"width":1200,"height":600,"url":"https:\/\/www.ringier.com\/wp-content\/uploads\/2023\/09\/unnamed-5.png","type":"image\/png"}],"author":"Ringier Corporate Communications","twitter_card":"summary_large_image","twitter_creator":"@ringier_ag","twitter_site":"@ringier_ag","twitter_misc":{"\u00c9crit par":"Ringier Corporate Communications","Dur\u00e9e de lecture estim\u00e9e":"6 minutes"},"schema":{"@context":"https:\/\/schema.org","@graph":[{"@type":"Article","@id":"https:\/\/www.ringier.com\/fr\/pleins-feux-sur-le-journalisme-le-premier-editorial-summit-international-du-groupe-ringier\/#article","isPartOf":{"@id":"https:\/\/www.ringier.com\/fr\/pleins-feux-sur-le-journalisme-le-premier-editorial-summit-international-du-groupe-ringier\/"},"author":{"name":"Ringier Corporate Communications","@id":"https:\/\/www.ringier.com\/fr\/#\/schema\/person\/4cf76a308dc4b2bb5121bd1e7b752e52"},"headline":"Pleins feux sur le journalisme: le premier \u00abEditorial Summit\u00bb international du groupe Ringier","datePublished":"2023-09-05T14:01:36+00:00","dateModified":"2025-06-23T11:52:08+00:00","mainEntityOfPage":{"@id":"https:\/\/www.ringier.com\/fr\/pleins-feux-sur-le-journalisme-le-premier-editorial-summit-international-du-groupe-ringier\/"},"wordCount":1082,"publisher":{"@id":"https:\/\/www.ringier.com\/fr\/#organization"},"image":{"@id":"https:\/\/www.ringier.com\/fr\/pleins-feux-sur-le-journalisme-le-premier-editorial-summit-international-du-groupe-ringier\/#primaryimage"},"thumbnailUrl":"https:\/\/www.ringier.com\/wp-content\/uploads\/2023\/09\/unnamed-5.png","articleSection":["Media"],"inLanguage":"fr-FR"},{"@type":"WebPage","@id":"https:\/\/www.ringier.com\/fr\/pleins-feux-sur-le-journalisme-le-premier-editorial-summit-international-du-groupe-ringier\/","url":"https:\/\/www.ringier.com\/fr\/pleins-feux-sur-le-journalisme-le-premier-editorial-summit-international-du-groupe-ringier\/","name":"Pleins feux sur le journalisme: le premier \u00abEditorial Summit\u00bb international du groupe Ringier - Ringier","isPartOf":{"@id":"https:\/\/www.ringier.com\/fr\/#website"},"primaryImageOfPage":{"@id":"https:\/\/www.ringier.com\/fr\/pleins-feux-sur-le-journalisme-le-premier-editorial-summit-international-du-groupe-ringier\/#primaryimage"},"image":{"@id":"https:\/\/www.ringier.com\/fr\/pleins-feux-sur-le-journalisme-le-premier-editorial-summit-international-du-groupe-ringier\/#primaryimage"},"thumbnailUrl":"https:\/\/www.ringier.com\/wp-content\/uploads\/2023\/09\/unnamed-5.png","datePublished":"2023-09-05T14:01:36+00:00","dateModified":"2025-06-23T11:52:08+00:00","breadcrumb":{"@id":"https:\/\/www.ringier.com\/fr\/pleins-feux-sur-le-journalisme-le-premier-editorial-summit-international-du-groupe-ringier\/#breadcrumb"},"inLanguage":"fr-FR","potentialAction":[{"@type":"ReadAction","target":["https:\/\/www.ringier.com\/fr\/pleins-feux-sur-le-journalisme-le-premier-editorial-summit-international-du-groupe-ringier\/"]}]},{"@type":"ImageObject","inLanguage":"fr-FR","@id":"https:\/\/www.ringier.com\/fr\/pleins-feux-sur-le-journalisme-le-premier-editorial-summit-international-du-groupe-ringier\/#primaryimage","url":"https:\/\/www.ringier.com\/wp-content\/uploads\/2023\/09\/unnamed-5.png","contentUrl":"https:\/\/www.ringier.com\/wp-content\/uploads\/2023\/09\/unnamed-5.png","width":1200,"height":600},{"@type":"BreadcrumbList","@id":"https:\/\/www.ringier.com\/fr\/pleins-feux-sur-le-journalisme-le-premier-editorial-summit-international-du-groupe-ringier\/#breadcrumb","itemListElement":[{"@type":"ListItem","position":1,"name":"Home","item":"https:\/\/www.ringier.com\/fr\/"},{"@type":"ListItem","position":2,"name":"Pleins feux sur le journalisme: le premier \u00abEditorial Summit\u00bb international du groupe Ringier"}]},{"@type":"WebSite","@id":"https:\/\/www.ringier.com\/fr\/#website","url":"https:\/\/www.ringier.com\/fr\/","name":"Ringier","description":"We inform. We entertain. We connect","publisher":{"@id":"https:\/\/www.ringier.com\/fr\/#organization"},"potentialAction":[{"@type":"SearchAction","target":{"@type":"EntryPoint","urlTemplate":"https:\/\/www.ringier.com\/fr\/?s={search_term_string}"},"query-input":{"@type":"PropertyValueSpecification","valueRequired":true,"valueName":"search_term_string"}}],"inLanguage":"fr-FR"},{"@type":"Organization","@id":"https:\/\/www.ringier.com\/fr\/#organization","name":"Ringier","url":"https:\/\/www.ringier.com\/fr\/","logo":{"@type":"ImageObject","inLanguage":"fr-FR","@id":"https:\/\/www.ringier.com\/fr\/#\/schema\/logo\/image\/","url":"https:\/\/www.ringier.com\/wp-content\/uploads\/2021\/10\/ringier_logo_2.jpg","contentUrl":"https:\/\/www.ringier.com\/wp-content\/uploads\/2021\/10\/ringier_logo_2.jpg","width":750,"height":550,"caption":"Ringier"},"image":{"@id":"https:\/\/www.ringier.com\/fr\/#\/schema\/logo\/image\/"},"sameAs":["https:\/\/www.facebook.com\/ringierag\/","https:\/\/x.com\/ringier_ag","https:\/\/www.instagram.com\/ringier_ag\/","https:\/\/www.linkedin.com\/company\/ringier\/","https:\/\/www.youtube.com\/user\/RingierComm","https:\/\/en.wikipedia.org\/wiki\/Ringier","https:\/\/de.wikipedia.org\/wiki\/Ringier","https:\/\/fr.wikipedia.org\/wiki\/Ringier","https:\/\/www.crunchbase.com\/organization\/ringier-ag"]},{"@type":"Person","@id":"https:\/\/www.ringier.com\/fr\/#\/schema\/person\/4cf76a308dc4b2bb5121bd1e7b752e52","name":"Ringier Corporate Communications","image":{"@type":"ImageObject","inLanguage":"fr-FR","@id":"https:\/\/www.ringier.com\/fr\/#\/schema\/person\/image\/","url":"https:\/\/secure.gravatar.com\/avatar\/9391e20481368d5df4fe3e1e476c13b27786347489822ec1ed07e532bb41f587?s=96&d=mm&r=g","contentUrl":"https:\/\/secure.gravatar.com\/avatar\/9391e20481368d5df4fe3e1e476c13b27786347489822ec1ed07e532bb41f587?s=96&d=mm&r=g","caption":"Ringier Corporate Communications"},"sameAs":["https:\/\/www.ringier.com"]}]}},"_links":{"self":[{"href":"https:\/\/www.ringier.com\/fr\/wp-json\/wp\/v2\/posts\/16658","targetHints":{"allow":["GET"]}}],"collection":[{"href":"https:\/\/www.ringier.com\/fr\/wp-json\/wp\/v2\/posts"}],"about":[{"href":"https:\/\/www.ringier.com\/fr\/wp-json\/wp\/v2\/types\/post"}],"author":[{"embeddable":true,"href":"https:\/\/www.ringier.com\/fr\/wp-json\/wp\/v2\/users\/23"}],"replies":[{"embeddable":true,"href":"https:\/\/www.ringier.com\/fr\/wp-json\/wp\/v2\/comments?post=16658"}],"version-history":[{"count":0,"href":"https:\/\/www.ringier.com\/fr\/wp-json\/wp\/v2\/posts\/16658\/revisions"}],"wp:featuredmedia":[{"embeddable":true,"href":"https:\/\/www.ringier.com\/fr\/wp-json\/wp\/v2\/media\/16620"}],"wp:attachment":[{"href":"https:\/\/www.ringier.com\/fr\/wp-json\/wp\/v2\/media?parent=16658"}],"wp:term":[{"taxonomy":"category","embeddable":true,"href":"https:\/\/www.ringier.com\/fr\/wp-json\/wp\/v2\/categories?post=16658"},{"taxonomy":"post_tag","embeddable":true,"href":"https:\/\/www.ringier.com\/fr\/wp-json\/wp\/v2\/tags?post=16658"}],"curies":[{"name":"wp","href":"https:\/\/api.w.org\/{rel}","templated":true}]}}