{"id":16337,"date":"2023-07-20T11:00:00","date_gmt":"2023-07-20T09:00:00","guid":{"rendered":"https:\/\/www.ringier.com\/?p=16337"},"modified":"2025-06-24T10:09:25","modified_gmt":"2025-06-24T08:09:25","slug":"blick-acquiert-les-droits-de-diffusion-des-moments-forts-de-la-credit-suisse-super-league","status":"publish","type":"post","link":"https:\/\/www.ringier.com\/fr\/blick-acquiert-les-droits-de-diffusion-des-moments-forts-de-la-credit-suisse-super-league\/","title":{"rendered":"Blick acquiert les droits de diffusion des moments forts de la Credit Suisse Super League"},"content":{"rendered":"\n<p>Tous les matches, tous les buts! D\u00e8s le coup d\u2019envoi de la nouvelle saison, le Groupe Blick en collaboration avec blue Sport aura les droits de diffusion des moments forts des matches de la Credit Suisse Super League. Les versions al\u00e9manique et romande de notre site pourront diffuser chaque but, chaque parade et chaque fait marquant des 228 matches, du championnat aux matchs d\u00e9cisifs du Championship Group et du Relegation Group. Cette offre couvre les deux prochains exercices: la saison 2023\/24 et la saison 24\/25.<\/p>\n\n\n\n<p>En Suisse romande, l\u2019acquisition de ces droits vient encore renforcer une \u00e9quipe Sport en plein d\u00e9veloppement. Ce 1er septembre, le journaliste et grand sp\u00e9cialiste du football Tim Guillemin rejoindra la r\u00e9daction en tant que responsable des sports, \u00e9quipe \u00e9galement compos\u00e9e de Gr\u00e9gory Beaud, Matthias Davet et Bastien Feller. Il y a quelques mois, le commentateur David Lemos avait rejoint le pool de chroniqueurs de Blick. L\u2019\u00e9quipe romande peut bien s\u00fbr s\u2019appuyer sur la force de frappe de la grande \u00e9quipe Sport al\u00e9manique de Blick.<\/p>\n\n\n\n<p>Steffi Buchli, r\u00e9dactrice en chef des sports et responsable de publication du Groupe Blick: \u00abNous avons l&rsquo;ambition de diffuser les images anim\u00e9es les plus int\u00e9ressantes sur notre portail. Nous faisons ici un pas d\u00e9cisif vers cet objectif. Les clips compl\u00e8tent parfaitement notre couverture compl\u00e8te de la Super League.\u00bb<\/p>\n\n\n\n<p>En plus des matches de la Super League, Blick poss\u00e8de aussi les droits de diffusion de tous les highlights des matches de la National League, que vous retrouverez d\u00e8s le d\u00e9but de la nouvelle saison de hockey sur glace en septembre. Blick.ch\/fr propose \u00e9galement chaque semaine de la saison le podcast Cold Facts, d\u00e9di\u00e9 au hockey suisse.<\/p>\n\n\n\n<p>Max Buder, Chief Commercial Officer du Groupe Blick: \u00abAvec les highlights de la Super League, nous sommes l\u2019unique m\u00e9dia en Suisse \u00e0 offrir aux amateurs de sport des contenus vid\u00e9o exclusifs des plus hautes ligues suisses de football et de hockey sur glace en m\u00eame temps. Avec cette nouvelle offre, nous affirmons notre ambition d&rsquo;\u00eatre la premi\u00e8re marque sportive multim\u00e9dia en Suisse.\u00bb<\/p>\n","protected":false},"excerpt":{"rendered":"<p>D\u00e8s le d\u00e9but de la Super League, les fans de football pourront profiter d\u2019une offre encore plus compl\u00e8te sur Blick.ch\/fr. Le site web diffusera les vid\u00e9os des highlights des 228 matches de la saison, y compris le Championship Group et le Relegation Group.<\/p>\n","protected":false},"author":23,"featured_media":16341,"comment_status":"closed","ping_status":"open","sticky":false,"template":"","format":"standard","meta":{"inline_featured_image":false,"footnotes":""},"categories":[370,363],"tags":[],"class_list":["post-16337","post","type-post","status-publish","format-standard","has-post-thumbnail","hentry","category-media-fr","category-ringier-medias-suisse"],"yoast_head":"<!-- This site is optimized with the Yoast SEO Premium plugin v27.0 (Yoast SEO v27.0) - https:\/\/yoast.com\/product\/yoast-seo-premium-wordpress\/ -->\n<title>Blick acquiert les droits de diffusion des moments forts de la Credit Suisse Super League - Ringier<\/title>\n<meta name=\"robots\" content=\"index, follow, max-snippet:-1, max-image-preview:large, max-video-preview:-1\" \/>\n<link rel=\"canonical\" href=\"https:\/\/www.ringier.com\/fr\/blick-acquiert-les-droits-de-diffusion-des-moments-forts-de-la-credit-suisse-super-league\/\" \/>\n<meta property=\"og:locale\" content=\"fr_FR\" \/>\n<meta property=\"og:type\" content=\"article\" \/>\n<meta property=\"og:title\" content=\"Blick acquiert les droits de diffusion des moments forts de la Credit Suisse Super League\" \/>\n<meta property=\"og:description\" content=\"D\u00e8s le d\u00e9but de la Super League, les fans de football pourront profiter d\u2019une offre encore plus compl\u00e8te sur Blick.ch\/fr. Le site web diffusera les vid\u00e9os des highlights des 228 matches de la saison, y compris le Championship Group et le Relegation Group.\" \/>\n<meta property=\"og:url\" content=\"https:\/\/www.ringier.com\/fr\/blick-acquiert-les-droits-de-diffusion-des-moments-forts-de-la-credit-suisse-super-league\/\" \/>\n<meta property=\"og:site_name\" content=\"Ringier\" \/>\n<meta property=\"article:publisher\" content=\"https:\/\/www.facebook.com\/ringierag\/\" \/>\n<meta property=\"article:published_time\" content=\"2023-07-20T09:00:00+00:00\" \/>\n<meta property=\"article:modified_time\" content=\"2025-06-24T08:09:25+00:00\" \/>\n<meta property=\"og:image\" content=\"https:\/\/www.ringier.com\/wp-content\/uploads\/2023\/07\/Blick-x-SuperLeague_2023.png\" \/>\n\t<meta property=\"og:image:width\" content=\"1200\" \/>\n\t<meta property=\"og:image:height\" content=\"630\" \/>\n\t<meta property=\"og:image:type\" content=\"image\/png\" \/>\n<meta name=\"author\" content=\"Ringier Corporate Communications\" \/>\n<meta name=\"twitter:card\" content=\"summary_large_image\" \/>\n<meta name=\"twitter:creator\" content=\"@ringier_ag\" \/>\n<meta name=\"twitter:site\" content=\"@ringier_ag\" \/>\n<meta name=\"twitter:label1\" content=\"\u00c9crit par\" \/>\n\t<meta name=\"twitter:data1\" content=\"Ringier Corporate Communications\" \/>\n\t<meta name=\"twitter:label2\" content=\"Dur\u00e9e de lecture estim\u00e9e\" \/>\n\t<meta name=\"twitter:data2\" content=\"1 minute\" \/>\n<script type=\"application\/ld+json\" class=\"yoast-schema-graph\">{\"@context\":\"https:\/\/schema.org\",\"@graph\":[{\"@type\":\"Article\",\"@id\":\"https:\/\/www.ringier.com\/fr\/blick-acquiert-les-droits-de-diffusion-des-moments-forts-de-la-credit-suisse-super-league\/#article\",\"isPartOf\":{\"@id\":\"https:\/\/www.ringier.com\/fr\/blick-acquiert-les-droits-de-diffusion-des-moments-forts-de-la-credit-suisse-super-league\/\"},\"author\":{\"name\":\"Ringier Corporate Communications\",\"@id\":\"https:\/\/www.ringier.com\/fr\/#\/schema\/person\/4cf76a308dc4b2bb5121bd1e7b752e52\"},\"headline\":\"Blick acquiert les droits de diffusion des moments forts de la Credit Suisse Super League\",\"datePublished\":\"2023-07-20T09:00:00+00:00\",\"dateModified\":\"2025-06-24T08:09:25+00:00\",\"mainEntityOfPage\":{\"@id\":\"https:\/\/www.ringier.com\/fr\/blick-acquiert-les-droits-de-diffusion-des-moments-forts-de-la-credit-suisse-super-league\/\"},\"wordCount\":381,\"publisher\":{\"@id\":\"https:\/\/www.ringier.com\/fr\/#organization\"},\"image\":{\"@id\":\"https:\/\/www.ringier.com\/fr\/blick-acquiert-les-droits-de-diffusion-des-moments-forts-de-la-credit-suisse-super-league\/#primaryimage\"},\"thumbnailUrl\":\"https:\/\/www.ringier.com\/wp-content\/uploads\/2023\/07\/Blick-x-SuperLeague_2023.png\",\"articleSection\":[\"Media\",\"Ringier Medias Suisse\"],\"inLanguage\":\"fr-FR\"},{\"@type\":\"WebPage\",\"@id\":\"https:\/\/www.ringier.com\/fr\/blick-acquiert-les-droits-de-diffusion-des-moments-forts-de-la-credit-suisse-super-league\/\",\"url\":\"https:\/\/www.ringier.com\/fr\/blick-acquiert-les-droits-de-diffusion-des-moments-forts-de-la-credit-suisse-super-league\/\",\"name\":\"Blick acquiert les droits de diffusion des moments forts de la Credit Suisse Super League - Ringier\",\"isPartOf\":{\"@id\":\"https:\/\/www.ringier.com\/fr\/#website\"},\"primaryImageOfPage\":{\"@id\":\"https:\/\/www.ringier.com\/fr\/blick-acquiert-les-droits-de-diffusion-des-moments-forts-de-la-credit-suisse-super-league\/#primaryimage\"},\"image\":{\"@id\":\"https:\/\/www.ringier.com\/fr\/blick-acquiert-les-droits-de-diffusion-des-moments-forts-de-la-credit-suisse-super-league\/#primaryimage\"},\"thumbnailUrl\":\"https:\/\/www.ringier.com\/wp-content\/uploads\/2023\/07\/Blick-x-SuperLeague_2023.png\",\"datePublished\":\"2023-07-20T09:00:00+00:00\",\"dateModified\":\"2025-06-24T08:09:25+00:00\",\"breadcrumb\":{\"@id\":\"https:\/\/www.ringier.com\/fr\/blick-acquiert-les-droits-de-diffusion-des-moments-forts-de-la-credit-suisse-super-league\/#breadcrumb\"},\"inLanguage\":\"fr-FR\",\"potentialAction\":[{\"@type\":\"ReadAction\",\"target\":[\"https:\/\/www.ringier.com\/fr\/blick-acquiert-les-droits-de-diffusion-des-moments-forts-de-la-credit-suisse-super-league\/\"]}]},{\"@type\":\"ImageObject\",\"inLanguage\":\"fr-FR\",\"@id\":\"https:\/\/www.ringier.com\/fr\/blick-acquiert-les-droits-de-diffusion-des-moments-forts-de-la-credit-suisse-super-league\/#primaryimage\",\"url\":\"https:\/\/www.ringier.com\/wp-content\/uploads\/2023\/07\/Blick-x-SuperLeague_2023.png\",\"contentUrl\":\"https:\/\/www.ringier.com\/wp-content\/uploads\/2023\/07\/Blick-x-SuperLeague_2023.png\",\"width\":1200,\"height\":630},{\"@type\":\"BreadcrumbList\",\"@id\":\"https:\/\/www.ringier.com\/fr\/blick-acquiert-les-droits-de-diffusion-des-moments-forts-de-la-credit-suisse-super-league\/#breadcrumb\",\"itemListElement\":[{\"@type\":\"ListItem\",\"position\":1,\"name\":\"Home\",\"item\":\"https:\/\/www.ringier.com\/fr\/\"},{\"@type\":\"ListItem\",\"position\":2,\"name\":\"Blick acquiert les droits de diffusion des moments forts de la Credit Suisse Super League\"}]},{\"@type\":\"WebSite\",\"@id\":\"https:\/\/www.ringier.com\/fr\/#website\",\"url\":\"https:\/\/www.ringier.com\/fr\/\",\"name\":\"Ringier\",\"description\":\"We inform. We entertain. We connect\",\"publisher\":{\"@id\":\"https:\/\/www.ringier.com\/fr\/#organization\"},\"potentialAction\":[{\"@type\":\"SearchAction\",\"target\":{\"@type\":\"EntryPoint\",\"urlTemplate\":\"https:\/\/www.ringier.com\/fr\/?s={search_term_string}\"},\"query-input\":{\"@type\":\"PropertyValueSpecification\",\"valueRequired\":true,\"valueName\":\"search_term_string\"}}],\"inLanguage\":\"fr-FR\"},{\"@type\":\"Organization\",\"@id\":\"https:\/\/www.ringier.com\/fr\/#organization\",\"name\":\"Ringier\",\"url\":\"https:\/\/www.ringier.com\/fr\/\",\"logo\":{\"@type\":\"ImageObject\",\"inLanguage\":\"fr-FR\",\"@id\":\"https:\/\/www.ringier.com\/fr\/#\/schema\/logo\/image\/\",\"url\":\"https:\/\/www.ringier.com\/wp-content\/uploads\/2021\/10\/ringier_logo_2.jpg\",\"contentUrl\":\"https:\/\/www.ringier.com\/wp-content\/uploads\/2021\/10\/ringier_logo_2.jpg\",\"width\":750,\"height\":550,\"caption\":\"Ringier\"},\"image\":{\"@id\":\"https:\/\/www.ringier.com\/fr\/#\/schema\/logo\/image\/\"},\"sameAs\":[\"https:\/\/www.facebook.com\/ringierag\/\",\"https:\/\/x.com\/ringier_ag\",\"https:\/\/www.instagram.com\/ringier_ag\/\",\"https:\/\/www.linkedin.com\/company\/ringier\/\",\"https:\/\/www.youtube.com\/user\/RingierComm\",\"https:\/\/en.wikipedia.org\/wiki\/Ringier\",\"https:\/\/de.wikipedia.org\/wiki\/Ringier\",\"https:\/\/fr.wikipedia.org\/wiki\/Ringier\",\"https:\/\/www.crunchbase.com\/organization\/ringier-ag\"]},{\"@type\":\"Person\",\"@id\":\"https:\/\/www.ringier.com\/fr\/#\/schema\/person\/4cf76a308dc4b2bb5121bd1e7b752e52\",\"name\":\"Ringier Corporate Communications\",\"image\":{\"@type\":\"ImageObject\",\"inLanguage\":\"fr-FR\",\"@id\":\"https:\/\/www.ringier.com\/fr\/#\/schema\/person\/image\/\",\"url\":\"https:\/\/secure.gravatar.com\/avatar\/9391e20481368d5df4fe3e1e476c13b27786347489822ec1ed07e532bb41f587?s=96&d=mm&r=g\",\"contentUrl\":\"https:\/\/secure.gravatar.com\/avatar\/9391e20481368d5df4fe3e1e476c13b27786347489822ec1ed07e532bb41f587?s=96&d=mm&r=g\",\"caption\":\"Ringier Corporate Communications\"},\"sameAs\":[\"https:\/\/www.ringier.com\"]}]}<\/script>\n<!-- \/ Yoast SEO Premium plugin. -->","yoast_head_json":{"title":"Blick acquiert les droits de diffusion des moments forts de la Credit Suisse Super League - Ringier","robots":{"index":"index","follow":"follow","max-snippet":"max-snippet:-1","max-image-preview":"max-image-preview:large","max-video-preview":"max-video-preview:-1"},"canonical":"https:\/\/www.ringier.com\/fr\/blick-acquiert-les-droits-de-diffusion-des-moments-forts-de-la-credit-suisse-super-league\/","og_locale":"fr_FR","og_type":"article","og_title":"Blick acquiert les droits de diffusion des moments forts de la Credit Suisse Super League","og_description":"D\u00e8s le d\u00e9but de la Super League, les fans de football pourront profiter d\u2019une offre encore plus compl\u00e8te sur Blick.ch\/fr. Le site web diffusera les vid\u00e9os des highlights des 228 matches de la saison, y compris le Championship Group et le Relegation Group.","og_url":"https:\/\/www.ringier.com\/fr\/blick-acquiert-les-droits-de-diffusion-des-moments-forts-de-la-credit-suisse-super-league\/","og_site_name":"Ringier","article_publisher":"https:\/\/www.facebook.com\/ringierag\/","article_published_time":"2023-07-20T09:00:00+00:00","article_modified_time":"2025-06-24T08:09:25+00:00","og_image":[{"width":1200,"height":630,"url":"https:\/\/www.ringier.com\/wp-content\/uploads\/2023\/07\/Blick-x-SuperLeague_2023.png","type":"image\/png"}],"author":"Ringier Corporate Communications","twitter_card":"summary_large_image","twitter_creator":"@ringier_ag","twitter_site":"@ringier_ag","twitter_misc":{"\u00c9crit par":"Ringier Corporate Communications","Dur\u00e9e de lecture estim\u00e9e":"1 minute"},"schema":{"@context":"https:\/\/schema.org","@graph":[{"@type":"Article","@id":"https:\/\/www.ringier.com\/fr\/blick-acquiert-les-droits-de-diffusion-des-moments-forts-de-la-credit-suisse-super-league\/#article","isPartOf":{"@id":"https:\/\/www.ringier.com\/fr\/blick-acquiert-les-droits-de-diffusion-des-moments-forts-de-la-credit-suisse-super-league\/"},"author":{"name":"Ringier Corporate Communications","@id":"https:\/\/www.ringier.com\/fr\/#\/schema\/person\/4cf76a308dc4b2bb5121bd1e7b752e52"},"headline":"Blick acquiert les droits de diffusion des moments forts de la Credit Suisse Super League","datePublished":"2023-07-20T09:00:00+00:00","dateModified":"2025-06-24T08:09:25+00:00","mainEntityOfPage":{"@id":"https:\/\/www.ringier.com\/fr\/blick-acquiert-les-droits-de-diffusion-des-moments-forts-de-la-credit-suisse-super-league\/"},"wordCount":381,"publisher":{"@id":"https:\/\/www.ringier.com\/fr\/#organization"},"image":{"@id":"https:\/\/www.ringier.com\/fr\/blick-acquiert-les-droits-de-diffusion-des-moments-forts-de-la-credit-suisse-super-league\/#primaryimage"},"thumbnailUrl":"https:\/\/www.ringier.com\/wp-content\/uploads\/2023\/07\/Blick-x-SuperLeague_2023.png","articleSection":["Media","Ringier Medias Suisse"],"inLanguage":"fr-FR"},{"@type":"WebPage","@id":"https:\/\/www.ringier.com\/fr\/blick-acquiert-les-droits-de-diffusion-des-moments-forts-de-la-credit-suisse-super-league\/","url":"https:\/\/www.ringier.com\/fr\/blick-acquiert-les-droits-de-diffusion-des-moments-forts-de-la-credit-suisse-super-league\/","name":"Blick acquiert les droits de diffusion des moments forts de la Credit Suisse Super League - Ringier","isPartOf":{"@id":"https:\/\/www.ringier.com\/fr\/#website"},"primaryImageOfPage":{"@id":"https:\/\/www.ringier.com\/fr\/blick-acquiert-les-droits-de-diffusion-des-moments-forts-de-la-credit-suisse-super-league\/#primaryimage"},"image":{"@id":"https:\/\/www.ringier.com\/fr\/blick-acquiert-les-droits-de-diffusion-des-moments-forts-de-la-credit-suisse-super-league\/#primaryimage"},"thumbnailUrl":"https:\/\/www.ringier.com\/wp-content\/uploads\/2023\/07\/Blick-x-SuperLeague_2023.png","datePublished":"2023-07-20T09:00:00+00:00","dateModified":"2025-06-24T08:09:25+00:00","breadcrumb":{"@id":"https:\/\/www.ringier.com\/fr\/blick-acquiert-les-droits-de-diffusion-des-moments-forts-de-la-credit-suisse-super-league\/#breadcrumb"},"inLanguage":"fr-FR","potentialAction":[{"@type":"ReadAction","target":["https:\/\/www.ringier.com\/fr\/blick-acquiert-les-droits-de-diffusion-des-moments-forts-de-la-credit-suisse-super-league\/"]}]},{"@type":"ImageObject","inLanguage":"fr-FR","@id":"https:\/\/www.ringier.com\/fr\/blick-acquiert-les-droits-de-diffusion-des-moments-forts-de-la-credit-suisse-super-league\/#primaryimage","url":"https:\/\/www.ringier.com\/wp-content\/uploads\/2023\/07\/Blick-x-SuperLeague_2023.png","contentUrl":"https:\/\/www.ringier.com\/wp-content\/uploads\/2023\/07\/Blick-x-SuperLeague_2023.png","width":1200,"height":630},{"@type":"BreadcrumbList","@id":"https:\/\/www.ringier.com\/fr\/blick-acquiert-les-droits-de-diffusion-des-moments-forts-de-la-credit-suisse-super-league\/#breadcrumb","itemListElement":[{"@type":"ListItem","position":1,"name":"Home","item":"https:\/\/www.ringier.com\/fr\/"},{"@type":"ListItem","position":2,"name":"Blick acquiert les droits de diffusion des moments forts de la Credit Suisse Super League"}]},{"@type":"WebSite","@id":"https:\/\/www.ringier.com\/fr\/#website","url":"https:\/\/www.ringier.com\/fr\/","name":"Ringier","description":"We inform. We entertain. We connect","publisher":{"@id":"https:\/\/www.ringier.com\/fr\/#organization"},"potentialAction":[{"@type":"SearchAction","target":{"@type":"EntryPoint","urlTemplate":"https:\/\/www.ringier.com\/fr\/?s={search_term_string}"},"query-input":{"@type":"PropertyValueSpecification","valueRequired":true,"valueName":"search_term_string"}}],"inLanguage":"fr-FR"},{"@type":"Organization","@id":"https:\/\/www.ringier.com\/fr\/#organization","name":"Ringier","url":"https:\/\/www.ringier.com\/fr\/","logo":{"@type":"ImageObject","inLanguage":"fr-FR","@id":"https:\/\/www.ringier.com\/fr\/#\/schema\/logo\/image\/","url":"https:\/\/www.ringier.com\/wp-content\/uploads\/2021\/10\/ringier_logo_2.jpg","contentUrl":"https:\/\/www.ringier.com\/wp-content\/uploads\/2021\/10\/ringier_logo_2.jpg","width":750,"height":550,"caption":"Ringier"},"image":{"@id":"https:\/\/www.ringier.com\/fr\/#\/schema\/logo\/image\/"},"sameAs":["https:\/\/www.facebook.com\/ringierag\/","https:\/\/x.com\/ringier_ag","https:\/\/www.instagram.com\/ringier_ag\/","https:\/\/www.linkedin.com\/company\/ringier\/","https:\/\/www.youtube.com\/user\/RingierComm","https:\/\/en.wikipedia.org\/wiki\/Ringier","https:\/\/de.wikipedia.org\/wiki\/Ringier","https:\/\/fr.wikipedia.org\/wiki\/Ringier","https:\/\/www.crunchbase.com\/organization\/ringier-ag"]},{"@type":"Person","@id":"https:\/\/www.ringier.com\/fr\/#\/schema\/person\/4cf76a308dc4b2bb5121bd1e7b752e52","name":"Ringier Corporate Communications","image":{"@type":"ImageObject","inLanguage":"fr-FR","@id":"https:\/\/www.ringier.com\/fr\/#\/schema\/person\/image\/","url":"https:\/\/secure.gravatar.com\/avatar\/9391e20481368d5df4fe3e1e476c13b27786347489822ec1ed07e532bb41f587?s=96&d=mm&r=g","contentUrl":"https:\/\/secure.gravatar.com\/avatar\/9391e20481368d5df4fe3e1e476c13b27786347489822ec1ed07e532bb41f587?s=96&d=mm&r=g","caption":"Ringier Corporate Communications"},"sameAs":["https:\/\/www.ringier.com"]}]}},"_links":{"self":[{"href":"https:\/\/www.ringier.com\/fr\/wp-json\/wp\/v2\/posts\/16337","targetHints":{"allow":["GET"]}}],"collection":[{"href":"https:\/\/www.ringier.com\/fr\/wp-json\/wp\/v2\/posts"}],"about":[{"href":"https:\/\/www.ringier.com\/fr\/wp-json\/wp\/v2\/types\/post"}],"author":[{"embeddable":true,"href":"https:\/\/www.ringier.com\/fr\/wp-json\/wp\/v2\/users\/23"}],"replies":[{"embeddable":true,"href":"https:\/\/www.ringier.com\/fr\/wp-json\/wp\/v2\/comments?post=16337"}],"version-history":[{"count":0,"href":"https:\/\/www.ringier.com\/fr\/wp-json\/wp\/v2\/posts\/16337\/revisions"}],"wp:featuredmedia":[{"embeddable":true,"href":"https:\/\/www.ringier.com\/fr\/wp-json\/wp\/v2\/media\/16341"}],"wp:attachment":[{"href":"https:\/\/www.ringier.com\/fr\/wp-json\/wp\/v2\/media?parent=16337"}],"wp:term":[{"taxonomy":"category","embeddable":true,"href":"https:\/\/www.ringier.com\/fr\/wp-json\/wp\/v2\/categories?post=16337"},{"taxonomy":"post_tag","embeddable":true,"href":"https:\/\/www.ringier.com\/fr\/wp-json\/wp\/v2\/tags?post=16337"}],"curies":[{"name":"wp","href":"https:\/\/api.w.org\/{rel}","templated":true}]}}