{"id":16229,"date":"2023-07-05T08:59:00","date_gmt":"2023-07-05T06:59:00","guid":{"rendered":"https:\/\/www.ringier.com\/?p=16229"},"modified":"2025-06-23T13:54:48","modified_gmt":"2025-06-23T11:54:48","slug":"ringier-advertising-reprend-la-commercialisation-exclusive-des-portails-de-special-interest-de-carpe-media","status":"publish","type":"post","link":"https:\/\/www.ringier.com\/fr\/ringier-advertising-reprend-la-commercialisation-exclusive-des-portails-de-special-interest-de-carpe-media\/","title":{"rendered":"Ringier Advertising reprend la commercialisation exclusive des portails de Special Interest de Carpe Media"},"content":{"rendered":"\n<p>Sur les portails de Carpe Media, les utilisatrices et utilisateurs peuvent aborder des th\u00e8mes qui correspondent \u00e0 leur phase de vie individuelle et \u00e0 leurs int\u00e9r\u00eats. Les six plates-formes sont consacr\u00e9es \u00e0 des th\u00e8mes tels que le b\u00e9b\u00e9, la famille, le troisi\u00e8me \u00e2ge , les femmes modernes, la consommation durable et le luxe. Chacune est g\u00e9r\u00e9e par sa propre r\u00e9daction, avec du dynamisme et du savoir-faire.<\/p>\n\n\n\n<p>Pendant une dizaine d&rsquo;ann\u00e9es, Carpe Media s&rsquo;est occup\u00e9e elle-m\u00eame de la commercialisation de ses titres. \u00abLa d\u00e9cision de confier la commercialisation de notre portefeuille \u00e0 un partenaire externe n&rsquo;a pas \u00e9t\u00e9 facile \u00e0 prendre\u00bb, estime Urs Fl\u00fcckiger, copropri\u00e9taire de Carpe Media. \u00abAvec Ringier Advertising, nous avons trouv\u00e9 une partenaire qui ma\u00eetrise la commercialisation des sites individuels de mani\u00e8re extr\u00eamement professionnelle et qui est \u00e0 la pointe de la technologie en Suisse. Avec elle, nos portails sont entre de bonnes mains\u00bb.<\/p>\n\n\n\n<p>Thomas Passen, Managing Director chez Ringier Advertising, ajoute: \u00abJe suis tr\u00e8s heureux que nous puissions reprendre la commercialisation de ces titres bien \u00e9tablis \u00e0 partir de juillet. Les portails de Carpe Media atteignent des groupes cibles \u00e0 fort pouvoir d&rsquo;achat avec des int\u00e9r\u00eats tr\u00e8s sp\u00e9cifiques, par exemple pour des th\u00e8mes comme les b\u00e9b\u00e9s, la famille, les seniors et le d\u00e9veloppement durable. Il en r\u00e9sulte des possibilit\u00e9s de ciblage captivantes pour les campagnes publicitaires de nos clientes et clients\u00bb.<\/p>\n\n\n\n<div style=\"height:14px\" aria-hidden=\"true\" class=\"wp-block-spacer\"><\/div>\n\n\n\n<p class=\"has-small-font-size\"><strong>\u00c0 propos de Ringier Advertising<br><\/strong>Ringier Advertising se distingue par des marques importantes, des environnements d\u2019excellence propices \u00e0 l\u2019innovation, et par des conseils de qualit\u00e9. La soci\u00e9t\u00e9 commercialise un portefeuille vari\u00e9 de portails digitaux et de presse \u00e9crite. Il s\u2019agit de marques propres \u00e0 Ringier et Ringier Axel Springer Schweiz SA et de leurs portails ainsi que des publications et des portails de tiers tels que bluenews.ch et femelle.ch.<\/p>\n\n\n\n<div style=\"height:7px\" aria-hidden=\"true\" class=\"wp-block-spacer\"><\/div>\n\n\n\n<p class=\"has-small-font-size\"><strong>\u00c0 propos de Carpe Media<br><\/strong>Carpe Media GmbH a \u00e9t\u00e9 fond\u00e9e en 2008 avec la vision de devenir la premi\u00e8re maison d&rsquo;\u00e9dition num\u00e9rique sp\u00e9cialis\u00e9e en Suisse. Depuis ses d\u00e9buts, la maison d&rsquo;\u00e9dition est \u00e9tablie au c\u0153ur de Zurich, \u00e0 Bellevue. Aujourd&rsquo;hui, Carpe Media op\u00e8re six plateformes Special Interest sur les th\u00e8mes suivants: b\u00e9b\u00e9, famille, troisi\u00e8me g\u00e9n\u00e9ration, femmes modernes, consommation durable et plaisir. Chaque plateforme dispose de sa propre r\u00e9daction sur place. L&rsquo;agence interne storyhub, qui cr\u00e9e et g\u00e8re des portails entiers pour les clients, fait \u00e9galement partie de la maison d&rsquo;\u00e9dition.<\/p>\n\n\n\n<p class=\"has-small-font-size\">Tous les collaborateurs ont en commun la passion pour les contenus engageants et l&rsquo;interaction avec les utilisateurs et les clients. Ce suppl\u00e9ment d&rsquo;\u00e2me est la base du succ\u00e8s et de la croissance continue de Carpe Media.<\/p>\n\n\n\n<div style=\"height:20px\" aria-hidden=\"true\" class=\"wp-block-spacer\"><\/div>\n\n\n\n<p>Ringier, Corporate Communications<\/p>\n","protected":false},"excerpt":{"rendered":"<p>Avec six plates-formes en ligne, l&rsquo;\u00e9diteur de special interest Carpe Media atteint plus de 1,4 million d&rsquo;utilisateurs uniques par mois. Dor\u00e9navant, Ringier Advertising se charge de la commercialisation et continue ainsi d&rsquo;\u00e9largir son portefeuille \u00e0 forte diffusion.<\/p>\n","protected":false},"author":23,"featured_media":16228,"comment_status":"closed","ping_status":"open","sticky":false,"template":"","format":"standard","meta":{"inline_featured_image":false,"footnotes":""},"categories":[370,363],"tags":[],"class_list":["post-16229","post","type-post","status-publish","format-standard","has-post-thumbnail","hentry","category-media-fr","category-ringier-medias-suisse"],"yoast_head":"<!-- This site is optimized with the Yoast SEO Premium plugin v27.0 (Yoast SEO v27.0) - https:\/\/yoast.com\/product\/yoast-seo-premium-wordpress\/ -->\n<title>Ringier Advertising reprend la commercialisation exclusive des portails de Special Interest de Carpe Media - Ringier<\/title>\n<meta name=\"robots\" content=\"index, follow, max-snippet:-1, max-image-preview:large, max-video-preview:-1\" \/>\n<link rel=\"canonical\" href=\"https:\/\/www.ringier.com\/fr\/ringier-advertising-reprend-la-commercialisation-exclusive-des-portails-de-special-interest-de-carpe-media\/\" \/>\n<meta property=\"og:locale\" content=\"fr_FR\" \/>\n<meta property=\"og:type\" content=\"article\" \/>\n<meta property=\"og:title\" content=\"Ringier Advertising reprend la commercialisation exclusive des portails de Special Interest de Carpe Media\" \/>\n<meta property=\"og:description\" content=\"Avec six plates-formes en ligne, l&#039;\u00e9diteur de special interest Carpe Media atteint plus de 1,4 million d&#039;utilisateurs uniques par mois. Dor\u00e9navant, Ringier Advertising se charge de la commercialisation et continue ainsi d&#039;\u00e9largir son portefeuille \u00e0 forte diffusion.\" \/>\n<meta property=\"og:url\" content=\"https:\/\/www.ringier.com\/fr\/ringier-advertising-reprend-la-commercialisation-exclusive-des-portails-de-special-interest-de-carpe-media\/\" \/>\n<meta property=\"og:site_name\" content=\"Ringier\" \/>\n<meta property=\"article:publisher\" content=\"https:\/\/www.facebook.com\/ringierag\/\" \/>\n<meta property=\"article:published_time\" content=\"2023-07-05T06:59:00+00:00\" \/>\n<meta property=\"article:modified_time\" content=\"2025-06-23T11:54:48+00:00\" \/>\n<meta property=\"og:image\" content=\"https:\/\/www.ringier.com\/wp-content\/uploads\/2023\/07\/Header_MM_Carpe-Media.jpg\" \/>\n\t<meta property=\"og:image:width\" content=\"1000\" \/>\n\t<meta property=\"og:image:height\" content=\"667\" \/>\n\t<meta property=\"og:image:type\" content=\"image\/jpeg\" \/>\n<meta name=\"author\" content=\"Ringier Corporate Communications\" \/>\n<meta name=\"twitter:card\" content=\"summary_large_image\" \/>\n<meta name=\"twitter:creator\" content=\"@ringier_ag\" \/>\n<meta name=\"twitter:site\" content=\"@ringier_ag\" \/>\n<meta name=\"twitter:label1\" content=\"\u00c9crit par\" \/>\n\t<meta name=\"twitter:data1\" content=\"Ringier Corporate Communications\" \/>\n\t<meta name=\"twitter:label2\" content=\"Dur\u00e9e de lecture estim\u00e9e\" \/>\n\t<meta name=\"twitter:data2\" content=\"3 minutes\" \/>\n<script type=\"application\/ld+json\" class=\"yoast-schema-graph\">{\"@context\":\"https:\/\/schema.org\",\"@graph\":[{\"@type\":\"Article\",\"@id\":\"https:\/\/www.ringier.com\/fr\/ringier-advertising-reprend-la-commercialisation-exclusive-des-portails-de-special-interest-de-carpe-media\/#article\",\"isPartOf\":{\"@id\":\"https:\/\/www.ringier.com\/fr\/ringier-advertising-reprend-la-commercialisation-exclusive-des-portails-de-special-interest-de-carpe-media\/\"},\"author\":{\"name\":\"Ringier Corporate Communications\",\"@id\":\"https:\/\/www.ringier.com\/fr\/#\/schema\/person\/4cf76a308dc4b2bb5121bd1e7b752e52\"},\"headline\":\"Ringier Advertising reprend la commercialisation exclusive des portails de Special Interest de Carpe Media\",\"datePublished\":\"2023-07-05T06:59:00+00:00\",\"dateModified\":\"2025-06-23T11:54:48+00:00\",\"mainEntityOfPage\":{\"@id\":\"https:\/\/www.ringier.com\/fr\/ringier-advertising-reprend-la-commercialisation-exclusive-des-portails-de-special-interest-de-carpe-media\/\"},\"wordCount\":487,\"publisher\":{\"@id\":\"https:\/\/www.ringier.com\/fr\/#organization\"},\"image\":{\"@id\":\"https:\/\/www.ringier.com\/fr\/ringier-advertising-reprend-la-commercialisation-exclusive-des-portails-de-special-interest-de-carpe-media\/#primaryimage\"},\"thumbnailUrl\":\"https:\/\/www.ringier.com\/wp-content\/uploads\/2023\/07\/Header_MM_Carpe-Media.jpg\",\"articleSection\":[\"Media\",\"Ringier Medias Suisse\"],\"inLanguage\":\"fr-FR\"},{\"@type\":\"WebPage\",\"@id\":\"https:\/\/www.ringier.com\/fr\/ringier-advertising-reprend-la-commercialisation-exclusive-des-portails-de-special-interest-de-carpe-media\/\",\"url\":\"https:\/\/www.ringier.com\/fr\/ringier-advertising-reprend-la-commercialisation-exclusive-des-portails-de-special-interest-de-carpe-media\/\",\"name\":\"Ringier Advertising reprend la commercialisation exclusive des portails de Special Interest de Carpe Media - Ringier\",\"isPartOf\":{\"@id\":\"https:\/\/www.ringier.com\/fr\/#website\"},\"primaryImageOfPage\":{\"@id\":\"https:\/\/www.ringier.com\/fr\/ringier-advertising-reprend-la-commercialisation-exclusive-des-portails-de-special-interest-de-carpe-media\/#primaryimage\"},\"image\":{\"@id\":\"https:\/\/www.ringier.com\/fr\/ringier-advertising-reprend-la-commercialisation-exclusive-des-portails-de-special-interest-de-carpe-media\/#primaryimage\"},\"thumbnailUrl\":\"https:\/\/www.ringier.com\/wp-content\/uploads\/2023\/07\/Header_MM_Carpe-Media.jpg\",\"datePublished\":\"2023-07-05T06:59:00+00:00\",\"dateModified\":\"2025-06-23T11:54:48+00:00\",\"breadcrumb\":{\"@id\":\"https:\/\/www.ringier.com\/fr\/ringier-advertising-reprend-la-commercialisation-exclusive-des-portails-de-special-interest-de-carpe-media\/#breadcrumb\"},\"inLanguage\":\"fr-FR\",\"potentialAction\":[{\"@type\":\"ReadAction\",\"target\":[\"https:\/\/www.ringier.com\/fr\/ringier-advertising-reprend-la-commercialisation-exclusive-des-portails-de-special-interest-de-carpe-media\/\"]}]},{\"@type\":\"ImageObject\",\"inLanguage\":\"fr-FR\",\"@id\":\"https:\/\/www.ringier.com\/fr\/ringier-advertising-reprend-la-commercialisation-exclusive-des-portails-de-special-interest-de-carpe-media\/#primaryimage\",\"url\":\"https:\/\/www.ringier.com\/wp-content\/uploads\/2023\/07\/Header_MM_Carpe-Media.jpg\",\"contentUrl\":\"https:\/\/www.ringier.com\/wp-content\/uploads\/2023\/07\/Header_MM_Carpe-Media.jpg\",\"width\":1000,\"height\":667},{\"@type\":\"BreadcrumbList\",\"@id\":\"https:\/\/www.ringier.com\/fr\/ringier-advertising-reprend-la-commercialisation-exclusive-des-portails-de-special-interest-de-carpe-media\/#breadcrumb\",\"itemListElement\":[{\"@type\":\"ListItem\",\"position\":1,\"name\":\"Home\",\"item\":\"https:\/\/www.ringier.com\/fr\/\"},{\"@type\":\"ListItem\",\"position\":2,\"name\":\"Ringier Advertising reprend la commercialisation exclusive des portails de Special Interest de Carpe Media\"}]},{\"@type\":\"WebSite\",\"@id\":\"https:\/\/www.ringier.com\/fr\/#website\",\"url\":\"https:\/\/www.ringier.com\/fr\/\",\"name\":\"Ringier\",\"description\":\"We inform. We entertain. We connect\",\"publisher\":{\"@id\":\"https:\/\/www.ringier.com\/fr\/#organization\"},\"potentialAction\":[{\"@type\":\"SearchAction\",\"target\":{\"@type\":\"EntryPoint\",\"urlTemplate\":\"https:\/\/www.ringier.com\/fr\/?s={search_term_string}\"},\"query-input\":{\"@type\":\"PropertyValueSpecification\",\"valueRequired\":true,\"valueName\":\"search_term_string\"}}],\"inLanguage\":\"fr-FR\"},{\"@type\":\"Organization\",\"@id\":\"https:\/\/www.ringier.com\/fr\/#organization\",\"name\":\"Ringier\",\"url\":\"https:\/\/www.ringier.com\/fr\/\",\"logo\":{\"@type\":\"ImageObject\",\"inLanguage\":\"fr-FR\",\"@id\":\"https:\/\/www.ringier.com\/fr\/#\/schema\/logo\/image\/\",\"url\":\"https:\/\/www.ringier.com\/wp-content\/uploads\/2021\/10\/ringier_logo_2.jpg\",\"contentUrl\":\"https:\/\/www.ringier.com\/wp-content\/uploads\/2021\/10\/ringier_logo_2.jpg\",\"width\":750,\"height\":550,\"caption\":\"Ringier\"},\"image\":{\"@id\":\"https:\/\/www.ringier.com\/fr\/#\/schema\/logo\/image\/\"},\"sameAs\":[\"https:\/\/www.facebook.com\/ringierag\/\",\"https:\/\/x.com\/ringier_ag\",\"https:\/\/www.instagram.com\/ringier_ag\/\",\"https:\/\/www.linkedin.com\/company\/ringier\/\",\"https:\/\/www.youtube.com\/user\/RingierComm\",\"https:\/\/en.wikipedia.org\/wiki\/Ringier\",\"https:\/\/de.wikipedia.org\/wiki\/Ringier\",\"https:\/\/fr.wikipedia.org\/wiki\/Ringier\",\"https:\/\/www.crunchbase.com\/organization\/ringier-ag\"]},{\"@type\":\"Person\",\"@id\":\"https:\/\/www.ringier.com\/fr\/#\/schema\/person\/4cf76a308dc4b2bb5121bd1e7b752e52\",\"name\":\"Ringier Corporate Communications\",\"image\":{\"@type\":\"ImageObject\",\"inLanguage\":\"fr-FR\",\"@id\":\"https:\/\/www.ringier.com\/fr\/#\/schema\/person\/image\/\",\"url\":\"https:\/\/secure.gravatar.com\/avatar\/9391e20481368d5df4fe3e1e476c13b27786347489822ec1ed07e532bb41f587?s=96&d=mm&r=g\",\"contentUrl\":\"https:\/\/secure.gravatar.com\/avatar\/9391e20481368d5df4fe3e1e476c13b27786347489822ec1ed07e532bb41f587?s=96&d=mm&r=g\",\"caption\":\"Ringier Corporate Communications\"},\"sameAs\":[\"https:\/\/www.ringier.com\"]}]}<\/script>\n<!-- \/ Yoast SEO Premium plugin. -->","yoast_head_json":{"title":"Ringier Advertising reprend la commercialisation exclusive des portails de Special Interest de Carpe Media - Ringier","robots":{"index":"index","follow":"follow","max-snippet":"max-snippet:-1","max-image-preview":"max-image-preview:large","max-video-preview":"max-video-preview:-1"},"canonical":"https:\/\/www.ringier.com\/fr\/ringier-advertising-reprend-la-commercialisation-exclusive-des-portails-de-special-interest-de-carpe-media\/","og_locale":"fr_FR","og_type":"article","og_title":"Ringier Advertising reprend la commercialisation exclusive des portails de Special Interest de Carpe Media","og_description":"Avec six plates-formes en ligne, l'\u00e9diteur de special interest Carpe Media atteint plus de 1,4 million d'utilisateurs uniques par mois. Dor\u00e9navant, Ringier Advertising se charge de la commercialisation et continue ainsi d'\u00e9largir son portefeuille \u00e0 forte diffusion.","og_url":"https:\/\/www.ringier.com\/fr\/ringier-advertising-reprend-la-commercialisation-exclusive-des-portails-de-special-interest-de-carpe-media\/","og_site_name":"Ringier","article_publisher":"https:\/\/www.facebook.com\/ringierag\/","article_published_time":"2023-07-05T06:59:00+00:00","article_modified_time":"2025-06-23T11:54:48+00:00","og_image":[{"width":1000,"height":667,"url":"https:\/\/www.ringier.com\/wp-content\/uploads\/2023\/07\/Header_MM_Carpe-Media.jpg","type":"image\/jpeg"}],"author":"Ringier Corporate Communications","twitter_card":"summary_large_image","twitter_creator":"@ringier_ag","twitter_site":"@ringier_ag","twitter_misc":{"\u00c9crit par":"Ringier Corporate Communications","Dur\u00e9e de lecture estim\u00e9e":"3 minutes"},"schema":{"@context":"https:\/\/schema.org","@graph":[{"@type":"Article","@id":"https:\/\/www.ringier.com\/fr\/ringier-advertising-reprend-la-commercialisation-exclusive-des-portails-de-special-interest-de-carpe-media\/#article","isPartOf":{"@id":"https:\/\/www.ringier.com\/fr\/ringier-advertising-reprend-la-commercialisation-exclusive-des-portails-de-special-interest-de-carpe-media\/"},"author":{"name":"Ringier Corporate Communications","@id":"https:\/\/www.ringier.com\/fr\/#\/schema\/person\/4cf76a308dc4b2bb5121bd1e7b752e52"},"headline":"Ringier Advertising reprend la commercialisation exclusive des portails de Special Interest de Carpe Media","datePublished":"2023-07-05T06:59:00+00:00","dateModified":"2025-06-23T11:54:48+00:00","mainEntityOfPage":{"@id":"https:\/\/www.ringier.com\/fr\/ringier-advertising-reprend-la-commercialisation-exclusive-des-portails-de-special-interest-de-carpe-media\/"},"wordCount":487,"publisher":{"@id":"https:\/\/www.ringier.com\/fr\/#organization"},"image":{"@id":"https:\/\/www.ringier.com\/fr\/ringier-advertising-reprend-la-commercialisation-exclusive-des-portails-de-special-interest-de-carpe-media\/#primaryimage"},"thumbnailUrl":"https:\/\/www.ringier.com\/wp-content\/uploads\/2023\/07\/Header_MM_Carpe-Media.jpg","articleSection":["Media","Ringier Medias Suisse"],"inLanguage":"fr-FR"},{"@type":"WebPage","@id":"https:\/\/www.ringier.com\/fr\/ringier-advertising-reprend-la-commercialisation-exclusive-des-portails-de-special-interest-de-carpe-media\/","url":"https:\/\/www.ringier.com\/fr\/ringier-advertising-reprend-la-commercialisation-exclusive-des-portails-de-special-interest-de-carpe-media\/","name":"Ringier Advertising reprend la commercialisation exclusive des portails de Special Interest de Carpe Media - Ringier","isPartOf":{"@id":"https:\/\/www.ringier.com\/fr\/#website"},"primaryImageOfPage":{"@id":"https:\/\/www.ringier.com\/fr\/ringier-advertising-reprend-la-commercialisation-exclusive-des-portails-de-special-interest-de-carpe-media\/#primaryimage"},"image":{"@id":"https:\/\/www.ringier.com\/fr\/ringier-advertising-reprend-la-commercialisation-exclusive-des-portails-de-special-interest-de-carpe-media\/#primaryimage"},"thumbnailUrl":"https:\/\/www.ringier.com\/wp-content\/uploads\/2023\/07\/Header_MM_Carpe-Media.jpg","datePublished":"2023-07-05T06:59:00+00:00","dateModified":"2025-06-23T11:54:48+00:00","breadcrumb":{"@id":"https:\/\/www.ringier.com\/fr\/ringier-advertising-reprend-la-commercialisation-exclusive-des-portails-de-special-interest-de-carpe-media\/#breadcrumb"},"inLanguage":"fr-FR","potentialAction":[{"@type":"ReadAction","target":["https:\/\/www.ringier.com\/fr\/ringier-advertising-reprend-la-commercialisation-exclusive-des-portails-de-special-interest-de-carpe-media\/"]}]},{"@type":"ImageObject","inLanguage":"fr-FR","@id":"https:\/\/www.ringier.com\/fr\/ringier-advertising-reprend-la-commercialisation-exclusive-des-portails-de-special-interest-de-carpe-media\/#primaryimage","url":"https:\/\/www.ringier.com\/wp-content\/uploads\/2023\/07\/Header_MM_Carpe-Media.jpg","contentUrl":"https:\/\/www.ringier.com\/wp-content\/uploads\/2023\/07\/Header_MM_Carpe-Media.jpg","width":1000,"height":667},{"@type":"BreadcrumbList","@id":"https:\/\/www.ringier.com\/fr\/ringier-advertising-reprend-la-commercialisation-exclusive-des-portails-de-special-interest-de-carpe-media\/#breadcrumb","itemListElement":[{"@type":"ListItem","position":1,"name":"Home","item":"https:\/\/www.ringier.com\/fr\/"},{"@type":"ListItem","position":2,"name":"Ringier Advertising reprend la commercialisation exclusive des portails de Special Interest de Carpe Media"}]},{"@type":"WebSite","@id":"https:\/\/www.ringier.com\/fr\/#website","url":"https:\/\/www.ringier.com\/fr\/","name":"Ringier","description":"We inform. We entertain. We connect","publisher":{"@id":"https:\/\/www.ringier.com\/fr\/#organization"},"potentialAction":[{"@type":"SearchAction","target":{"@type":"EntryPoint","urlTemplate":"https:\/\/www.ringier.com\/fr\/?s={search_term_string}"},"query-input":{"@type":"PropertyValueSpecification","valueRequired":true,"valueName":"search_term_string"}}],"inLanguage":"fr-FR"},{"@type":"Organization","@id":"https:\/\/www.ringier.com\/fr\/#organization","name":"Ringier","url":"https:\/\/www.ringier.com\/fr\/","logo":{"@type":"ImageObject","inLanguage":"fr-FR","@id":"https:\/\/www.ringier.com\/fr\/#\/schema\/logo\/image\/","url":"https:\/\/www.ringier.com\/wp-content\/uploads\/2021\/10\/ringier_logo_2.jpg","contentUrl":"https:\/\/www.ringier.com\/wp-content\/uploads\/2021\/10\/ringier_logo_2.jpg","width":750,"height":550,"caption":"Ringier"},"image":{"@id":"https:\/\/www.ringier.com\/fr\/#\/schema\/logo\/image\/"},"sameAs":["https:\/\/www.facebook.com\/ringierag\/","https:\/\/x.com\/ringier_ag","https:\/\/www.instagram.com\/ringier_ag\/","https:\/\/www.linkedin.com\/company\/ringier\/","https:\/\/www.youtube.com\/user\/RingierComm","https:\/\/en.wikipedia.org\/wiki\/Ringier","https:\/\/de.wikipedia.org\/wiki\/Ringier","https:\/\/fr.wikipedia.org\/wiki\/Ringier","https:\/\/www.crunchbase.com\/organization\/ringier-ag"]},{"@type":"Person","@id":"https:\/\/www.ringier.com\/fr\/#\/schema\/person\/4cf76a308dc4b2bb5121bd1e7b752e52","name":"Ringier Corporate Communications","image":{"@type":"ImageObject","inLanguage":"fr-FR","@id":"https:\/\/www.ringier.com\/fr\/#\/schema\/person\/image\/","url":"https:\/\/secure.gravatar.com\/avatar\/9391e20481368d5df4fe3e1e476c13b27786347489822ec1ed07e532bb41f587?s=96&d=mm&r=g","contentUrl":"https:\/\/secure.gravatar.com\/avatar\/9391e20481368d5df4fe3e1e476c13b27786347489822ec1ed07e532bb41f587?s=96&d=mm&r=g","caption":"Ringier Corporate Communications"},"sameAs":["https:\/\/www.ringier.com"]}]}},"_links":{"self":[{"href":"https:\/\/www.ringier.com\/fr\/wp-json\/wp\/v2\/posts\/16229","targetHints":{"allow":["GET"]}}],"collection":[{"href":"https:\/\/www.ringier.com\/fr\/wp-json\/wp\/v2\/posts"}],"about":[{"href":"https:\/\/www.ringier.com\/fr\/wp-json\/wp\/v2\/types\/post"}],"author":[{"embeddable":true,"href":"https:\/\/www.ringier.com\/fr\/wp-json\/wp\/v2\/users\/23"}],"replies":[{"embeddable":true,"href":"https:\/\/www.ringier.com\/fr\/wp-json\/wp\/v2\/comments?post=16229"}],"version-history":[{"count":0,"href":"https:\/\/www.ringier.com\/fr\/wp-json\/wp\/v2\/posts\/16229\/revisions"}],"wp:featuredmedia":[{"embeddable":true,"href":"https:\/\/www.ringier.com\/fr\/wp-json\/wp\/v2\/media\/16228"}],"wp:attachment":[{"href":"https:\/\/www.ringier.com\/fr\/wp-json\/wp\/v2\/media?parent=16229"}],"wp:term":[{"taxonomy":"category","embeddable":true,"href":"https:\/\/www.ringier.com\/fr\/wp-json\/wp\/v2\/categories?post=16229"},{"taxonomy":"post_tag","embeddable":true,"href":"https:\/\/www.ringier.com\/fr\/wp-json\/wp\/v2\/tags?post=16229"}],"curies":[{"name":"wp","href":"https:\/\/api.w.org\/{rel}","templated":true}]}}