{"id":16221,"date":"2023-06-26T10:07:06","date_gmt":"2023-06-26T08:07:06","guid":{"rendered":"https:\/\/www.ringier.com\/?p=16221"},"modified":"2025-06-30T13:10:58","modified_gmt":"2025-06-30T11:10:58","slug":"les-medias-en-ligne-sont-responsables-des-commentaires-de-lecteurs-portant-atteinte-a-la-personnalite","status":"publish","type":"post","link":"https:\/\/www.ringier.com\/fr\/les-medias-en-ligne-sont-responsables-des-commentaires-de-lecteurs-portant-atteinte-a-la-personnalite\/","title":{"rendered":"Les m\u00e9dias en ligne sont responsables des commentaires de lecteurs portant atteinte \u00e0 la personnalit\u00e9"},"content":{"rendered":"\n<p>Commentaires de lecteurs en ligne bien en-dessous de la ceinture: qui est responsable? Le blog \u00e9conomique Inside Paradeplatz s&rsquo;est retrouv\u00e9 devant le tribunal pour des commentaires de lecteurs portant atteinte \u00e0 la personnalit\u00e9 contre Ringier, Michael Ringier et Marc Walder, qui, en tant qu&rsquo;\u00e9diteur et CEO, publient entre autres le Blick.<\/p>\n\n\n\n<p><strong>Points de litige: une cinquantaine de commentaires publi\u00e9s<\/strong><\/p>\n\n\n\n<p>La plainte \u00e9tait dirig\u00e9e contre une cinquantaine de commentaires publi\u00e9s par <a href=\"https:\/\/insideparadeplatz.ch\/2023\/06\/26\/loeschung-von-rund-50-leser-kommentaren-betreffend-ringier\/\">Inside Paradeplatz<\/a>. Les parties ont n\u00e9goci\u00e9 un accord lors de l&rsquo;audience devant le tribunal de commerce de Zurich, comme on peut le lire aujourd&rsquo;hui sur Inside Paradeplatz.<\/p>\n\n\n\n<p><strong>Les excuses d&rsquo;Inside Paradeplatz<\/strong><\/p>\n\n\n\n<p>Le blog accepte la responsabilit\u00e9 des commentaires, s&rsquo;excuse pour les commentaires \u00abportant majoritairement atteinte \u00e0 la personnalit\u00e9\u00bb et informe que ceux-ci ont d\u00e9j\u00e0 \u00e9t\u00e9 supprim\u00e9s. Il s&rsquo;engage en outre \u00e0 veiller \u00e0 ce que de tels commentaires ne soient plus publi\u00e9s sur son site.<\/p>\n\n\n\n<p>Cela peut \u00eatre consid\u00e9r\u00e9 comme un principe important: Les m\u00e9dias en ligne sont tout aussi responsables des commentaires des lecteurs sur leurs sites web que les maisons d&rsquo;\u00e9dition le sont pour les publications imprim\u00e9es.<\/p>\n","protected":false},"excerpt":{"rendered":"<p>Un accord judiciaire qui fait r\u00e9f\u00e9rence r\u00e8gle la responsabilit\u00e9 des m\u00e9dias en ligne lorsqu&rsquo;il s&rsquo;agit de commentaires portant atteinte \u00e0 la personnalit\u00e9.<\/p>\n","protected":false},"author":23,"featured_media":16220,"comment_status":"closed","ping_status":"open","sticky":false,"template":"","format":"standard","meta":{"inline_featured_image":false,"footnotes":""},"categories":[43],"tags":[],"class_list":["post-16221","post","type-post","status-publish","format-standard","has-post-thumbnail","hentry","category-corporate-fr"],"yoast_head":"<!-- This site is optimized with the Yoast SEO Premium plugin v27.0 (Yoast SEO v27.0) - https:\/\/yoast.com\/product\/yoast-seo-premium-wordpress\/ -->\n<title>Les m\u00e9dias en ligne sont responsables des commentaires de lecteurs portant atteinte \u00e0 la personnalit\u00e9 - Ringier<\/title>\n<meta name=\"robots\" content=\"index, follow, max-snippet:-1, max-image-preview:large, max-video-preview:-1\" \/>\n<link rel=\"canonical\" href=\"https:\/\/www.ringier.com\/fr\/les-medias-en-ligne-sont-responsables-des-commentaires-de-lecteurs-portant-atteinte-a-la-personnalite\/\" \/>\n<meta property=\"og:locale\" content=\"fr_FR\" \/>\n<meta property=\"og:type\" content=\"article\" \/>\n<meta property=\"og:title\" content=\"Les m\u00e9dias en ligne sont responsables des commentaires de lecteurs portant atteinte \u00e0 la personnalit\u00e9\" \/>\n<meta property=\"og:description\" content=\"Un accord judiciaire qui fait r\u00e9f\u00e9rence r\u00e8gle la responsabilit\u00e9 des m\u00e9dias en ligne lorsqu&#039;il s&#039;agit de commentaires portant atteinte \u00e0 la personnalit\u00e9.\" \/>\n<meta property=\"og:url\" content=\"https:\/\/www.ringier.com\/fr\/les-medias-en-ligne-sont-responsables-des-commentaires-de-lecteurs-portant-atteinte-a-la-personnalite\/\" \/>\n<meta property=\"og:site_name\" content=\"Ringier\" \/>\n<meta property=\"article:publisher\" content=\"https:\/\/www.facebook.com\/ringierag\/\" \/>\n<meta property=\"article:published_time\" content=\"2023-06-26T08:07:06+00:00\" \/>\n<meta property=\"article:modified_time\" content=\"2025-06-30T11:10:58+00:00\" \/>\n<meta property=\"og:image\" content=\"https:\/\/www.ringier.com\/wp-content\/uploads\/2023\/06\/inside-paradeplatz.png\" \/>\n\t<meta property=\"og:image:width\" content=\"1200\" \/>\n\t<meta property=\"og:image:height\" content=\"800\" \/>\n\t<meta property=\"og:image:type\" content=\"image\/png\" \/>\n<meta name=\"author\" content=\"Ringier Corporate Communications\" \/>\n<meta name=\"twitter:card\" content=\"summary_large_image\" \/>\n<meta name=\"twitter:creator\" content=\"@ringier_ag\" \/>\n<meta name=\"twitter:site\" content=\"@ringier_ag\" \/>\n<meta name=\"twitter:label1\" content=\"\u00c9crit par\" \/>\n\t<meta name=\"twitter:data1\" content=\"Ringier Corporate Communications\" \/>\n\t<meta name=\"twitter:label2\" content=\"Dur\u00e9e de lecture estim\u00e9e\" \/>\n\t<meta name=\"twitter:data2\" content=\"2 minutes\" \/>\n<script type=\"application\/ld+json\" class=\"yoast-schema-graph\">{\"@context\":\"https:\/\/schema.org\",\"@graph\":[{\"@type\":\"Article\",\"@id\":\"https:\/\/www.ringier.com\/fr\/les-medias-en-ligne-sont-responsables-des-commentaires-de-lecteurs-portant-atteinte-a-la-personnalite\/#article\",\"isPartOf\":{\"@id\":\"https:\/\/www.ringier.com\/fr\/les-medias-en-ligne-sont-responsables-des-commentaires-de-lecteurs-portant-atteinte-a-la-personnalite\/\"},\"author\":{\"name\":\"Ringier Corporate Communications\",\"@id\":\"https:\/\/www.ringier.com\/fr\/#\/schema\/person\/4cf76a308dc4b2bb5121bd1e7b752e52\"},\"headline\":\"Les m\u00e9dias en ligne sont responsables des commentaires de lecteurs portant atteinte \u00e0 la personnalit\u00e9\",\"datePublished\":\"2023-06-26T08:07:06+00:00\",\"dateModified\":\"2025-06-30T11:10:58+00:00\",\"mainEntityOfPage\":{\"@id\":\"https:\/\/www.ringier.com\/fr\/les-medias-en-ligne-sont-responsables-des-commentaires-de-lecteurs-portant-atteinte-a-la-personnalite\/\"},\"wordCount\":208,\"publisher\":{\"@id\":\"https:\/\/www.ringier.com\/fr\/#organization\"},\"image\":{\"@id\":\"https:\/\/www.ringier.com\/fr\/les-medias-en-ligne-sont-responsables-des-commentaires-de-lecteurs-portant-atteinte-a-la-personnalite\/#primaryimage\"},\"thumbnailUrl\":\"https:\/\/www.ringier.com\/wp-content\/uploads\/2023\/06\/inside-paradeplatz.png\",\"articleSection\":[\"Corporate\"],\"inLanguage\":\"fr-FR\"},{\"@type\":\"WebPage\",\"@id\":\"https:\/\/www.ringier.com\/fr\/les-medias-en-ligne-sont-responsables-des-commentaires-de-lecteurs-portant-atteinte-a-la-personnalite\/\",\"url\":\"https:\/\/www.ringier.com\/fr\/les-medias-en-ligne-sont-responsables-des-commentaires-de-lecteurs-portant-atteinte-a-la-personnalite\/\",\"name\":\"Les m\u00e9dias en ligne sont responsables des commentaires de lecteurs portant atteinte \u00e0 la personnalit\u00e9 - Ringier\",\"isPartOf\":{\"@id\":\"https:\/\/www.ringier.com\/fr\/#website\"},\"primaryImageOfPage\":{\"@id\":\"https:\/\/www.ringier.com\/fr\/les-medias-en-ligne-sont-responsables-des-commentaires-de-lecteurs-portant-atteinte-a-la-personnalite\/#primaryimage\"},\"image\":{\"@id\":\"https:\/\/www.ringier.com\/fr\/les-medias-en-ligne-sont-responsables-des-commentaires-de-lecteurs-portant-atteinte-a-la-personnalite\/#primaryimage\"},\"thumbnailUrl\":\"https:\/\/www.ringier.com\/wp-content\/uploads\/2023\/06\/inside-paradeplatz.png\",\"datePublished\":\"2023-06-26T08:07:06+00:00\",\"dateModified\":\"2025-06-30T11:10:58+00:00\",\"breadcrumb\":{\"@id\":\"https:\/\/www.ringier.com\/fr\/les-medias-en-ligne-sont-responsables-des-commentaires-de-lecteurs-portant-atteinte-a-la-personnalite\/#breadcrumb\"},\"inLanguage\":\"fr-FR\",\"potentialAction\":[{\"@type\":\"ReadAction\",\"target\":[\"https:\/\/www.ringier.com\/fr\/les-medias-en-ligne-sont-responsables-des-commentaires-de-lecteurs-portant-atteinte-a-la-personnalite\/\"]}]},{\"@type\":\"ImageObject\",\"inLanguage\":\"fr-FR\",\"@id\":\"https:\/\/www.ringier.com\/fr\/les-medias-en-ligne-sont-responsables-des-commentaires-de-lecteurs-portant-atteinte-a-la-personnalite\/#primaryimage\",\"url\":\"https:\/\/www.ringier.com\/wp-content\/uploads\/2023\/06\/inside-paradeplatz.png\",\"contentUrl\":\"https:\/\/www.ringier.com\/wp-content\/uploads\/2023\/06\/inside-paradeplatz.png\",\"width\":1200,\"height\":800},{\"@type\":\"BreadcrumbList\",\"@id\":\"https:\/\/www.ringier.com\/fr\/les-medias-en-ligne-sont-responsables-des-commentaires-de-lecteurs-portant-atteinte-a-la-personnalite\/#breadcrumb\",\"itemListElement\":[{\"@type\":\"ListItem\",\"position\":1,\"name\":\"Home\",\"item\":\"https:\/\/www.ringier.com\/fr\/\"},{\"@type\":\"ListItem\",\"position\":2,\"name\":\"Les m\u00e9dias en ligne sont responsables des commentaires de lecteurs portant atteinte \u00e0 la personnalit\u00e9\"}]},{\"@type\":\"WebSite\",\"@id\":\"https:\/\/www.ringier.com\/fr\/#website\",\"url\":\"https:\/\/www.ringier.com\/fr\/\",\"name\":\"Ringier\",\"description\":\"We inform. We entertain. We connect\",\"publisher\":{\"@id\":\"https:\/\/www.ringier.com\/fr\/#organization\"},\"potentialAction\":[{\"@type\":\"SearchAction\",\"target\":{\"@type\":\"EntryPoint\",\"urlTemplate\":\"https:\/\/www.ringier.com\/fr\/?s={search_term_string}\"},\"query-input\":{\"@type\":\"PropertyValueSpecification\",\"valueRequired\":true,\"valueName\":\"search_term_string\"}}],\"inLanguage\":\"fr-FR\"},{\"@type\":\"Organization\",\"@id\":\"https:\/\/www.ringier.com\/fr\/#organization\",\"name\":\"Ringier\",\"url\":\"https:\/\/www.ringier.com\/fr\/\",\"logo\":{\"@type\":\"ImageObject\",\"inLanguage\":\"fr-FR\",\"@id\":\"https:\/\/www.ringier.com\/fr\/#\/schema\/logo\/image\/\",\"url\":\"https:\/\/www.ringier.com\/wp-content\/uploads\/2021\/10\/ringier_logo_2.jpg\",\"contentUrl\":\"https:\/\/www.ringier.com\/wp-content\/uploads\/2021\/10\/ringier_logo_2.jpg\",\"width\":750,\"height\":550,\"caption\":\"Ringier\"},\"image\":{\"@id\":\"https:\/\/www.ringier.com\/fr\/#\/schema\/logo\/image\/\"},\"sameAs\":[\"https:\/\/www.facebook.com\/ringierag\/\",\"https:\/\/x.com\/ringier_ag\",\"https:\/\/www.instagram.com\/ringier_ag\/\",\"https:\/\/www.linkedin.com\/company\/ringier\/\",\"https:\/\/www.youtube.com\/user\/RingierComm\",\"https:\/\/en.wikipedia.org\/wiki\/Ringier\",\"https:\/\/de.wikipedia.org\/wiki\/Ringier\",\"https:\/\/fr.wikipedia.org\/wiki\/Ringier\",\"https:\/\/www.crunchbase.com\/organization\/ringier-ag\"]},{\"@type\":\"Person\",\"@id\":\"https:\/\/www.ringier.com\/fr\/#\/schema\/person\/4cf76a308dc4b2bb5121bd1e7b752e52\",\"name\":\"Ringier Corporate Communications\",\"image\":{\"@type\":\"ImageObject\",\"inLanguage\":\"fr-FR\",\"@id\":\"https:\/\/www.ringier.com\/fr\/#\/schema\/person\/image\/\",\"url\":\"https:\/\/secure.gravatar.com\/avatar\/9391e20481368d5df4fe3e1e476c13b27786347489822ec1ed07e532bb41f587?s=96&d=mm&r=g\",\"contentUrl\":\"https:\/\/secure.gravatar.com\/avatar\/9391e20481368d5df4fe3e1e476c13b27786347489822ec1ed07e532bb41f587?s=96&d=mm&r=g\",\"caption\":\"Ringier Corporate Communications\"},\"sameAs\":[\"https:\/\/www.ringier.com\"]}]}<\/script>\n<!-- \/ Yoast SEO Premium plugin. -->","yoast_head_json":{"title":"Les m\u00e9dias en ligne sont responsables des commentaires de lecteurs portant atteinte \u00e0 la personnalit\u00e9 - Ringier","robots":{"index":"index","follow":"follow","max-snippet":"max-snippet:-1","max-image-preview":"max-image-preview:large","max-video-preview":"max-video-preview:-1"},"canonical":"https:\/\/www.ringier.com\/fr\/les-medias-en-ligne-sont-responsables-des-commentaires-de-lecteurs-portant-atteinte-a-la-personnalite\/","og_locale":"fr_FR","og_type":"article","og_title":"Les m\u00e9dias en ligne sont responsables des commentaires de lecteurs portant atteinte \u00e0 la personnalit\u00e9","og_description":"Un accord judiciaire qui fait r\u00e9f\u00e9rence r\u00e8gle la responsabilit\u00e9 des m\u00e9dias en ligne lorsqu'il s'agit de commentaires portant atteinte \u00e0 la personnalit\u00e9.","og_url":"https:\/\/www.ringier.com\/fr\/les-medias-en-ligne-sont-responsables-des-commentaires-de-lecteurs-portant-atteinte-a-la-personnalite\/","og_site_name":"Ringier","article_publisher":"https:\/\/www.facebook.com\/ringierag\/","article_published_time":"2023-06-26T08:07:06+00:00","article_modified_time":"2025-06-30T11:10:58+00:00","og_image":[{"width":1200,"height":800,"url":"https:\/\/www.ringier.com\/wp-content\/uploads\/2023\/06\/inside-paradeplatz.png","type":"image\/png"}],"author":"Ringier Corporate Communications","twitter_card":"summary_large_image","twitter_creator":"@ringier_ag","twitter_site":"@ringier_ag","twitter_misc":{"\u00c9crit par":"Ringier Corporate Communications","Dur\u00e9e de lecture estim\u00e9e":"2 minutes"},"schema":{"@context":"https:\/\/schema.org","@graph":[{"@type":"Article","@id":"https:\/\/www.ringier.com\/fr\/les-medias-en-ligne-sont-responsables-des-commentaires-de-lecteurs-portant-atteinte-a-la-personnalite\/#article","isPartOf":{"@id":"https:\/\/www.ringier.com\/fr\/les-medias-en-ligne-sont-responsables-des-commentaires-de-lecteurs-portant-atteinte-a-la-personnalite\/"},"author":{"name":"Ringier Corporate Communications","@id":"https:\/\/www.ringier.com\/fr\/#\/schema\/person\/4cf76a308dc4b2bb5121bd1e7b752e52"},"headline":"Les m\u00e9dias en ligne sont responsables des commentaires de lecteurs portant atteinte \u00e0 la personnalit\u00e9","datePublished":"2023-06-26T08:07:06+00:00","dateModified":"2025-06-30T11:10:58+00:00","mainEntityOfPage":{"@id":"https:\/\/www.ringier.com\/fr\/les-medias-en-ligne-sont-responsables-des-commentaires-de-lecteurs-portant-atteinte-a-la-personnalite\/"},"wordCount":208,"publisher":{"@id":"https:\/\/www.ringier.com\/fr\/#organization"},"image":{"@id":"https:\/\/www.ringier.com\/fr\/les-medias-en-ligne-sont-responsables-des-commentaires-de-lecteurs-portant-atteinte-a-la-personnalite\/#primaryimage"},"thumbnailUrl":"https:\/\/www.ringier.com\/wp-content\/uploads\/2023\/06\/inside-paradeplatz.png","articleSection":["Corporate"],"inLanguage":"fr-FR"},{"@type":"WebPage","@id":"https:\/\/www.ringier.com\/fr\/les-medias-en-ligne-sont-responsables-des-commentaires-de-lecteurs-portant-atteinte-a-la-personnalite\/","url":"https:\/\/www.ringier.com\/fr\/les-medias-en-ligne-sont-responsables-des-commentaires-de-lecteurs-portant-atteinte-a-la-personnalite\/","name":"Les m\u00e9dias en ligne sont responsables des commentaires de lecteurs portant atteinte \u00e0 la personnalit\u00e9 - Ringier","isPartOf":{"@id":"https:\/\/www.ringier.com\/fr\/#website"},"primaryImageOfPage":{"@id":"https:\/\/www.ringier.com\/fr\/les-medias-en-ligne-sont-responsables-des-commentaires-de-lecteurs-portant-atteinte-a-la-personnalite\/#primaryimage"},"image":{"@id":"https:\/\/www.ringier.com\/fr\/les-medias-en-ligne-sont-responsables-des-commentaires-de-lecteurs-portant-atteinte-a-la-personnalite\/#primaryimage"},"thumbnailUrl":"https:\/\/www.ringier.com\/wp-content\/uploads\/2023\/06\/inside-paradeplatz.png","datePublished":"2023-06-26T08:07:06+00:00","dateModified":"2025-06-30T11:10:58+00:00","breadcrumb":{"@id":"https:\/\/www.ringier.com\/fr\/les-medias-en-ligne-sont-responsables-des-commentaires-de-lecteurs-portant-atteinte-a-la-personnalite\/#breadcrumb"},"inLanguage":"fr-FR","potentialAction":[{"@type":"ReadAction","target":["https:\/\/www.ringier.com\/fr\/les-medias-en-ligne-sont-responsables-des-commentaires-de-lecteurs-portant-atteinte-a-la-personnalite\/"]}]},{"@type":"ImageObject","inLanguage":"fr-FR","@id":"https:\/\/www.ringier.com\/fr\/les-medias-en-ligne-sont-responsables-des-commentaires-de-lecteurs-portant-atteinte-a-la-personnalite\/#primaryimage","url":"https:\/\/www.ringier.com\/wp-content\/uploads\/2023\/06\/inside-paradeplatz.png","contentUrl":"https:\/\/www.ringier.com\/wp-content\/uploads\/2023\/06\/inside-paradeplatz.png","width":1200,"height":800},{"@type":"BreadcrumbList","@id":"https:\/\/www.ringier.com\/fr\/les-medias-en-ligne-sont-responsables-des-commentaires-de-lecteurs-portant-atteinte-a-la-personnalite\/#breadcrumb","itemListElement":[{"@type":"ListItem","position":1,"name":"Home","item":"https:\/\/www.ringier.com\/fr\/"},{"@type":"ListItem","position":2,"name":"Les m\u00e9dias en ligne sont responsables des commentaires de lecteurs portant atteinte \u00e0 la personnalit\u00e9"}]},{"@type":"WebSite","@id":"https:\/\/www.ringier.com\/fr\/#website","url":"https:\/\/www.ringier.com\/fr\/","name":"Ringier","description":"We inform. We entertain. We connect","publisher":{"@id":"https:\/\/www.ringier.com\/fr\/#organization"},"potentialAction":[{"@type":"SearchAction","target":{"@type":"EntryPoint","urlTemplate":"https:\/\/www.ringier.com\/fr\/?s={search_term_string}"},"query-input":{"@type":"PropertyValueSpecification","valueRequired":true,"valueName":"search_term_string"}}],"inLanguage":"fr-FR"},{"@type":"Organization","@id":"https:\/\/www.ringier.com\/fr\/#organization","name":"Ringier","url":"https:\/\/www.ringier.com\/fr\/","logo":{"@type":"ImageObject","inLanguage":"fr-FR","@id":"https:\/\/www.ringier.com\/fr\/#\/schema\/logo\/image\/","url":"https:\/\/www.ringier.com\/wp-content\/uploads\/2021\/10\/ringier_logo_2.jpg","contentUrl":"https:\/\/www.ringier.com\/wp-content\/uploads\/2021\/10\/ringier_logo_2.jpg","width":750,"height":550,"caption":"Ringier"},"image":{"@id":"https:\/\/www.ringier.com\/fr\/#\/schema\/logo\/image\/"},"sameAs":["https:\/\/www.facebook.com\/ringierag\/","https:\/\/x.com\/ringier_ag","https:\/\/www.instagram.com\/ringier_ag\/","https:\/\/www.linkedin.com\/company\/ringier\/","https:\/\/www.youtube.com\/user\/RingierComm","https:\/\/en.wikipedia.org\/wiki\/Ringier","https:\/\/de.wikipedia.org\/wiki\/Ringier","https:\/\/fr.wikipedia.org\/wiki\/Ringier","https:\/\/www.crunchbase.com\/organization\/ringier-ag"]},{"@type":"Person","@id":"https:\/\/www.ringier.com\/fr\/#\/schema\/person\/4cf76a308dc4b2bb5121bd1e7b752e52","name":"Ringier Corporate Communications","image":{"@type":"ImageObject","inLanguage":"fr-FR","@id":"https:\/\/www.ringier.com\/fr\/#\/schema\/person\/image\/","url":"https:\/\/secure.gravatar.com\/avatar\/9391e20481368d5df4fe3e1e476c13b27786347489822ec1ed07e532bb41f587?s=96&d=mm&r=g","contentUrl":"https:\/\/secure.gravatar.com\/avatar\/9391e20481368d5df4fe3e1e476c13b27786347489822ec1ed07e532bb41f587?s=96&d=mm&r=g","caption":"Ringier Corporate Communications"},"sameAs":["https:\/\/www.ringier.com"]}]}},"_links":{"self":[{"href":"https:\/\/www.ringier.com\/fr\/wp-json\/wp\/v2\/posts\/16221","targetHints":{"allow":["GET"]}}],"collection":[{"href":"https:\/\/www.ringier.com\/fr\/wp-json\/wp\/v2\/posts"}],"about":[{"href":"https:\/\/www.ringier.com\/fr\/wp-json\/wp\/v2\/types\/post"}],"author":[{"embeddable":true,"href":"https:\/\/www.ringier.com\/fr\/wp-json\/wp\/v2\/users\/23"}],"replies":[{"embeddable":true,"href":"https:\/\/www.ringier.com\/fr\/wp-json\/wp\/v2\/comments?post=16221"}],"version-history":[{"count":0,"href":"https:\/\/www.ringier.com\/fr\/wp-json\/wp\/v2\/posts\/16221\/revisions"}],"wp:featuredmedia":[{"embeddable":true,"href":"https:\/\/www.ringier.com\/fr\/wp-json\/wp\/v2\/media\/16220"}],"wp:attachment":[{"href":"https:\/\/www.ringier.com\/fr\/wp-json\/wp\/v2\/media?parent=16221"}],"wp:term":[{"taxonomy":"category","embeddable":true,"href":"https:\/\/www.ringier.com\/fr\/wp-json\/wp\/v2\/categories?post=16221"},{"taxonomy":"post_tag","embeddable":true,"href":"https:\/\/www.ringier.com\/fr\/wp-json\/wp\/v2\/tags?post=16221"}],"curies":[{"name":"wp","href":"https:\/\/api.w.org\/{rel}","templated":true}]}}