{"id":14766,"date":"2022-07-07T14:00:00","date_gmt":"2022-07-07T12:00:00","guid":{"rendered":"https:\/\/www.ringier.com\/?p=14766"},"modified":"2025-06-23T14:07:49","modified_gmt":"2025-06-23T12:07:49","slug":"strauss-prolonge-son-contrat-avec-la-swiss-football-league-et-ringier-sports","status":"publish","type":"post","link":"https:\/\/www.ringier.com\/fr\/strauss-prolonge-son-contrat-avec-la-swiss-football-league-et-ringier-sports\/","title":{"rendered":"Strauss prolonge son contrat avec la Swiss Football League et Ringier Sports"},"content":{"rendered":"\n<p>Engelbert Strauss est le premier fabricant europ\u00e9en de v\u00eatements professionnels et d\u2019\u00e9quipements de s\u00e9curit\u00e9 au travail. Avec sa filiale de Saint-Gall, l\u2019entreprise s\u2019engage en tant que partenaire de la SFL depuis la saison 2015\/2016. Strauss et Ringier Sports SA, distributeur exclusif de la Swiss Football League (SFL) pour les droits marketing principaux, ont d\u00e9sormais sign\u00e9 une prolongation de contrat de deux ans, jusqu\u2019\u00e0 la fin de la saison 2023\/2024.&nbsp;<\/p>\n\n\n\n<p>Antonio Dominguez, Head of Brand Partnerships chez Engelbert Strauss: \u00abCes derni\u00e8res ann\u00e9es, notre entreprise a d\u00e9j\u00e0 su faire sensation \u00e0 quelques reprises gr\u00e2ce \u00e0 des partenariats exceptionnels dans les domaines du sport et du divertissement. L\u2019orientation strat\u00e9gique du sponsoring sportif se concentre sur le segment premium. Et c\u2019est dans cet esprit que nous entretenons cette collaboration fructueuse avec la Swiss Football League.\u00bb<\/p>\n\n\n\n<p>Claudius Sch\u00e4fer, CEO Swiss Football League: \u00abNous sommes ravis de voir ce partenariat de longue date passer \u00e0 l\u2019\u00e9tape suivante. C\u2019est un plaisir de se savoir accompagn\u00e9s par des partenaires fiables.\u00bb<\/p>\n\n\n\n<p>Stephan Wullschleger, CCO Ringier Sports: \u00abEn tant que distributeur de la Swiss Football League, nous sommes heureux d\u2019avoir pu prolonger de deux ans ce contrat entre partenaires de longue date.\u00bb<\/p>\n\n\n\n<p>Ringier, Corporate Communications<\/p>\n\n\n\n<p class=\"has-small-font-size\"><strong>\u00c0 propos d\u2019Engelbert Strauss GmbH &amp; Co KG<\/strong><\/p>\n\n\n\n<p class=\"has-small-font-size\">Engelbert Strauss est le premier fabricant europ\u00e9en de v\u00eatements professionnels et d\u2019\u00e9quipements de s\u00e9curit\u00e9 au travail. Strauss g\u00e9n\u00e8re la majeure partie de son chiffre d\u2019affaires sur Internet et fait partie des 5 plus grands commer\u00e7ants en ligne d\u2019Allemagne. Sise \u00e0 Main-Kinzig-Kreis, en Hesse, l\u2019entreprise compte pr\u00e8s de 1600 collaborateurs sur ses sites allemands. Sa succursale suisse se trouve \u00e0 Saint-Gall. L\u2019orientation strat\u00e9gique du sponsoring sportif se concentre sur le segment premium. Strauss est notamment sponsor officiel de l\u2019UEFA Europa League et de l\u2019UEFA Conference League, partenaire Workwear officiel de l\u2019\u00e9quipe nationale de football allemande et partenaire officiel du championnat du monde de hockey sur glace de l\u2019IIHF.<\/p>\n\n\n\n<p class=\"has-small-font-size\"><strong>A propos de Ringier Sports<\/strong><\/p>\n\n\n\n<p class=\"has-small-font-size\">Ringier Sports AG est une filiale du groupe Ringier et se concentre sur la commercialisation, le conseil, la num\u00e9risation ainsi que l\u2019activation de clubs, de f\u00e9d\u00e9rations, de ligues et d\u2019organisations ainsi que de manifestations nationales et internationales sur le march\u00e9 suisse. L\u2019accent est mis sur les sports populaires tels que le football et le hockey sur glace ainsi que sur les sports comptant un nombre \u00e9lev\u00e9 de joureurs icenci\u00e9s et\/ou actifs. Parall\u00e8lement, Ringier Sports AG se focalise sur l\u2019exploitation des droits marketing et m\u00e9dias des ligues nationales et sur le d\u00e9veloppement futur ainsi que la commercialisation et la num\u00e9risation de formats de manifestations et de championnats \u00e0 caract\u00e8re national.<\/p>\n","protected":false},"excerpt":{"rendered":"<p>Cela fait sept ans que Strauss est partenaire de la Swiss Football League (SFL). Le contrat vient d\u2019\u00eatre prolong\u00e9 pour deux ann\u00e9es suppl\u00e9mentaires avec Ringier Sports, responsable de la commercialisation de la SFL.<\/p>\n","protected":false},"author":23,"featured_media":14765,"comment_status":"closed","ping_status":"open","sticky":false,"template":"","format":"standard","meta":{"inline_featured_image":false,"footnotes":""},"categories":[43],"tags":[],"class_list":["post-14766","post","type-post","status-publish","format-standard","has-post-thumbnail","hentry","category-corporate-fr"],"yoast_head":"<!-- This site is optimized with the Yoast SEO Premium plugin v27.0 (Yoast SEO v27.0) - https:\/\/yoast.com\/product\/yoast-seo-premium-wordpress\/ -->\n<title>Strauss prolonge son contrat avec la Swiss Football League et Ringier Sports - Ringier<\/title>\n<meta name=\"robots\" content=\"index, follow, max-snippet:-1, max-image-preview:large, max-video-preview:-1\" \/>\n<link rel=\"canonical\" href=\"https:\/\/www.ringier.com\/fr\/strauss-prolonge-son-contrat-avec-la-swiss-football-league-et-ringier-sports\/\" \/>\n<meta property=\"og:locale\" content=\"fr_FR\" \/>\n<meta property=\"og:type\" content=\"article\" \/>\n<meta property=\"og:title\" content=\"Strauss prolonge son contrat avec la Swiss Football League et Ringier Sports\" \/>\n<meta property=\"og:description\" content=\"Cela fait sept ans que Strauss est partenaire de la Swiss Football League (SFL). Le contrat vient d\u2019\u00eatre prolong\u00e9 pour deux ann\u00e9es suppl\u00e9mentaires avec Ringier Sports, responsable de la commercialisation de la SFL.\" \/>\n<meta property=\"og:url\" content=\"https:\/\/www.ringier.com\/fr\/strauss-prolonge-son-contrat-avec-la-swiss-football-league-et-ringier-sports\/\" \/>\n<meta property=\"og:site_name\" content=\"Ringier\" \/>\n<meta property=\"article:publisher\" content=\"https:\/\/www.facebook.com\/ringierag\/\" \/>\n<meta property=\"article:published_time\" content=\"2022-07-07T12:00:00+00:00\" \/>\n<meta property=\"article:modified_time\" content=\"2025-06-23T12:07:49+00:00\" \/>\n<meta property=\"og:image\" content=\"https:\/\/www.ringier.com\/wp-content\/uploads\/2022\/07\/Strauss-RingierSports.png\" \/>\n\t<meta property=\"og:image:width\" content=\"917\" \/>\n\t<meta property=\"og:image:height\" content=\"480\" \/>\n\t<meta property=\"og:image:type\" content=\"image\/png\" \/>\n<meta name=\"author\" content=\"Ringier Corporate Communications\" \/>\n<meta name=\"twitter:card\" content=\"summary_large_image\" \/>\n<meta name=\"twitter:creator\" content=\"@ringier_ag\" \/>\n<meta name=\"twitter:site\" content=\"@ringier_ag\" \/>\n<meta name=\"twitter:label1\" content=\"\u00c9crit par\" \/>\n\t<meta name=\"twitter:data1\" content=\"Ringier Corporate Communications\" \/>\n\t<meta name=\"twitter:label2\" content=\"Dur\u00e9e de lecture estim\u00e9e\" \/>\n\t<meta name=\"twitter:data2\" content=\"1 minute\" \/>\n<script type=\"application\/ld+json\" class=\"yoast-schema-graph\">{\"@context\":\"https:\/\/schema.org\",\"@graph\":[{\"@type\":\"Article\",\"@id\":\"https:\/\/www.ringier.com\/fr\/strauss-prolonge-son-contrat-avec-la-swiss-football-league-et-ringier-sports\/#article\",\"isPartOf\":{\"@id\":\"https:\/\/www.ringier.com\/fr\/strauss-prolonge-son-contrat-avec-la-swiss-football-league-et-ringier-sports\/\"},\"author\":{\"name\":\"Ringier Corporate Communications\",\"@id\":\"https:\/\/www.ringier.com\/fr\/#\/schema\/person\/4cf76a308dc4b2bb5121bd1e7b752e52\"},\"headline\":\"Strauss prolonge son contrat avec la Swiss Football League et Ringier Sports\",\"datePublished\":\"2022-07-07T12:00:00+00:00\",\"dateModified\":\"2025-06-23T12:07:49+00:00\",\"mainEntityOfPage\":{\"@id\":\"https:\/\/www.ringier.com\/fr\/strauss-prolonge-son-contrat-avec-la-swiss-football-league-et-ringier-sports\/\"},\"wordCount\":477,\"publisher\":{\"@id\":\"https:\/\/www.ringier.com\/fr\/#organization\"},\"image\":{\"@id\":\"https:\/\/www.ringier.com\/fr\/strauss-prolonge-son-contrat-avec-la-swiss-football-league-et-ringier-sports\/#primaryimage\"},\"thumbnailUrl\":\"https:\/\/www.ringier.com\/wp-content\/uploads\/2022\/07\/Strauss-RingierSports.png\",\"articleSection\":[\"Corporate\"],\"inLanguage\":\"fr-FR\"},{\"@type\":\"WebPage\",\"@id\":\"https:\/\/www.ringier.com\/fr\/strauss-prolonge-son-contrat-avec-la-swiss-football-league-et-ringier-sports\/\",\"url\":\"https:\/\/www.ringier.com\/fr\/strauss-prolonge-son-contrat-avec-la-swiss-football-league-et-ringier-sports\/\",\"name\":\"Strauss prolonge son contrat avec la Swiss Football League et Ringier Sports - Ringier\",\"isPartOf\":{\"@id\":\"https:\/\/www.ringier.com\/fr\/#website\"},\"primaryImageOfPage\":{\"@id\":\"https:\/\/www.ringier.com\/fr\/strauss-prolonge-son-contrat-avec-la-swiss-football-league-et-ringier-sports\/#primaryimage\"},\"image\":{\"@id\":\"https:\/\/www.ringier.com\/fr\/strauss-prolonge-son-contrat-avec-la-swiss-football-league-et-ringier-sports\/#primaryimage\"},\"thumbnailUrl\":\"https:\/\/www.ringier.com\/wp-content\/uploads\/2022\/07\/Strauss-RingierSports.png\",\"datePublished\":\"2022-07-07T12:00:00+00:00\",\"dateModified\":\"2025-06-23T12:07:49+00:00\",\"breadcrumb\":{\"@id\":\"https:\/\/www.ringier.com\/fr\/strauss-prolonge-son-contrat-avec-la-swiss-football-league-et-ringier-sports\/#breadcrumb\"},\"inLanguage\":\"fr-FR\",\"potentialAction\":[{\"@type\":\"ReadAction\",\"target\":[\"https:\/\/www.ringier.com\/fr\/strauss-prolonge-son-contrat-avec-la-swiss-football-league-et-ringier-sports\/\"]}]},{\"@type\":\"ImageObject\",\"inLanguage\":\"fr-FR\",\"@id\":\"https:\/\/www.ringier.com\/fr\/strauss-prolonge-son-contrat-avec-la-swiss-football-league-et-ringier-sports\/#primaryimage\",\"url\":\"https:\/\/www.ringier.com\/wp-content\/uploads\/2022\/07\/Strauss-RingierSports.png\",\"contentUrl\":\"https:\/\/www.ringier.com\/wp-content\/uploads\/2022\/07\/Strauss-RingierSports.png\",\"width\":917,\"height\":480},{\"@type\":\"BreadcrumbList\",\"@id\":\"https:\/\/www.ringier.com\/fr\/strauss-prolonge-son-contrat-avec-la-swiss-football-league-et-ringier-sports\/#breadcrumb\",\"itemListElement\":[{\"@type\":\"ListItem\",\"position\":1,\"name\":\"Home\",\"item\":\"https:\/\/www.ringier.com\/fr\/\"},{\"@type\":\"ListItem\",\"position\":2,\"name\":\"Strauss prolonge son contrat avec la Swiss Football League et Ringier Sports\"}]},{\"@type\":\"WebSite\",\"@id\":\"https:\/\/www.ringier.com\/fr\/#website\",\"url\":\"https:\/\/www.ringier.com\/fr\/\",\"name\":\"Ringier\",\"description\":\"We inform. We entertain. We connect\",\"publisher\":{\"@id\":\"https:\/\/www.ringier.com\/fr\/#organization\"},\"potentialAction\":[{\"@type\":\"SearchAction\",\"target\":{\"@type\":\"EntryPoint\",\"urlTemplate\":\"https:\/\/www.ringier.com\/fr\/?s={search_term_string}\"},\"query-input\":{\"@type\":\"PropertyValueSpecification\",\"valueRequired\":true,\"valueName\":\"search_term_string\"}}],\"inLanguage\":\"fr-FR\"},{\"@type\":\"Organization\",\"@id\":\"https:\/\/www.ringier.com\/fr\/#organization\",\"name\":\"Ringier\",\"url\":\"https:\/\/www.ringier.com\/fr\/\",\"logo\":{\"@type\":\"ImageObject\",\"inLanguage\":\"fr-FR\",\"@id\":\"https:\/\/www.ringier.com\/fr\/#\/schema\/logo\/image\/\",\"url\":\"https:\/\/www.ringier.com\/wp-content\/uploads\/2021\/10\/ringier_logo_2.jpg\",\"contentUrl\":\"https:\/\/www.ringier.com\/wp-content\/uploads\/2021\/10\/ringier_logo_2.jpg\",\"width\":750,\"height\":550,\"caption\":\"Ringier\"},\"image\":{\"@id\":\"https:\/\/www.ringier.com\/fr\/#\/schema\/logo\/image\/\"},\"sameAs\":[\"https:\/\/www.facebook.com\/ringierag\/\",\"https:\/\/x.com\/ringier_ag\",\"https:\/\/www.instagram.com\/ringier_ag\/\",\"https:\/\/www.linkedin.com\/company\/ringier\/\",\"https:\/\/www.youtube.com\/user\/RingierComm\",\"https:\/\/en.wikipedia.org\/wiki\/Ringier\",\"https:\/\/de.wikipedia.org\/wiki\/Ringier\",\"https:\/\/fr.wikipedia.org\/wiki\/Ringier\",\"https:\/\/www.crunchbase.com\/organization\/ringier-ag\"]},{\"@type\":\"Person\",\"@id\":\"https:\/\/www.ringier.com\/fr\/#\/schema\/person\/4cf76a308dc4b2bb5121bd1e7b752e52\",\"name\":\"Ringier Corporate Communications\",\"image\":{\"@type\":\"ImageObject\",\"inLanguage\":\"fr-FR\",\"@id\":\"https:\/\/www.ringier.com\/fr\/#\/schema\/person\/image\/\",\"url\":\"https:\/\/secure.gravatar.com\/avatar\/9391e20481368d5df4fe3e1e476c13b27786347489822ec1ed07e532bb41f587?s=96&d=mm&r=g\",\"contentUrl\":\"https:\/\/secure.gravatar.com\/avatar\/9391e20481368d5df4fe3e1e476c13b27786347489822ec1ed07e532bb41f587?s=96&d=mm&r=g\",\"caption\":\"Ringier Corporate Communications\"},\"sameAs\":[\"https:\/\/www.ringier.com\"]}]}<\/script>\n<!-- \/ Yoast SEO Premium plugin. -->","yoast_head_json":{"title":"Strauss prolonge son contrat avec la Swiss Football League et Ringier Sports - Ringier","robots":{"index":"index","follow":"follow","max-snippet":"max-snippet:-1","max-image-preview":"max-image-preview:large","max-video-preview":"max-video-preview:-1"},"canonical":"https:\/\/www.ringier.com\/fr\/strauss-prolonge-son-contrat-avec-la-swiss-football-league-et-ringier-sports\/","og_locale":"fr_FR","og_type":"article","og_title":"Strauss prolonge son contrat avec la Swiss Football League et Ringier Sports","og_description":"Cela fait sept ans que Strauss est partenaire de la Swiss Football League (SFL). Le contrat vient d\u2019\u00eatre prolong\u00e9 pour deux ann\u00e9es suppl\u00e9mentaires avec Ringier Sports, responsable de la commercialisation de la SFL.","og_url":"https:\/\/www.ringier.com\/fr\/strauss-prolonge-son-contrat-avec-la-swiss-football-league-et-ringier-sports\/","og_site_name":"Ringier","article_publisher":"https:\/\/www.facebook.com\/ringierag\/","article_published_time":"2022-07-07T12:00:00+00:00","article_modified_time":"2025-06-23T12:07:49+00:00","og_image":[{"width":917,"height":480,"url":"https:\/\/www.ringier.com\/wp-content\/uploads\/2022\/07\/Strauss-RingierSports.png","type":"image\/png"}],"author":"Ringier Corporate Communications","twitter_card":"summary_large_image","twitter_creator":"@ringier_ag","twitter_site":"@ringier_ag","twitter_misc":{"\u00c9crit par":"Ringier Corporate Communications","Dur\u00e9e de lecture estim\u00e9e":"1 minute"},"schema":{"@context":"https:\/\/schema.org","@graph":[{"@type":"Article","@id":"https:\/\/www.ringier.com\/fr\/strauss-prolonge-son-contrat-avec-la-swiss-football-league-et-ringier-sports\/#article","isPartOf":{"@id":"https:\/\/www.ringier.com\/fr\/strauss-prolonge-son-contrat-avec-la-swiss-football-league-et-ringier-sports\/"},"author":{"name":"Ringier Corporate Communications","@id":"https:\/\/www.ringier.com\/fr\/#\/schema\/person\/4cf76a308dc4b2bb5121bd1e7b752e52"},"headline":"Strauss prolonge son contrat avec la Swiss Football League et Ringier Sports","datePublished":"2022-07-07T12:00:00+00:00","dateModified":"2025-06-23T12:07:49+00:00","mainEntityOfPage":{"@id":"https:\/\/www.ringier.com\/fr\/strauss-prolonge-son-contrat-avec-la-swiss-football-league-et-ringier-sports\/"},"wordCount":477,"publisher":{"@id":"https:\/\/www.ringier.com\/fr\/#organization"},"image":{"@id":"https:\/\/www.ringier.com\/fr\/strauss-prolonge-son-contrat-avec-la-swiss-football-league-et-ringier-sports\/#primaryimage"},"thumbnailUrl":"https:\/\/www.ringier.com\/wp-content\/uploads\/2022\/07\/Strauss-RingierSports.png","articleSection":["Corporate"],"inLanguage":"fr-FR"},{"@type":"WebPage","@id":"https:\/\/www.ringier.com\/fr\/strauss-prolonge-son-contrat-avec-la-swiss-football-league-et-ringier-sports\/","url":"https:\/\/www.ringier.com\/fr\/strauss-prolonge-son-contrat-avec-la-swiss-football-league-et-ringier-sports\/","name":"Strauss prolonge son contrat avec la Swiss Football League et Ringier Sports - Ringier","isPartOf":{"@id":"https:\/\/www.ringier.com\/fr\/#website"},"primaryImageOfPage":{"@id":"https:\/\/www.ringier.com\/fr\/strauss-prolonge-son-contrat-avec-la-swiss-football-league-et-ringier-sports\/#primaryimage"},"image":{"@id":"https:\/\/www.ringier.com\/fr\/strauss-prolonge-son-contrat-avec-la-swiss-football-league-et-ringier-sports\/#primaryimage"},"thumbnailUrl":"https:\/\/www.ringier.com\/wp-content\/uploads\/2022\/07\/Strauss-RingierSports.png","datePublished":"2022-07-07T12:00:00+00:00","dateModified":"2025-06-23T12:07:49+00:00","breadcrumb":{"@id":"https:\/\/www.ringier.com\/fr\/strauss-prolonge-son-contrat-avec-la-swiss-football-league-et-ringier-sports\/#breadcrumb"},"inLanguage":"fr-FR","potentialAction":[{"@type":"ReadAction","target":["https:\/\/www.ringier.com\/fr\/strauss-prolonge-son-contrat-avec-la-swiss-football-league-et-ringier-sports\/"]}]},{"@type":"ImageObject","inLanguage":"fr-FR","@id":"https:\/\/www.ringier.com\/fr\/strauss-prolonge-son-contrat-avec-la-swiss-football-league-et-ringier-sports\/#primaryimage","url":"https:\/\/www.ringier.com\/wp-content\/uploads\/2022\/07\/Strauss-RingierSports.png","contentUrl":"https:\/\/www.ringier.com\/wp-content\/uploads\/2022\/07\/Strauss-RingierSports.png","width":917,"height":480},{"@type":"BreadcrumbList","@id":"https:\/\/www.ringier.com\/fr\/strauss-prolonge-son-contrat-avec-la-swiss-football-league-et-ringier-sports\/#breadcrumb","itemListElement":[{"@type":"ListItem","position":1,"name":"Home","item":"https:\/\/www.ringier.com\/fr\/"},{"@type":"ListItem","position":2,"name":"Strauss prolonge son contrat avec la Swiss Football League et Ringier Sports"}]},{"@type":"WebSite","@id":"https:\/\/www.ringier.com\/fr\/#website","url":"https:\/\/www.ringier.com\/fr\/","name":"Ringier","description":"We inform. We entertain. We connect","publisher":{"@id":"https:\/\/www.ringier.com\/fr\/#organization"},"potentialAction":[{"@type":"SearchAction","target":{"@type":"EntryPoint","urlTemplate":"https:\/\/www.ringier.com\/fr\/?s={search_term_string}"},"query-input":{"@type":"PropertyValueSpecification","valueRequired":true,"valueName":"search_term_string"}}],"inLanguage":"fr-FR"},{"@type":"Organization","@id":"https:\/\/www.ringier.com\/fr\/#organization","name":"Ringier","url":"https:\/\/www.ringier.com\/fr\/","logo":{"@type":"ImageObject","inLanguage":"fr-FR","@id":"https:\/\/www.ringier.com\/fr\/#\/schema\/logo\/image\/","url":"https:\/\/www.ringier.com\/wp-content\/uploads\/2021\/10\/ringier_logo_2.jpg","contentUrl":"https:\/\/www.ringier.com\/wp-content\/uploads\/2021\/10\/ringier_logo_2.jpg","width":750,"height":550,"caption":"Ringier"},"image":{"@id":"https:\/\/www.ringier.com\/fr\/#\/schema\/logo\/image\/"},"sameAs":["https:\/\/www.facebook.com\/ringierag\/","https:\/\/x.com\/ringier_ag","https:\/\/www.instagram.com\/ringier_ag\/","https:\/\/www.linkedin.com\/company\/ringier\/","https:\/\/www.youtube.com\/user\/RingierComm","https:\/\/en.wikipedia.org\/wiki\/Ringier","https:\/\/de.wikipedia.org\/wiki\/Ringier","https:\/\/fr.wikipedia.org\/wiki\/Ringier","https:\/\/www.crunchbase.com\/organization\/ringier-ag"]},{"@type":"Person","@id":"https:\/\/www.ringier.com\/fr\/#\/schema\/person\/4cf76a308dc4b2bb5121bd1e7b752e52","name":"Ringier Corporate Communications","image":{"@type":"ImageObject","inLanguage":"fr-FR","@id":"https:\/\/www.ringier.com\/fr\/#\/schema\/person\/image\/","url":"https:\/\/secure.gravatar.com\/avatar\/9391e20481368d5df4fe3e1e476c13b27786347489822ec1ed07e532bb41f587?s=96&d=mm&r=g","contentUrl":"https:\/\/secure.gravatar.com\/avatar\/9391e20481368d5df4fe3e1e476c13b27786347489822ec1ed07e532bb41f587?s=96&d=mm&r=g","caption":"Ringier Corporate Communications"},"sameAs":["https:\/\/www.ringier.com"]}]}},"_links":{"self":[{"href":"https:\/\/www.ringier.com\/fr\/wp-json\/wp\/v2\/posts\/14766","targetHints":{"allow":["GET"]}}],"collection":[{"href":"https:\/\/www.ringier.com\/fr\/wp-json\/wp\/v2\/posts"}],"about":[{"href":"https:\/\/www.ringier.com\/fr\/wp-json\/wp\/v2\/types\/post"}],"author":[{"embeddable":true,"href":"https:\/\/www.ringier.com\/fr\/wp-json\/wp\/v2\/users\/23"}],"replies":[{"embeddable":true,"href":"https:\/\/www.ringier.com\/fr\/wp-json\/wp\/v2\/comments?post=14766"}],"version-history":[{"count":0,"href":"https:\/\/www.ringier.com\/fr\/wp-json\/wp\/v2\/posts\/14766\/revisions"}],"wp:featuredmedia":[{"embeddable":true,"href":"https:\/\/www.ringier.com\/fr\/wp-json\/wp\/v2\/media\/14765"}],"wp:attachment":[{"href":"https:\/\/www.ringier.com\/fr\/wp-json\/wp\/v2\/media?parent=14766"}],"wp:term":[{"taxonomy":"category","embeddable":true,"href":"https:\/\/www.ringier.com\/fr\/wp-json\/wp\/v2\/categories?post=14766"},{"taxonomy":"post_tag","embeddable":true,"href":"https:\/\/www.ringier.com\/fr\/wp-json\/wp\/v2\/tags?post=14766"}],"curies":[{"name":"wp","href":"https:\/\/api.w.org\/{rel}","templated":true}]}}