{"id":14706,"date":"2022-06-30T11:00:00","date_gmt":"2022-06-30T09:00:00","guid":{"rendered":"https:\/\/www.ringier.com\/?p=14706"},"modified":"2025-06-24T10:16:52","modified_gmt":"2025-06-24T08:16:52","slug":"katia-murmann-verlaesst-die-blick-gruppe","status":"publish","type":"post","link":"https:\/\/www.ringier.com\/fr\/katia-murmann-verlaesst-die-blick-gruppe\/","title":{"rendered":"Katia Murmann quitte le groupe Blick"},"content":{"rendered":"\n<p>Katia Murmann a occup\u00e9 des fonctions dirigeantes au sein de Ringier pendant plus de neuf ans. Une p\u00e9riode durant laquelle elle a conduit la transformation du groupe Blick. En tant que r\u00e9dactrice en chef de Blick.ch de 2017 \u00e0 2021, elle a \u00e9t\u00e9 l\u2019un des moteurs de la num\u00e9risation de la newsroom. Depuis 2019, Katia Murmann \u00e9tait \u00e9galement membre de la direction du groupe Blick. Elle a transform\u00e9 le domaine informatique et a aussi mis en place le domaine Product et Marketing en qualit\u00e9 de Chief Product Officer. A partir de 2021, elle a \u00e9galement \u00e9t\u00e9 charg\u00e9e de la constitution de l\u2019\u00e9quipe internationale en tant que Chief Product Officer au sein de la Global Media Unit.<\/p>\n\n\n\n<p>Avec la CFO de Ringier Annabella Bassler, elle a fond\u00e9 en 2019 l\u2019initiative EqualVoice, qui s\u2019engage pour une meilleure visibilit\u00e9 et une plus grande diversit\u00e9 des femmes dans la couverture m\u00e9diatique. La m\u00eame ann\u00e9e, elle est devenue pr\u00e9sidente du conseil d\u2019administration de SMD Schweizer Mediendatenbank et de swissdox.<\/p>\n\n\n\n<p>\u00abJe souhaite exprimer toute ma gratitude envers la direction de Ringier, le groupe Blick, et toutes les \u00e9quipes, pour la confiance qu\u2019ils m\u2019ont t\u00e9moign\u00e9e et ces tr\u00e8s belles ann\u00e9es \u00e0 leurs c\u00f4t\u00e9s. Ensemble, nous avons fait bouger les choses et mis en \u0153uvre de nombreux projets\u00bb, a d\u00e9clar\u00e9 Katia Murmann.<\/p>\n\n\n\n<p>Ladina Heimgartner, CEO du groupe Blick et Head Global Media Unit chez Ringier: \u00abEn d\u00e9veloppant un domaine produit autonome pour le groupe Blick, mais aussi \u00e0 l\u2019international pour la Global Media Unit, Katia a men\u00e9 deux des projets les plus importants et les plus ambitieux de ces derni\u00e8res ann\u00e9es. Gr\u00e2ce \u00e0 son savoir-faire, elle a grandement contribu\u00e9 \u00e0 la transformation num\u00e9rique et \u00e0 la professionnalisation des processus. Son engagement r\u00e9fl\u00e9chi et cibl\u00e9 lui a permis de b\u00e2tir de nombreux ponts et d\u2019unir des domaines importants au sein du groupe. Notre bonne collaboration me manquera et je lui souhaite plein succ\u00e8s et tout de bon pour l\u2019avenir.\u00bb<\/p>\n\n\n\n<p>Katia Murmann quitte le groupe Blick de son plein gr\u00e9 au 1<sup>er<\/sup> ao\u00fbt et reste li\u00e9e \u00e0 Ringier jusqu&rsquo;\u00e0 fin 2022 via divers projets, tels que EqualVoice ou la Product Initiative userX internationale. Elle continuera \u00e9galement \u00e0 assumer son mandat au sein du conseil d\u2019administration de SMD\/swissdox. En parall\u00e8le, Katia Murmann se concentre d\u00e9sormais sur de nouveaux mandats: elle a entre autres \u00e9t\u00e9 \u00e9lue au conseil d\u2019administration de Scope Content AG \u00e0 la mi-juin et est \u00e9galement membre de l\u2019advisory board de plusieurs start-up, dont elleXX.&nbsp;<\/p>\n\n\n\n<p>\u00abCes engagements ont pris toujours plus d\u2019ampleur ces derniers mois, si bien que je ne pourrai plus les concilier \u00e0 long terme avec mes activit\u00e9s op\u00e9rationnelles au sein du groupe Blick ou \u00e0 l\u2019international au sein de la Ringier Global Media Unit. Cette d\u00e9cision n\u2019a pas \u00e9t\u00e9 facile \u00e0 prendre, mais je me r\u00e9jouis de ce qui m\u2019attend d\u00e9sormais.\u00bb<\/p>\n\n\n\n<p>Marco R\u00fcegger, qui occupe d\u00e9j\u00e0 une fonction dirigeante dans la gestion des produits, succ\u00e8dera par int\u00e9rim \u00e0 Katia Murmann en tant que responsable des produits du groupe Blick.<\/p>\n","protected":false},"excerpt":{"rendered":"<p>Katia Murmann, Chief Product Officer de Blick et Ringier Global Media, et membre de la direction de Blick, a pris la d\u00e9cision de quitter le groupe Blick et se concentre d\u00e9sormais sur le d\u00e9veloppement de ses mandats.  Elle reste li\u00e9e \u00e0 Ringier par divers projets.<\/p>\n","protected":false},"author":23,"featured_media":14710,"comment_status":"closed","ping_status":"open","sticky":false,"template":"","format":"standard","meta":{"inline_featured_image":false,"footnotes":""},"categories":[370,363],"tags":[],"class_list":["post-14706","post","type-post","status-publish","format-standard","has-post-thumbnail","hentry","category-media-fr","category-ringier-medias-suisse"],"yoast_head":"<!-- This site is optimized with the Yoast SEO Premium plugin v27.0 (Yoast SEO v27.0) - https:\/\/yoast.com\/product\/yoast-seo-premium-wordpress\/ -->\n<title>Katia Murmann quitte le groupe Blick - Ringier<\/title>\n<meta name=\"robots\" content=\"index, follow, max-snippet:-1, max-image-preview:large, max-video-preview:-1\" \/>\n<link rel=\"canonical\" href=\"https:\/\/www.ringier.com\/fr\/katia-murmann-verlaesst-die-blick-gruppe\/\" \/>\n<meta property=\"og:locale\" content=\"fr_FR\" \/>\n<meta property=\"og:type\" content=\"article\" \/>\n<meta property=\"og:title\" content=\"Katia Murmann quitte le groupe Blick\" \/>\n<meta property=\"og:description\" content=\"Katia Murmann, Chief Product Officer de Blick et Ringier Global Media, et membre de la direction de Blick, a pris la d\u00e9cision de quitter le groupe Blick et se concentre d\u00e9sormais sur le d\u00e9veloppement de ses mandats. Elle reste li\u00e9e \u00e0 Ringier par divers projets.\" \/>\n<meta property=\"og:url\" content=\"https:\/\/www.ringier.com\/fr\/katia-murmann-verlaesst-die-blick-gruppe\/\" \/>\n<meta property=\"og:site_name\" content=\"Ringier\" \/>\n<meta property=\"article:publisher\" content=\"https:\/\/www.facebook.com\/ringierag\/\" \/>\n<meta property=\"article:published_time\" content=\"2022-06-30T09:00:00+00:00\" \/>\n<meta property=\"article:modified_time\" content=\"2025-06-24T08:16:52+00:00\" \/>\n<meta property=\"og:image\" content=\"https:\/\/www.ringier.com\/wp-content\/uploads\/2022\/06\/KatiaMurmann.jpg\" \/>\n\t<meta property=\"og:image:width\" content=\"8192\" \/>\n\t<meta property=\"og:image:height\" content=\"4288\" \/>\n\t<meta property=\"og:image:type\" content=\"image\/jpeg\" \/>\n<meta name=\"author\" content=\"Ringier Corporate Communications\" \/>\n<meta name=\"twitter:card\" content=\"summary_large_image\" \/>\n<meta name=\"twitter:creator\" content=\"@ringier_ag\" \/>\n<meta name=\"twitter:site\" content=\"@ringier_ag\" \/>\n<meta name=\"twitter:label1\" content=\"\u00c9crit par\" \/>\n\t<meta name=\"twitter:data1\" content=\"Ringier Corporate Communications\" \/>\n\t<meta name=\"twitter:label2\" content=\"Dur\u00e9e de lecture estim\u00e9e\" \/>\n\t<meta name=\"twitter:data2\" content=\"3 minutes\" \/>\n<script type=\"application\/ld+json\" class=\"yoast-schema-graph\">{\"@context\":\"https:\/\/schema.org\",\"@graph\":[{\"@type\":\"Article\",\"@id\":\"https:\/\/www.ringier.com\/fr\/katia-murmann-verlaesst-die-blick-gruppe\/#article\",\"isPartOf\":{\"@id\":\"https:\/\/www.ringier.com\/fr\/katia-murmann-verlaesst-die-blick-gruppe\/\"},\"author\":{\"name\":\"Ringier Corporate Communications\",\"@id\":\"https:\/\/www.ringier.com\/fr\/#\/schema\/person\/4cf76a308dc4b2bb5121bd1e7b752e52\"},\"headline\":\"Katia Murmann quitte le groupe Blick\",\"datePublished\":\"2022-06-30T09:00:00+00:00\",\"dateModified\":\"2025-06-24T08:16:52+00:00\",\"mainEntityOfPage\":{\"@id\":\"https:\/\/www.ringier.com\/fr\/katia-murmann-verlaesst-die-blick-gruppe\/\"},\"wordCount\":537,\"publisher\":{\"@id\":\"https:\/\/www.ringier.com\/fr\/#organization\"},\"image\":{\"@id\":\"https:\/\/www.ringier.com\/fr\/katia-murmann-verlaesst-die-blick-gruppe\/#primaryimage\"},\"thumbnailUrl\":\"https:\/\/www.ringier.com\/wp-content\/uploads\/2022\/06\/KatiaMurmann.jpg\",\"articleSection\":[\"Media\",\"Ringier Medias Suisse\"],\"inLanguage\":\"fr-FR\"},{\"@type\":\"WebPage\",\"@id\":\"https:\/\/www.ringier.com\/fr\/katia-murmann-verlaesst-die-blick-gruppe\/\",\"url\":\"https:\/\/www.ringier.com\/fr\/katia-murmann-verlaesst-die-blick-gruppe\/\",\"name\":\"Katia Murmann quitte le groupe Blick - Ringier\",\"isPartOf\":{\"@id\":\"https:\/\/www.ringier.com\/fr\/#website\"},\"primaryImageOfPage\":{\"@id\":\"https:\/\/www.ringier.com\/fr\/katia-murmann-verlaesst-die-blick-gruppe\/#primaryimage\"},\"image\":{\"@id\":\"https:\/\/www.ringier.com\/fr\/katia-murmann-verlaesst-die-blick-gruppe\/#primaryimage\"},\"thumbnailUrl\":\"https:\/\/www.ringier.com\/wp-content\/uploads\/2022\/06\/KatiaMurmann.jpg\",\"datePublished\":\"2022-06-30T09:00:00+00:00\",\"dateModified\":\"2025-06-24T08:16:52+00:00\",\"breadcrumb\":{\"@id\":\"https:\/\/www.ringier.com\/fr\/katia-murmann-verlaesst-die-blick-gruppe\/#breadcrumb\"},\"inLanguage\":\"fr-FR\",\"potentialAction\":[{\"@type\":\"ReadAction\",\"target\":[\"https:\/\/www.ringier.com\/fr\/katia-murmann-verlaesst-die-blick-gruppe\/\"]}]},{\"@type\":\"ImageObject\",\"inLanguage\":\"fr-FR\",\"@id\":\"https:\/\/www.ringier.com\/fr\/katia-murmann-verlaesst-die-blick-gruppe\/#primaryimage\",\"url\":\"https:\/\/www.ringier.com\/wp-content\/uploads\/2022\/06\/KatiaMurmann.jpg\",\"contentUrl\":\"https:\/\/www.ringier.com\/wp-content\/uploads\/2022\/06\/KatiaMurmann.jpg\",\"width\":8192,\"height\":4288,\"caption\":\"Foto: Philippe Rossier, 21.10.2020, Z\u0178rich, Katia Murmann Amirhosseini, Ringier Leiterin Digital &amp; Produkt \/ Chefredaktorin Blick.ch\"},{\"@type\":\"BreadcrumbList\",\"@id\":\"https:\/\/www.ringier.com\/fr\/katia-murmann-verlaesst-die-blick-gruppe\/#breadcrumb\",\"itemListElement\":[{\"@type\":\"ListItem\",\"position\":1,\"name\":\"Home\",\"item\":\"https:\/\/www.ringier.com\/fr\/\"},{\"@type\":\"ListItem\",\"position\":2,\"name\":\"Katia Murmann quitte le groupe Blick\"}]},{\"@type\":\"WebSite\",\"@id\":\"https:\/\/www.ringier.com\/fr\/#website\",\"url\":\"https:\/\/www.ringier.com\/fr\/\",\"name\":\"Ringier\",\"description\":\"We inform. We entertain. We connect\",\"publisher\":{\"@id\":\"https:\/\/www.ringier.com\/fr\/#organization\"},\"potentialAction\":[{\"@type\":\"SearchAction\",\"target\":{\"@type\":\"EntryPoint\",\"urlTemplate\":\"https:\/\/www.ringier.com\/fr\/?s={search_term_string}\"},\"query-input\":{\"@type\":\"PropertyValueSpecification\",\"valueRequired\":true,\"valueName\":\"search_term_string\"}}],\"inLanguage\":\"fr-FR\"},{\"@type\":\"Organization\",\"@id\":\"https:\/\/www.ringier.com\/fr\/#organization\",\"name\":\"Ringier\",\"url\":\"https:\/\/www.ringier.com\/fr\/\",\"logo\":{\"@type\":\"ImageObject\",\"inLanguage\":\"fr-FR\",\"@id\":\"https:\/\/www.ringier.com\/fr\/#\/schema\/logo\/image\/\",\"url\":\"https:\/\/www.ringier.com\/wp-content\/uploads\/2021\/10\/ringier_logo_2.jpg\",\"contentUrl\":\"https:\/\/www.ringier.com\/wp-content\/uploads\/2021\/10\/ringier_logo_2.jpg\",\"width\":750,\"height\":550,\"caption\":\"Ringier\"},\"image\":{\"@id\":\"https:\/\/www.ringier.com\/fr\/#\/schema\/logo\/image\/\"},\"sameAs\":[\"https:\/\/www.facebook.com\/ringierag\/\",\"https:\/\/x.com\/ringier_ag\",\"https:\/\/www.instagram.com\/ringier_ag\/\",\"https:\/\/www.linkedin.com\/company\/ringier\/\",\"https:\/\/www.youtube.com\/user\/RingierComm\",\"https:\/\/en.wikipedia.org\/wiki\/Ringier\",\"https:\/\/de.wikipedia.org\/wiki\/Ringier\",\"https:\/\/fr.wikipedia.org\/wiki\/Ringier\",\"https:\/\/www.crunchbase.com\/organization\/ringier-ag\"]},{\"@type\":\"Person\",\"@id\":\"https:\/\/www.ringier.com\/fr\/#\/schema\/person\/4cf76a308dc4b2bb5121bd1e7b752e52\",\"name\":\"Ringier Corporate Communications\",\"image\":{\"@type\":\"ImageObject\",\"inLanguage\":\"fr-FR\",\"@id\":\"https:\/\/www.ringier.com\/fr\/#\/schema\/person\/image\/\",\"url\":\"https:\/\/secure.gravatar.com\/avatar\/9391e20481368d5df4fe3e1e476c13b27786347489822ec1ed07e532bb41f587?s=96&d=mm&r=g\",\"contentUrl\":\"https:\/\/secure.gravatar.com\/avatar\/9391e20481368d5df4fe3e1e476c13b27786347489822ec1ed07e532bb41f587?s=96&d=mm&r=g\",\"caption\":\"Ringier Corporate Communications\"},\"sameAs\":[\"https:\/\/www.ringier.com\"]}]}<\/script>\n<!-- \/ Yoast SEO Premium plugin. -->","yoast_head_json":{"title":"Katia Murmann quitte le groupe Blick - Ringier","robots":{"index":"index","follow":"follow","max-snippet":"max-snippet:-1","max-image-preview":"max-image-preview:large","max-video-preview":"max-video-preview:-1"},"canonical":"https:\/\/www.ringier.com\/fr\/katia-murmann-verlaesst-die-blick-gruppe\/","og_locale":"fr_FR","og_type":"article","og_title":"Katia Murmann quitte le groupe Blick","og_description":"Katia Murmann, Chief Product Officer de Blick et Ringier Global Media, et membre de la direction de Blick, a pris la d\u00e9cision de quitter le groupe Blick et se concentre d\u00e9sormais sur le d\u00e9veloppement de ses mandats. Elle reste li\u00e9e \u00e0 Ringier par divers projets.","og_url":"https:\/\/www.ringier.com\/fr\/katia-murmann-verlaesst-die-blick-gruppe\/","og_site_name":"Ringier","article_publisher":"https:\/\/www.facebook.com\/ringierag\/","article_published_time":"2022-06-30T09:00:00+00:00","article_modified_time":"2025-06-24T08:16:52+00:00","og_image":[{"width":8192,"height":4288,"url":"https:\/\/www.ringier.com\/wp-content\/uploads\/2022\/06\/KatiaMurmann.jpg","type":"image\/jpeg"}],"author":"Ringier Corporate Communications","twitter_card":"summary_large_image","twitter_creator":"@ringier_ag","twitter_site":"@ringier_ag","twitter_misc":{"\u00c9crit par":"Ringier Corporate Communications","Dur\u00e9e de lecture estim\u00e9e":"3 minutes"},"schema":{"@context":"https:\/\/schema.org","@graph":[{"@type":"Article","@id":"https:\/\/www.ringier.com\/fr\/katia-murmann-verlaesst-die-blick-gruppe\/#article","isPartOf":{"@id":"https:\/\/www.ringier.com\/fr\/katia-murmann-verlaesst-die-blick-gruppe\/"},"author":{"name":"Ringier Corporate Communications","@id":"https:\/\/www.ringier.com\/fr\/#\/schema\/person\/4cf76a308dc4b2bb5121bd1e7b752e52"},"headline":"Katia Murmann quitte le groupe Blick","datePublished":"2022-06-30T09:00:00+00:00","dateModified":"2025-06-24T08:16:52+00:00","mainEntityOfPage":{"@id":"https:\/\/www.ringier.com\/fr\/katia-murmann-verlaesst-die-blick-gruppe\/"},"wordCount":537,"publisher":{"@id":"https:\/\/www.ringier.com\/fr\/#organization"},"image":{"@id":"https:\/\/www.ringier.com\/fr\/katia-murmann-verlaesst-die-blick-gruppe\/#primaryimage"},"thumbnailUrl":"https:\/\/www.ringier.com\/wp-content\/uploads\/2022\/06\/KatiaMurmann.jpg","articleSection":["Media","Ringier Medias Suisse"],"inLanguage":"fr-FR"},{"@type":"WebPage","@id":"https:\/\/www.ringier.com\/fr\/katia-murmann-verlaesst-die-blick-gruppe\/","url":"https:\/\/www.ringier.com\/fr\/katia-murmann-verlaesst-die-blick-gruppe\/","name":"Katia Murmann quitte le groupe Blick - Ringier","isPartOf":{"@id":"https:\/\/www.ringier.com\/fr\/#website"},"primaryImageOfPage":{"@id":"https:\/\/www.ringier.com\/fr\/katia-murmann-verlaesst-die-blick-gruppe\/#primaryimage"},"image":{"@id":"https:\/\/www.ringier.com\/fr\/katia-murmann-verlaesst-die-blick-gruppe\/#primaryimage"},"thumbnailUrl":"https:\/\/www.ringier.com\/wp-content\/uploads\/2022\/06\/KatiaMurmann.jpg","datePublished":"2022-06-30T09:00:00+00:00","dateModified":"2025-06-24T08:16:52+00:00","breadcrumb":{"@id":"https:\/\/www.ringier.com\/fr\/katia-murmann-verlaesst-die-blick-gruppe\/#breadcrumb"},"inLanguage":"fr-FR","potentialAction":[{"@type":"ReadAction","target":["https:\/\/www.ringier.com\/fr\/katia-murmann-verlaesst-die-blick-gruppe\/"]}]},{"@type":"ImageObject","inLanguage":"fr-FR","@id":"https:\/\/www.ringier.com\/fr\/katia-murmann-verlaesst-die-blick-gruppe\/#primaryimage","url":"https:\/\/www.ringier.com\/wp-content\/uploads\/2022\/06\/KatiaMurmann.jpg","contentUrl":"https:\/\/www.ringier.com\/wp-content\/uploads\/2022\/06\/KatiaMurmann.jpg","width":8192,"height":4288,"caption":"Foto: Philippe Rossier, 21.10.2020, Z\u0178rich, Katia Murmann Amirhosseini, Ringier Leiterin Digital &amp; Produkt \/ Chefredaktorin Blick.ch"},{"@type":"BreadcrumbList","@id":"https:\/\/www.ringier.com\/fr\/katia-murmann-verlaesst-die-blick-gruppe\/#breadcrumb","itemListElement":[{"@type":"ListItem","position":1,"name":"Home","item":"https:\/\/www.ringier.com\/fr\/"},{"@type":"ListItem","position":2,"name":"Katia Murmann quitte le groupe Blick"}]},{"@type":"WebSite","@id":"https:\/\/www.ringier.com\/fr\/#website","url":"https:\/\/www.ringier.com\/fr\/","name":"Ringier","description":"We inform. We entertain. We connect","publisher":{"@id":"https:\/\/www.ringier.com\/fr\/#organization"},"potentialAction":[{"@type":"SearchAction","target":{"@type":"EntryPoint","urlTemplate":"https:\/\/www.ringier.com\/fr\/?s={search_term_string}"},"query-input":{"@type":"PropertyValueSpecification","valueRequired":true,"valueName":"search_term_string"}}],"inLanguage":"fr-FR"},{"@type":"Organization","@id":"https:\/\/www.ringier.com\/fr\/#organization","name":"Ringier","url":"https:\/\/www.ringier.com\/fr\/","logo":{"@type":"ImageObject","inLanguage":"fr-FR","@id":"https:\/\/www.ringier.com\/fr\/#\/schema\/logo\/image\/","url":"https:\/\/www.ringier.com\/wp-content\/uploads\/2021\/10\/ringier_logo_2.jpg","contentUrl":"https:\/\/www.ringier.com\/wp-content\/uploads\/2021\/10\/ringier_logo_2.jpg","width":750,"height":550,"caption":"Ringier"},"image":{"@id":"https:\/\/www.ringier.com\/fr\/#\/schema\/logo\/image\/"},"sameAs":["https:\/\/www.facebook.com\/ringierag\/","https:\/\/x.com\/ringier_ag","https:\/\/www.instagram.com\/ringier_ag\/","https:\/\/www.linkedin.com\/company\/ringier\/","https:\/\/www.youtube.com\/user\/RingierComm","https:\/\/en.wikipedia.org\/wiki\/Ringier","https:\/\/de.wikipedia.org\/wiki\/Ringier","https:\/\/fr.wikipedia.org\/wiki\/Ringier","https:\/\/www.crunchbase.com\/organization\/ringier-ag"]},{"@type":"Person","@id":"https:\/\/www.ringier.com\/fr\/#\/schema\/person\/4cf76a308dc4b2bb5121bd1e7b752e52","name":"Ringier Corporate Communications","image":{"@type":"ImageObject","inLanguage":"fr-FR","@id":"https:\/\/www.ringier.com\/fr\/#\/schema\/person\/image\/","url":"https:\/\/secure.gravatar.com\/avatar\/9391e20481368d5df4fe3e1e476c13b27786347489822ec1ed07e532bb41f587?s=96&d=mm&r=g","contentUrl":"https:\/\/secure.gravatar.com\/avatar\/9391e20481368d5df4fe3e1e476c13b27786347489822ec1ed07e532bb41f587?s=96&d=mm&r=g","caption":"Ringier Corporate Communications"},"sameAs":["https:\/\/www.ringier.com"]}]}},"_links":{"self":[{"href":"https:\/\/www.ringier.com\/fr\/wp-json\/wp\/v2\/posts\/14706","targetHints":{"allow":["GET"]}}],"collection":[{"href":"https:\/\/www.ringier.com\/fr\/wp-json\/wp\/v2\/posts"}],"about":[{"href":"https:\/\/www.ringier.com\/fr\/wp-json\/wp\/v2\/types\/post"}],"author":[{"embeddable":true,"href":"https:\/\/www.ringier.com\/fr\/wp-json\/wp\/v2\/users\/23"}],"replies":[{"embeddable":true,"href":"https:\/\/www.ringier.com\/fr\/wp-json\/wp\/v2\/comments?post=14706"}],"version-history":[{"count":0,"href":"https:\/\/www.ringier.com\/fr\/wp-json\/wp\/v2\/posts\/14706\/revisions"}],"wp:featuredmedia":[{"embeddable":true,"href":"https:\/\/www.ringier.com\/fr\/wp-json\/wp\/v2\/media\/14710"}],"wp:attachment":[{"href":"https:\/\/www.ringier.com\/fr\/wp-json\/wp\/v2\/media?parent=14706"}],"wp:term":[{"taxonomy":"category","embeddable":true,"href":"https:\/\/www.ringier.com\/fr\/wp-json\/wp\/v2\/categories?post=14706"},{"taxonomy":"post_tag","embeddable":true,"href":"https:\/\/www.ringier.com\/fr\/wp-json\/wp\/v2\/tags?post=14706"}],"curies":[{"name":"wp","href":"https:\/\/api.w.org\/{rel}","templated":true}]}}