{"id":14026,"date":"2022-04-13T14:00:00","date_gmt":"2022-04-13T12:00:00","guid":{"rendered":"https:\/\/www.ringier.com\/?p=14026"},"modified":"2025-03-24T10:02:51","modified_gmt":"2025-03-24T09:02:51","slug":"michele-rodoni-ceo-de-la-mobiliere-rejoint-le-conseil-dadministration-de-ringier-sa","status":"publish","type":"post","link":"https:\/\/www.ringier.com\/fr\/michele-rodoni-ceo-de-la-mobiliere-rejoint-le-conseil-dadministration-de-ringier-sa\/","title":{"rendered":"Mich\u00e8le Rodoni, CEO de la Mobili\u00e8re, rejoint le conseil d\u2019administration de Ringier"},"content":{"rendered":"\n<p>Mich\u00e8le Rodoni a \u00e9t\u00e9 nomm\u00e9e CEO de la plus ancienne compagnie d\u2019assurance priv\u00e9e de Suisse en ao\u00fbt 2020. Genevoise de naissance aux racines tessinoises, elle \u00e9tait membre de la direction du Groupe Mobili\u00e8re depuis 2012. Elle assurait une direction efficace du secteur de la pr\u00e9voyance et s\u2019occupait de la gestion du march\u00e9, qui regroupait notamment les 80 agences g\u00e9n\u00e9rales situ\u00e9es dans tout le pays, avec leurs quelque 3000 collaborateurs.<\/p>\n\n\n\n<p><strong>Michael Ringier, \u00e9diteur et pr\u00e9sident du conseil d\u2019administration de Ringier, d\u00e9clare:<\/strong> \u00abJe f\u00e9licite Mich\u00e8le Rodoni pour cette \u00e9lection. Nous nous r\u00e9jouissons de collaborer avec elle et de profiter de sa vaste expertise. Au nom de l\u2019ensemble du conseil d\u2019administration, je souhaitais \u00e9galement remercier Markus Hongler pour son formidable engagement au cours de ces deux derni\u00e8res ann\u00e9es. Il a apport\u00e9 une contribution pr\u00e9cieuse \u00e0 la mise en place de notre partenariat. Gr\u00e2ce au soutien de la Mobili\u00e8re, d\u00e9fini \u00e0 long terme, Ringier est en mesure d\u2019appliquer rapidement sa strat\u00e9gie, qui consiste \u00e0 investir syst\u00e9matiquement dans les march\u00e9s num\u00e9riques, le journalisme ind\u00e9pendant et les technologies de pointe \u00e0 l\u2019international.\u00bb<\/p>\n\n\n\n<p><strong>Mich\u00e8le Rodoni d\u00e9clare:<\/strong> \u00abJe suis ravie de pouvoir collaborer avec le conseil d\u2019administration de Ringier. Ringier fait partie des entreprises suisses qui ont d\u00e9j\u00e0 une bonne avance sur le chemin de la transformation num\u00e9rique, tout comme la Mobili\u00e8re. Je me r\u00e9jouis des \u00e9changes actifs qui se tiennent au sein de cet organe.\u00bb<\/p>\n\n\n\n<p>Le conseil d\u2019administration de Ringier se compose de neuf membres au total: Michael Ringier, pr\u00e9sident du conseil d\u2019administration, Uli Sigg, vice-pr\u00e9sident, ainsi que Claudio Cisullo, Lukas G\u00e4hwiler, Felix Oberholzer-Gee, Urs Berger, Laura Rudas, Roman Bargezi et Mich\u00e8le Rodoni.<\/p>\n\n\n\n<p>C\u2019est la famille Ringier, avec le CEO Marc Walder, qui d\u00e9tiennent la majorit\u00e9 du groupe Ringier, avec un total de 75% des parts.<\/p>\n\n\n\n<p><\/p>\n\n\n\n<p>Ringier Corporate Communications<\/p>\n\n\n\n<p><strong>Le Groupe Mobili\u00e8re<\/strong><\/p>\n\n\n\n<p>En Suisse, un m\u00e9nage sur trois et une entreprise sur trois sont assur\u00e9s \u00e0 la Mobili\u00e8re. Au 31 d\u00e9cembre 2021, les recettes de primes totales de l\u2019assureur toutes branches s\u2019\u00e9levaient \u00e0 environ 4,3 milliards de francs. Pas moins de 80 agences g\u00e9n\u00e9rales entrepreneuriales poss\u00e9dant leur propre service des sinistres offrent des prestations de proximit\u00e9 \u00e0 plus de 2,2 millions de clients sur quelque 160 sites. Chapeaut\u00e9 par Mobili\u00e8re Suisse Holding SA, le Groupe Mobili\u00e8re se compose des soci\u00e9t\u00e9s suivantes: Mobili\u00e8re Suisse Soci\u00e9t\u00e9 d\u2019assurances SA, domicili\u00e9e \u00e0 Berne, Mobili\u00e8re Suisse Soci\u00e9t\u00e9 d\u2019assurances sur la vie SA, \u00e0 Nyon, Mobili\u00e8re Suisse Asset Management SA, Protekta Assurance de protection juridique SA, Mobili\u00e8re Suisse Services SA, toutes domicili\u00e9es \u00e0 Berne, ainsi que Trianon SA, \u00e0 Nyon, SC, SwissCaution SA, \u00e0 Nyon, et bexio SA, \u00e0 Rapperswil. Font en outre partie du Groupe: Mobili\u00e8re Suisse Risk Engineering SA, Mobi24 SA, XpertCenter SA, Flatfox AG, Buildigo SA et Lightbird Ventures SA, toutes domicili\u00e9es \u00e0 Berne, ainsi que Companjon, \u00e0 Dublin et \u00e0 D\u00fcsseldorf.<\/p>\n\n\n\n<p>La Mobili\u00e8re emploie quelque 6000 collaborateurs en Suisse et dans la Principaut\u00e9 de Liechtenstein et y propose 330 places d\u2019apprentissage. Fond\u00e9e en 1826 en tant que coop\u00e9rative, la Mobili\u00e8re est la plus ancienne soci\u00e9t\u00e9 d\u2019assurances priv\u00e9e de Suisse. Le Conseil d\u2019administration de la Mobili\u00e8re Suisse Soci\u00e9t\u00e9 Coop\u00e9rative veille \u00e0 perp\u00e9tuer la tradition coop\u00e9rative du Groupe.&nbsp;<\/p>\n\n\n\n<p><\/p>\n","protected":false},"excerpt":{"rendered":"<p>A l\u2019occasion de l\u2019assembl\u00e9e g\u00e9n\u00e9rale du 24 mars 2022, les actionnaires de Ringier ont \u00e9lu \u00e0 l\u2019unanimit\u00e9 Mich\u00e8le Rodoni, CEO de la Mobili\u00e8re, au conseil d\u2019administration de Ringier. Elle succ\u00e8de \u00e0 Markus Hongler, ancien CEO, qui avait obtenu un si\u00e8ge au sein de cette haute instance de d\u00e9cision en f\u00e9vrier 2020, avec la participation de la Mobili\u00e8re \u00e0 Ringier \u00e0 hauteur de 25%. En tant qu\u2019actionnaire minoritaire de Ringier, cette compagnie d\u2019assurance poss\u00e8de deux si\u00e8ges au conseil d\u2019administration. Le second si\u00e8ge reste occup\u00e9 par Urs Berger, pr\u00e9sident du conseil d\u2019administration de la Mobili\u00e8re.<\/p>\n","protected":false},"author":23,"featured_media":14040,"comment_status":"closed","ping_status":"open","sticky":false,"template":"","format":"standard","meta":{"inline_featured_image":false,"footnotes":""},"categories":[43],"tags":[],"class_list":["post-14026","post","type-post","status-publish","format-standard","has-post-thumbnail","hentry","category-corporate-fr"],"yoast_head":"<!-- This site is optimized with the Yoast SEO Premium plugin v27.0 (Yoast SEO v27.0) - https:\/\/yoast.com\/product\/yoast-seo-premium-wordpress\/ -->\n<title>Mich\u00e8le Rodoni, CEO de la Mobili\u00e8re, rejoint le conseil d\u2019administration de Ringier - Ringier<\/title>\n<meta name=\"robots\" content=\"index, follow, max-snippet:-1, max-image-preview:large, max-video-preview:-1\" \/>\n<link rel=\"canonical\" href=\"https:\/\/www.ringier.com\/fr\/michele-rodoni-ceo-de-la-mobiliere-rejoint-le-conseil-dadministration-de-ringier-sa\/\" \/>\n<meta property=\"og:locale\" content=\"fr_FR\" \/>\n<meta property=\"og:type\" content=\"article\" \/>\n<meta property=\"og:title\" content=\"Mich\u00e8le Rodoni, CEO de la Mobili\u00e8re, rejoint le conseil d\u2019administration de Ringier\" \/>\n<meta property=\"og:description\" content=\"A l\u2019occasion de l\u2019assembl\u00e9e g\u00e9n\u00e9rale du 24 mars 2022, les actionnaires de Ringier ont \u00e9lu \u00e0 l\u2019unanimit\u00e9 Mich\u00e8le Rodoni, CEO de la Mobili\u00e8re, au conseil d\u2019administration de Ringier. Elle succ\u00e8de \u00e0 Markus Hongler, ancien CEO, qui avait obtenu un si\u00e8ge au sein de cette haute instance de d\u00e9cision en f\u00e9vrier 2020, avec la participation de la Mobili\u00e8re \u00e0 Ringier \u00e0 hauteur de 25%. En tant qu\u2019actionnaire minoritaire de Ringier, cette compagnie d\u2019assurance poss\u00e8de deux si\u00e8ges au conseil d\u2019administration. Le second si\u00e8ge reste occup\u00e9 par Urs Berger, pr\u00e9sident du conseil d\u2019administration de la Mobili\u00e8re.\" \/>\n<meta property=\"og:url\" content=\"https:\/\/www.ringier.com\/fr\/michele-rodoni-ceo-de-la-mobiliere-rejoint-le-conseil-dadministration-de-ringier-sa\/\" \/>\n<meta property=\"og:site_name\" content=\"Ringier\" \/>\n<meta property=\"article:publisher\" content=\"https:\/\/www.facebook.com\/ringierag\/\" \/>\n<meta property=\"article:published_time\" content=\"2022-04-13T12:00:00+00:00\" \/>\n<meta property=\"article:modified_time\" content=\"2025-03-24T09:02:51+00:00\" \/>\n<meta property=\"og:image\" content=\"https:\/\/www.ringier.com\/wp-content\/uploads\/2022\/04\/MicheleRodoni-Website.jpg\" \/>\n\t<meta property=\"og:image:width\" content=\"1600\" \/>\n\t<meta property=\"og:image:height\" content=\"900\" \/>\n\t<meta property=\"og:image:type\" content=\"image\/jpeg\" \/>\n<meta name=\"author\" content=\"Ringier Corporate Communications\" \/>\n<meta name=\"twitter:card\" content=\"summary_large_image\" \/>\n<meta name=\"twitter:creator\" content=\"@ringier_ag\" \/>\n<meta name=\"twitter:site\" content=\"@ringier_ag\" \/>\n<meta name=\"twitter:label1\" content=\"\u00c9crit par\" \/>\n\t<meta name=\"twitter:data1\" content=\"Ringier Corporate Communications\" \/>\n\t<meta name=\"twitter:label2\" content=\"Dur\u00e9e de lecture estim\u00e9e\" \/>\n\t<meta name=\"twitter:data2\" content=\"4 minutes\" \/>\n<script type=\"application\/ld+json\" class=\"yoast-schema-graph\">{\"@context\":\"https:\/\/schema.org\",\"@graph\":[{\"@type\":\"Article\",\"@id\":\"https:\/\/www.ringier.com\/fr\/michele-rodoni-ceo-de-la-mobiliere-rejoint-le-conseil-dadministration-de-ringier-sa\/#article\",\"isPartOf\":{\"@id\":\"https:\/\/www.ringier.com\/fr\/michele-rodoni-ceo-de-la-mobiliere-rejoint-le-conseil-dadministration-de-ringier-sa\/\"},\"author\":{\"name\":\"Ringier Corporate Communications\",\"@id\":\"https:\/\/www.ringier.com\/fr\/#\/schema\/person\/4cf76a308dc4b2bb5121bd1e7b752e52\"},\"headline\":\"Mich\u00e8le Rodoni, CEO de la Mobili\u00e8re, rejoint le conseil d\u2019administration de Ringier\",\"datePublished\":\"2022-04-13T12:00:00+00:00\",\"dateModified\":\"2025-03-24T09:02:51+00:00\",\"mainEntityOfPage\":{\"@id\":\"https:\/\/www.ringier.com\/fr\/michele-rodoni-ceo-de-la-mobiliere-rejoint-le-conseil-dadministration-de-ringier-sa\/\"},\"wordCount\":590,\"publisher\":{\"@id\":\"https:\/\/www.ringier.com\/fr\/#organization\"},\"image\":{\"@id\":\"https:\/\/www.ringier.com\/fr\/michele-rodoni-ceo-de-la-mobiliere-rejoint-le-conseil-dadministration-de-ringier-sa\/#primaryimage\"},\"thumbnailUrl\":\"https:\/\/www.ringier.com\/wp-content\/uploads\/2022\/04\/MicheleRodoni-Website.jpg\",\"articleSection\":[\"Corporate\"],\"inLanguage\":\"fr-FR\"},{\"@type\":\"WebPage\",\"@id\":\"https:\/\/www.ringier.com\/fr\/michele-rodoni-ceo-de-la-mobiliere-rejoint-le-conseil-dadministration-de-ringier-sa\/\",\"url\":\"https:\/\/www.ringier.com\/fr\/michele-rodoni-ceo-de-la-mobiliere-rejoint-le-conseil-dadministration-de-ringier-sa\/\",\"name\":\"Mich\u00e8le Rodoni, CEO de la Mobili\u00e8re, rejoint le conseil d\u2019administration de Ringier - Ringier\",\"isPartOf\":{\"@id\":\"https:\/\/www.ringier.com\/fr\/#website\"},\"primaryImageOfPage\":{\"@id\":\"https:\/\/www.ringier.com\/fr\/michele-rodoni-ceo-de-la-mobiliere-rejoint-le-conseil-dadministration-de-ringier-sa\/#primaryimage\"},\"image\":{\"@id\":\"https:\/\/www.ringier.com\/fr\/michele-rodoni-ceo-de-la-mobiliere-rejoint-le-conseil-dadministration-de-ringier-sa\/#primaryimage\"},\"thumbnailUrl\":\"https:\/\/www.ringier.com\/wp-content\/uploads\/2022\/04\/MicheleRodoni-Website.jpg\",\"datePublished\":\"2022-04-13T12:00:00+00:00\",\"dateModified\":\"2025-03-24T09:02:51+00:00\",\"breadcrumb\":{\"@id\":\"https:\/\/www.ringier.com\/fr\/michele-rodoni-ceo-de-la-mobiliere-rejoint-le-conseil-dadministration-de-ringier-sa\/#breadcrumb\"},\"inLanguage\":\"fr-FR\",\"potentialAction\":[{\"@type\":\"ReadAction\",\"target\":[\"https:\/\/www.ringier.com\/fr\/michele-rodoni-ceo-de-la-mobiliere-rejoint-le-conseil-dadministration-de-ringier-sa\/\"]}]},{\"@type\":\"ImageObject\",\"inLanguage\":\"fr-FR\",\"@id\":\"https:\/\/www.ringier.com\/fr\/michele-rodoni-ceo-de-la-mobiliere-rejoint-le-conseil-dadministration-de-ringier-sa\/#primaryimage\",\"url\":\"https:\/\/www.ringier.com\/wp-content\/uploads\/2022\/04\/MicheleRodoni-Website.jpg\",\"contentUrl\":\"https:\/\/www.ringier.com\/wp-content\/uploads\/2022\/04\/MicheleRodoni-Website.jpg\",\"width\":1600,\"height\":900},{\"@type\":\"BreadcrumbList\",\"@id\":\"https:\/\/www.ringier.com\/fr\/michele-rodoni-ceo-de-la-mobiliere-rejoint-le-conseil-dadministration-de-ringier-sa\/#breadcrumb\",\"itemListElement\":[{\"@type\":\"ListItem\",\"position\":1,\"name\":\"Home\",\"item\":\"https:\/\/www.ringier.com\/fr\/\"},{\"@type\":\"ListItem\",\"position\":2,\"name\":\"Mich\u00e8le Rodoni, CEO de la Mobili\u00e8re, rejoint le conseil d\u2019administration de Ringier\"}]},{\"@type\":\"WebSite\",\"@id\":\"https:\/\/www.ringier.com\/fr\/#website\",\"url\":\"https:\/\/www.ringier.com\/fr\/\",\"name\":\"Ringier\",\"description\":\"We inform. We entertain. We connect\",\"publisher\":{\"@id\":\"https:\/\/www.ringier.com\/fr\/#organization\"},\"potentialAction\":[{\"@type\":\"SearchAction\",\"target\":{\"@type\":\"EntryPoint\",\"urlTemplate\":\"https:\/\/www.ringier.com\/fr\/?s={search_term_string}\"},\"query-input\":{\"@type\":\"PropertyValueSpecification\",\"valueRequired\":true,\"valueName\":\"search_term_string\"}}],\"inLanguage\":\"fr-FR\"},{\"@type\":\"Organization\",\"@id\":\"https:\/\/www.ringier.com\/fr\/#organization\",\"name\":\"Ringier\",\"url\":\"https:\/\/www.ringier.com\/fr\/\",\"logo\":{\"@type\":\"ImageObject\",\"inLanguage\":\"fr-FR\",\"@id\":\"https:\/\/www.ringier.com\/fr\/#\/schema\/logo\/image\/\",\"url\":\"https:\/\/www.ringier.com\/wp-content\/uploads\/2021\/10\/ringier_logo_2.jpg\",\"contentUrl\":\"https:\/\/www.ringier.com\/wp-content\/uploads\/2021\/10\/ringier_logo_2.jpg\",\"width\":750,\"height\":550,\"caption\":\"Ringier\"},\"image\":{\"@id\":\"https:\/\/www.ringier.com\/fr\/#\/schema\/logo\/image\/\"},\"sameAs\":[\"https:\/\/www.facebook.com\/ringierag\/\",\"https:\/\/x.com\/ringier_ag\",\"https:\/\/www.instagram.com\/ringier_ag\/\",\"https:\/\/www.linkedin.com\/company\/ringier\/\",\"https:\/\/www.youtube.com\/user\/RingierComm\",\"https:\/\/en.wikipedia.org\/wiki\/Ringier\",\"https:\/\/de.wikipedia.org\/wiki\/Ringier\",\"https:\/\/fr.wikipedia.org\/wiki\/Ringier\",\"https:\/\/www.crunchbase.com\/organization\/ringier-ag\"]},{\"@type\":\"Person\",\"@id\":\"https:\/\/www.ringier.com\/fr\/#\/schema\/person\/4cf76a308dc4b2bb5121bd1e7b752e52\",\"name\":\"Ringier Corporate Communications\",\"image\":{\"@type\":\"ImageObject\",\"inLanguage\":\"fr-FR\",\"@id\":\"https:\/\/www.ringier.com\/fr\/#\/schema\/person\/image\/\",\"url\":\"https:\/\/secure.gravatar.com\/avatar\/9391e20481368d5df4fe3e1e476c13b27786347489822ec1ed07e532bb41f587?s=96&d=mm&r=g\",\"contentUrl\":\"https:\/\/secure.gravatar.com\/avatar\/9391e20481368d5df4fe3e1e476c13b27786347489822ec1ed07e532bb41f587?s=96&d=mm&r=g\",\"caption\":\"Ringier Corporate Communications\"},\"sameAs\":[\"https:\/\/www.ringier.com\"]}]}<\/script>\n<!-- \/ Yoast SEO Premium plugin. -->","yoast_head_json":{"title":"Mich\u00e8le Rodoni, CEO de la Mobili\u00e8re, rejoint le conseil d\u2019administration de Ringier - Ringier","robots":{"index":"index","follow":"follow","max-snippet":"max-snippet:-1","max-image-preview":"max-image-preview:large","max-video-preview":"max-video-preview:-1"},"canonical":"https:\/\/www.ringier.com\/fr\/michele-rodoni-ceo-de-la-mobiliere-rejoint-le-conseil-dadministration-de-ringier-sa\/","og_locale":"fr_FR","og_type":"article","og_title":"Mich\u00e8le Rodoni, CEO de la Mobili\u00e8re, rejoint le conseil d\u2019administration de Ringier","og_description":"A l\u2019occasion de l\u2019assembl\u00e9e g\u00e9n\u00e9rale du 24 mars 2022, les actionnaires de Ringier ont \u00e9lu \u00e0 l\u2019unanimit\u00e9 Mich\u00e8le Rodoni, CEO de la Mobili\u00e8re, au conseil d\u2019administration de Ringier. Elle succ\u00e8de \u00e0 Markus Hongler, ancien CEO, qui avait obtenu un si\u00e8ge au sein de cette haute instance de d\u00e9cision en f\u00e9vrier 2020, avec la participation de la Mobili\u00e8re \u00e0 Ringier \u00e0 hauteur de 25%. En tant qu\u2019actionnaire minoritaire de Ringier, cette compagnie d\u2019assurance poss\u00e8de deux si\u00e8ges au conseil d\u2019administration. Le second si\u00e8ge reste occup\u00e9 par Urs Berger, pr\u00e9sident du conseil d\u2019administration de la Mobili\u00e8re.","og_url":"https:\/\/www.ringier.com\/fr\/michele-rodoni-ceo-de-la-mobiliere-rejoint-le-conseil-dadministration-de-ringier-sa\/","og_site_name":"Ringier","article_publisher":"https:\/\/www.facebook.com\/ringierag\/","article_published_time":"2022-04-13T12:00:00+00:00","article_modified_time":"2025-03-24T09:02:51+00:00","og_image":[{"width":1600,"height":900,"url":"https:\/\/www.ringier.com\/wp-content\/uploads\/2022\/04\/MicheleRodoni-Website.jpg","type":"image\/jpeg"}],"author":"Ringier Corporate Communications","twitter_card":"summary_large_image","twitter_creator":"@ringier_ag","twitter_site":"@ringier_ag","twitter_misc":{"\u00c9crit par":"Ringier Corporate Communications","Dur\u00e9e de lecture estim\u00e9e":"4 minutes"},"schema":{"@context":"https:\/\/schema.org","@graph":[{"@type":"Article","@id":"https:\/\/www.ringier.com\/fr\/michele-rodoni-ceo-de-la-mobiliere-rejoint-le-conseil-dadministration-de-ringier-sa\/#article","isPartOf":{"@id":"https:\/\/www.ringier.com\/fr\/michele-rodoni-ceo-de-la-mobiliere-rejoint-le-conseil-dadministration-de-ringier-sa\/"},"author":{"name":"Ringier Corporate Communications","@id":"https:\/\/www.ringier.com\/fr\/#\/schema\/person\/4cf76a308dc4b2bb5121bd1e7b752e52"},"headline":"Mich\u00e8le Rodoni, CEO de la Mobili\u00e8re, rejoint le conseil d\u2019administration de Ringier","datePublished":"2022-04-13T12:00:00+00:00","dateModified":"2025-03-24T09:02:51+00:00","mainEntityOfPage":{"@id":"https:\/\/www.ringier.com\/fr\/michele-rodoni-ceo-de-la-mobiliere-rejoint-le-conseil-dadministration-de-ringier-sa\/"},"wordCount":590,"publisher":{"@id":"https:\/\/www.ringier.com\/fr\/#organization"},"image":{"@id":"https:\/\/www.ringier.com\/fr\/michele-rodoni-ceo-de-la-mobiliere-rejoint-le-conseil-dadministration-de-ringier-sa\/#primaryimage"},"thumbnailUrl":"https:\/\/www.ringier.com\/wp-content\/uploads\/2022\/04\/MicheleRodoni-Website.jpg","articleSection":["Corporate"],"inLanguage":"fr-FR"},{"@type":"WebPage","@id":"https:\/\/www.ringier.com\/fr\/michele-rodoni-ceo-de-la-mobiliere-rejoint-le-conseil-dadministration-de-ringier-sa\/","url":"https:\/\/www.ringier.com\/fr\/michele-rodoni-ceo-de-la-mobiliere-rejoint-le-conseil-dadministration-de-ringier-sa\/","name":"Mich\u00e8le Rodoni, CEO de la Mobili\u00e8re, rejoint le conseil d\u2019administration de Ringier - Ringier","isPartOf":{"@id":"https:\/\/www.ringier.com\/fr\/#website"},"primaryImageOfPage":{"@id":"https:\/\/www.ringier.com\/fr\/michele-rodoni-ceo-de-la-mobiliere-rejoint-le-conseil-dadministration-de-ringier-sa\/#primaryimage"},"image":{"@id":"https:\/\/www.ringier.com\/fr\/michele-rodoni-ceo-de-la-mobiliere-rejoint-le-conseil-dadministration-de-ringier-sa\/#primaryimage"},"thumbnailUrl":"https:\/\/www.ringier.com\/wp-content\/uploads\/2022\/04\/MicheleRodoni-Website.jpg","datePublished":"2022-04-13T12:00:00+00:00","dateModified":"2025-03-24T09:02:51+00:00","breadcrumb":{"@id":"https:\/\/www.ringier.com\/fr\/michele-rodoni-ceo-de-la-mobiliere-rejoint-le-conseil-dadministration-de-ringier-sa\/#breadcrumb"},"inLanguage":"fr-FR","potentialAction":[{"@type":"ReadAction","target":["https:\/\/www.ringier.com\/fr\/michele-rodoni-ceo-de-la-mobiliere-rejoint-le-conseil-dadministration-de-ringier-sa\/"]}]},{"@type":"ImageObject","inLanguage":"fr-FR","@id":"https:\/\/www.ringier.com\/fr\/michele-rodoni-ceo-de-la-mobiliere-rejoint-le-conseil-dadministration-de-ringier-sa\/#primaryimage","url":"https:\/\/www.ringier.com\/wp-content\/uploads\/2022\/04\/MicheleRodoni-Website.jpg","contentUrl":"https:\/\/www.ringier.com\/wp-content\/uploads\/2022\/04\/MicheleRodoni-Website.jpg","width":1600,"height":900},{"@type":"BreadcrumbList","@id":"https:\/\/www.ringier.com\/fr\/michele-rodoni-ceo-de-la-mobiliere-rejoint-le-conseil-dadministration-de-ringier-sa\/#breadcrumb","itemListElement":[{"@type":"ListItem","position":1,"name":"Home","item":"https:\/\/www.ringier.com\/fr\/"},{"@type":"ListItem","position":2,"name":"Mich\u00e8le Rodoni, CEO de la Mobili\u00e8re, rejoint le conseil d\u2019administration de Ringier"}]},{"@type":"WebSite","@id":"https:\/\/www.ringier.com\/fr\/#website","url":"https:\/\/www.ringier.com\/fr\/","name":"Ringier","description":"We inform. We entertain. We connect","publisher":{"@id":"https:\/\/www.ringier.com\/fr\/#organization"},"potentialAction":[{"@type":"SearchAction","target":{"@type":"EntryPoint","urlTemplate":"https:\/\/www.ringier.com\/fr\/?s={search_term_string}"},"query-input":{"@type":"PropertyValueSpecification","valueRequired":true,"valueName":"search_term_string"}}],"inLanguage":"fr-FR"},{"@type":"Organization","@id":"https:\/\/www.ringier.com\/fr\/#organization","name":"Ringier","url":"https:\/\/www.ringier.com\/fr\/","logo":{"@type":"ImageObject","inLanguage":"fr-FR","@id":"https:\/\/www.ringier.com\/fr\/#\/schema\/logo\/image\/","url":"https:\/\/www.ringier.com\/wp-content\/uploads\/2021\/10\/ringier_logo_2.jpg","contentUrl":"https:\/\/www.ringier.com\/wp-content\/uploads\/2021\/10\/ringier_logo_2.jpg","width":750,"height":550,"caption":"Ringier"},"image":{"@id":"https:\/\/www.ringier.com\/fr\/#\/schema\/logo\/image\/"},"sameAs":["https:\/\/www.facebook.com\/ringierag\/","https:\/\/x.com\/ringier_ag","https:\/\/www.instagram.com\/ringier_ag\/","https:\/\/www.linkedin.com\/company\/ringier\/","https:\/\/www.youtube.com\/user\/RingierComm","https:\/\/en.wikipedia.org\/wiki\/Ringier","https:\/\/de.wikipedia.org\/wiki\/Ringier","https:\/\/fr.wikipedia.org\/wiki\/Ringier","https:\/\/www.crunchbase.com\/organization\/ringier-ag"]},{"@type":"Person","@id":"https:\/\/www.ringier.com\/fr\/#\/schema\/person\/4cf76a308dc4b2bb5121bd1e7b752e52","name":"Ringier Corporate Communications","image":{"@type":"ImageObject","inLanguage":"fr-FR","@id":"https:\/\/www.ringier.com\/fr\/#\/schema\/person\/image\/","url":"https:\/\/secure.gravatar.com\/avatar\/9391e20481368d5df4fe3e1e476c13b27786347489822ec1ed07e532bb41f587?s=96&d=mm&r=g","contentUrl":"https:\/\/secure.gravatar.com\/avatar\/9391e20481368d5df4fe3e1e476c13b27786347489822ec1ed07e532bb41f587?s=96&d=mm&r=g","caption":"Ringier Corporate Communications"},"sameAs":["https:\/\/www.ringier.com"]}]}},"_links":{"self":[{"href":"https:\/\/www.ringier.com\/fr\/wp-json\/wp\/v2\/posts\/14026","targetHints":{"allow":["GET"]}}],"collection":[{"href":"https:\/\/www.ringier.com\/fr\/wp-json\/wp\/v2\/posts"}],"about":[{"href":"https:\/\/www.ringier.com\/fr\/wp-json\/wp\/v2\/types\/post"}],"author":[{"embeddable":true,"href":"https:\/\/www.ringier.com\/fr\/wp-json\/wp\/v2\/users\/23"}],"replies":[{"embeddable":true,"href":"https:\/\/www.ringier.com\/fr\/wp-json\/wp\/v2\/comments?post=14026"}],"version-history":[{"count":0,"href":"https:\/\/www.ringier.com\/fr\/wp-json\/wp\/v2\/posts\/14026\/revisions"}],"wp:featuredmedia":[{"embeddable":true,"href":"https:\/\/www.ringier.com\/fr\/wp-json\/wp\/v2\/media\/14040"}],"wp:attachment":[{"href":"https:\/\/www.ringier.com\/fr\/wp-json\/wp\/v2\/media?parent=14026"}],"wp:term":[{"taxonomy":"category","embeddable":true,"href":"https:\/\/www.ringier.com\/fr\/wp-json\/wp\/v2\/categories?post=14026"},{"taxonomy":"post_tag","embeddable":true,"href":"https:\/\/www.ringier.com\/fr\/wp-json\/wp\/v2\/tags?post=14026"}],"curies":[{"name":"wp","href":"https:\/\/api.w.org\/{rel}","templated":true}]}}