{"id":1367,"date":"2015-09-02T08:20:00","date_gmt":"2015-09-02T06:20:00","guid":{"rendered":"https:\/\/www.ringier.com\/ringier-unveils-its-new-look-pressehaus-in-zurich-to-reveal-a-new-more-open-more-modern-and-more-artistic-headquarters-building\/"},"modified":"2025-06-30T10:42:48","modified_gmt":"2025-06-30T08:42:48","slug":"renovee-la-maison-de-la-presse-de-zurich-est-plus-ouverte-plus-moderne-et-plus-artistique","status":"publish","type":"post","link":"https:\/\/www.ringier.com\/fr\/renovee-la-maison-de-la-presse-de-zurich-est-plus-ouverte-plus-moderne-et-plus-artistique\/","title":{"rendered":"R\u00e9nov\u00e9e, la Maison de la presse de Zurich est plus ouverte, plus moderne et plus artistique"},"content":{"rendered":"\n<p>Depuis pr\u00e8s de quarante ans, la Maison de la presse, sise Dufourstrasse \u00e0 Zurich, constitue le c\u0153ur de l&rsquo;entreprise de m\u00e9dia Ringier. Le 11 avril 1978, elle a \u00e9t\u00e9 inaugur\u00e9e par l&rsquo;ancien conseiller f\u00e9d\u00e9ral Kurt Furgler. Pour sa grande r\u00e9ouverture, demain jeudi, la conseill\u00e8re f\u00e9d\u00e9rale et ministre des m\u00e9dias Doris Leuthard tiendra un discours d&rsquo;ouverture devant 150\u00a0convives. Parmi les invit\u00e9s d&rsquo;honneur, on attend notamment Corine Mauch, maire de Zurich, ainsi que le conseiller municipal Filippo Leutenegger.<br><br>Les importants travaux de r\u00e9novation qui viennent de s&rsquo;achever ont d\u00e9but\u00e9 en d\u00e9cembre 2014. Au rez-de-chauss\u00e9e se sont install\u00e9s le nouveau et imposant\u00a0<em>Energy<\/em>\u00a0Flagship Studio et le caf\u00e9 bar\u00a0<em>The\u00a0Studio<\/em>, g\u00e9r\u00e9 par Kramer Gastronomie, avec une petite sc\u00e8ne de spectacle et une vue directe dans le studio de radio. A c\u00f4t\u00e9 du foyer, totalement revisit\u00e9, et du nouveau\u00a0<em>desk<\/em>\u00a0de r\u00e9ception, un espace de rencontre a vu le jour, baptis\u00e9\u00a0<em>The Gallery<\/em>\u00a0et con\u00e7u par le c\u00e9l\u00e8bre artiste britannique Liam\u00a0Gillick, \u00e0 la fois nouveau point de rendez-vous pour les collaborateurs, hall d&rsquo;attente pour les invit\u00e9s, lieu de r\u00e9union et espace d&rsquo;exposition pour les objets de la collection Ringier.<br><br>Toute la place situ\u00e9e devant la Maison de la presse, avec la terrasse attenante au caf\u00e9, la marquise du b\u00e2timent, l&rsquo;inscription ainsi que le kiosque et d&rsquo;autres innombrables \u00e9l\u00e9ments en coulisses, sont \u00e9galement le fruit de cette grande r\u00e9novation.<br><br>Pour remercier les collaborateurs de Ringier qui ont d\u00fb supporter pendant des mois les bruits du chantier et des conditions de travail parfois chaotiques, une c\u00e9r\u00e9monie d&rsquo;ouverture leur sera exclusivement d\u00e9di\u00e9e mercredi soir.<\/p>\n\n\n\n<figure class=\"wp-block-image\"><img decoding=\"async\" src=\"https:\/\/www.ringier.ch\/sites\/default\/files\/styles\/full-page\/public\/images\/bild_logo_web.jpg?itok=TeocO48R\" alt=\"Ringier Vordach\" title=\"Ringier Vordach\"\/><\/figure>\n","protected":false},"excerpt":{"rendered":"<p>Les travaux de r\u00e9novation de la Maison de la presse Ringier, sise Dufourstrasse \u00e0 Zurich, ont dur\u00e9 neuf mois. Le b\u00e2timent, \u00e2g\u00e9 de 37 ans, est plus ouvert, plus moderne et plus artistique apr\u00e8s ce rafra\u00eechissement. Energy a emm\u00e9nag\u00e9, avec son spectaculaire Energy Flagship Studio et le caf\u00e9 bar The Studio. The Gallery, au rez-de-chauss\u00e9e, est un espace de rencontre unique en son genre, con\u00e7u par le c\u00e9l\u00e8bre artiste britannique Liam Gillick.<\/p>\n","protected":false},"author":23,"featured_media":1365,"comment_status":"closed","ping_status":"open","sticky":false,"template":"","format":"standard","meta":{"inline_featured_image":false,"footnotes":""},"categories":[43,370],"tags":[],"class_list":["post-1367","post","type-post","status-publish","format-standard","has-post-thumbnail","hentry","category-corporate-fr","category-media-fr"],"yoast_head":"<!-- This site is optimized with the Yoast SEO Premium plugin v27.0 (Yoast SEO v27.0) - https:\/\/yoast.com\/product\/yoast-seo-premium-wordpress\/ -->\n<title>R\u00e9nov\u00e9e, la Maison de la presse de Zurich est plus ouverte, plus moderne et plus artistique - Ringier<\/title>\n<meta name=\"robots\" content=\"index, follow, max-snippet:-1, max-image-preview:large, max-video-preview:-1\" \/>\n<link rel=\"canonical\" href=\"https:\/\/www.ringier.com\/fr\/renovee-la-maison-de-la-presse-de-zurich-est-plus-ouverte-plus-moderne-et-plus-artistique\/\" \/>\n<meta property=\"og:locale\" content=\"fr_FR\" \/>\n<meta property=\"og:type\" content=\"article\" \/>\n<meta property=\"og:title\" content=\"R\u00e9nov\u00e9e, la Maison de la presse de Zurich est plus ouverte, plus moderne et plus artistique\" \/>\n<meta property=\"og:description\" content=\"Les travaux de r\u00e9novation de la Maison de la presse Ringier, sise Dufourstrasse \u00e0 Zurich, ont dur\u00e9 neuf mois. Le b\u00e2timent, \u00e2g\u00e9 de 37 ans, est plus ouvert, plus moderne et plus artistique apr\u00e8s ce rafra\u00eechissement. Energy a emm\u00e9nag\u00e9, avec son spectaculaire Energy Flagship Studio et le caf\u00e9 bar The Studio. The Gallery, au rez-de-chauss\u00e9e, est un espace de rencontre unique en son genre, con\u00e7u par le c\u00e9l\u00e8bre artiste britannique Liam Gillick.\" \/>\n<meta property=\"og:url\" content=\"https:\/\/www.ringier.com\/fr\/renovee-la-maison-de-la-presse-de-zurich-est-plus-ouverte-plus-moderne-et-plus-artistique\/\" \/>\n<meta property=\"og:site_name\" content=\"Ringier\" \/>\n<meta property=\"article:publisher\" content=\"https:\/\/www.facebook.com\/ringierag\/\" \/>\n<meta property=\"article:published_time\" content=\"2015-09-02T06:20:00+00:00\" \/>\n<meta property=\"article:modified_time\" content=\"2025-06-30T08:42:48+00:00\" \/>\n<meta property=\"og:image\" content=\"https:\/\/www.ringier.com\/wp-content\/uploads\/2021\/08\/bild_logo_web.jpg\" \/>\n\t<meta property=\"og:image:width\" content=\"750\" \/>\n\t<meta property=\"og:image:height\" content=\"500\" \/>\n\t<meta property=\"og:image:type\" content=\"image\/jpeg\" \/>\n<meta name=\"author\" content=\"Ringier Corporate Communications\" \/>\n<meta name=\"twitter:card\" content=\"summary_large_image\" \/>\n<meta name=\"twitter:creator\" content=\"@ringier_ag\" \/>\n<meta name=\"twitter:site\" content=\"@ringier_ag\" \/>\n<meta name=\"twitter:label1\" content=\"\u00c9crit par\" \/>\n\t<meta name=\"twitter:data1\" content=\"Ringier Corporate Communications\" \/>\n\t<meta name=\"twitter:label2\" content=\"Dur\u00e9e de lecture estim\u00e9e\" \/>\n\t<meta name=\"twitter:data2\" content=\"2 minutes\" \/>\n<script type=\"application\/ld+json\" class=\"yoast-schema-graph\">{\"@context\":\"https:\/\/schema.org\",\"@graph\":[{\"@type\":\"Article\",\"@id\":\"https:\/\/www.ringier.com\/fr\/renovee-la-maison-de-la-presse-de-zurich-est-plus-ouverte-plus-moderne-et-plus-artistique\/#article\",\"isPartOf\":{\"@id\":\"https:\/\/www.ringier.com\/fr\/renovee-la-maison-de-la-presse-de-zurich-est-plus-ouverte-plus-moderne-et-plus-artistique\/\"},\"author\":{\"name\":\"Ringier Corporate Communications\",\"@id\":\"https:\/\/www.ringier.com\/fr\/#\/schema\/person\/4cf76a308dc4b2bb5121bd1e7b752e52\"},\"headline\":\"R\u00e9nov\u00e9e, la Maison de la presse de Zurich est plus ouverte, plus moderne et plus artistique\",\"datePublished\":\"2015-09-02T06:20:00+00:00\",\"dateModified\":\"2025-06-30T08:42:48+00:00\",\"mainEntityOfPage\":{\"@id\":\"https:\/\/www.ringier.com\/fr\/renovee-la-maison-de-la-presse-de-zurich-est-plus-ouverte-plus-moderne-et-plus-artistique\/\"},\"wordCount\":316,\"publisher\":{\"@id\":\"https:\/\/www.ringier.com\/fr\/#organization\"},\"image\":{\"@id\":\"https:\/\/www.ringier.com\/fr\/renovee-la-maison-de-la-presse-de-zurich-est-plus-ouverte-plus-moderne-et-plus-artistique\/#primaryimage\"},\"thumbnailUrl\":\"https:\/\/www.ringier.com\/wp-content\/uploads\/2021\/08\/bild_logo_web.jpg\",\"articleSection\":[\"Corporate\",\"Media\"],\"inLanguage\":\"fr-FR\"},{\"@type\":\"WebPage\",\"@id\":\"https:\/\/www.ringier.com\/fr\/renovee-la-maison-de-la-presse-de-zurich-est-plus-ouverte-plus-moderne-et-plus-artistique\/\",\"url\":\"https:\/\/www.ringier.com\/fr\/renovee-la-maison-de-la-presse-de-zurich-est-plus-ouverte-plus-moderne-et-plus-artistique\/\",\"name\":\"R\u00e9nov\u00e9e, la Maison de la presse de Zurich est plus ouverte, plus moderne et plus artistique - Ringier\",\"isPartOf\":{\"@id\":\"https:\/\/www.ringier.com\/fr\/#website\"},\"primaryImageOfPage\":{\"@id\":\"https:\/\/www.ringier.com\/fr\/renovee-la-maison-de-la-presse-de-zurich-est-plus-ouverte-plus-moderne-et-plus-artistique\/#primaryimage\"},\"image\":{\"@id\":\"https:\/\/www.ringier.com\/fr\/renovee-la-maison-de-la-presse-de-zurich-est-plus-ouverte-plus-moderne-et-plus-artistique\/#primaryimage\"},\"thumbnailUrl\":\"https:\/\/www.ringier.com\/wp-content\/uploads\/2021\/08\/bild_logo_web.jpg\",\"datePublished\":\"2015-09-02T06:20:00+00:00\",\"dateModified\":\"2025-06-30T08:42:48+00:00\",\"breadcrumb\":{\"@id\":\"https:\/\/www.ringier.com\/fr\/renovee-la-maison-de-la-presse-de-zurich-est-plus-ouverte-plus-moderne-et-plus-artistique\/#breadcrumb\"},\"inLanguage\":\"fr-FR\",\"potentialAction\":[{\"@type\":\"ReadAction\",\"target\":[\"https:\/\/www.ringier.com\/fr\/renovee-la-maison-de-la-presse-de-zurich-est-plus-ouverte-plus-moderne-et-plus-artistique\/\"]}]},{\"@type\":\"ImageObject\",\"inLanguage\":\"fr-FR\",\"@id\":\"https:\/\/www.ringier.com\/fr\/renovee-la-maison-de-la-presse-de-zurich-est-plus-ouverte-plus-moderne-et-plus-artistique\/#primaryimage\",\"url\":\"https:\/\/www.ringier.com\/wp-content\/uploads\/2021\/08\/bild_logo_web.jpg\",\"contentUrl\":\"https:\/\/www.ringier.com\/wp-content\/uploads\/2021\/08\/bild_logo_web.jpg\",\"width\":750,\"height\":500},{\"@type\":\"BreadcrumbList\",\"@id\":\"https:\/\/www.ringier.com\/fr\/renovee-la-maison-de-la-presse-de-zurich-est-plus-ouverte-plus-moderne-et-plus-artistique\/#breadcrumb\",\"itemListElement\":[{\"@type\":\"ListItem\",\"position\":1,\"name\":\"Home\",\"item\":\"https:\/\/www.ringier.com\/fr\/\"},{\"@type\":\"ListItem\",\"position\":2,\"name\":\"R\u00e9nov\u00e9e, la Maison de la presse de Zurich est plus ouverte, plus moderne et plus artistique\"}]},{\"@type\":\"WebSite\",\"@id\":\"https:\/\/www.ringier.com\/fr\/#website\",\"url\":\"https:\/\/www.ringier.com\/fr\/\",\"name\":\"Ringier\",\"description\":\"We inform. We entertain. We connect\",\"publisher\":{\"@id\":\"https:\/\/www.ringier.com\/fr\/#organization\"},\"potentialAction\":[{\"@type\":\"SearchAction\",\"target\":{\"@type\":\"EntryPoint\",\"urlTemplate\":\"https:\/\/www.ringier.com\/fr\/?s={search_term_string}\"},\"query-input\":{\"@type\":\"PropertyValueSpecification\",\"valueRequired\":true,\"valueName\":\"search_term_string\"}}],\"inLanguage\":\"fr-FR\"},{\"@type\":\"Organization\",\"@id\":\"https:\/\/www.ringier.com\/fr\/#organization\",\"name\":\"Ringier\",\"url\":\"https:\/\/www.ringier.com\/fr\/\",\"logo\":{\"@type\":\"ImageObject\",\"inLanguage\":\"fr-FR\",\"@id\":\"https:\/\/www.ringier.com\/fr\/#\/schema\/logo\/image\/\",\"url\":\"https:\/\/www.ringier.com\/wp-content\/uploads\/2021\/10\/ringier_logo_2.jpg\",\"contentUrl\":\"https:\/\/www.ringier.com\/wp-content\/uploads\/2021\/10\/ringier_logo_2.jpg\",\"width\":750,\"height\":550,\"caption\":\"Ringier\"},\"image\":{\"@id\":\"https:\/\/www.ringier.com\/fr\/#\/schema\/logo\/image\/\"},\"sameAs\":[\"https:\/\/www.facebook.com\/ringierag\/\",\"https:\/\/x.com\/ringier_ag\",\"https:\/\/www.instagram.com\/ringier_ag\/\",\"https:\/\/www.linkedin.com\/company\/ringier\/\",\"https:\/\/www.youtube.com\/user\/RingierComm\",\"https:\/\/en.wikipedia.org\/wiki\/Ringier\",\"https:\/\/de.wikipedia.org\/wiki\/Ringier\",\"https:\/\/fr.wikipedia.org\/wiki\/Ringier\",\"https:\/\/www.crunchbase.com\/organization\/ringier-ag\"]},{\"@type\":\"Person\",\"@id\":\"https:\/\/www.ringier.com\/fr\/#\/schema\/person\/4cf76a308dc4b2bb5121bd1e7b752e52\",\"name\":\"Ringier Corporate Communications\",\"image\":{\"@type\":\"ImageObject\",\"inLanguage\":\"fr-FR\",\"@id\":\"https:\/\/www.ringier.com\/fr\/#\/schema\/person\/image\/\",\"url\":\"https:\/\/secure.gravatar.com\/avatar\/9391e20481368d5df4fe3e1e476c13b27786347489822ec1ed07e532bb41f587?s=96&d=mm&r=g\",\"contentUrl\":\"https:\/\/secure.gravatar.com\/avatar\/9391e20481368d5df4fe3e1e476c13b27786347489822ec1ed07e532bb41f587?s=96&d=mm&r=g\",\"caption\":\"Ringier Corporate Communications\"},\"sameAs\":[\"https:\/\/www.ringier.com\"]}]}<\/script>\n<!-- \/ Yoast SEO Premium plugin. -->","yoast_head_json":{"title":"R\u00e9nov\u00e9e, la Maison de la presse de Zurich est plus ouverte, plus moderne et plus artistique - Ringier","robots":{"index":"index","follow":"follow","max-snippet":"max-snippet:-1","max-image-preview":"max-image-preview:large","max-video-preview":"max-video-preview:-1"},"canonical":"https:\/\/www.ringier.com\/fr\/renovee-la-maison-de-la-presse-de-zurich-est-plus-ouverte-plus-moderne-et-plus-artistique\/","og_locale":"fr_FR","og_type":"article","og_title":"R\u00e9nov\u00e9e, la Maison de la presse de Zurich est plus ouverte, plus moderne et plus artistique","og_description":"Les travaux de r\u00e9novation de la Maison de la presse Ringier, sise Dufourstrasse \u00e0 Zurich, ont dur\u00e9 neuf mois. Le b\u00e2timent, \u00e2g\u00e9 de 37 ans, est plus ouvert, plus moderne et plus artistique apr\u00e8s ce rafra\u00eechissement. Energy a emm\u00e9nag\u00e9, avec son spectaculaire Energy Flagship Studio et le caf\u00e9 bar The Studio. The Gallery, au rez-de-chauss\u00e9e, est un espace de rencontre unique en son genre, con\u00e7u par le c\u00e9l\u00e8bre artiste britannique Liam Gillick.","og_url":"https:\/\/www.ringier.com\/fr\/renovee-la-maison-de-la-presse-de-zurich-est-plus-ouverte-plus-moderne-et-plus-artistique\/","og_site_name":"Ringier","article_publisher":"https:\/\/www.facebook.com\/ringierag\/","article_published_time":"2015-09-02T06:20:00+00:00","article_modified_time":"2025-06-30T08:42:48+00:00","og_image":[{"width":750,"height":500,"url":"https:\/\/www.ringier.com\/wp-content\/uploads\/2021\/08\/bild_logo_web.jpg","type":"image\/jpeg"}],"author":"Ringier Corporate Communications","twitter_card":"summary_large_image","twitter_creator":"@ringier_ag","twitter_site":"@ringier_ag","twitter_misc":{"\u00c9crit par":"Ringier Corporate Communications","Dur\u00e9e de lecture estim\u00e9e":"2 minutes"},"schema":{"@context":"https:\/\/schema.org","@graph":[{"@type":"Article","@id":"https:\/\/www.ringier.com\/fr\/renovee-la-maison-de-la-presse-de-zurich-est-plus-ouverte-plus-moderne-et-plus-artistique\/#article","isPartOf":{"@id":"https:\/\/www.ringier.com\/fr\/renovee-la-maison-de-la-presse-de-zurich-est-plus-ouverte-plus-moderne-et-plus-artistique\/"},"author":{"name":"Ringier Corporate Communications","@id":"https:\/\/www.ringier.com\/fr\/#\/schema\/person\/4cf76a308dc4b2bb5121bd1e7b752e52"},"headline":"R\u00e9nov\u00e9e, la Maison de la presse de Zurich est plus ouverte, plus moderne et plus artistique","datePublished":"2015-09-02T06:20:00+00:00","dateModified":"2025-06-30T08:42:48+00:00","mainEntityOfPage":{"@id":"https:\/\/www.ringier.com\/fr\/renovee-la-maison-de-la-presse-de-zurich-est-plus-ouverte-plus-moderne-et-plus-artistique\/"},"wordCount":316,"publisher":{"@id":"https:\/\/www.ringier.com\/fr\/#organization"},"image":{"@id":"https:\/\/www.ringier.com\/fr\/renovee-la-maison-de-la-presse-de-zurich-est-plus-ouverte-plus-moderne-et-plus-artistique\/#primaryimage"},"thumbnailUrl":"https:\/\/www.ringier.com\/wp-content\/uploads\/2021\/08\/bild_logo_web.jpg","articleSection":["Corporate","Media"],"inLanguage":"fr-FR"},{"@type":"WebPage","@id":"https:\/\/www.ringier.com\/fr\/renovee-la-maison-de-la-presse-de-zurich-est-plus-ouverte-plus-moderne-et-plus-artistique\/","url":"https:\/\/www.ringier.com\/fr\/renovee-la-maison-de-la-presse-de-zurich-est-plus-ouverte-plus-moderne-et-plus-artistique\/","name":"R\u00e9nov\u00e9e, la Maison de la presse de Zurich est plus ouverte, plus moderne et plus artistique - Ringier","isPartOf":{"@id":"https:\/\/www.ringier.com\/fr\/#website"},"primaryImageOfPage":{"@id":"https:\/\/www.ringier.com\/fr\/renovee-la-maison-de-la-presse-de-zurich-est-plus-ouverte-plus-moderne-et-plus-artistique\/#primaryimage"},"image":{"@id":"https:\/\/www.ringier.com\/fr\/renovee-la-maison-de-la-presse-de-zurich-est-plus-ouverte-plus-moderne-et-plus-artistique\/#primaryimage"},"thumbnailUrl":"https:\/\/www.ringier.com\/wp-content\/uploads\/2021\/08\/bild_logo_web.jpg","datePublished":"2015-09-02T06:20:00+00:00","dateModified":"2025-06-30T08:42:48+00:00","breadcrumb":{"@id":"https:\/\/www.ringier.com\/fr\/renovee-la-maison-de-la-presse-de-zurich-est-plus-ouverte-plus-moderne-et-plus-artistique\/#breadcrumb"},"inLanguage":"fr-FR","potentialAction":[{"@type":"ReadAction","target":["https:\/\/www.ringier.com\/fr\/renovee-la-maison-de-la-presse-de-zurich-est-plus-ouverte-plus-moderne-et-plus-artistique\/"]}]},{"@type":"ImageObject","inLanguage":"fr-FR","@id":"https:\/\/www.ringier.com\/fr\/renovee-la-maison-de-la-presse-de-zurich-est-plus-ouverte-plus-moderne-et-plus-artistique\/#primaryimage","url":"https:\/\/www.ringier.com\/wp-content\/uploads\/2021\/08\/bild_logo_web.jpg","contentUrl":"https:\/\/www.ringier.com\/wp-content\/uploads\/2021\/08\/bild_logo_web.jpg","width":750,"height":500},{"@type":"BreadcrumbList","@id":"https:\/\/www.ringier.com\/fr\/renovee-la-maison-de-la-presse-de-zurich-est-plus-ouverte-plus-moderne-et-plus-artistique\/#breadcrumb","itemListElement":[{"@type":"ListItem","position":1,"name":"Home","item":"https:\/\/www.ringier.com\/fr\/"},{"@type":"ListItem","position":2,"name":"R\u00e9nov\u00e9e, la Maison de la presse de Zurich est plus ouverte, plus moderne et plus artistique"}]},{"@type":"WebSite","@id":"https:\/\/www.ringier.com\/fr\/#website","url":"https:\/\/www.ringier.com\/fr\/","name":"Ringier","description":"We inform. We entertain. We connect","publisher":{"@id":"https:\/\/www.ringier.com\/fr\/#organization"},"potentialAction":[{"@type":"SearchAction","target":{"@type":"EntryPoint","urlTemplate":"https:\/\/www.ringier.com\/fr\/?s={search_term_string}"},"query-input":{"@type":"PropertyValueSpecification","valueRequired":true,"valueName":"search_term_string"}}],"inLanguage":"fr-FR"},{"@type":"Organization","@id":"https:\/\/www.ringier.com\/fr\/#organization","name":"Ringier","url":"https:\/\/www.ringier.com\/fr\/","logo":{"@type":"ImageObject","inLanguage":"fr-FR","@id":"https:\/\/www.ringier.com\/fr\/#\/schema\/logo\/image\/","url":"https:\/\/www.ringier.com\/wp-content\/uploads\/2021\/10\/ringier_logo_2.jpg","contentUrl":"https:\/\/www.ringier.com\/wp-content\/uploads\/2021\/10\/ringier_logo_2.jpg","width":750,"height":550,"caption":"Ringier"},"image":{"@id":"https:\/\/www.ringier.com\/fr\/#\/schema\/logo\/image\/"},"sameAs":["https:\/\/www.facebook.com\/ringierag\/","https:\/\/x.com\/ringier_ag","https:\/\/www.instagram.com\/ringier_ag\/","https:\/\/www.linkedin.com\/company\/ringier\/","https:\/\/www.youtube.com\/user\/RingierComm","https:\/\/en.wikipedia.org\/wiki\/Ringier","https:\/\/de.wikipedia.org\/wiki\/Ringier","https:\/\/fr.wikipedia.org\/wiki\/Ringier","https:\/\/www.crunchbase.com\/organization\/ringier-ag"]},{"@type":"Person","@id":"https:\/\/www.ringier.com\/fr\/#\/schema\/person\/4cf76a308dc4b2bb5121bd1e7b752e52","name":"Ringier Corporate Communications","image":{"@type":"ImageObject","inLanguage":"fr-FR","@id":"https:\/\/www.ringier.com\/fr\/#\/schema\/person\/image\/","url":"https:\/\/secure.gravatar.com\/avatar\/9391e20481368d5df4fe3e1e476c13b27786347489822ec1ed07e532bb41f587?s=96&d=mm&r=g","contentUrl":"https:\/\/secure.gravatar.com\/avatar\/9391e20481368d5df4fe3e1e476c13b27786347489822ec1ed07e532bb41f587?s=96&d=mm&r=g","caption":"Ringier Corporate Communications"},"sameAs":["https:\/\/www.ringier.com"]}]}},"_links":{"self":[{"href":"https:\/\/www.ringier.com\/fr\/wp-json\/wp\/v2\/posts\/1367","targetHints":{"allow":["GET"]}}],"collection":[{"href":"https:\/\/www.ringier.com\/fr\/wp-json\/wp\/v2\/posts"}],"about":[{"href":"https:\/\/www.ringier.com\/fr\/wp-json\/wp\/v2\/types\/post"}],"author":[{"embeddable":true,"href":"https:\/\/www.ringier.com\/fr\/wp-json\/wp\/v2\/users\/23"}],"replies":[{"embeddable":true,"href":"https:\/\/www.ringier.com\/fr\/wp-json\/wp\/v2\/comments?post=1367"}],"version-history":[{"count":0,"href":"https:\/\/www.ringier.com\/fr\/wp-json\/wp\/v2\/posts\/1367\/revisions"}],"wp:featuredmedia":[{"embeddable":true,"href":"https:\/\/www.ringier.com\/fr\/wp-json\/wp\/v2\/media\/1365"}],"wp:attachment":[{"href":"https:\/\/www.ringier.com\/fr\/wp-json\/wp\/v2\/media?parent=1367"}],"wp:term":[{"taxonomy":"category","embeddable":true,"href":"https:\/\/www.ringier.com\/fr\/wp-json\/wp\/v2\/categories?post=1367"},{"taxonomy":"post_tag","embeddable":true,"href":"https:\/\/www.ringier.com\/fr\/wp-json\/wp\/v2\/tags?post=1367"}],"curies":[{"name":"wp","href":"https:\/\/api.w.org\/{rel}","templated":true}]}}