{"id":13494,"date":"2022-01-25T16:30:49","date_gmt":"2022-01-25T15:30:49","guid":{"rendered":"https:\/\/www.ringier.com\/blick-romandie-launcht-eigene-news-app\/"},"modified":"2025-06-24T10:18:14","modified_gmt":"2025-06-24T08:18:14","slug":"blick-lance-son-application-en-suisse-romande","status":"publish","type":"post","link":"https:\/\/www.ringier.com\/fr\/blick-lance-son-application-en-suisse-romande\/","title":{"rendered":"Blick lance son application en Suisse romande"},"content":{"rendered":"\n<figure class=\"wp-block-table\"><table><tbody><tr><td>En juin 2021, Blick a lanc\u00e9 avec succ\u00e8s la version francophone de son site internet. Sept mois apr\u00e8s son lancement,&nbsp;<a href=\"http:\/\/blick.ch\/fr\" target=\"_blank\" rel=\"noreferrer noopener\">blick.ch\/fr<\/a>&nbsp;compte d\u00e9j\u00e0 plus de 1,4 million de visites par mois et propose de nombreux contenus exclusifs chaque jour. Avec sa nouvelle application \u00abBlick I fr\u00bb, t\u00e9l\u00e9chargeable d\u00e8s \u00e0 pr\u00e9sent sur les stores&nbsp;<a href=\"https:\/\/apps.apple.com\/ch\/app\/blick-fr\/id1596317983?l=fr\" target=\"_blank\" rel=\"noreferrer noopener\">Apple<\/a>&nbsp;et&nbsp;<a href=\"https:\/\/play.google.com\/store\/apps\/details?id=ch.blick.news.fr\" target=\"_blank\" rel=\"noreferrer noopener\">Android<\/a>, c\u2019est une \u00e9tape importante qui est franchie.&nbsp;<br><br>Cette nouvelle application a \u00e9t\u00e9 d\u00e9velopp\u00e9e \u00e0 l\u2019interne par l\u2019\u00e9quipe technologique de Blick, en suivant les valeurs du m\u00e9dia: clart\u00e9, courage, proximit\u00e9 et innovation. Elle offre un acc\u00e8s plus rapide \u00e0 tous les contenus et aux enqu\u00eates exclusives, notamment gr\u00e2ce aux notifications. Les lectrices et lecteurs retrouveront \u00e9galement plus facilement les vid\u00e9os, podcasts et newsletters produits par le Creative Lab de la r\u00e9daction.<br><br>Une semaine seulement apr\u00e8s son lancement, \u00abBlick I fr\u00bb figure d\u00e9j\u00e0 dans les applications suisses d\u2019actualit\u00e9s les plus t\u00e9l\u00e9charg\u00e9es de l\u2019App-Store. Les premi\u00e8res \u00e9valuations de la part des utilisateurs sont tr\u00e8s positives et encourageantes.&nbsp;<br><br>Thomas Del\u00e9chat, responsable du Creative Lab &amp; Product Owner de Blick en Suisse romande: \u00abLes lectrices et lecteurs de Blick attendaient avec impatience notre application romande, notamment pour recevoir les notifications de nos actus importantes. Nous nous r\u00e9jouissons de recevoir leurs retours qui nous permettront d\u2019am\u00e9liorer continuellement l\u2019app et de proposer de nouvelles fonctionnalit\u00e9s.\u00bb&nbsp;<br><br>Katia Murmann, Chief Product Officer du groupe Blick: \u00abEn Suisse al\u00e9manique, nous accueillons nos utilisateurs et utilisatrices les plus fid\u00e8les sur l\u2019application Blick, souvent plusieurs fois par jour. C\u2019est pourquoi je suis tr\u00e8s heureuse qu\u2019apr\u00e8s le lancement r\u00e9ussi de Blick en Suisse romande, nous puissions enfin proposer une application dans cette r\u00e9gion, afin qu\u2019ils ne manquent aucune news importante.\u00bb<br><br>Une grande campagne de communication sera d\u00e9ploy\u00e9e en Suisse romande pour le lancement de l\u2019application. D\u00e8s lundi, diff\u00e9rents visuels feront la promotion du m\u00e9dia et de l\u2019application mobile \u00e0 travers des affiches, des \u00e9crans, de la publicit\u00e9 sur les r\u00e9seaux sociaux, ainsi qu\u2019un affichage g\u00e9ant \u00e0 l\u2019arr\u00eat de m\u00e9tro du Flon, \u00e0 Lausanne.&nbsp;<\/td><\/tr><tr><td><\/td><\/tr><\/tbody><\/table><\/figure>\n\n\n\n<figure class=\"wp-block-gallery has-nested-images columns-default is-cropped wp-block-gallery-1 is-layout-flex wp-block-gallery-is-layout-flex\">\n<figure class=\"wp-block-image size-large\"><img loading=\"lazy\" decoding=\"async\" width=\"454\" height=\"612\" data-id=\"13488\" src=\"https:\/\/www.ringier.com\/wp-content\/uploads\/2022\/01\/b21fc8ba-02db-b88e-a80e-3254f8c7f4c0.png\" alt=\"\" class=\"wp-image-13488\" srcset=\"https:\/\/www.ringier.com\/wp-content\/uploads\/2022\/01\/b21fc8ba-02db-b88e-a80e-3254f8c7f4c0.png 454w, https:\/\/www.ringier.com\/wp-content\/uploads\/2022\/01\/b21fc8ba-02db-b88e-a80e-3254f8c7f4c0-223x300.png 223w\" sizes=\"auto, (max-width: 454px) 100vw, 454px\" \/><\/figure>\n\n\n\n<figure class=\"wp-block-image size-large\"><img loading=\"lazy\" decoding=\"async\" width=\"455\" height=\"611\" data-id=\"13491\" src=\"https:\/\/www.ringier.com\/wp-content\/uploads\/2022\/01\/26c7aa4e-808c-9cc9-b96f-17fe5d5f6e79.png\" alt=\"\" class=\"wp-image-13491\" srcset=\"https:\/\/www.ringier.com\/wp-content\/uploads\/2022\/01\/26c7aa4e-808c-9cc9-b96f-17fe5d5f6e79.png 455w, https:\/\/www.ringier.com\/wp-content\/uploads\/2022\/01\/26c7aa4e-808c-9cc9-b96f-17fe5d5f6e79-223x300.png 223w\" sizes=\"auto, (max-width: 455px) 100vw, 455px\" \/><\/figure>\n<\/figure>\n","protected":false},"excerpt":{"rendered":"<p>Gr\u00e2ce \u00e0 une application mobile d\u00e9di\u00e9e, les lectrices et lecteurs romands ont d\u00e9sormais acc\u00e8s aux news de Blick de mani\u00e8re plus rapide et pratique sur leur smartphone. Le lancement est accompagn\u00e9 d\u2019une nouvelle campagne de communication.<\/p>\n","protected":false},"author":23,"featured_media":13485,"comment_status":"closed","ping_status":"open","sticky":false,"template":"","format":"standard","meta":{"inline_featured_image":false,"footnotes":""},"categories":[370,363],"tags":[],"class_list":["post-13494","post","type-post","status-publish","format-standard","has-post-thumbnail","hentry","category-media-fr","category-ringier-medias-suisse"],"yoast_head":"<!-- This site is optimized with the Yoast SEO Premium plugin v27.0 (Yoast SEO v27.0) - https:\/\/yoast.com\/product\/yoast-seo-premium-wordpress\/ -->\n<title>Blick lance son application en Suisse romande - Ringier<\/title>\n<meta name=\"robots\" content=\"index, follow, max-snippet:-1, max-image-preview:large, max-video-preview:-1\" \/>\n<link rel=\"canonical\" href=\"https:\/\/www.ringier.com\/fr\/blick-lance-son-application-en-suisse-romande\/\" \/>\n<meta property=\"og:locale\" content=\"fr_FR\" \/>\n<meta property=\"og:type\" content=\"article\" \/>\n<meta property=\"og:title\" content=\"Blick lance son application en Suisse romande\" \/>\n<meta property=\"og:description\" content=\"Gr\u00e2ce \u00e0 une application mobile d\u00e9di\u00e9e, les lectrices et lecteurs romands ont d\u00e9sormais acc\u00e8s aux news de Blick de mani\u00e8re plus rapide et pratique sur leur smartphone. Le lancement est accompagn\u00e9 d\u2019une nouvelle campagne de communication.\" \/>\n<meta property=\"og:url\" content=\"https:\/\/www.ringier.com\/fr\/blick-lance-son-application-en-suisse-romande\/\" \/>\n<meta property=\"og:site_name\" content=\"Ringier\" \/>\n<meta property=\"article:publisher\" content=\"https:\/\/www.facebook.com\/ringierag\/\" \/>\n<meta property=\"article:published_time\" content=\"2022-01-25T15:30:49+00:00\" \/>\n<meta property=\"article:modified_time\" content=\"2025-06-24T08:18:14+00:00\" \/>\n<meta property=\"og:image\" content=\"https:\/\/www.ringier.com\/wp-content\/uploads\/2022\/01\/179a81fd-2668-0308-0195-97b99c88f284.png\" \/>\n\t<meta property=\"og:image:width\" content=\"2073\" \/>\n\t<meta property=\"og:image:height\" content=\"1144\" \/>\n\t<meta property=\"og:image:type\" content=\"image\/png\" \/>\n<meta name=\"author\" content=\"Ringier Corporate Communications\" \/>\n<meta name=\"twitter:card\" content=\"summary_large_image\" \/>\n<meta name=\"twitter:creator\" content=\"@ringier_ag\" \/>\n<meta name=\"twitter:site\" content=\"@ringier_ag\" \/>\n<meta name=\"twitter:label1\" content=\"\u00c9crit par\" \/>\n\t<meta name=\"twitter:data1\" content=\"Ringier Corporate Communications\" \/>\n\t<meta name=\"twitter:label2\" content=\"Dur\u00e9e de lecture estim\u00e9e\" \/>\n\t<meta name=\"twitter:data2\" content=\"1 minute\" \/>\n<script type=\"application\/ld+json\" class=\"yoast-schema-graph\">{\"@context\":\"https:\/\/schema.org\",\"@graph\":[{\"@type\":\"Article\",\"@id\":\"https:\/\/www.ringier.com\/fr\/blick-lance-son-application-en-suisse-romande\/#article\",\"isPartOf\":{\"@id\":\"https:\/\/www.ringier.com\/fr\/blick-lance-son-application-en-suisse-romande\/\"},\"author\":{\"name\":\"Ringier Corporate Communications\",\"@id\":\"https:\/\/www.ringier.com\/fr\/#\/schema\/person\/4cf76a308dc4b2bb5121bd1e7b752e52\"},\"headline\":\"Blick lance son application en Suisse romande\",\"datePublished\":\"2022-01-25T15:30:49+00:00\",\"dateModified\":\"2025-06-24T08:18:14+00:00\",\"mainEntityOfPage\":{\"@id\":\"https:\/\/www.ringier.com\/fr\/blick-lance-son-application-en-suisse-romande\/\"},\"wordCount\":393,\"publisher\":{\"@id\":\"https:\/\/www.ringier.com\/fr\/#organization\"},\"image\":{\"@id\":\"https:\/\/www.ringier.com\/fr\/blick-lance-son-application-en-suisse-romande\/#primaryimage\"},\"thumbnailUrl\":\"https:\/\/www.ringier.com\/wp-content\/uploads\/2022\/01\/179a81fd-2668-0308-0195-97b99c88f284.png\",\"articleSection\":[\"Media\",\"Ringier Medias Suisse\"],\"inLanguage\":\"fr-FR\"},{\"@type\":\"WebPage\",\"@id\":\"https:\/\/www.ringier.com\/fr\/blick-lance-son-application-en-suisse-romande\/\",\"url\":\"https:\/\/www.ringier.com\/fr\/blick-lance-son-application-en-suisse-romande\/\",\"name\":\"Blick lance son application en Suisse romande - Ringier\",\"isPartOf\":{\"@id\":\"https:\/\/www.ringier.com\/fr\/#website\"},\"primaryImageOfPage\":{\"@id\":\"https:\/\/www.ringier.com\/fr\/blick-lance-son-application-en-suisse-romande\/#primaryimage\"},\"image\":{\"@id\":\"https:\/\/www.ringier.com\/fr\/blick-lance-son-application-en-suisse-romande\/#primaryimage\"},\"thumbnailUrl\":\"https:\/\/www.ringier.com\/wp-content\/uploads\/2022\/01\/179a81fd-2668-0308-0195-97b99c88f284.png\",\"datePublished\":\"2022-01-25T15:30:49+00:00\",\"dateModified\":\"2025-06-24T08:18:14+00:00\",\"breadcrumb\":{\"@id\":\"https:\/\/www.ringier.com\/fr\/blick-lance-son-application-en-suisse-romande\/#breadcrumb\"},\"inLanguage\":\"fr-FR\",\"potentialAction\":[{\"@type\":\"ReadAction\",\"target\":[\"https:\/\/www.ringier.com\/fr\/blick-lance-son-application-en-suisse-romande\/\"]}]},{\"@type\":\"ImageObject\",\"inLanguage\":\"fr-FR\",\"@id\":\"https:\/\/www.ringier.com\/fr\/blick-lance-son-application-en-suisse-romande\/#primaryimage\",\"url\":\"https:\/\/www.ringier.com\/wp-content\/uploads\/2022\/01\/179a81fd-2668-0308-0195-97b99c88f284.png\",\"contentUrl\":\"https:\/\/www.ringier.com\/wp-content\/uploads\/2022\/01\/179a81fd-2668-0308-0195-97b99c88f284.png\",\"width\":2073,\"height\":1144},{\"@type\":\"BreadcrumbList\",\"@id\":\"https:\/\/www.ringier.com\/fr\/blick-lance-son-application-en-suisse-romande\/#breadcrumb\",\"itemListElement\":[{\"@type\":\"ListItem\",\"position\":1,\"name\":\"Home\",\"item\":\"https:\/\/www.ringier.com\/fr\/\"},{\"@type\":\"ListItem\",\"position\":2,\"name\":\"Blick lance son application en Suisse romande\"}]},{\"@type\":\"WebSite\",\"@id\":\"https:\/\/www.ringier.com\/fr\/#website\",\"url\":\"https:\/\/www.ringier.com\/fr\/\",\"name\":\"Ringier\",\"description\":\"We inform. We entertain. We connect\",\"publisher\":{\"@id\":\"https:\/\/www.ringier.com\/fr\/#organization\"},\"potentialAction\":[{\"@type\":\"SearchAction\",\"target\":{\"@type\":\"EntryPoint\",\"urlTemplate\":\"https:\/\/www.ringier.com\/fr\/?s={search_term_string}\"},\"query-input\":{\"@type\":\"PropertyValueSpecification\",\"valueRequired\":true,\"valueName\":\"search_term_string\"}}],\"inLanguage\":\"fr-FR\"},{\"@type\":\"Organization\",\"@id\":\"https:\/\/www.ringier.com\/fr\/#organization\",\"name\":\"Ringier\",\"url\":\"https:\/\/www.ringier.com\/fr\/\",\"logo\":{\"@type\":\"ImageObject\",\"inLanguage\":\"fr-FR\",\"@id\":\"https:\/\/www.ringier.com\/fr\/#\/schema\/logo\/image\/\",\"url\":\"https:\/\/www.ringier.com\/wp-content\/uploads\/2021\/10\/ringier_logo_2.jpg\",\"contentUrl\":\"https:\/\/www.ringier.com\/wp-content\/uploads\/2021\/10\/ringier_logo_2.jpg\",\"width\":750,\"height\":550,\"caption\":\"Ringier\"},\"image\":{\"@id\":\"https:\/\/www.ringier.com\/fr\/#\/schema\/logo\/image\/\"},\"sameAs\":[\"https:\/\/www.facebook.com\/ringierag\/\",\"https:\/\/x.com\/ringier_ag\",\"https:\/\/www.instagram.com\/ringier_ag\/\",\"https:\/\/www.linkedin.com\/company\/ringier\/\",\"https:\/\/www.youtube.com\/user\/RingierComm\",\"https:\/\/en.wikipedia.org\/wiki\/Ringier\",\"https:\/\/de.wikipedia.org\/wiki\/Ringier\",\"https:\/\/fr.wikipedia.org\/wiki\/Ringier\",\"https:\/\/www.crunchbase.com\/organization\/ringier-ag\"]},{\"@type\":\"Person\",\"@id\":\"https:\/\/www.ringier.com\/fr\/#\/schema\/person\/4cf76a308dc4b2bb5121bd1e7b752e52\",\"name\":\"Ringier Corporate Communications\",\"image\":{\"@type\":\"ImageObject\",\"inLanguage\":\"fr-FR\",\"@id\":\"https:\/\/www.ringier.com\/fr\/#\/schema\/person\/image\/\",\"url\":\"https:\/\/secure.gravatar.com\/avatar\/9391e20481368d5df4fe3e1e476c13b27786347489822ec1ed07e532bb41f587?s=96&d=mm&r=g\",\"contentUrl\":\"https:\/\/secure.gravatar.com\/avatar\/9391e20481368d5df4fe3e1e476c13b27786347489822ec1ed07e532bb41f587?s=96&d=mm&r=g\",\"caption\":\"Ringier Corporate Communications\"},\"sameAs\":[\"https:\/\/www.ringier.com\"]}]}<\/script>\n<!-- \/ Yoast SEO Premium plugin. -->","yoast_head_json":{"title":"Blick lance son application en Suisse romande - Ringier","robots":{"index":"index","follow":"follow","max-snippet":"max-snippet:-1","max-image-preview":"max-image-preview:large","max-video-preview":"max-video-preview:-1"},"canonical":"https:\/\/www.ringier.com\/fr\/blick-lance-son-application-en-suisse-romande\/","og_locale":"fr_FR","og_type":"article","og_title":"Blick lance son application en Suisse romande","og_description":"Gr\u00e2ce \u00e0 une application mobile d\u00e9di\u00e9e, les lectrices et lecteurs romands ont d\u00e9sormais acc\u00e8s aux news de Blick de mani\u00e8re plus rapide et pratique sur leur smartphone. Le lancement est accompagn\u00e9 d\u2019une nouvelle campagne de communication.","og_url":"https:\/\/www.ringier.com\/fr\/blick-lance-son-application-en-suisse-romande\/","og_site_name":"Ringier","article_publisher":"https:\/\/www.facebook.com\/ringierag\/","article_published_time":"2022-01-25T15:30:49+00:00","article_modified_time":"2025-06-24T08:18:14+00:00","og_image":[{"width":2073,"height":1144,"url":"https:\/\/www.ringier.com\/wp-content\/uploads\/2022\/01\/179a81fd-2668-0308-0195-97b99c88f284.png","type":"image\/png"}],"author":"Ringier Corporate Communications","twitter_card":"summary_large_image","twitter_creator":"@ringier_ag","twitter_site":"@ringier_ag","twitter_misc":{"\u00c9crit par":"Ringier Corporate Communications","Dur\u00e9e de lecture estim\u00e9e":"1 minute"},"schema":{"@context":"https:\/\/schema.org","@graph":[{"@type":"Article","@id":"https:\/\/www.ringier.com\/fr\/blick-lance-son-application-en-suisse-romande\/#article","isPartOf":{"@id":"https:\/\/www.ringier.com\/fr\/blick-lance-son-application-en-suisse-romande\/"},"author":{"name":"Ringier Corporate Communications","@id":"https:\/\/www.ringier.com\/fr\/#\/schema\/person\/4cf76a308dc4b2bb5121bd1e7b752e52"},"headline":"Blick lance son application en Suisse romande","datePublished":"2022-01-25T15:30:49+00:00","dateModified":"2025-06-24T08:18:14+00:00","mainEntityOfPage":{"@id":"https:\/\/www.ringier.com\/fr\/blick-lance-son-application-en-suisse-romande\/"},"wordCount":393,"publisher":{"@id":"https:\/\/www.ringier.com\/fr\/#organization"},"image":{"@id":"https:\/\/www.ringier.com\/fr\/blick-lance-son-application-en-suisse-romande\/#primaryimage"},"thumbnailUrl":"https:\/\/www.ringier.com\/wp-content\/uploads\/2022\/01\/179a81fd-2668-0308-0195-97b99c88f284.png","articleSection":["Media","Ringier Medias Suisse"],"inLanguage":"fr-FR"},{"@type":"WebPage","@id":"https:\/\/www.ringier.com\/fr\/blick-lance-son-application-en-suisse-romande\/","url":"https:\/\/www.ringier.com\/fr\/blick-lance-son-application-en-suisse-romande\/","name":"Blick lance son application en Suisse romande - Ringier","isPartOf":{"@id":"https:\/\/www.ringier.com\/fr\/#website"},"primaryImageOfPage":{"@id":"https:\/\/www.ringier.com\/fr\/blick-lance-son-application-en-suisse-romande\/#primaryimage"},"image":{"@id":"https:\/\/www.ringier.com\/fr\/blick-lance-son-application-en-suisse-romande\/#primaryimage"},"thumbnailUrl":"https:\/\/www.ringier.com\/wp-content\/uploads\/2022\/01\/179a81fd-2668-0308-0195-97b99c88f284.png","datePublished":"2022-01-25T15:30:49+00:00","dateModified":"2025-06-24T08:18:14+00:00","breadcrumb":{"@id":"https:\/\/www.ringier.com\/fr\/blick-lance-son-application-en-suisse-romande\/#breadcrumb"},"inLanguage":"fr-FR","potentialAction":[{"@type":"ReadAction","target":["https:\/\/www.ringier.com\/fr\/blick-lance-son-application-en-suisse-romande\/"]}]},{"@type":"ImageObject","inLanguage":"fr-FR","@id":"https:\/\/www.ringier.com\/fr\/blick-lance-son-application-en-suisse-romande\/#primaryimage","url":"https:\/\/www.ringier.com\/wp-content\/uploads\/2022\/01\/179a81fd-2668-0308-0195-97b99c88f284.png","contentUrl":"https:\/\/www.ringier.com\/wp-content\/uploads\/2022\/01\/179a81fd-2668-0308-0195-97b99c88f284.png","width":2073,"height":1144},{"@type":"BreadcrumbList","@id":"https:\/\/www.ringier.com\/fr\/blick-lance-son-application-en-suisse-romande\/#breadcrumb","itemListElement":[{"@type":"ListItem","position":1,"name":"Home","item":"https:\/\/www.ringier.com\/fr\/"},{"@type":"ListItem","position":2,"name":"Blick lance son application en Suisse romande"}]},{"@type":"WebSite","@id":"https:\/\/www.ringier.com\/fr\/#website","url":"https:\/\/www.ringier.com\/fr\/","name":"Ringier","description":"We inform. We entertain. We connect","publisher":{"@id":"https:\/\/www.ringier.com\/fr\/#organization"},"potentialAction":[{"@type":"SearchAction","target":{"@type":"EntryPoint","urlTemplate":"https:\/\/www.ringier.com\/fr\/?s={search_term_string}"},"query-input":{"@type":"PropertyValueSpecification","valueRequired":true,"valueName":"search_term_string"}}],"inLanguage":"fr-FR"},{"@type":"Organization","@id":"https:\/\/www.ringier.com\/fr\/#organization","name":"Ringier","url":"https:\/\/www.ringier.com\/fr\/","logo":{"@type":"ImageObject","inLanguage":"fr-FR","@id":"https:\/\/www.ringier.com\/fr\/#\/schema\/logo\/image\/","url":"https:\/\/www.ringier.com\/wp-content\/uploads\/2021\/10\/ringier_logo_2.jpg","contentUrl":"https:\/\/www.ringier.com\/wp-content\/uploads\/2021\/10\/ringier_logo_2.jpg","width":750,"height":550,"caption":"Ringier"},"image":{"@id":"https:\/\/www.ringier.com\/fr\/#\/schema\/logo\/image\/"},"sameAs":["https:\/\/www.facebook.com\/ringierag\/","https:\/\/x.com\/ringier_ag","https:\/\/www.instagram.com\/ringier_ag\/","https:\/\/www.linkedin.com\/company\/ringier\/","https:\/\/www.youtube.com\/user\/RingierComm","https:\/\/en.wikipedia.org\/wiki\/Ringier","https:\/\/de.wikipedia.org\/wiki\/Ringier","https:\/\/fr.wikipedia.org\/wiki\/Ringier","https:\/\/www.crunchbase.com\/organization\/ringier-ag"]},{"@type":"Person","@id":"https:\/\/www.ringier.com\/fr\/#\/schema\/person\/4cf76a308dc4b2bb5121bd1e7b752e52","name":"Ringier Corporate Communications","image":{"@type":"ImageObject","inLanguage":"fr-FR","@id":"https:\/\/www.ringier.com\/fr\/#\/schema\/person\/image\/","url":"https:\/\/secure.gravatar.com\/avatar\/9391e20481368d5df4fe3e1e476c13b27786347489822ec1ed07e532bb41f587?s=96&d=mm&r=g","contentUrl":"https:\/\/secure.gravatar.com\/avatar\/9391e20481368d5df4fe3e1e476c13b27786347489822ec1ed07e532bb41f587?s=96&d=mm&r=g","caption":"Ringier Corporate Communications"},"sameAs":["https:\/\/www.ringier.com"]}]}},"_links":{"self":[{"href":"https:\/\/www.ringier.com\/fr\/wp-json\/wp\/v2\/posts\/13494","targetHints":{"allow":["GET"]}}],"collection":[{"href":"https:\/\/www.ringier.com\/fr\/wp-json\/wp\/v2\/posts"}],"about":[{"href":"https:\/\/www.ringier.com\/fr\/wp-json\/wp\/v2\/types\/post"}],"author":[{"embeddable":true,"href":"https:\/\/www.ringier.com\/fr\/wp-json\/wp\/v2\/users\/23"}],"replies":[{"embeddable":true,"href":"https:\/\/www.ringier.com\/fr\/wp-json\/wp\/v2\/comments?post=13494"}],"version-history":[{"count":0,"href":"https:\/\/www.ringier.com\/fr\/wp-json\/wp\/v2\/posts\/13494\/revisions"}],"wp:featuredmedia":[{"embeddable":true,"href":"https:\/\/www.ringier.com\/fr\/wp-json\/wp\/v2\/media\/13485"}],"wp:attachment":[{"href":"https:\/\/www.ringier.com\/fr\/wp-json\/wp\/v2\/media?parent=13494"}],"wp:term":[{"taxonomy":"category","embeddable":true,"href":"https:\/\/www.ringier.com\/fr\/wp-json\/wp\/v2\/categories?post=13494"},{"taxonomy":"post_tag","embeddable":true,"href":"https:\/\/www.ringier.com\/fr\/wp-json\/wp\/v2\/tags?post=13494"}],"curies":[{"name":"wp","href":"https:\/\/api.w.org\/{rel}","templated":true}]}}