{"id":13316,"date":"2021-12-21T10:30:00","date_gmt":"2021-12-21T09:30:00","guid":{"rendered":"https:\/\/www.ringier.com\/?p=13316"},"modified":"2025-06-24T10:18:34","modified_gmt":"2025-06-24T08:18:34","slug":"la-ssr-prolonge-le-contrat-de-commercialisation-tv-avec-admeira","status":"publish","type":"post","link":"https:\/\/www.ringier.com\/fr\/la-ssr-prolonge-le-contrat-de-commercialisation-tv-avec-admeira\/","title":{"rendered":"La SSR prolonge le contrat de commercialisation TV avec Admeira"},"content":{"rendered":"\n<p>En tant que premi\u00e8re entreprise de commercialisation d\u2019inventaires publicitaires TV en Suisse, Admeira constitue le partenaire exclusif de la SRG SSR. Le contrat de commercialisation vient d\u2019\u00eatre prolong\u00e9 jusqu\u2019\u00e0 fin 2025.<\/p>\n\n\n\n<p>Beat Grossenbacher, CFO de la SRG SSR: \u00abAvec Admeira, la SSR s\u2019appuie sur une r\u00e9gie publicitaire tr\u00e8s professionnelle et influente dans un march\u00e9 exigeant. Nous avons imm\u00e9diatement consid\u00e9r\u00e9 la focalisation exclusive sur le march\u00e9 de la publicit\u00e9 TV annonc\u00e9e en 2020 comme une chance pour la SSR. Nos attentes ont \u00e9t\u00e9 enti\u00e8rement satisfaites, m\u00eame si nous avons v\u00e9cu deux ann\u00e9es extr\u00eamement difficiles \u00e0 cause de la pand\u00e9mie de coronavirus. La prolongation du contrat de commercialisation de notre inventaire publicitaire TV jusqu\u2019en 2025 t\u00e9moigne de notre satisfaction vis-\u00e0-vis d\u2019Admeira.\u00bb<\/p>\n\n\n\n<p>\u00abNous sommes \u00e0 la fois fiers et satisfaits qu\u2019Admeira b\u00e9n\u00e9ficie de la confiance inconditionnelle de la SSR. Nous sommes heureux de rester en charge de la commercialisation exclusive de l\u2019inventaire premium de la SRG SSR pour les quatre prochaines ann\u00e9es. Cette prolongation est un grand compliment adress\u00e9 \u00e0 l\u2019\u00e9quipe d\u2019Admeira. La SSR confirme ainsi les comp\u00e9tences de commercialisation d\u2019Admeira et sa bonne position sur le march\u00e9 en tant que fournisseur de plateformes publicitaires dans le domaine de la diffusion\u00bb, d\u00e9clare Frank Zelger, CEO d\u2019Admeira.<\/p>\n\n\n\n<p><strong>Contact<\/strong>:<\/p>\n\n\n\n<figure class=\"wp-block-table\"><table><tbody><tr><td>Corporate&nbsp;Communications&nbsp;<br>+41 44 259 64 44<br><a href=\"mailto:media@ringier.ch\" target=\"_blank\" rel=\"noreferrer noopener\">media@ringier.ch<\/a><\/td><\/tr><\/tbody><\/table><\/figure>\n\n\n\n<figure class=\"wp-block-table\"><table><tbody><tr><td>Bureau des m\u00e9dias SRG SSR<br>Edi Estermann<br>+41 58 136 21 21<br><a href=\"http:\/\/medienstelle.srg@srgssr.ch\/\" target=\"_blank\" rel=\"noreferrer noopener\">medienstelle.srg@srgssr.ch<\/a><\/td><\/tr><\/tbody><\/table><\/figure>\n\n\n\n<p><strong>\u00c0 propos d&rsquo;Admeira<\/strong><\/p>\n\n\n\n<p>Admeira est l\u2019une des entreprises leader du paysage marketing publicitaire t\u00e9l\u00e9visuel en Suisse. En tant que partenaire exclusif de la SRG SSR et d\u2019autres soci\u00e9t\u00e9s de m\u00e9dias priv\u00e9es telles que le groupe TF1, MySports, SWISS1 et plusieurs pools publicitaires, nous repr\u00e9sentons des marques reconnues dans le milieu de la t\u00e9l\u00e9vision. Notre portefeuille comprend une vari\u00e9t\u00e9 d\u2019environnements publicitaires de cha\u00eenes de t\u00e9l\u00e9vision r\u00e9gionales, nationales et internationales. Ces produits premium garantissent au march\u00e9 publicitaire suisse une audience maximale, une qualit\u00e9 de contact exceptionnelle et d\u2019excellentes opportunit\u00e9s de vente.<\/p>\n\n\n\n<p>Gr\u00e2ce \u00e0 nos nombreuses ann\u00e9es d\u2019exp\u00e9rience, nous \u00e9tablissons des standards dans nos principaux domaines de comp\u00e9tence, \u00e0 savoir le conseil, la planification, le traitement et la recherche. Nous nous engageons \u00e0 mettre en \u0153uvre des solutions efficaces, fiables et orient\u00e9es vers les clients afin de garantir le succ\u00e8s de leurs campagnes. Pr\u00e9sents dans toutes les r\u00e9gions du pays, nos services sont \u00e0 la disposition de donneurs d\u2019ordre, agences et autres fournisseurs d\u2019inventaires publicitaires nationaux et internationaux.<\/p>\n\n\n\n<p><strong>La SSR en bref<\/strong><\/p>\n\n\n\n<p>Avec ses offres d\u00e9clin\u00e9es sur 7 cha\u00eenes TV et 17 stations radio, en ligne et sur les m\u00e9dias sociaux, la SSR (Soci\u00e9t\u00e9 suisse de radiodiffusion et t\u00e9l\u00e9vision) est la plus grande entreprise m\u00e9dia de Suisse. Elle est organis\u00e9e sous forme d\u2019association et a son si\u00e8ge \u00e0 Berne; elle occupe quelque 6900 personnes. Sous concession de la Conf\u00e9d\u00e9ration, elle doit accomplir un mandat de prestations complet au service du grand public (service public). La SSR est membre de l&rsquo;Union Europ\u00e9enne de Radio-T\u00e9l\u00e9vision (UER).<\/p>\n","protected":false},"excerpt":{"rendered":"<p>L\u2019entreprise m\u00e9dia SSR continuera \u00e0 faire commercialiser son inventaire publicitaire TV en exclusivit\u00e9 par Admeira. Le contrat de collaboration existant est prolong\u00e9 jusqu\u2019en 2025.<\/p>\n","protected":false},"author":23,"featured_media":13314,"comment_status":"closed","ping_status":"open","sticky":false,"template":"","format":"standard","meta":{"inline_featured_image":false,"footnotes":""},"categories":[43],"tags":[],"class_list":["post-13316","post","type-post","status-publish","format-standard","has-post-thumbnail","hentry","category-corporate-fr"],"yoast_head":"<!-- This site is optimized with the Yoast SEO Premium plugin v27.0 (Yoast SEO v27.0) - https:\/\/yoast.com\/product\/yoast-seo-premium-wordpress\/ -->\n<title>La SSR prolonge le contrat de commercialisation TV avec Admeira - Ringier<\/title>\n<meta name=\"robots\" content=\"index, follow, max-snippet:-1, max-image-preview:large, max-video-preview:-1\" \/>\n<link rel=\"canonical\" href=\"https:\/\/www.ringier.com\/fr\/la-ssr-prolonge-le-contrat-de-commercialisation-tv-avec-admeira\/\" \/>\n<meta property=\"og:locale\" content=\"fr_FR\" \/>\n<meta property=\"og:type\" content=\"article\" \/>\n<meta property=\"og:title\" content=\"La SSR prolonge le contrat de commercialisation TV avec Admeira\" \/>\n<meta property=\"og:description\" content=\"L\u2019entreprise m\u00e9dia SSR continuera \u00e0 faire commercialiser son inventaire publicitaire TV en exclusivit\u00e9 par Admeira. Le contrat de collaboration existant est prolong\u00e9 jusqu\u2019en 2025.\" \/>\n<meta property=\"og:url\" content=\"https:\/\/www.ringier.com\/fr\/la-ssr-prolonge-le-contrat-de-commercialisation-tv-avec-admeira\/\" \/>\n<meta property=\"og:site_name\" content=\"Ringier\" \/>\n<meta property=\"article:publisher\" content=\"https:\/\/www.facebook.com\/ringierag\/\" \/>\n<meta property=\"article:published_time\" content=\"2021-12-21T09:30:00+00:00\" \/>\n<meta property=\"article:modified_time\" content=\"2025-06-24T08:18:34+00:00\" \/>\n<meta property=\"og:image\" content=\"https:\/\/www.ringier.com\/wp-content\/uploads\/2021\/12\/Logo-SRG_SSR-Admeira-scaled.jpg\" \/>\n\t<meta property=\"og:image:width\" content=\"2560\" \/>\n\t<meta property=\"og:image:height\" content=\"1340\" \/>\n\t<meta property=\"og:image:type\" content=\"image\/jpeg\" \/>\n<meta name=\"author\" content=\"Ringier Corporate Communications\" \/>\n<meta name=\"twitter:card\" content=\"summary_large_image\" \/>\n<meta name=\"twitter:creator\" content=\"@ringier_ag\" \/>\n<meta name=\"twitter:site\" content=\"@ringier_ag\" \/>\n<meta name=\"twitter:label1\" content=\"\u00c9crit par\" \/>\n\t<meta name=\"twitter:data1\" content=\"Ringier Corporate Communications\" \/>\n\t<meta name=\"twitter:label2\" content=\"Dur\u00e9e de lecture estim\u00e9e\" \/>\n\t<meta name=\"twitter:data2\" content=\"1 minute\" \/>\n<script type=\"application\/ld+json\" class=\"yoast-schema-graph\">{\"@context\":\"https:\/\/schema.org\",\"@graph\":[{\"@type\":\"Article\",\"@id\":\"https:\/\/www.ringier.com\/fr\/la-ssr-prolonge-le-contrat-de-commercialisation-tv-avec-admeira\/#article\",\"isPartOf\":{\"@id\":\"https:\/\/www.ringier.com\/fr\/la-ssr-prolonge-le-contrat-de-commercialisation-tv-avec-admeira\/\"},\"author\":{\"name\":\"Ringier Corporate Communications\",\"@id\":\"https:\/\/www.ringier.com\/fr\/#\/schema\/person\/4cf76a308dc4b2bb5121bd1e7b752e52\"},\"headline\":\"La SSR prolonge le contrat de commercialisation TV avec Admeira\",\"datePublished\":\"2021-12-21T09:30:00+00:00\",\"dateModified\":\"2025-06-24T08:18:34+00:00\",\"mainEntityOfPage\":{\"@id\":\"https:\/\/www.ringier.com\/fr\/la-ssr-prolonge-le-contrat-de-commercialisation-tv-avec-admeira\/\"},\"wordCount\":546,\"publisher\":{\"@id\":\"https:\/\/www.ringier.com\/fr\/#organization\"},\"image\":{\"@id\":\"https:\/\/www.ringier.com\/fr\/la-ssr-prolonge-le-contrat-de-commercialisation-tv-avec-admeira\/#primaryimage\"},\"thumbnailUrl\":\"https:\/\/www.ringier.com\/wp-content\/uploads\/2021\/12\/Logo-SRG_SSR-Admeira-scaled.jpg\",\"articleSection\":[\"Corporate\"],\"inLanguage\":\"fr-FR\"},{\"@type\":\"WebPage\",\"@id\":\"https:\/\/www.ringier.com\/fr\/la-ssr-prolonge-le-contrat-de-commercialisation-tv-avec-admeira\/\",\"url\":\"https:\/\/www.ringier.com\/fr\/la-ssr-prolonge-le-contrat-de-commercialisation-tv-avec-admeira\/\",\"name\":\"La SSR prolonge le contrat de commercialisation TV avec Admeira - Ringier\",\"isPartOf\":{\"@id\":\"https:\/\/www.ringier.com\/fr\/#website\"},\"primaryImageOfPage\":{\"@id\":\"https:\/\/www.ringier.com\/fr\/la-ssr-prolonge-le-contrat-de-commercialisation-tv-avec-admeira\/#primaryimage\"},\"image\":{\"@id\":\"https:\/\/www.ringier.com\/fr\/la-ssr-prolonge-le-contrat-de-commercialisation-tv-avec-admeira\/#primaryimage\"},\"thumbnailUrl\":\"https:\/\/www.ringier.com\/wp-content\/uploads\/2021\/12\/Logo-SRG_SSR-Admeira-scaled.jpg\",\"datePublished\":\"2021-12-21T09:30:00+00:00\",\"dateModified\":\"2025-06-24T08:18:34+00:00\",\"breadcrumb\":{\"@id\":\"https:\/\/www.ringier.com\/fr\/la-ssr-prolonge-le-contrat-de-commercialisation-tv-avec-admeira\/#breadcrumb\"},\"inLanguage\":\"fr-FR\",\"potentialAction\":[{\"@type\":\"ReadAction\",\"target\":[\"https:\/\/www.ringier.com\/fr\/la-ssr-prolonge-le-contrat-de-commercialisation-tv-avec-admeira\/\"]}]},{\"@type\":\"ImageObject\",\"inLanguage\":\"fr-FR\",\"@id\":\"https:\/\/www.ringier.com\/fr\/la-ssr-prolonge-le-contrat-de-commercialisation-tv-avec-admeira\/#primaryimage\",\"url\":\"https:\/\/www.ringier.com\/wp-content\/uploads\/2021\/12\/Logo-SRG_SSR-Admeira-scaled.jpg\",\"contentUrl\":\"https:\/\/www.ringier.com\/wp-content\/uploads\/2021\/12\/Logo-SRG_SSR-Admeira-scaled.jpg\",\"width\":2560,\"height\":1340,\"caption\":\"Logo SRG_SSR Admeira\"},{\"@type\":\"BreadcrumbList\",\"@id\":\"https:\/\/www.ringier.com\/fr\/la-ssr-prolonge-le-contrat-de-commercialisation-tv-avec-admeira\/#breadcrumb\",\"itemListElement\":[{\"@type\":\"ListItem\",\"position\":1,\"name\":\"Home\",\"item\":\"https:\/\/www.ringier.com\/fr\/\"},{\"@type\":\"ListItem\",\"position\":2,\"name\":\"La SSR prolonge le contrat de commercialisation TV avec Admeira\"}]},{\"@type\":\"WebSite\",\"@id\":\"https:\/\/www.ringier.com\/fr\/#website\",\"url\":\"https:\/\/www.ringier.com\/fr\/\",\"name\":\"Ringier\",\"description\":\"We inform. We entertain. We connect\",\"publisher\":{\"@id\":\"https:\/\/www.ringier.com\/fr\/#organization\"},\"potentialAction\":[{\"@type\":\"SearchAction\",\"target\":{\"@type\":\"EntryPoint\",\"urlTemplate\":\"https:\/\/www.ringier.com\/fr\/?s={search_term_string}\"},\"query-input\":{\"@type\":\"PropertyValueSpecification\",\"valueRequired\":true,\"valueName\":\"search_term_string\"}}],\"inLanguage\":\"fr-FR\"},{\"@type\":\"Organization\",\"@id\":\"https:\/\/www.ringier.com\/fr\/#organization\",\"name\":\"Ringier\",\"url\":\"https:\/\/www.ringier.com\/fr\/\",\"logo\":{\"@type\":\"ImageObject\",\"inLanguage\":\"fr-FR\",\"@id\":\"https:\/\/www.ringier.com\/fr\/#\/schema\/logo\/image\/\",\"url\":\"https:\/\/www.ringier.com\/wp-content\/uploads\/2021\/10\/ringier_logo_2.jpg\",\"contentUrl\":\"https:\/\/www.ringier.com\/wp-content\/uploads\/2021\/10\/ringier_logo_2.jpg\",\"width\":750,\"height\":550,\"caption\":\"Ringier\"},\"image\":{\"@id\":\"https:\/\/www.ringier.com\/fr\/#\/schema\/logo\/image\/\"},\"sameAs\":[\"https:\/\/www.facebook.com\/ringierag\/\",\"https:\/\/x.com\/ringier_ag\",\"https:\/\/www.instagram.com\/ringier_ag\/\",\"https:\/\/www.linkedin.com\/company\/ringier\/\",\"https:\/\/www.youtube.com\/user\/RingierComm\",\"https:\/\/en.wikipedia.org\/wiki\/Ringier\",\"https:\/\/de.wikipedia.org\/wiki\/Ringier\",\"https:\/\/fr.wikipedia.org\/wiki\/Ringier\",\"https:\/\/www.crunchbase.com\/organization\/ringier-ag\"]},{\"@type\":\"Person\",\"@id\":\"https:\/\/www.ringier.com\/fr\/#\/schema\/person\/4cf76a308dc4b2bb5121bd1e7b752e52\",\"name\":\"Ringier Corporate Communications\",\"image\":{\"@type\":\"ImageObject\",\"inLanguage\":\"fr-FR\",\"@id\":\"https:\/\/www.ringier.com\/fr\/#\/schema\/person\/image\/\",\"url\":\"https:\/\/secure.gravatar.com\/avatar\/9391e20481368d5df4fe3e1e476c13b27786347489822ec1ed07e532bb41f587?s=96&d=mm&r=g\",\"contentUrl\":\"https:\/\/secure.gravatar.com\/avatar\/9391e20481368d5df4fe3e1e476c13b27786347489822ec1ed07e532bb41f587?s=96&d=mm&r=g\",\"caption\":\"Ringier Corporate Communications\"},\"sameAs\":[\"https:\/\/www.ringier.com\"]}]}<\/script>\n<!-- \/ Yoast SEO Premium plugin. -->","yoast_head_json":{"title":"La SSR prolonge le contrat de commercialisation TV avec Admeira - Ringier","robots":{"index":"index","follow":"follow","max-snippet":"max-snippet:-1","max-image-preview":"max-image-preview:large","max-video-preview":"max-video-preview:-1"},"canonical":"https:\/\/www.ringier.com\/fr\/la-ssr-prolonge-le-contrat-de-commercialisation-tv-avec-admeira\/","og_locale":"fr_FR","og_type":"article","og_title":"La SSR prolonge le contrat de commercialisation TV avec Admeira","og_description":"L\u2019entreprise m\u00e9dia SSR continuera \u00e0 faire commercialiser son inventaire publicitaire TV en exclusivit\u00e9 par Admeira. Le contrat de collaboration existant est prolong\u00e9 jusqu\u2019en 2025.","og_url":"https:\/\/www.ringier.com\/fr\/la-ssr-prolonge-le-contrat-de-commercialisation-tv-avec-admeira\/","og_site_name":"Ringier","article_publisher":"https:\/\/www.facebook.com\/ringierag\/","article_published_time":"2021-12-21T09:30:00+00:00","article_modified_time":"2025-06-24T08:18:34+00:00","og_image":[{"width":2560,"height":1340,"url":"https:\/\/www.ringier.com\/wp-content\/uploads\/2021\/12\/Logo-SRG_SSR-Admeira-scaled.jpg","type":"image\/jpeg"}],"author":"Ringier Corporate Communications","twitter_card":"summary_large_image","twitter_creator":"@ringier_ag","twitter_site":"@ringier_ag","twitter_misc":{"\u00c9crit par":"Ringier Corporate Communications","Dur\u00e9e de lecture estim\u00e9e":"1 minute"},"schema":{"@context":"https:\/\/schema.org","@graph":[{"@type":"Article","@id":"https:\/\/www.ringier.com\/fr\/la-ssr-prolonge-le-contrat-de-commercialisation-tv-avec-admeira\/#article","isPartOf":{"@id":"https:\/\/www.ringier.com\/fr\/la-ssr-prolonge-le-contrat-de-commercialisation-tv-avec-admeira\/"},"author":{"name":"Ringier Corporate Communications","@id":"https:\/\/www.ringier.com\/fr\/#\/schema\/person\/4cf76a308dc4b2bb5121bd1e7b752e52"},"headline":"La SSR prolonge le contrat de commercialisation TV avec Admeira","datePublished":"2021-12-21T09:30:00+00:00","dateModified":"2025-06-24T08:18:34+00:00","mainEntityOfPage":{"@id":"https:\/\/www.ringier.com\/fr\/la-ssr-prolonge-le-contrat-de-commercialisation-tv-avec-admeira\/"},"wordCount":546,"publisher":{"@id":"https:\/\/www.ringier.com\/fr\/#organization"},"image":{"@id":"https:\/\/www.ringier.com\/fr\/la-ssr-prolonge-le-contrat-de-commercialisation-tv-avec-admeira\/#primaryimage"},"thumbnailUrl":"https:\/\/www.ringier.com\/wp-content\/uploads\/2021\/12\/Logo-SRG_SSR-Admeira-scaled.jpg","articleSection":["Corporate"],"inLanguage":"fr-FR"},{"@type":"WebPage","@id":"https:\/\/www.ringier.com\/fr\/la-ssr-prolonge-le-contrat-de-commercialisation-tv-avec-admeira\/","url":"https:\/\/www.ringier.com\/fr\/la-ssr-prolonge-le-contrat-de-commercialisation-tv-avec-admeira\/","name":"La SSR prolonge le contrat de commercialisation TV avec Admeira - Ringier","isPartOf":{"@id":"https:\/\/www.ringier.com\/fr\/#website"},"primaryImageOfPage":{"@id":"https:\/\/www.ringier.com\/fr\/la-ssr-prolonge-le-contrat-de-commercialisation-tv-avec-admeira\/#primaryimage"},"image":{"@id":"https:\/\/www.ringier.com\/fr\/la-ssr-prolonge-le-contrat-de-commercialisation-tv-avec-admeira\/#primaryimage"},"thumbnailUrl":"https:\/\/www.ringier.com\/wp-content\/uploads\/2021\/12\/Logo-SRG_SSR-Admeira-scaled.jpg","datePublished":"2021-12-21T09:30:00+00:00","dateModified":"2025-06-24T08:18:34+00:00","breadcrumb":{"@id":"https:\/\/www.ringier.com\/fr\/la-ssr-prolonge-le-contrat-de-commercialisation-tv-avec-admeira\/#breadcrumb"},"inLanguage":"fr-FR","potentialAction":[{"@type":"ReadAction","target":["https:\/\/www.ringier.com\/fr\/la-ssr-prolonge-le-contrat-de-commercialisation-tv-avec-admeira\/"]}]},{"@type":"ImageObject","inLanguage":"fr-FR","@id":"https:\/\/www.ringier.com\/fr\/la-ssr-prolonge-le-contrat-de-commercialisation-tv-avec-admeira\/#primaryimage","url":"https:\/\/www.ringier.com\/wp-content\/uploads\/2021\/12\/Logo-SRG_SSR-Admeira-scaled.jpg","contentUrl":"https:\/\/www.ringier.com\/wp-content\/uploads\/2021\/12\/Logo-SRG_SSR-Admeira-scaled.jpg","width":2560,"height":1340,"caption":"Logo SRG_SSR Admeira"},{"@type":"BreadcrumbList","@id":"https:\/\/www.ringier.com\/fr\/la-ssr-prolonge-le-contrat-de-commercialisation-tv-avec-admeira\/#breadcrumb","itemListElement":[{"@type":"ListItem","position":1,"name":"Home","item":"https:\/\/www.ringier.com\/fr\/"},{"@type":"ListItem","position":2,"name":"La SSR prolonge le contrat de commercialisation TV avec Admeira"}]},{"@type":"WebSite","@id":"https:\/\/www.ringier.com\/fr\/#website","url":"https:\/\/www.ringier.com\/fr\/","name":"Ringier","description":"We inform. We entertain. We connect","publisher":{"@id":"https:\/\/www.ringier.com\/fr\/#organization"},"potentialAction":[{"@type":"SearchAction","target":{"@type":"EntryPoint","urlTemplate":"https:\/\/www.ringier.com\/fr\/?s={search_term_string}"},"query-input":{"@type":"PropertyValueSpecification","valueRequired":true,"valueName":"search_term_string"}}],"inLanguage":"fr-FR"},{"@type":"Organization","@id":"https:\/\/www.ringier.com\/fr\/#organization","name":"Ringier","url":"https:\/\/www.ringier.com\/fr\/","logo":{"@type":"ImageObject","inLanguage":"fr-FR","@id":"https:\/\/www.ringier.com\/fr\/#\/schema\/logo\/image\/","url":"https:\/\/www.ringier.com\/wp-content\/uploads\/2021\/10\/ringier_logo_2.jpg","contentUrl":"https:\/\/www.ringier.com\/wp-content\/uploads\/2021\/10\/ringier_logo_2.jpg","width":750,"height":550,"caption":"Ringier"},"image":{"@id":"https:\/\/www.ringier.com\/fr\/#\/schema\/logo\/image\/"},"sameAs":["https:\/\/www.facebook.com\/ringierag\/","https:\/\/x.com\/ringier_ag","https:\/\/www.instagram.com\/ringier_ag\/","https:\/\/www.linkedin.com\/company\/ringier\/","https:\/\/www.youtube.com\/user\/RingierComm","https:\/\/en.wikipedia.org\/wiki\/Ringier","https:\/\/de.wikipedia.org\/wiki\/Ringier","https:\/\/fr.wikipedia.org\/wiki\/Ringier","https:\/\/www.crunchbase.com\/organization\/ringier-ag"]},{"@type":"Person","@id":"https:\/\/www.ringier.com\/fr\/#\/schema\/person\/4cf76a308dc4b2bb5121bd1e7b752e52","name":"Ringier Corporate Communications","image":{"@type":"ImageObject","inLanguage":"fr-FR","@id":"https:\/\/www.ringier.com\/fr\/#\/schema\/person\/image\/","url":"https:\/\/secure.gravatar.com\/avatar\/9391e20481368d5df4fe3e1e476c13b27786347489822ec1ed07e532bb41f587?s=96&d=mm&r=g","contentUrl":"https:\/\/secure.gravatar.com\/avatar\/9391e20481368d5df4fe3e1e476c13b27786347489822ec1ed07e532bb41f587?s=96&d=mm&r=g","caption":"Ringier Corporate Communications"},"sameAs":["https:\/\/www.ringier.com"]}]}},"_links":{"self":[{"href":"https:\/\/www.ringier.com\/fr\/wp-json\/wp\/v2\/posts\/13316","targetHints":{"allow":["GET"]}}],"collection":[{"href":"https:\/\/www.ringier.com\/fr\/wp-json\/wp\/v2\/posts"}],"about":[{"href":"https:\/\/www.ringier.com\/fr\/wp-json\/wp\/v2\/types\/post"}],"author":[{"embeddable":true,"href":"https:\/\/www.ringier.com\/fr\/wp-json\/wp\/v2\/users\/23"}],"replies":[{"embeddable":true,"href":"https:\/\/www.ringier.com\/fr\/wp-json\/wp\/v2\/comments?post=13316"}],"version-history":[{"count":0,"href":"https:\/\/www.ringier.com\/fr\/wp-json\/wp\/v2\/posts\/13316\/revisions"}],"wp:featuredmedia":[{"embeddable":true,"href":"https:\/\/www.ringier.com\/fr\/wp-json\/wp\/v2\/media\/13314"}],"wp:attachment":[{"href":"https:\/\/www.ringier.com\/fr\/wp-json\/wp\/v2\/media?parent=13316"}],"wp:term":[{"taxonomy":"category","embeddable":true,"href":"https:\/\/www.ringier.com\/fr\/wp-json\/wp\/v2\/categories?post=13316"},{"taxonomy":"post_tag","embeddable":true,"href":"https:\/\/www.ringier.com\/fr\/wp-json\/wp\/v2\/tags?post=13316"}],"curies":[{"name":"wp","href":"https:\/\/api.w.org\/{rel}","templated":true}]}}