{"id":12722,"date":"2021-11-25T09:00:00","date_gmt":"2021-11-25T08:00:00","guid":{"rendered":"https:\/\/www.ringier.com\/?p=12722"},"modified":"2025-06-23T14:24:16","modified_gmt":"2025-06-23T12:24:16","slug":"ringier-advertising-reduit-les-prix-des-annonces-pour-le-sonntagsblick-la-schweizer-llustrierte-et-lillustre-a-partir-de-debut-2022","status":"publish","type":"post","link":"https:\/\/www.ringier.com\/fr\/ringier-advertising-reduit-les-prix-des-annonces-pour-le-sonntagsblick-la-schweizer-llustrierte-et-lillustre-a-partir-de-debut-2022\/","title":{"rendered":"Ringier Advertising r\u00e9duit les prix des annonces pour le SonntagsBlick, la Schweizer llustrierte et L\u2019illustr\u00e9 \u00e0 partir de d\u00e9but 2022"},"content":{"rendered":"\n<p>Les mesures de confinement visant \u00e0 endiguer la pand\u00e9mie de Covid ont notamment eu pour cons\u00e9quence une mobilit\u00e9 r\u00e9duite de la population ainsi que la fermeture r\u00e9p\u00e9t\u00e9e des restaurants et des kiosques pendant plusieurs semaines. Si la fermeture des restaurants, des salons de coiffure ou des cabinets m\u00e9dicaux a entra\u00een\u00e9 une r\u00e9duction du nombre de deuxi\u00e8mes et troisi\u00e8mes lecteurs par exemplaire, celle des kiosques \u00e0 journaux s\u2019est traduite par une forte baisse des ventes individuelles. Le SonntagsBlick, titre dominical pr\u00e9sentant la plus grande part de ventes individuelles (26,3%), en a \u00e9t\u00e9 particuli\u00e8rement impact\u00e9. Face \u00e0 cette situation, Ringier Advertising a d\u00e9cid\u00e9 de r\u00e9duire les prix des annonces de diff\u00e9rents titres de la presse \u00e9crite \u00e0 partir de d\u00e9but 2022. Ainsi, les prix des annonces pour le SonntagsBlick, la Schweizer Illustrierte et L\u2019illustr\u00e9 seront r\u00e9duits de 14% \u00e0 17%.<\/p>\n\n\n\n<p>Thomas Passen, Managing Director de Ringier Advertising, se montre confiant: \u00abMalgr\u00e9 la baisse du nombre de lectrices et de lecteurs, les tirages issus des abonnements enti\u00e8rement pay\u00e9s demeurent stables.\u00bb<\/p>\n\n\n\n<p>A l\u2019avenir, les annonceurs devront s\u2019efforcer de parvenir \u00e0 un m\u00e9lange \u00e9quilibr\u00e9 entre la presse \u00e9crite et le digital lors de la r\u00e9servation des espaces publicitaires. La presse \u00e9crite reste un instrument extr\u00eamement puissant pour certains groupes cibles, comme le montre r\u00e9guli\u00e8rement l\u2019\u00e9valuation des campagnes.&nbsp;<\/p>\n\n\n\n<p>Les responsables de la strat\u00e9gique m\u00e9diatique de Ringier Advertising recommandent \u00e0 leurs clientes et clients le m\u00e9lange le plus adapt\u00e9 en fonction de leurs besoins. Gr\u00e2ce \u00e0 l\u2019outil Marketplace, les annonceurs ont \u00e9galement la possibilit\u00e9 de r\u00e9server eux-m\u00eames leur publicit\u00e9 dans la presse \u00e9crite et de l\u2019optimiser de mani\u00e8re autonome en ayant recours \u00e0 la tarification dynamique. Pour plus de renseignements sur ces offres, Thomas Kords, Director Operations chez Ringier Advertising, se tient \u00e0 votre disposition: +41 44 259 89 88 |&nbsp;<a href=\"mailto:thomas.kords@ringier.ch\">thomas.kords@ringier.ch<\/a>.<\/p>\n\n\n\n<p>Ringier, Corporate Communications<\/p>\n\n\n\n<p><strong>\u00c0 propos de Ringier Advertising<\/strong><\/p>\n\n\n\n<p>Ringier Advertising commercialise un portefeuille vari\u00e9 de portails digitaux et de presse \u00e9crite. Il s\u2019agit de marques propres \u00e0 Ringier et Ringier Axel Springer Schweiz AG et de leurs portails ainsi que des publications et portails de tiers tels que bluenews.ch et Le Temps.<\/p>\n","protected":false},"excerpt":{"rendered":"<p>Ringier Advertising a d\u00e9cid\u00e9 d\u2019ajuster les prix des annonces de certains titres de la presse \u00e9crite en r\u00e9ponse aux changements de comportement des lectrices et des lecteurs en mati\u00e8re de consommation des m\u00e9dias. D\u00e9but 2022, les prix des annonces pour le SonntagsBlick, la Schweizer Illustrierte et L\u2019illustr\u00e9 baisseront ainsi de 14% \u00e0 17%.<\/p>\n","protected":false},"author":23,"featured_media":13090,"comment_status":"closed","ping_status":"open","sticky":false,"template":"","format":"standard","meta":{"inline_featured_image":false,"footnotes":""},"categories":[370,363],"tags":[],"class_list":["post-12722","post","type-post","status-publish","format-standard","has-post-thumbnail","hentry","category-media-fr","category-ringier-medias-suisse"],"yoast_head":"<!-- This site is optimized with the Yoast SEO Premium plugin v27.0 (Yoast SEO v27.0) - https:\/\/yoast.com\/product\/yoast-seo-premium-wordpress\/ -->\n<title>Ringier Advertising r\u00e9duit les prix des annonces pour le SonntagsBlick, la Schweizer llustrierte et L\u2019illustr\u00e9 \u00e0 partir de d\u00e9but 2022 - Ringier<\/title>\n<meta name=\"robots\" content=\"index, follow, max-snippet:-1, max-image-preview:large, max-video-preview:-1\" \/>\n<link rel=\"canonical\" href=\"https:\/\/www.ringier.com\/fr\/ringier-advertising-reduit-les-prix-des-annonces-pour-le-sonntagsblick-la-schweizer-llustrierte-et-lillustre-a-partir-de-debut-2022\/\" \/>\n<meta property=\"og:locale\" content=\"fr_FR\" \/>\n<meta property=\"og:type\" content=\"article\" \/>\n<meta property=\"og:title\" content=\"Ringier Advertising r\u00e9duit les prix des annonces pour le SonntagsBlick, la Schweizer llustrierte et L\u2019illustr\u00e9 \u00e0 partir de d\u00e9but 2022\" \/>\n<meta property=\"og:description\" content=\"Ringier Advertising a d\u00e9cid\u00e9 d\u2019ajuster les prix des annonces de certains titres de la presse \u00e9crite en r\u00e9ponse aux changements de comportement des lectrices et des lecteurs en mati\u00e8re de consommation des m\u00e9dias. D\u00e9but 2022, les prix des annonces pour le SonntagsBlick, la Schweizer Illustrierte et L\u2019illustr\u00e9 baisseront ainsi de 14% \u00e0 17%.\" \/>\n<meta property=\"og:url\" content=\"https:\/\/www.ringier.com\/fr\/ringier-advertising-reduit-les-prix-des-annonces-pour-le-sonntagsblick-la-schweizer-llustrierte-et-lillustre-a-partir-de-debut-2022\/\" \/>\n<meta property=\"og:site_name\" content=\"Ringier\" \/>\n<meta property=\"article:publisher\" content=\"https:\/\/www.facebook.com\/ringierag\/\" \/>\n<meta property=\"article:published_time\" content=\"2021-11-25T08:00:00+00:00\" \/>\n<meta property=\"article:modified_time\" content=\"2025-06-23T12:24:16+00:00\" \/>\n<meta property=\"og:image\" content=\"https:\/\/www.ringier.com\/wp-content\/uploads\/2021\/11\/Ringier-Advertising_3-Cover_202111.png\" \/>\n\t<meta property=\"og:image:width\" content=\"3334\" \/>\n\t<meta property=\"og:image:height\" content=\"1742\" \/>\n\t<meta property=\"og:image:type\" content=\"image\/png\" \/>\n<meta name=\"author\" content=\"Ringier Corporate Communications\" \/>\n<meta name=\"twitter:card\" content=\"summary_large_image\" \/>\n<meta name=\"twitter:creator\" content=\"@ringier_ag\" \/>\n<meta name=\"twitter:site\" content=\"@ringier_ag\" \/>\n<meta name=\"twitter:label1\" content=\"\u00c9crit par\" \/>\n\t<meta name=\"twitter:data1\" content=\"Ringier Corporate Communications\" \/>\n\t<meta name=\"twitter:label2\" content=\"Dur\u00e9e de lecture estim\u00e9e\" \/>\n\t<meta name=\"twitter:data2\" content=\"3 minutes\" \/>\n<script type=\"application\/ld+json\" class=\"yoast-schema-graph\">{\"@context\":\"https:\/\/schema.org\",\"@graph\":[{\"@type\":\"Article\",\"@id\":\"https:\/\/www.ringier.com\/fr\/ringier-advertising-reduit-les-prix-des-annonces-pour-le-sonntagsblick-la-schweizer-llustrierte-et-lillustre-a-partir-de-debut-2022\/#article\",\"isPartOf\":{\"@id\":\"https:\/\/www.ringier.com\/fr\/ringier-advertising-reduit-les-prix-des-annonces-pour-le-sonntagsblick-la-schweizer-llustrierte-et-lillustre-a-partir-de-debut-2022\/\"},\"author\":{\"name\":\"Ringier Corporate Communications\",\"@id\":\"https:\/\/www.ringier.com\/fr\/#\/schema\/person\/4cf76a308dc4b2bb5121bd1e7b752e52\"},\"headline\":\"Ringier Advertising r\u00e9duit les prix des annonces pour le SonntagsBlick, la Schweizer llustrierte et L\u2019illustr\u00e9 \u00e0 partir de d\u00e9but 2022\",\"datePublished\":\"2021-11-25T08:00:00+00:00\",\"dateModified\":\"2025-06-23T12:24:16+00:00\",\"mainEntityOfPage\":{\"@id\":\"https:\/\/www.ringier.com\/fr\/ringier-advertising-reduit-les-prix-des-annonces-pour-le-sonntagsblick-la-schweizer-llustrierte-et-lillustre-a-partir-de-debut-2022\/\"},\"wordCount\":392,\"publisher\":{\"@id\":\"https:\/\/www.ringier.com\/fr\/#organization\"},\"image\":{\"@id\":\"https:\/\/www.ringier.com\/fr\/ringier-advertising-reduit-les-prix-des-annonces-pour-le-sonntagsblick-la-schweizer-llustrierte-et-lillustre-a-partir-de-debut-2022\/#primaryimage\"},\"thumbnailUrl\":\"https:\/\/www.ringier.com\/wp-content\/uploads\/2021\/11\/Ringier-Advertising_3-Cover_202111.png\",\"articleSection\":[\"Media\",\"Ringier Medias Suisse\"],\"inLanguage\":\"fr-FR\"},{\"@type\":\"WebPage\",\"@id\":\"https:\/\/www.ringier.com\/fr\/ringier-advertising-reduit-les-prix-des-annonces-pour-le-sonntagsblick-la-schweizer-llustrierte-et-lillustre-a-partir-de-debut-2022\/\",\"url\":\"https:\/\/www.ringier.com\/fr\/ringier-advertising-reduit-les-prix-des-annonces-pour-le-sonntagsblick-la-schweizer-llustrierte-et-lillustre-a-partir-de-debut-2022\/\",\"name\":\"Ringier Advertising r\u00e9duit les prix des annonces pour le SonntagsBlick, la Schweizer llustrierte et L\u2019illustr\u00e9 \u00e0 partir de d\u00e9but 2022 - Ringier\",\"isPartOf\":{\"@id\":\"https:\/\/www.ringier.com\/fr\/#website\"},\"primaryImageOfPage\":{\"@id\":\"https:\/\/www.ringier.com\/fr\/ringier-advertising-reduit-les-prix-des-annonces-pour-le-sonntagsblick-la-schweizer-llustrierte-et-lillustre-a-partir-de-debut-2022\/#primaryimage\"},\"image\":{\"@id\":\"https:\/\/www.ringier.com\/fr\/ringier-advertising-reduit-les-prix-des-annonces-pour-le-sonntagsblick-la-schweizer-llustrierte-et-lillustre-a-partir-de-debut-2022\/#primaryimage\"},\"thumbnailUrl\":\"https:\/\/www.ringier.com\/wp-content\/uploads\/2021\/11\/Ringier-Advertising_3-Cover_202111.png\",\"datePublished\":\"2021-11-25T08:00:00+00:00\",\"dateModified\":\"2025-06-23T12:24:16+00:00\",\"breadcrumb\":{\"@id\":\"https:\/\/www.ringier.com\/fr\/ringier-advertising-reduit-les-prix-des-annonces-pour-le-sonntagsblick-la-schweizer-llustrierte-et-lillustre-a-partir-de-debut-2022\/#breadcrumb\"},\"inLanguage\":\"fr-FR\",\"potentialAction\":[{\"@type\":\"ReadAction\",\"target\":[\"https:\/\/www.ringier.com\/fr\/ringier-advertising-reduit-les-prix-des-annonces-pour-le-sonntagsblick-la-schweizer-llustrierte-et-lillustre-a-partir-de-debut-2022\/\"]}]},{\"@type\":\"ImageObject\",\"inLanguage\":\"fr-FR\",\"@id\":\"https:\/\/www.ringier.com\/fr\/ringier-advertising-reduit-les-prix-des-annonces-pour-le-sonntagsblick-la-schweizer-llustrierte-et-lillustre-a-partir-de-debut-2022\/#primaryimage\",\"url\":\"https:\/\/www.ringier.com\/wp-content\/uploads\/2021\/11\/Ringier-Advertising_3-Cover_202111.png\",\"contentUrl\":\"https:\/\/www.ringier.com\/wp-content\/uploads\/2021\/11\/Ringier-Advertising_3-Cover_202111.png\",\"width\":3334,\"height\":1742},{\"@type\":\"BreadcrumbList\",\"@id\":\"https:\/\/www.ringier.com\/fr\/ringier-advertising-reduit-les-prix-des-annonces-pour-le-sonntagsblick-la-schweizer-llustrierte-et-lillustre-a-partir-de-debut-2022\/#breadcrumb\",\"itemListElement\":[{\"@type\":\"ListItem\",\"position\":1,\"name\":\"Home\",\"item\":\"https:\/\/www.ringier.com\/fr\/\"},{\"@type\":\"ListItem\",\"position\":2,\"name\":\"Ringier Advertising r\u00e9duit les prix des annonces pour le SonntagsBlick, la Schweizer llustrierte et L\u2019illustr\u00e9 \u00e0 partir de d\u00e9but 2022\"}]},{\"@type\":\"WebSite\",\"@id\":\"https:\/\/www.ringier.com\/fr\/#website\",\"url\":\"https:\/\/www.ringier.com\/fr\/\",\"name\":\"Ringier\",\"description\":\"We inform. We entertain. We connect\",\"publisher\":{\"@id\":\"https:\/\/www.ringier.com\/fr\/#organization\"},\"potentialAction\":[{\"@type\":\"SearchAction\",\"target\":{\"@type\":\"EntryPoint\",\"urlTemplate\":\"https:\/\/www.ringier.com\/fr\/?s={search_term_string}\"},\"query-input\":{\"@type\":\"PropertyValueSpecification\",\"valueRequired\":true,\"valueName\":\"search_term_string\"}}],\"inLanguage\":\"fr-FR\"},{\"@type\":\"Organization\",\"@id\":\"https:\/\/www.ringier.com\/fr\/#organization\",\"name\":\"Ringier\",\"url\":\"https:\/\/www.ringier.com\/fr\/\",\"logo\":{\"@type\":\"ImageObject\",\"inLanguage\":\"fr-FR\",\"@id\":\"https:\/\/www.ringier.com\/fr\/#\/schema\/logo\/image\/\",\"url\":\"https:\/\/www.ringier.com\/wp-content\/uploads\/2021\/10\/ringier_logo_2.jpg\",\"contentUrl\":\"https:\/\/www.ringier.com\/wp-content\/uploads\/2021\/10\/ringier_logo_2.jpg\",\"width\":750,\"height\":550,\"caption\":\"Ringier\"},\"image\":{\"@id\":\"https:\/\/www.ringier.com\/fr\/#\/schema\/logo\/image\/\"},\"sameAs\":[\"https:\/\/www.facebook.com\/ringierag\/\",\"https:\/\/x.com\/ringier_ag\",\"https:\/\/www.instagram.com\/ringier_ag\/\",\"https:\/\/www.linkedin.com\/company\/ringier\/\",\"https:\/\/www.youtube.com\/user\/RingierComm\",\"https:\/\/en.wikipedia.org\/wiki\/Ringier\",\"https:\/\/de.wikipedia.org\/wiki\/Ringier\",\"https:\/\/fr.wikipedia.org\/wiki\/Ringier\",\"https:\/\/www.crunchbase.com\/organization\/ringier-ag\"]},{\"@type\":\"Person\",\"@id\":\"https:\/\/www.ringier.com\/fr\/#\/schema\/person\/4cf76a308dc4b2bb5121bd1e7b752e52\",\"name\":\"Ringier Corporate Communications\",\"image\":{\"@type\":\"ImageObject\",\"inLanguage\":\"fr-FR\",\"@id\":\"https:\/\/www.ringier.com\/fr\/#\/schema\/person\/image\/\",\"url\":\"https:\/\/secure.gravatar.com\/avatar\/9391e20481368d5df4fe3e1e476c13b27786347489822ec1ed07e532bb41f587?s=96&d=mm&r=g\",\"contentUrl\":\"https:\/\/secure.gravatar.com\/avatar\/9391e20481368d5df4fe3e1e476c13b27786347489822ec1ed07e532bb41f587?s=96&d=mm&r=g\",\"caption\":\"Ringier Corporate Communications\"},\"sameAs\":[\"https:\/\/www.ringier.com\"]}]}<\/script>\n<!-- \/ Yoast SEO Premium plugin. -->","yoast_head_json":{"title":"Ringier Advertising r\u00e9duit les prix des annonces pour le SonntagsBlick, la Schweizer llustrierte et L\u2019illustr\u00e9 \u00e0 partir de d\u00e9but 2022 - Ringier","robots":{"index":"index","follow":"follow","max-snippet":"max-snippet:-1","max-image-preview":"max-image-preview:large","max-video-preview":"max-video-preview:-1"},"canonical":"https:\/\/www.ringier.com\/fr\/ringier-advertising-reduit-les-prix-des-annonces-pour-le-sonntagsblick-la-schweizer-llustrierte-et-lillustre-a-partir-de-debut-2022\/","og_locale":"fr_FR","og_type":"article","og_title":"Ringier Advertising r\u00e9duit les prix des annonces pour le SonntagsBlick, la Schweizer llustrierte et L\u2019illustr\u00e9 \u00e0 partir de d\u00e9but 2022","og_description":"Ringier Advertising a d\u00e9cid\u00e9 d\u2019ajuster les prix des annonces de certains titres de la presse \u00e9crite en r\u00e9ponse aux changements de comportement des lectrices et des lecteurs en mati\u00e8re de consommation des m\u00e9dias. D\u00e9but 2022, les prix des annonces pour le SonntagsBlick, la Schweizer Illustrierte et L\u2019illustr\u00e9 baisseront ainsi de 14% \u00e0 17%.","og_url":"https:\/\/www.ringier.com\/fr\/ringier-advertising-reduit-les-prix-des-annonces-pour-le-sonntagsblick-la-schweizer-llustrierte-et-lillustre-a-partir-de-debut-2022\/","og_site_name":"Ringier","article_publisher":"https:\/\/www.facebook.com\/ringierag\/","article_published_time":"2021-11-25T08:00:00+00:00","article_modified_time":"2025-06-23T12:24:16+00:00","og_image":[{"width":3334,"height":1742,"url":"https:\/\/www.ringier.com\/wp-content\/uploads\/2021\/11\/Ringier-Advertising_3-Cover_202111.png","type":"image\/png"}],"author":"Ringier Corporate Communications","twitter_card":"summary_large_image","twitter_creator":"@ringier_ag","twitter_site":"@ringier_ag","twitter_misc":{"\u00c9crit par":"Ringier Corporate Communications","Dur\u00e9e de lecture estim\u00e9e":"3 minutes"},"schema":{"@context":"https:\/\/schema.org","@graph":[{"@type":"Article","@id":"https:\/\/www.ringier.com\/fr\/ringier-advertising-reduit-les-prix-des-annonces-pour-le-sonntagsblick-la-schweizer-llustrierte-et-lillustre-a-partir-de-debut-2022\/#article","isPartOf":{"@id":"https:\/\/www.ringier.com\/fr\/ringier-advertising-reduit-les-prix-des-annonces-pour-le-sonntagsblick-la-schweizer-llustrierte-et-lillustre-a-partir-de-debut-2022\/"},"author":{"name":"Ringier Corporate Communications","@id":"https:\/\/www.ringier.com\/fr\/#\/schema\/person\/4cf76a308dc4b2bb5121bd1e7b752e52"},"headline":"Ringier Advertising r\u00e9duit les prix des annonces pour le SonntagsBlick, la Schweizer llustrierte et L\u2019illustr\u00e9 \u00e0 partir de d\u00e9but 2022","datePublished":"2021-11-25T08:00:00+00:00","dateModified":"2025-06-23T12:24:16+00:00","mainEntityOfPage":{"@id":"https:\/\/www.ringier.com\/fr\/ringier-advertising-reduit-les-prix-des-annonces-pour-le-sonntagsblick-la-schweizer-llustrierte-et-lillustre-a-partir-de-debut-2022\/"},"wordCount":392,"publisher":{"@id":"https:\/\/www.ringier.com\/fr\/#organization"},"image":{"@id":"https:\/\/www.ringier.com\/fr\/ringier-advertising-reduit-les-prix-des-annonces-pour-le-sonntagsblick-la-schweizer-llustrierte-et-lillustre-a-partir-de-debut-2022\/#primaryimage"},"thumbnailUrl":"https:\/\/www.ringier.com\/wp-content\/uploads\/2021\/11\/Ringier-Advertising_3-Cover_202111.png","articleSection":["Media","Ringier Medias Suisse"],"inLanguage":"fr-FR"},{"@type":"WebPage","@id":"https:\/\/www.ringier.com\/fr\/ringier-advertising-reduit-les-prix-des-annonces-pour-le-sonntagsblick-la-schweizer-llustrierte-et-lillustre-a-partir-de-debut-2022\/","url":"https:\/\/www.ringier.com\/fr\/ringier-advertising-reduit-les-prix-des-annonces-pour-le-sonntagsblick-la-schweizer-llustrierte-et-lillustre-a-partir-de-debut-2022\/","name":"Ringier Advertising r\u00e9duit les prix des annonces pour le SonntagsBlick, la Schweizer llustrierte et L\u2019illustr\u00e9 \u00e0 partir de d\u00e9but 2022 - Ringier","isPartOf":{"@id":"https:\/\/www.ringier.com\/fr\/#website"},"primaryImageOfPage":{"@id":"https:\/\/www.ringier.com\/fr\/ringier-advertising-reduit-les-prix-des-annonces-pour-le-sonntagsblick-la-schweizer-llustrierte-et-lillustre-a-partir-de-debut-2022\/#primaryimage"},"image":{"@id":"https:\/\/www.ringier.com\/fr\/ringier-advertising-reduit-les-prix-des-annonces-pour-le-sonntagsblick-la-schweizer-llustrierte-et-lillustre-a-partir-de-debut-2022\/#primaryimage"},"thumbnailUrl":"https:\/\/www.ringier.com\/wp-content\/uploads\/2021\/11\/Ringier-Advertising_3-Cover_202111.png","datePublished":"2021-11-25T08:00:00+00:00","dateModified":"2025-06-23T12:24:16+00:00","breadcrumb":{"@id":"https:\/\/www.ringier.com\/fr\/ringier-advertising-reduit-les-prix-des-annonces-pour-le-sonntagsblick-la-schweizer-llustrierte-et-lillustre-a-partir-de-debut-2022\/#breadcrumb"},"inLanguage":"fr-FR","potentialAction":[{"@type":"ReadAction","target":["https:\/\/www.ringier.com\/fr\/ringier-advertising-reduit-les-prix-des-annonces-pour-le-sonntagsblick-la-schweizer-llustrierte-et-lillustre-a-partir-de-debut-2022\/"]}]},{"@type":"ImageObject","inLanguage":"fr-FR","@id":"https:\/\/www.ringier.com\/fr\/ringier-advertising-reduit-les-prix-des-annonces-pour-le-sonntagsblick-la-schweizer-llustrierte-et-lillustre-a-partir-de-debut-2022\/#primaryimage","url":"https:\/\/www.ringier.com\/wp-content\/uploads\/2021\/11\/Ringier-Advertising_3-Cover_202111.png","contentUrl":"https:\/\/www.ringier.com\/wp-content\/uploads\/2021\/11\/Ringier-Advertising_3-Cover_202111.png","width":3334,"height":1742},{"@type":"BreadcrumbList","@id":"https:\/\/www.ringier.com\/fr\/ringier-advertising-reduit-les-prix-des-annonces-pour-le-sonntagsblick-la-schweizer-llustrierte-et-lillustre-a-partir-de-debut-2022\/#breadcrumb","itemListElement":[{"@type":"ListItem","position":1,"name":"Home","item":"https:\/\/www.ringier.com\/fr\/"},{"@type":"ListItem","position":2,"name":"Ringier Advertising r\u00e9duit les prix des annonces pour le SonntagsBlick, la Schweizer llustrierte et L\u2019illustr\u00e9 \u00e0 partir de d\u00e9but 2022"}]},{"@type":"WebSite","@id":"https:\/\/www.ringier.com\/fr\/#website","url":"https:\/\/www.ringier.com\/fr\/","name":"Ringier","description":"We inform. We entertain. We connect","publisher":{"@id":"https:\/\/www.ringier.com\/fr\/#organization"},"potentialAction":[{"@type":"SearchAction","target":{"@type":"EntryPoint","urlTemplate":"https:\/\/www.ringier.com\/fr\/?s={search_term_string}"},"query-input":{"@type":"PropertyValueSpecification","valueRequired":true,"valueName":"search_term_string"}}],"inLanguage":"fr-FR"},{"@type":"Organization","@id":"https:\/\/www.ringier.com\/fr\/#organization","name":"Ringier","url":"https:\/\/www.ringier.com\/fr\/","logo":{"@type":"ImageObject","inLanguage":"fr-FR","@id":"https:\/\/www.ringier.com\/fr\/#\/schema\/logo\/image\/","url":"https:\/\/www.ringier.com\/wp-content\/uploads\/2021\/10\/ringier_logo_2.jpg","contentUrl":"https:\/\/www.ringier.com\/wp-content\/uploads\/2021\/10\/ringier_logo_2.jpg","width":750,"height":550,"caption":"Ringier"},"image":{"@id":"https:\/\/www.ringier.com\/fr\/#\/schema\/logo\/image\/"},"sameAs":["https:\/\/www.facebook.com\/ringierag\/","https:\/\/x.com\/ringier_ag","https:\/\/www.instagram.com\/ringier_ag\/","https:\/\/www.linkedin.com\/company\/ringier\/","https:\/\/www.youtube.com\/user\/RingierComm","https:\/\/en.wikipedia.org\/wiki\/Ringier","https:\/\/de.wikipedia.org\/wiki\/Ringier","https:\/\/fr.wikipedia.org\/wiki\/Ringier","https:\/\/www.crunchbase.com\/organization\/ringier-ag"]},{"@type":"Person","@id":"https:\/\/www.ringier.com\/fr\/#\/schema\/person\/4cf76a308dc4b2bb5121bd1e7b752e52","name":"Ringier Corporate Communications","image":{"@type":"ImageObject","inLanguage":"fr-FR","@id":"https:\/\/www.ringier.com\/fr\/#\/schema\/person\/image\/","url":"https:\/\/secure.gravatar.com\/avatar\/9391e20481368d5df4fe3e1e476c13b27786347489822ec1ed07e532bb41f587?s=96&d=mm&r=g","contentUrl":"https:\/\/secure.gravatar.com\/avatar\/9391e20481368d5df4fe3e1e476c13b27786347489822ec1ed07e532bb41f587?s=96&d=mm&r=g","caption":"Ringier Corporate Communications"},"sameAs":["https:\/\/www.ringier.com"]}]}},"_links":{"self":[{"href":"https:\/\/www.ringier.com\/fr\/wp-json\/wp\/v2\/posts\/12722","targetHints":{"allow":["GET"]}}],"collection":[{"href":"https:\/\/www.ringier.com\/fr\/wp-json\/wp\/v2\/posts"}],"about":[{"href":"https:\/\/www.ringier.com\/fr\/wp-json\/wp\/v2\/types\/post"}],"author":[{"embeddable":true,"href":"https:\/\/www.ringier.com\/fr\/wp-json\/wp\/v2\/users\/23"}],"replies":[{"embeddable":true,"href":"https:\/\/www.ringier.com\/fr\/wp-json\/wp\/v2\/comments?post=12722"}],"version-history":[{"count":0,"href":"https:\/\/www.ringier.com\/fr\/wp-json\/wp\/v2\/posts\/12722\/revisions"}],"wp:featuredmedia":[{"embeddable":true,"href":"https:\/\/www.ringier.com\/fr\/wp-json\/wp\/v2\/media\/13090"}],"wp:attachment":[{"href":"https:\/\/www.ringier.com\/fr\/wp-json\/wp\/v2\/media?parent=12722"}],"wp:term":[{"taxonomy":"category","embeddable":true,"href":"https:\/\/www.ringier.com\/fr\/wp-json\/wp\/v2\/categories?post=12722"},{"taxonomy":"post_tag","embeddable":true,"href":"https:\/\/www.ringier.com\/fr\/wp-json\/wp\/v2\/tags?post=12722"}],"curies":[{"name":"wp","href":"https:\/\/api.w.org\/{rel}","templated":true}]}}