{"id":1254,"date":"2015-10-16T16:43:00","date_gmt":"2015-10-16T14:43:00","guid":{"rendered":"https:\/\/www.ringier.com\/ringier-staerkt-seine-marktposition-im-ecommerce-markt-mehrheitsbeteiligung-an-mystore-fuehrender-online-outlet-shop-der-westschweiz\/"},"modified":"2024-11-14T08:33:50","modified_gmt":"2024-11-14T07:33:50","slug":"ringier-renforce-sa-position-sur-le-marche-de-le-commerce-en-acquerant-une-participation-majoritaire-dans-mystore-premiere-boutique-en-ligne-outlet-de-suisse-romande","status":"publish","type":"post","link":"https:\/\/www.ringier.com\/fr\/ringier-renforce-sa-position-sur-le-marche-de-le-commerce-en-acquerant-une-participation-majoritaire-dans-mystore-premiere-boutique-en-ligne-outlet-de-suisse-romande\/","title":{"rendered":"Ringier renforce sa position sur le march\u00e9 de l\u2019e-commerce en acqu\u00e9rant une participation majoritaire dans MyStore, premi\u00e8re boutique en ligne outlet de Suisse romande"},"content":{"rendered":"\n<p><a href=\"http:\/\/www.my-store.ch\/\"><em>MyStore<\/em><\/a>&nbsp;est une boutique en ligne outlet fond\u00e9e en 2009 par son actuel CEO John Krief et dont le si\u00e8ge est situ\u00e9 \u00e0 Gen\u00e8ve. Elle s\u2019est sp\u00e9cialis\u00e9e avec succ\u00e8s dans la vente de produits de marques dans les domaines de la mode, des accessoires, chaussures, parfums, montres, voyages, etc. et propose des prix discount allant jusqu\u2019\u00e0 80%.<br><br>Le 15 octobre 2015, Ringier AG acquiert une participation majoritaire de 60% dans&nbsp;<a href=\"http:\/\/www.my-store.ch\/\"><em>MyStore<\/em><\/a>. John et Allen Krief ainsi qu\u2019Alexandre Branquart continuent \u00e0 d\u00e9tenir 40% du capital en actions. En 2016,&nbsp;<a href=\"http:\/\/www.my-store.ch\/\"><em>MyStore<\/em><\/a>&nbsp;et&nbsp;<a href=\"http:\/\/www.deindeal.ch\/\"><em>DeinDeal<\/em><\/a>&nbsp;seront regroup\u00e9es. Le CEO de la nouvelle entreprise sera Beno\u00eet Henry, actuel CEO de&nbsp;<em>DeinDeal<\/em><em>.<\/em>&nbsp;R\u00e9unies, les deux entreprises constitueront la premi\u00e8re plateforme en Suisse d\u2019achats group\u00e9s de Smart shopping. Les trois fondateurs de&nbsp;<a href=\"http:\/\/www.my-store.ch\/\"><em>MyStore<\/em><\/a>&nbsp;restent membres de l\u2019\u00e9quipe de direction. Avec cette acquisition, Ringier ancre la position de&nbsp;<a href=\"http:\/\/www.deindeal.ch\/\"><em>DeinDeal<\/em><\/a>&nbsp;dans l\u2019ensemble de la Suisse tout en faisant b\u00e9n\u00e9ficier \u00e0 l\u2019activit\u00e9 d\u2019une forte pr\u00e9sence en Suisse romande.<br><br>Ringier AG, Corporate Communications<\/p>\n\n\n\n<p>\u00ab<a href=\"http:\/\/www.my-store.ch\/\"><em>MyStore<\/em><\/a>\u00a0et DeinDeal s\u2019accordent tr\u00e8s bien ensemble. Les deux entreprises vont b\u00e9n\u00e9ficier des nouvelles possibilit\u00e9s offertes en termes de vente crois\u00e9e, ainsi que d\u2019importantes synergies dans des secteurs cl\u00e9s.\u00bb Thomas Kaiser, CEO de Ringier Digital<\/p>\n\n\n\n<p>\u00abRingier dispose d\u2019un bilan remarquable dans le domaine du num\u00e9rique et a fait preuve d\u2019un esprit pionnier. Nous sommes ravis de pouvoir franchir une nouvelle \u00e9tape dans le d\u00e9veloppement de notre entreprise avec Ringier et\u00a0<a href=\"http:\/\/www.deindeal.ch\/\"><em>DeinDeal<\/em><\/a>.\u00bb John Krief, CEO MyStore<\/p>\n\n\n\n<p>\u00ab<a href=\"http:\/\/www.deindeal.ch\/\"><em>DeinDeal<\/em><\/a>\u00a0se positionne en tant que plateforme leader de smart shopping en Suisse. Avec son expertise dans l\u2019achat de produits et son ancrage fort en Suisse romande MyStore s\u2019inscrit parfaitement dans cette d\u00e9marche. Une croissance aussi bien du point de vue quantitatif que qualitatif est ainsi assur\u00e9e.\u00bb Benoit Henry, CEO de DeinDeal<\/p>\n\n\n\n<figure class=\"wp-block-image size-full\"><img loading=\"lazy\" decoding=\"async\" width=\"750\" height=\"500\" src=\"https:\/\/www.ringier.com\/wp-content\/uploads\/2021\/08\/screenshot_my-store.ch_web.jpg\" alt=\"\" class=\"wp-image-1251\" srcset=\"https:\/\/www.ringier.com\/wp-content\/uploads\/2021\/08\/screenshot_my-store.ch_web.jpg 750w, https:\/\/www.ringier.com\/wp-content\/uploads\/2021\/08\/screenshot_my-store.ch_web-300x200.jpg 300w\" sizes=\"auto, (max-width: 750px) 100vw, 750px\" \/><\/figure>\n","protected":false},"excerpt":{"rendered":"<p>L\u2019entreprise de presse Ringier acquiert une participation majoritaire de 60% dans la plate-forme suisse d\u2019e-commerce \u00e0 succ\u00e8s MyStore. La boutique en ligne outlet leader en Suisse romande et DeinDeal AG seront regroup\u00e9es d\u00e9but 2016 sous la direction du CEO Benoit Henry. DeinDeal est une filiale d\u00e9tenue \u00e0 100% par Ringier AG. Les actionnaires de MyStore John et Allen Krief, ainsi qu\u2019Alexandre Branquart conservent une participation minoritaire et restent des \u00e9l\u00e9ments importants de l\u2019\u00e9quipe de direction.<\/p>\n","protected":false},"author":23,"featured_media":1247,"comment_status":"closed","ping_status":"open","sticky":false,"template":"","format":"standard","meta":{"inline_featured_image":false,"footnotes":""},"categories":[375],"tags":[],"class_list":["post-1254","post","type-post","status-publish","format-standard","has-post-thumbnail","hentry","category-marketplaces-fr"],"yoast_head":"<!-- This site is optimized with the Yoast SEO Premium plugin v27.0 (Yoast SEO v27.0) - https:\/\/yoast.com\/product\/yoast-seo-premium-wordpress\/ -->\n<title>Ringier renforce sa position sur le march\u00e9 de l\u2019e-commerce en acqu\u00e9rant une participation majoritaire dans MyStore, premi\u00e8re boutique en ligne outlet de Suisse romande - Ringier<\/title>\n<meta name=\"robots\" content=\"index, follow, max-snippet:-1, max-image-preview:large, max-video-preview:-1\" \/>\n<link rel=\"canonical\" href=\"https:\/\/www.ringier.com\/fr\/ringier-renforce-sa-position-sur-le-marche-de-le-commerce-en-acquerant-une-participation-majoritaire-dans-mystore-premiere-boutique-en-ligne-outlet-de-suisse-romande\/\" \/>\n<meta property=\"og:locale\" content=\"fr_FR\" \/>\n<meta property=\"og:type\" content=\"article\" \/>\n<meta property=\"og:title\" content=\"Ringier renforce sa position sur le march\u00e9 de l\u2019e-commerce en acqu\u00e9rant une participation majoritaire dans MyStore, premi\u00e8re boutique en ligne outlet de Suisse romande\" \/>\n<meta property=\"og:description\" content=\"L\u2019entreprise de presse Ringier acquiert une participation majoritaire de 60% dans la plate-forme suisse d\u2019e-commerce \u00e0 succ\u00e8s MyStore. La boutique en ligne outlet leader en Suisse romande et DeinDeal AG seront regroup\u00e9es d\u00e9but 2016 sous la direction du CEO Benoit Henry. DeinDeal est une filiale d\u00e9tenue \u00e0 100% par Ringier AG. Les actionnaires de MyStore John et Allen Krief, ainsi qu\u2019Alexandre Branquart conservent une participation minoritaire et restent des \u00e9l\u00e9ments importants de l\u2019\u00e9quipe de direction.\" \/>\n<meta property=\"og:url\" content=\"https:\/\/www.ringier.com\/fr\/ringier-renforce-sa-position-sur-le-marche-de-le-commerce-en-acquerant-une-participation-majoritaire-dans-mystore-premiere-boutique-en-ligne-outlet-de-suisse-romande\/\" \/>\n<meta property=\"og:site_name\" content=\"Ringier\" \/>\n<meta property=\"article:publisher\" content=\"https:\/\/www.facebook.com\/ringierag\/\" \/>\n<meta property=\"article:published_time\" content=\"2015-10-16T14:43:00+00:00\" \/>\n<meta property=\"article:modified_time\" content=\"2024-11-14T07:33:50+00:00\" \/>\n<meta property=\"og:image\" content=\"https:\/\/www.ringier.com\/wp-content\/uploads\/2021\/08\/logo_mystore_web.jpg\" \/>\n\t<meta property=\"og:image:width\" content=\"750\" \/>\n\t<meta property=\"og:image:height\" content=\"500\" \/>\n\t<meta property=\"og:image:type\" content=\"image\/jpeg\" \/>\n<meta name=\"author\" content=\"Ringier Corporate Communications\" \/>\n<meta name=\"twitter:card\" content=\"summary_large_image\" \/>\n<meta name=\"twitter:creator\" content=\"@ringier_ag\" \/>\n<meta name=\"twitter:site\" content=\"@ringier_ag\" \/>\n<meta name=\"twitter:label1\" content=\"\u00c9crit par\" \/>\n\t<meta name=\"twitter:data1\" content=\"Ringier Corporate Communications\" \/>\n\t<meta name=\"twitter:label2\" content=\"Dur\u00e9e de lecture estim\u00e9e\" \/>\n\t<meta name=\"twitter:data2\" content=\"2 minutes\" \/>\n<script type=\"application\/ld+json\" class=\"yoast-schema-graph\">{\"@context\":\"https:\/\/schema.org\",\"@graph\":[{\"@type\":\"Article\",\"@id\":\"https:\/\/www.ringier.com\/fr\/ringier-renforce-sa-position-sur-le-marche-de-le-commerce-en-acquerant-une-participation-majoritaire-dans-mystore-premiere-boutique-en-ligne-outlet-de-suisse-romande\/#article\",\"isPartOf\":{\"@id\":\"https:\/\/www.ringier.com\/fr\/ringier-renforce-sa-position-sur-le-marche-de-le-commerce-en-acquerant-une-participation-majoritaire-dans-mystore-premiere-boutique-en-ligne-outlet-de-suisse-romande\/\"},\"author\":{\"name\":\"Ringier Corporate Communications\",\"@id\":\"https:\/\/www.ringier.com\/fr\/#\/schema\/person\/4cf76a308dc4b2bb5121bd1e7b752e52\"},\"headline\":\"Ringier renforce sa position sur le march\u00e9 de l\u2019e-commerce en acqu\u00e9rant une participation majoritaire dans MyStore, premi\u00e8re boutique en ligne outlet de Suisse romande\",\"datePublished\":\"2015-10-16T14:43:00+00:00\",\"dateModified\":\"2024-11-14T07:33:50+00:00\",\"mainEntityOfPage\":{\"@id\":\"https:\/\/www.ringier.com\/fr\/ringier-renforce-sa-position-sur-le-marche-de-le-commerce-en-acquerant-une-participation-majoritaire-dans-mystore-premiere-boutique-en-ligne-outlet-de-suisse-romande\/\"},\"wordCount\":356,\"publisher\":{\"@id\":\"https:\/\/www.ringier.com\/fr\/#organization\"},\"image\":{\"@id\":\"https:\/\/www.ringier.com\/fr\/ringier-renforce-sa-position-sur-le-marche-de-le-commerce-en-acquerant-une-participation-majoritaire-dans-mystore-premiere-boutique-en-ligne-outlet-de-suisse-romande\/#primaryimage\"},\"thumbnailUrl\":\"https:\/\/www.ringier.com\/wp-content\/uploads\/2021\/08\/logo_mystore_web.jpg\",\"articleSection\":[\"Marketplaces\"],\"inLanguage\":\"fr-FR\"},{\"@type\":\"WebPage\",\"@id\":\"https:\/\/www.ringier.com\/fr\/ringier-renforce-sa-position-sur-le-marche-de-le-commerce-en-acquerant-une-participation-majoritaire-dans-mystore-premiere-boutique-en-ligne-outlet-de-suisse-romande\/\",\"url\":\"https:\/\/www.ringier.com\/fr\/ringier-renforce-sa-position-sur-le-marche-de-le-commerce-en-acquerant-une-participation-majoritaire-dans-mystore-premiere-boutique-en-ligne-outlet-de-suisse-romande\/\",\"name\":\"Ringier renforce sa position sur le march\u00e9 de l\u2019e-commerce en acqu\u00e9rant une participation majoritaire dans MyStore, premi\u00e8re boutique en ligne outlet de Suisse romande - Ringier\",\"isPartOf\":{\"@id\":\"https:\/\/www.ringier.com\/fr\/#website\"},\"primaryImageOfPage\":{\"@id\":\"https:\/\/www.ringier.com\/fr\/ringier-renforce-sa-position-sur-le-marche-de-le-commerce-en-acquerant-une-participation-majoritaire-dans-mystore-premiere-boutique-en-ligne-outlet-de-suisse-romande\/#primaryimage\"},\"image\":{\"@id\":\"https:\/\/www.ringier.com\/fr\/ringier-renforce-sa-position-sur-le-marche-de-le-commerce-en-acquerant-une-participation-majoritaire-dans-mystore-premiere-boutique-en-ligne-outlet-de-suisse-romande\/#primaryimage\"},\"thumbnailUrl\":\"https:\/\/www.ringier.com\/wp-content\/uploads\/2021\/08\/logo_mystore_web.jpg\",\"datePublished\":\"2015-10-16T14:43:00+00:00\",\"dateModified\":\"2024-11-14T07:33:50+00:00\",\"breadcrumb\":{\"@id\":\"https:\/\/www.ringier.com\/fr\/ringier-renforce-sa-position-sur-le-marche-de-le-commerce-en-acquerant-une-participation-majoritaire-dans-mystore-premiere-boutique-en-ligne-outlet-de-suisse-romande\/#breadcrumb\"},\"inLanguage\":\"fr-FR\",\"potentialAction\":[{\"@type\":\"ReadAction\",\"target\":[\"https:\/\/www.ringier.com\/fr\/ringier-renforce-sa-position-sur-le-marche-de-le-commerce-en-acquerant-une-participation-majoritaire-dans-mystore-premiere-boutique-en-ligne-outlet-de-suisse-romande\/\"]}]},{\"@type\":\"ImageObject\",\"inLanguage\":\"fr-FR\",\"@id\":\"https:\/\/www.ringier.com\/fr\/ringier-renforce-sa-position-sur-le-marche-de-le-commerce-en-acquerant-une-participation-majoritaire-dans-mystore-premiere-boutique-en-ligne-outlet-de-suisse-romande\/#primaryimage\",\"url\":\"https:\/\/www.ringier.com\/wp-content\/uploads\/2021\/08\/logo_mystore_web.jpg\",\"contentUrl\":\"https:\/\/www.ringier.com\/wp-content\/uploads\/2021\/08\/logo_mystore_web.jpg\",\"width\":750,\"height\":500},{\"@type\":\"BreadcrumbList\",\"@id\":\"https:\/\/www.ringier.com\/fr\/ringier-renforce-sa-position-sur-le-marche-de-le-commerce-en-acquerant-une-participation-majoritaire-dans-mystore-premiere-boutique-en-ligne-outlet-de-suisse-romande\/#breadcrumb\",\"itemListElement\":[{\"@type\":\"ListItem\",\"position\":1,\"name\":\"Home\",\"item\":\"https:\/\/www.ringier.com\/fr\/\"},{\"@type\":\"ListItem\",\"position\":2,\"name\":\"Ringier renforce sa position sur le march\u00e9 de l\u2019e-commerce en acqu\u00e9rant une participation majoritaire dans MyStore, premi\u00e8re boutique en ligne outlet de Suisse romande\"}]},{\"@type\":\"WebSite\",\"@id\":\"https:\/\/www.ringier.com\/fr\/#website\",\"url\":\"https:\/\/www.ringier.com\/fr\/\",\"name\":\"Ringier\",\"description\":\"We inform. We entertain. We connect\",\"publisher\":{\"@id\":\"https:\/\/www.ringier.com\/fr\/#organization\"},\"potentialAction\":[{\"@type\":\"SearchAction\",\"target\":{\"@type\":\"EntryPoint\",\"urlTemplate\":\"https:\/\/www.ringier.com\/fr\/?s={search_term_string}\"},\"query-input\":{\"@type\":\"PropertyValueSpecification\",\"valueRequired\":true,\"valueName\":\"search_term_string\"}}],\"inLanguage\":\"fr-FR\"},{\"@type\":\"Organization\",\"@id\":\"https:\/\/www.ringier.com\/fr\/#organization\",\"name\":\"Ringier\",\"url\":\"https:\/\/www.ringier.com\/fr\/\",\"logo\":{\"@type\":\"ImageObject\",\"inLanguage\":\"fr-FR\",\"@id\":\"https:\/\/www.ringier.com\/fr\/#\/schema\/logo\/image\/\",\"url\":\"https:\/\/www.ringier.com\/wp-content\/uploads\/2021\/10\/ringier_logo_2.jpg\",\"contentUrl\":\"https:\/\/www.ringier.com\/wp-content\/uploads\/2021\/10\/ringier_logo_2.jpg\",\"width\":750,\"height\":550,\"caption\":\"Ringier\"},\"image\":{\"@id\":\"https:\/\/www.ringier.com\/fr\/#\/schema\/logo\/image\/\"},\"sameAs\":[\"https:\/\/www.facebook.com\/ringierag\/\",\"https:\/\/x.com\/ringier_ag\",\"https:\/\/www.instagram.com\/ringier_ag\/\",\"https:\/\/www.linkedin.com\/company\/ringier\/\",\"https:\/\/www.youtube.com\/user\/RingierComm\",\"https:\/\/en.wikipedia.org\/wiki\/Ringier\",\"https:\/\/de.wikipedia.org\/wiki\/Ringier\",\"https:\/\/fr.wikipedia.org\/wiki\/Ringier\",\"https:\/\/www.crunchbase.com\/organization\/ringier-ag\"]},{\"@type\":\"Person\",\"@id\":\"https:\/\/www.ringier.com\/fr\/#\/schema\/person\/4cf76a308dc4b2bb5121bd1e7b752e52\",\"name\":\"Ringier Corporate Communications\",\"image\":{\"@type\":\"ImageObject\",\"inLanguage\":\"fr-FR\",\"@id\":\"https:\/\/www.ringier.com\/fr\/#\/schema\/person\/image\/\",\"url\":\"https:\/\/secure.gravatar.com\/avatar\/9391e20481368d5df4fe3e1e476c13b27786347489822ec1ed07e532bb41f587?s=96&d=mm&r=g\",\"contentUrl\":\"https:\/\/secure.gravatar.com\/avatar\/9391e20481368d5df4fe3e1e476c13b27786347489822ec1ed07e532bb41f587?s=96&d=mm&r=g\",\"caption\":\"Ringier Corporate Communications\"},\"sameAs\":[\"https:\/\/www.ringier.com\"]}]}<\/script>\n<!-- \/ Yoast SEO Premium plugin. -->","yoast_head_json":{"title":"Ringier renforce sa position sur le march\u00e9 de l\u2019e-commerce en acqu\u00e9rant une participation majoritaire dans MyStore, premi\u00e8re boutique en ligne outlet de Suisse romande - Ringier","robots":{"index":"index","follow":"follow","max-snippet":"max-snippet:-1","max-image-preview":"max-image-preview:large","max-video-preview":"max-video-preview:-1"},"canonical":"https:\/\/www.ringier.com\/fr\/ringier-renforce-sa-position-sur-le-marche-de-le-commerce-en-acquerant-une-participation-majoritaire-dans-mystore-premiere-boutique-en-ligne-outlet-de-suisse-romande\/","og_locale":"fr_FR","og_type":"article","og_title":"Ringier renforce sa position sur le march\u00e9 de l\u2019e-commerce en acqu\u00e9rant une participation majoritaire dans MyStore, premi\u00e8re boutique en ligne outlet de Suisse romande","og_description":"L\u2019entreprise de presse Ringier acquiert une participation majoritaire de 60% dans la plate-forme suisse d\u2019e-commerce \u00e0 succ\u00e8s MyStore. La boutique en ligne outlet leader en Suisse romande et DeinDeal AG seront regroup\u00e9es d\u00e9but 2016 sous la direction du CEO Benoit Henry. DeinDeal est une filiale d\u00e9tenue \u00e0 100% par Ringier AG. Les actionnaires de MyStore John et Allen Krief, ainsi qu\u2019Alexandre Branquart conservent une participation minoritaire et restent des \u00e9l\u00e9ments importants de l\u2019\u00e9quipe de direction.","og_url":"https:\/\/www.ringier.com\/fr\/ringier-renforce-sa-position-sur-le-marche-de-le-commerce-en-acquerant-une-participation-majoritaire-dans-mystore-premiere-boutique-en-ligne-outlet-de-suisse-romande\/","og_site_name":"Ringier","article_publisher":"https:\/\/www.facebook.com\/ringierag\/","article_published_time":"2015-10-16T14:43:00+00:00","article_modified_time":"2024-11-14T07:33:50+00:00","og_image":[{"width":750,"height":500,"url":"https:\/\/www.ringier.com\/wp-content\/uploads\/2021\/08\/logo_mystore_web.jpg","type":"image\/jpeg"}],"author":"Ringier Corporate Communications","twitter_card":"summary_large_image","twitter_creator":"@ringier_ag","twitter_site":"@ringier_ag","twitter_misc":{"\u00c9crit par":"Ringier Corporate Communications","Dur\u00e9e de lecture estim\u00e9e":"2 minutes"},"schema":{"@context":"https:\/\/schema.org","@graph":[{"@type":"Article","@id":"https:\/\/www.ringier.com\/fr\/ringier-renforce-sa-position-sur-le-marche-de-le-commerce-en-acquerant-une-participation-majoritaire-dans-mystore-premiere-boutique-en-ligne-outlet-de-suisse-romande\/#article","isPartOf":{"@id":"https:\/\/www.ringier.com\/fr\/ringier-renforce-sa-position-sur-le-marche-de-le-commerce-en-acquerant-une-participation-majoritaire-dans-mystore-premiere-boutique-en-ligne-outlet-de-suisse-romande\/"},"author":{"name":"Ringier Corporate Communications","@id":"https:\/\/www.ringier.com\/fr\/#\/schema\/person\/4cf76a308dc4b2bb5121bd1e7b752e52"},"headline":"Ringier renforce sa position sur le march\u00e9 de l\u2019e-commerce en acqu\u00e9rant une participation majoritaire dans MyStore, premi\u00e8re boutique en ligne outlet de Suisse romande","datePublished":"2015-10-16T14:43:00+00:00","dateModified":"2024-11-14T07:33:50+00:00","mainEntityOfPage":{"@id":"https:\/\/www.ringier.com\/fr\/ringier-renforce-sa-position-sur-le-marche-de-le-commerce-en-acquerant-une-participation-majoritaire-dans-mystore-premiere-boutique-en-ligne-outlet-de-suisse-romande\/"},"wordCount":356,"publisher":{"@id":"https:\/\/www.ringier.com\/fr\/#organization"},"image":{"@id":"https:\/\/www.ringier.com\/fr\/ringier-renforce-sa-position-sur-le-marche-de-le-commerce-en-acquerant-une-participation-majoritaire-dans-mystore-premiere-boutique-en-ligne-outlet-de-suisse-romande\/#primaryimage"},"thumbnailUrl":"https:\/\/www.ringier.com\/wp-content\/uploads\/2021\/08\/logo_mystore_web.jpg","articleSection":["Marketplaces"],"inLanguage":"fr-FR"},{"@type":"WebPage","@id":"https:\/\/www.ringier.com\/fr\/ringier-renforce-sa-position-sur-le-marche-de-le-commerce-en-acquerant-une-participation-majoritaire-dans-mystore-premiere-boutique-en-ligne-outlet-de-suisse-romande\/","url":"https:\/\/www.ringier.com\/fr\/ringier-renforce-sa-position-sur-le-marche-de-le-commerce-en-acquerant-une-participation-majoritaire-dans-mystore-premiere-boutique-en-ligne-outlet-de-suisse-romande\/","name":"Ringier renforce sa position sur le march\u00e9 de l\u2019e-commerce en acqu\u00e9rant une participation majoritaire dans MyStore, premi\u00e8re boutique en ligne outlet de Suisse romande - Ringier","isPartOf":{"@id":"https:\/\/www.ringier.com\/fr\/#website"},"primaryImageOfPage":{"@id":"https:\/\/www.ringier.com\/fr\/ringier-renforce-sa-position-sur-le-marche-de-le-commerce-en-acquerant-une-participation-majoritaire-dans-mystore-premiere-boutique-en-ligne-outlet-de-suisse-romande\/#primaryimage"},"image":{"@id":"https:\/\/www.ringier.com\/fr\/ringier-renforce-sa-position-sur-le-marche-de-le-commerce-en-acquerant-une-participation-majoritaire-dans-mystore-premiere-boutique-en-ligne-outlet-de-suisse-romande\/#primaryimage"},"thumbnailUrl":"https:\/\/www.ringier.com\/wp-content\/uploads\/2021\/08\/logo_mystore_web.jpg","datePublished":"2015-10-16T14:43:00+00:00","dateModified":"2024-11-14T07:33:50+00:00","breadcrumb":{"@id":"https:\/\/www.ringier.com\/fr\/ringier-renforce-sa-position-sur-le-marche-de-le-commerce-en-acquerant-une-participation-majoritaire-dans-mystore-premiere-boutique-en-ligne-outlet-de-suisse-romande\/#breadcrumb"},"inLanguage":"fr-FR","potentialAction":[{"@type":"ReadAction","target":["https:\/\/www.ringier.com\/fr\/ringier-renforce-sa-position-sur-le-marche-de-le-commerce-en-acquerant-une-participation-majoritaire-dans-mystore-premiere-boutique-en-ligne-outlet-de-suisse-romande\/"]}]},{"@type":"ImageObject","inLanguage":"fr-FR","@id":"https:\/\/www.ringier.com\/fr\/ringier-renforce-sa-position-sur-le-marche-de-le-commerce-en-acquerant-une-participation-majoritaire-dans-mystore-premiere-boutique-en-ligne-outlet-de-suisse-romande\/#primaryimage","url":"https:\/\/www.ringier.com\/wp-content\/uploads\/2021\/08\/logo_mystore_web.jpg","contentUrl":"https:\/\/www.ringier.com\/wp-content\/uploads\/2021\/08\/logo_mystore_web.jpg","width":750,"height":500},{"@type":"BreadcrumbList","@id":"https:\/\/www.ringier.com\/fr\/ringier-renforce-sa-position-sur-le-marche-de-le-commerce-en-acquerant-une-participation-majoritaire-dans-mystore-premiere-boutique-en-ligne-outlet-de-suisse-romande\/#breadcrumb","itemListElement":[{"@type":"ListItem","position":1,"name":"Home","item":"https:\/\/www.ringier.com\/fr\/"},{"@type":"ListItem","position":2,"name":"Ringier renforce sa position sur le march\u00e9 de l\u2019e-commerce en acqu\u00e9rant une participation majoritaire dans MyStore, premi\u00e8re boutique en ligne outlet de Suisse romande"}]},{"@type":"WebSite","@id":"https:\/\/www.ringier.com\/fr\/#website","url":"https:\/\/www.ringier.com\/fr\/","name":"Ringier","description":"We inform. We entertain. We connect","publisher":{"@id":"https:\/\/www.ringier.com\/fr\/#organization"},"potentialAction":[{"@type":"SearchAction","target":{"@type":"EntryPoint","urlTemplate":"https:\/\/www.ringier.com\/fr\/?s={search_term_string}"},"query-input":{"@type":"PropertyValueSpecification","valueRequired":true,"valueName":"search_term_string"}}],"inLanguage":"fr-FR"},{"@type":"Organization","@id":"https:\/\/www.ringier.com\/fr\/#organization","name":"Ringier","url":"https:\/\/www.ringier.com\/fr\/","logo":{"@type":"ImageObject","inLanguage":"fr-FR","@id":"https:\/\/www.ringier.com\/fr\/#\/schema\/logo\/image\/","url":"https:\/\/www.ringier.com\/wp-content\/uploads\/2021\/10\/ringier_logo_2.jpg","contentUrl":"https:\/\/www.ringier.com\/wp-content\/uploads\/2021\/10\/ringier_logo_2.jpg","width":750,"height":550,"caption":"Ringier"},"image":{"@id":"https:\/\/www.ringier.com\/fr\/#\/schema\/logo\/image\/"},"sameAs":["https:\/\/www.facebook.com\/ringierag\/","https:\/\/x.com\/ringier_ag","https:\/\/www.instagram.com\/ringier_ag\/","https:\/\/www.linkedin.com\/company\/ringier\/","https:\/\/www.youtube.com\/user\/RingierComm","https:\/\/en.wikipedia.org\/wiki\/Ringier","https:\/\/de.wikipedia.org\/wiki\/Ringier","https:\/\/fr.wikipedia.org\/wiki\/Ringier","https:\/\/www.crunchbase.com\/organization\/ringier-ag"]},{"@type":"Person","@id":"https:\/\/www.ringier.com\/fr\/#\/schema\/person\/4cf76a308dc4b2bb5121bd1e7b752e52","name":"Ringier Corporate Communications","image":{"@type":"ImageObject","inLanguage":"fr-FR","@id":"https:\/\/www.ringier.com\/fr\/#\/schema\/person\/image\/","url":"https:\/\/secure.gravatar.com\/avatar\/9391e20481368d5df4fe3e1e476c13b27786347489822ec1ed07e532bb41f587?s=96&d=mm&r=g","contentUrl":"https:\/\/secure.gravatar.com\/avatar\/9391e20481368d5df4fe3e1e476c13b27786347489822ec1ed07e532bb41f587?s=96&d=mm&r=g","caption":"Ringier Corporate Communications"},"sameAs":["https:\/\/www.ringier.com"]}]}},"_links":{"self":[{"href":"https:\/\/www.ringier.com\/fr\/wp-json\/wp\/v2\/posts\/1254","targetHints":{"allow":["GET"]}}],"collection":[{"href":"https:\/\/www.ringier.com\/fr\/wp-json\/wp\/v2\/posts"}],"about":[{"href":"https:\/\/www.ringier.com\/fr\/wp-json\/wp\/v2\/types\/post"}],"author":[{"embeddable":true,"href":"https:\/\/www.ringier.com\/fr\/wp-json\/wp\/v2\/users\/23"}],"replies":[{"embeddable":true,"href":"https:\/\/www.ringier.com\/fr\/wp-json\/wp\/v2\/comments?post=1254"}],"version-history":[{"count":0,"href":"https:\/\/www.ringier.com\/fr\/wp-json\/wp\/v2\/posts\/1254\/revisions"}],"wp:featuredmedia":[{"embeddable":true,"href":"https:\/\/www.ringier.com\/fr\/wp-json\/wp\/v2\/media\/1247"}],"wp:attachment":[{"href":"https:\/\/www.ringier.com\/fr\/wp-json\/wp\/v2\/media?parent=1254"}],"wp:term":[{"taxonomy":"category","embeddable":true,"href":"https:\/\/www.ringier.com\/fr\/wp-json\/wp\/v2\/categories?post=1254"},{"taxonomy":"post_tag","embeddable":true,"href":"https:\/\/www.ringier.com\/fr\/wp-json\/wp\/v2\/tags?post=1254"}],"curies":[{"name":"wp","href":"https:\/\/api.w.org\/{rel}","templated":true}]}}