{"id":1189,"date":"2016-12-10T14:18:00","date_gmt":"2016-12-10T13:18:00","guid":{"rendered":"https:\/\/www.ringier.com\/?p=1189"},"modified":"2025-06-27T16:07:38","modified_gmt":"2025-06-27T14:07:38","slug":"premiere-remise-du-webvideopreis-suisse","status":"publish","type":"post","link":"https:\/\/www.ringier.com\/fr\/premiere-remise-du-webvideopreis-suisse\/","title":{"rendered":"Premi\u00e8re remise du \u00abWebvideopreis Suisse\u00bb"},"content":{"rendered":"\n<p>Samedi, 600 invit\u00e9s se sont rendus au StageOne de Zurich Oerlikon pour f\u00eater tous ensemble les meilleures vid\u00e9os du web et la forte coh\u00e9sion d\u2019une jeune communaut\u00e9 qui ne cesse de cro\u00eetre. Les internautes ont suivi en streaming la c\u00e9r\u00e9monie de remise des prix du premier \u00abWebvideopreis Suisse\u00bb sur les cha\u00eene internet de la radio et de la t\u00e9l\u00e9vision suisses, de Ringier et de Swisscom, mais aussi sur Youtube et Facebook. Apr\u00e8s une pr\u00e9s\u00e9lection de l\u2019acad\u00e9mie exclusivement compos\u00e9e de youtubeurs suisses, les fans ont choisi en votant quels seraient les gagnants qui, dans les huit cat\u00e9gories, auraient l\u2019honneur de remporter chez eux les troph\u00e9es du premier Prix vid\u00e9o Web Suisse:<br><br>Le pr\u00e9sident de l\u2019acad\u00e9mie, Lionel de<a href=\"https:\/\/www.youtube.com\/channel\/UCndi9zHvIDYa1Tp6vXJqHxA\">&nbsp;\u00abAsk Switzerland\u00bb<\/a>, a remis le prestigieux prix de la&nbsp;<strong>\u00abBest Video of the Year\u00bb<\/strong>&nbsp;\u00e0<a href=\"https:\/\/www.youtube.com\/channel\/UCJFjZNEaZvvJHRsTlmIjjYg\">&nbsp;HalfTimeNerds<\/a>. Leur court-m\u00e9trage d\u2019espionnage<a href=\"https:\/\/www.youtube.com\/watch?v=uA1IrOeeWJw\">&nbsp;\u00abParallel\u00bb<\/a>&nbsp;a s\u00e9duit le public par ses nombreuses sc\u00e8nes d\u2019action et ses effets sp\u00e9ciaux. Dans la cat\u00e9gorie&nbsp;<strong>\u00abPerson of the Year\u00bb<\/strong>,<a href=\"http:\/\/instagram.com\/gabirano\">&nbsp;Gabirano<\/a>&nbsp;a \u00e9t\u00e9 distingu\u00e9. Il a re\u00e7u son prix des mains de la \u00abPerson of the Year\u00bb du \u00abWebvideopreis\u00bb en Allemagne,&nbsp;<a href=\"https:\/\/www.youtube.com\/user\/JulienBam\">Julien Bam<\/a>, qui compte lui-m\u00eame plus de trois millions d\u2019abonn\u00e9s sur Youtube.<br><br>Les gagnants des autres cat\u00e9gories et les pr\u00e9sentateurs qui leur ont remis leurs prix respectifs sont:<br><br><strong>Lifestyle<\/strong><br><a href=\"https:\/\/www.youtube.com\/watch?v=fz8fvcpBoqs\">Faithincuteness \u2013 Summer Vibes Lookbook 2016<\/a><br>Pr\u00e9sentateur: Rob Crispy, star de Youtube en Allemagne<\/p>\n\n\n\n<p><strong>Comedy<\/strong><br><a href=\"https:\/\/www.instagram.com\/p\/BJqYNAYAgCi\/\">Zekisworld \u2013 Wenn Aliens bi eus lande w\u00fcrde<\/a><br>Pr\u00e9sentateur: Charles Nguela<br><br><strong>Vid\u00e9o \u00e0 360 degr\u00e9s<\/strong><br>Dominik Baumann pour<a href=\"https:\/\/www.youtube.com\/watch?v=_M3aVgDZXZw\">\u00a0Blick VR \u2013 Mit Kampfjet-Pilot \u00abGandalf\u00bb im Cockpit der Patrouille Suisse<\/a><br>Pr\u00e9sentatrice: Sara Bachmann de \u00abSara machts\u00bb<br><br><strong>Music<\/strong><br><a href=\"https:\/\/youtu.be\/Xk87BLJmI3w\">Nickless \u2013 Princess<\/a><br>Pr\u00e9sentateur: Luca H\u00e4nni<br><br><strong>Sports<\/strong><br><a href=\"https:\/\/www.youtube.com\/watch?v=_d1vmVs4II8\">Freerun Zurich \u2013 Somewhere with us<\/a><br>Pr\u00e9sentateur:\u00a0<a href=\"https:\/\/www.youtube.com\/user\/fabiandoerig\">Fabian Doerig<\/a>, membre de l&rsquo;acad\u00e9mie<br><br><strong>Gaming<\/strong><br><a href=\"https:\/\/www.youtube.com\/watch?v=6-RerthVB54&amp;feature=youtu.be\">FadeoutTrashTV \u2013 The Revenge Pok\u00e9mon Go \u2013 Prank!<\/a><br>Pr\u00e9sentateur: Nick Mellow<br><br>Les deux animateurs radio de la SRF 3 Rosanna Gr\u00fcter et Stefan B\u00fcsser ont comment\u00e9 la soir\u00e9e de bout en bout. Les interm\u00e8des musicaux ont \u00e9t\u00e9 confi\u00e9s au jeune rappeur suisse Nemo et au combo zurichois en vogue, Dabu Fantastic.\u00a0<br><br><br>Toutes les photos:\u00a0<a href=\"https:\/\/www.flickr.com\/photos\/wvpch\/\">https:\/\/www.flickr.com\/photos\/wvpch\/<\/a><\/p>\n\n\n\n<figure class=\"wp-block-image\"><img decoding=\"async\" src=\"https:\/\/www.ringier.ch\/sites\/default\/files\/styles\/full-page\/public\/images\/wvp_mailchimp.jpg?itok=W3dEUn7V\" alt=\"\"\/><\/figure>\n\n\n\n<p><strong>\u00c0 propos du Webvideopreis Suisse:<\/strong><\/p>\n\n\n\n<p>Il y a six ans, en Allemagne, l\u2019European Webvideo Academy (EWVA) attribuait pour la premi\u00e8re fois le prix de la vid\u00e9o sur le web dans diff\u00e9rentes cat\u00e9gories. Manifestation de relativement petite envergure au d\u00e9part, suivie par quelque 200&nbsp;spectateurs, le concept est tr\u00e8s rapidement devenu un des prix des m\u00e9dias les plus importants de l\u2019espace germanophone. En juin 2016, plus de 2000 invit\u00e9s ont assist\u00e9 au gala, et des centaines de milliers de spectateurs l\u2019ont suivi en direct sur Youtube, Twitch et Facebook. Les vid\u00e9os de la manifestation ont \u00e9t\u00e9 consult\u00e9es en moyenne 6 millions de fois sur Youtube. Les partenaires d\u2019<em>Admeira<\/em>, Ringier, Swisscom et SRF, lancent en 2016 le premier Prix vid\u00e9o Web Suisse. Ce prix r\u00e9compensera la cr\u00e9ation de vid\u00e9os pour le web en Suisse, qui jouit d\u2019une belle diversit\u00e9.<br><br><strong>Ringier&nbsp;<\/strong>est une entreprise de m\u00e9dias aux activit\u00e9s diversifi\u00e9es, pr\u00e9sente dans 16 pays et comptant pr\u00e8s de 6&rsquo;500 collaboratrices et collaborateurs. Fond\u00e9e en 1833, Ringier dirige des marques de m\u00e9dias dans la presse imprim\u00e9e, \u00e0 la t\u00e9l\u00e9vision, \u00e0 la radio, sur Internet et sur les supports mobiles. Elle est active dans les secteurs de l\u2019imprimerie, du divertissement et du commerce en ligne. Riche d\u2019une histoire de plus de 180 ans, Ringier est synonyme d\u2019innovation, d\u2019ind\u00e9pendance, de libert\u00e9 d\u2019opinion et de diversit\u00e9 de l\u2019information. Ringier est une entreprise familiale suisse dont les activit\u00e9s principales se situent \u00e0 Zurich.<\/p>\n","protected":false},"excerpt":{"rendered":"<p>Les gagnants du premier \u00abWebvideopreis Suisse\u00bb ont \u00e9t\u00e9 \u00e9lus. Le samedi 10 d\u00e9cembre, les prix ont \u00e9t\u00e9 d\u00e9cern\u00e9s aux vainqueurs des huit cat\u00e9gories, \u00e0 l\u2019occasion d\u2019une grande c\u00e9r\u00e9monie de remise des prix organis\u00e9e au StageOne \u00e0 Zurich Oerlikon. Des stars de Youtube comme Julien Bam ainsi que de jeunes chanteurs suisses, tels que le rappeur Nemo et Dabu Fantastic, ont particip\u00e9 au spectacle pr\u00e9sent\u00e9 par les deux animateurs radio de la SRF 3 Rosanna Gr\u00fcter et Stefan B\u00fcsser. <\/p>\n","protected":false},"author":23,"featured_media":1190,"comment_status":"closed","ping_status":"open","sticky":false,"template":"","format":"standard","meta":{"inline_featured_image":false,"footnotes":""},"categories":[43],"tags":[],"class_list":["post-1189","post","type-post","status-publish","format-standard","has-post-thumbnail","hentry","category-corporate-fr"],"yoast_head":"<!-- This site is optimized with the Yoast SEO Premium plugin v27.0 (Yoast SEO v27.0) - https:\/\/yoast.com\/product\/yoast-seo-premium-wordpress\/ -->\n<title>Premi\u00e8re remise du \u00abWebvideopreis Suisse\u00bb - Ringier<\/title>\n<meta name=\"robots\" content=\"index, follow, max-snippet:-1, max-image-preview:large, max-video-preview:-1\" \/>\n<link rel=\"canonical\" href=\"https:\/\/www.ringier.com\/fr\/premiere-remise-du-webvideopreis-suisse\/\" \/>\n<meta property=\"og:locale\" content=\"fr_FR\" \/>\n<meta property=\"og:type\" content=\"article\" \/>\n<meta property=\"og:title\" content=\"Premi\u00e8re remise du \u00abWebvideopreis Suisse\u00bb\" \/>\n<meta property=\"og:description\" content=\"Les gagnants du premier \u00abWebvideopreis Suisse\u00bb ont \u00e9t\u00e9 \u00e9lus. Le samedi 10 d\u00e9cembre, les prix ont \u00e9t\u00e9 d\u00e9cern\u00e9s aux vainqueurs des huit cat\u00e9gories, \u00e0 l\u2019occasion d\u2019une grande c\u00e9r\u00e9monie de remise des prix organis\u00e9e au StageOne \u00e0 Zurich Oerlikon. Des stars de Youtube comme Julien Bam ainsi que de jeunes chanteurs suisses, tels que le rappeur Nemo et Dabu Fantastic, ont particip\u00e9 au spectacle pr\u00e9sent\u00e9 par les deux animateurs radio de la SRF 3 Rosanna Gr\u00fcter et Stefan B\u00fcsser.\" \/>\n<meta property=\"og:url\" content=\"https:\/\/www.ringier.com\/fr\/premiere-remise-du-webvideopreis-suisse\/\" \/>\n<meta property=\"og:site_name\" content=\"Ringier\" \/>\n<meta property=\"article:publisher\" content=\"https:\/\/www.facebook.com\/ringierag\/\" \/>\n<meta property=\"article:published_time\" content=\"2016-12-10T13:18:00+00:00\" \/>\n<meta property=\"article:modified_time\" content=\"2025-06-27T14:07:38+00:00\" \/>\n<meta property=\"og:image\" content=\"https:\/\/www.ringier.com\/wp-content\/uploads\/2021\/08\/webvideopreis.jpg\" \/>\n\t<meta property=\"og:image:width\" content=\"600\" \/>\n\t<meta property=\"og:image:height\" content=\"400\" \/>\n\t<meta property=\"og:image:type\" content=\"image\/jpeg\" \/>\n<meta name=\"author\" content=\"Ringier Corporate Communications\" \/>\n<meta name=\"twitter:card\" content=\"summary_large_image\" \/>\n<meta name=\"twitter:creator\" content=\"@ringier_ag\" \/>\n<meta name=\"twitter:site\" content=\"@ringier_ag\" \/>\n<meta name=\"twitter:label1\" content=\"\u00c9crit par\" \/>\n\t<meta name=\"twitter:data1\" content=\"Ringier Corporate Communications\" \/>\n\t<meta name=\"twitter:label2\" content=\"Dur\u00e9e de lecture estim\u00e9e\" \/>\n\t<meta name=\"twitter:data2\" content=\"4 minutes\" \/>\n<script type=\"application\/ld+json\" class=\"yoast-schema-graph\">{\"@context\":\"https:\/\/schema.org\",\"@graph\":[{\"@type\":\"Article\",\"@id\":\"https:\/\/www.ringier.com\/fr\/premiere-remise-du-webvideopreis-suisse\/#article\",\"isPartOf\":{\"@id\":\"https:\/\/www.ringier.com\/fr\/premiere-remise-du-webvideopreis-suisse\/\"},\"author\":{\"name\":\"Ringier Corporate Communications\",\"@id\":\"https:\/\/www.ringier.com\/fr\/#\/schema\/person\/4cf76a308dc4b2bb5121bd1e7b752e52\"},\"headline\":\"Premi\u00e8re remise du \u00abWebvideopreis Suisse\u00bb\",\"datePublished\":\"2016-12-10T13:18:00+00:00\",\"dateModified\":\"2025-06-27T14:07:38+00:00\",\"mainEntityOfPage\":{\"@id\":\"https:\/\/www.ringier.com\/fr\/premiere-remise-du-webvideopreis-suisse\/\"},\"wordCount\":655,\"publisher\":{\"@id\":\"https:\/\/www.ringier.com\/fr\/#organization\"},\"image\":{\"@id\":\"https:\/\/www.ringier.com\/fr\/premiere-remise-du-webvideopreis-suisse\/#primaryimage\"},\"thumbnailUrl\":\"https:\/\/www.ringier.com\/wp-content\/uploads\/2021\/08\/webvideopreis.jpg\",\"articleSection\":[\"Corporate\"],\"inLanguage\":\"fr-FR\"},{\"@type\":\"WebPage\",\"@id\":\"https:\/\/www.ringier.com\/fr\/premiere-remise-du-webvideopreis-suisse\/\",\"url\":\"https:\/\/www.ringier.com\/fr\/premiere-remise-du-webvideopreis-suisse\/\",\"name\":\"Premi\u00e8re remise du \u00abWebvideopreis Suisse\u00bb - Ringier\",\"isPartOf\":{\"@id\":\"https:\/\/www.ringier.com\/fr\/#website\"},\"primaryImageOfPage\":{\"@id\":\"https:\/\/www.ringier.com\/fr\/premiere-remise-du-webvideopreis-suisse\/#primaryimage\"},\"image\":{\"@id\":\"https:\/\/www.ringier.com\/fr\/premiere-remise-du-webvideopreis-suisse\/#primaryimage\"},\"thumbnailUrl\":\"https:\/\/www.ringier.com\/wp-content\/uploads\/2021\/08\/webvideopreis.jpg\",\"datePublished\":\"2016-12-10T13:18:00+00:00\",\"dateModified\":\"2025-06-27T14:07:38+00:00\",\"breadcrumb\":{\"@id\":\"https:\/\/www.ringier.com\/fr\/premiere-remise-du-webvideopreis-suisse\/#breadcrumb\"},\"inLanguage\":\"fr-FR\",\"potentialAction\":[{\"@type\":\"ReadAction\",\"target\":[\"https:\/\/www.ringier.com\/fr\/premiere-remise-du-webvideopreis-suisse\/\"]}]},{\"@type\":\"ImageObject\",\"inLanguage\":\"fr-FR\",\"@id\":\"https:\/\/www.ringier.com\/fr\/premiere-remise-du-webvideopreis-suisse\/#primaryimage\",\"url\":\"https:\/\/www.ringier.com\/wp-content\/uploads\/2021\/08\/webvideopreis.jpg\",\"contentUrl\":\"https:\/\/www.ringier.com\/wp-content\/uploads\/2021\/08\/webvideopreis.jpg\",\"width\":600,\"height\":400},{\"@type\":\"BreadcrumbList\",\"@id\":\"https:\/\/www.ringier.com\/fr\/premiere-remise-du-webvideopreis-suisse\/#breadcrumb\",\"itemListElement\":[{\"@type\":\"ListItem\",\"position\":1,\"name\":\"Home\",\"item\":\"https:\/\/www.ringier.com\/fr\/\"},{\"@type\":\"ListItem\",\"position\":2,\"name\":\"Premi\u00e8re remise du \u00abWebvideopreis Suisse\u00bb\"}]},{\"@type\":\"WebSite\",\"@id\":\"https:\/\/www.ringier.com\/fr\/#website\",\"url\":\"https:\/\/www.ringier.com\/fr\/\",\"name\":\"Ringier\",\"description\":\"We inform. We entertain. We connect\",\"publisher\":{\"@id\":\"https:\/\/www.ringier.com\/fr\/#organization\"},\"potentialAction\":[{\"@type\":\"SearchAction\",\"target\":{\"@type\":\"EntryPoint\",\"urlTemplate\":\"https:\/\/www.ringier.com\/fr\/?s={search_term_string}\"},\"query-input\":{\"@type\":\"PropertyValueSpecification\",\"valueRequired\":true,\"valueName\":\"search_term_string\"}}],\"inLanguage\":\"fr-FR\"},{\"@type\":\"Organization\",\"@id\":\"https:\/\/www.ringier.com\/fr\/#organization\",\"name\":\"Ringier\",\"url\":\"https:\/\/www.ringier.com\/fr\/\",\"logo\":{\"@type\":\"ImageObject\",\"inLanguage\":\"fr-FR\",\"@id\":\"https:\/\/www.ringier.com\/fr\/#\/schema\/logo\/image\/\",\"url\":\"https:\/\/www.ringier.com\/wp-content\/uploads\/2021\/10\/ringier_logo_2.jpg\",\"contentUrl\":\"https:\/\/www.ringier.com\/wp-content\/uploads\/2021\/10\/ringier_logo_2.jpg\",\"width\":750,\"height\":550,\"caption\":\"Ringier\"},\"image\":{\"@id\":\"https:\/\/www.ringier.com\/fr\/#\/schema\/logo\/image\/\"},\"sameAs\":[\"https:\/\/www.facebook.com\/ringierag\/\",\"https:\/\/x.com\/ringier_ag\",\"https:\/\/www.instagram.com\/ringier_ag\/\",\"https:\/\/www.linkedin.com\/company\/ringier\/\",\"https:\/\/www.youtube.com\/user\/RingierComm\",\"https:\/\/en.wikipedia.org\/wiki\/Ringier\",\"https:\/\/de.wikipedia.org\/wiki\/Ringier\",\"https:\/\/fr.wikipedia.org\/wiki\/Ringier\",\"https:\/\/www.crunchbase.com\/organization\/ringier-ag\"]},{\"@type\":\"Person\",\"@id\":\"https:\/\/www.ringier.com\/fr\/#\/schema\/person\/4cf76a308dc4b2bb5121bd1e7b752e52\",\"name\":\"Ringier Corporate Communications\",\"image\":{\"@type\":\"ImageObject\",\"inLanguage\":\"fr-FR\",\"@id\":\"https:\/\/www.ringier.com\/fr\/#\/schema\/person\/image\/\",\"url\":\"https:\/\/secure.gravatar.com\/avatar\/9391e20481368d5df4fe3e1e476c13b27786347489822ec1ed07e532bb41f587?s=96&d=mm&r=g\",\"contentUrl\":\"https:\/\/secure.gravatar.com\/avatar\/9391e20481368d5df4fe3e1e476c13b27786347489822ec1ed07e532bb41f587?s=96&d=mm&r=g\",\"caption\":\"Ringier Corporate Communications\"},\"sameAs\":[\"https:\/\/www.ringier.com\"]}]}<\/script>\n<!-- \/ Yoast SEO Premium plugin. -->","yoast_head_json":{"title":"Premi\u00e8re remise du \u00abWebvideopreis Suisse\u00bb - Ringier","robots":{"index":"index","follow":"follow","max-snippet":"max-snippet:-1","max-image-preview":"max-image-preview:large","max-video-preview":"max-video-preview:-1"},"canonical":"https:\/\/www.ringier.com\/fr\/premiere-remise-du-webvideopreis-suisse\/","og_locale":"fr_FR","og_type":"article","og_title":"Premi\u00e8re remise du \u00abWebvideopreis Suisse\u00bb","og_description":"Les gagnants du premier \u00abWebvideopreis Suisse\u00bb ont \u00e9t\u00e9 \u00e9lus. Le samedi 10 d\u00e9cembre, les prix ont \u00e9t\u00e9 d\u00e9cern\u00e9s aux vainqueurs des huit cat\u00e9gories, \u00e0 l\u2019occasion d\u2019une grande c\u00e9r\u00e9monie de remise des prix organis\u00e9e au StageOne \u00e0 Zurich Oerlikon. Des stars de Youtube comme Julien Bam ainsi que de jeunes chanteurs suisses, tels que le rappeur Nemo et Dabu Fantastic, ont particip\u00e9 au spectacle pr\u00e9sent\u00e9 par les deux animateurs radio de la SRF 3 Rosanna Gr\u00fcter et Stefan B\u00fcsser.","og_url":"https:\/\/www.ringier.com\/fr\/premiere-remise-du-webvideopreis-suisse\/","og_site_name":"Ringier","article_publisher":"https:\/\/www.facebook.com\/ringierag\/","article_published_time":"2016-12-10T13:18:00+00:00","article_modified_time":"2025-06-27T14:07:38+00:00","og_image":[{"width":600,"height":400,"url":"https:\/\/www.ringier.com\/wp-content\/uploads\/2021\/08\/webvideopreis.jpg","type":"image\/jpeg"}],"author":"Ringier Corporate Communications","twitter_card":"summary_large_image","twitter_creator":"@ringier_ag","twitter_site":"@ringier_ag","twitter_misc":{"\u00c9crit par":"Ringier Corporate Communications","Dur\u00e9e de lecture estim\u00e9e":"4 minutes"},"schema":{"@context":"https:\/\/schema.org","@graph":[{"@type":"Article","@id":"https:\/\/www.ringier.com\/fr\/premiere-remise-du-webvideopreis-suisse\/#article","isPartOf":{"@id":"https:\/\/www.ringier.com\/fr\/premiere-remise-du-webvideopreis-suisse\/"},"author":{"name":"Ringier Corporate Communications","@id":"https:\/\/www.ringier.com\/fr\/#\/schema\/person\/4cf76a308dc4b2bb5121bd1e7b752e52"},"headline":"Premi\u00e8re remise du \u00abWebvideopreis Suisse\u00bb","datePublished":"2016-12-10T13:18:00+00:00","dateModified":"2025-06-27T14:07:38+00:00","mainEntityOfPage":{"@id":"https:\/\/www.ringier.com\/fr\/premiere-remise-du-webvideopreis-suisse\/"},"wordCount":655,"publisher":{"@id":"https:\/\/www.ringier.com\/fr\/#organization"},"image":{"@id":"https:\/\/www.ringier.com\/fr\/premiere-remise-du-webvideopreis-suisse\/#primaryimage"},"thumbnailUrl":"https:\/\/www.ringier.com\/wp-content\/uploads\/2021\/08\/webvideopreis.jpg","articleSection":["Corporate"],"inLanguage":"fr-FR"},{"@type":"WebPage","@id":"https:\/\/www.ringier.com\/fr\/premiere-remise-du-webvideopreis-suisse\/","url":"https:\/\/www.ringier.com\/fr\/premiere-remise-du-webvideopreis-suisse\/","name":"Premi\u00e8re remise du \u00abWebvideopreis Suisse\u00bb - Ringier","isPartOf":{"@id":"https:\/\/www.ringier.com\/fr\/#website"},"primaryImageOfPage":{"@id":"https:\/\/www.ringier.com\/fr\/premiere-remise-du-webvideopreis-suisse\/#primaryimage"},"image":{"@id":"https:\/\/www.ringier.com\/fr\/premiere-remise-du-webvideopreis-suisse\/#primaryimage"},"thumbnailUrl":"https:\/\/www.ringier.com\/wp-content\/uploads\/2021\/08\/webvideopreis.jpg","datePublished":"2016-12-10T13:18:00+00:00","dateModified":"2025-06-27T14:07:38+00:00","breadcrumb":{"@id":"https:\/\/www.ringier.com\/fr\/premiere-remise-du-webvideopreis-suisse\/#breadcrumb"},"inLanguage":"fr-FR","potentialAction":[{"@type":"ReadAction","target":["https:\/\/www.ringier.com\/fr\/premiere-remise-du-webvideopreis-suisse\/"]}]},{"@type":"ImageObject","inLanguage":"fr-FR","@id":"https:\/\/www.ringier.com\/fr\/premiere-remise-du-webvideopreis-suisse\/#primaryimage","url":"https:\/\/www.ringier.com\/wp-content\/uploads\/2021\/08\/webvideopreis.jpg","contentUrl":"https:\/\/www.ringier.com\/wp-content\/uploads\/2021\/08\/webvideopreis.jpg","width":600,"height":400},{"@type":"BreadcrumbList","@id":"https:\/\/www.ringier.com\/fr\/premiere-remise-du-webvideopreis-suisse\/#breadcrumb","itemListElement":[{"@type":"ListItem","position":1,"name":"Home","item":"https:\/\/www.ringier.com\/fr\/"},{"@type":"ListItem","position":2,"name":"Premi\u00e8re remise du \u00abWebvideopreis Suisse\u00bb"}]},{"@type":"WebSite","@id":"https:\/\/www.ringier.com\/fr\/#website","url":"https:\/\/www.ringier.com\/fr\/","name":"Ringier","description":"We inform. We entertain. We connect","publisher":{"@id":"https:\/\/www.ringier.com\/fr\/#organization"},"potentialAction":[{"@type":"SearchAction","target":{"@type":"EntryPoint","urlTemplate":"https:\/\/www.ringier.com\/fr\/?s={search_term_string}"},"query-input":{"@type":"PropertyValueSpecification","valueRequired":true,"valueName":"search_term_string"}}],"inLanguage":"fr-FR"},{"@type":"Organization","@id":"https:\/\/www.ringier.com\/fr\/#organization","name":"Ringier","url":"https:\/\/www.ringier.com\/fr\/","logo":{"@type":"ImageObject","inLanguage":"fr-FR","@id":"https:\/\/www.ringier.com\/fr\/#\/schema\/logo\/image\/","url":"https:\/\/www.ringier.com\/wp-content\/uploads\/2021\/10\/ringier_logo_2.jpg","contentUrl":"https:\/\/www.ringier.com\/wp-content\/uploads\/2021\/10\/ringier_logo_2.jpg","width":750,"height":550,"caption":"Ringier"},"image":{"@id":"https:\/\/www.ringier.com\/fr\/#\/schema\/logo\/image\/"},"sameAs":["https:\/\/www.facebook.com\/ringierag\/","https:\/\/x.com\/ringier_ag","https:\/\/www.instagram.com\/ringier_ag\/","https:\/\/www.linkedin.com\/company\/ringier\/","https:\/\/www.youtube.com\/user\/RingierComm","https:\/\/en.wikipedia.org\/wiki\/Ringier","https:\/\/de.wikipedia.org\/wiki\/Ringier","https:\/\/fr.wikipedia.org\/wiki\/Ringier","https:\/\/www.crunchbase.com\/organization\/ringier-ag"]},{"@type":"Person","@id":"https:\/\/www.ringier.com\/fr\/#\/schema\/person\/4cf76a308dc4b2bb5121bd1e7b752e52","name":"Ringier Corporate Communications","image":{"@type":"ImageObject","inLanguage":"fr-FR","@id":"https:\/\/www.ringier.com\/fr\/#\/schema\/person\/image\/","url":"https:\/\/secure.gravatar.com\/avatar\/9391e20481368d5df4fe3e1e476c13b27786347489822ec1ed07e532bb41f587?s=96&d=mm&r=g","contentUrl":"https:\/\/secure.gravatar.com\/avatar\/9391e20481368d5df4fe3e1e476c13b27786347489822ec1ed07e532bb41f587?s=96&d=mm&r=g","caption":"Ringier Corporate Communications"},"sameAs":["https:\/\/www.ringier.com"]}]}},"_links":{"self":[{"href":"https:\/\/www.ringier.com\/fr\/wp-json\/wp\/v2\/posts\/1189","targetHints":{"allow":["GET"]}}],"collection":[{"href":"https:\/\/www.ringier.com\/fr\/wp-json\/wp\/v2\/posts"}],"about":[{"href":"https:\/\/www.ringier.com\/fr\/wp-json\/wp\/v2\/types\/post"}],"author":[{"embeddable":true,"href":"https:\/\/www.ringier.com\/fr\/wp-json\/wp\/v2\/users\/23"}],"replies":[{"embeddable":true,"href":"https:\/\/www.ringier.com\/fr\/wp-json\/wp\/v2\/comments?post=1189"}],"version-history":[{"count":0,"href":"https:\/\/www.ringier.com\/fr\/wp-json\/wp\/v2\/posts\/1189\/revisions"}],"wp:featuredmedia":[{"embeddable":true,"href":"https:\/\/www.ringier.com\/fr\/wp-json\/wp\/v2\/media\/1190"}],"wp:attachment":[{"href":"https:\/\/www.ringier.com\/fr\/wp-json\/wp\/v2\/media?parent=1189"}],"wp:term":[{"taxonomy":"category","embeddable":true,"href":"https:\/\/www.ringier.com\/fr\/wp-json\/wp\/v2\/categories?post=1189"},{"taxonomy":"post_tag","embeddable":true,"href":"https:\/\/www.ringier.com\/fr\/wp-json\/wp\/v2\/tags?post=1189"}],"curies":[{"name":"wp","href":"https:\/\/api.w.org\/{rel}","templated":true}]}}