{"id":1094,"date":"2015-11-25T10:56:00","date_gmt":"2015-11-25T09:56:00","guid":{"rendered":"https:\/\/www.ringier.com\/verena-vonarburg-wird-head-of-public-affairs-ringier-group\/"},"modified":"2025-06-23T15:46:56","modified_gmt":"2025-06-23T13:46:56","slug":"verena-vonarburg-nommee-a-la-tete-des-affaires-publiques-du-groupe-ringier","status":"publish","type":"post","link":"https:\/\/www.ringier.com\/fr\/verena-vonarburg-nommee-a-la-tete-des-affaires-publiques-du-groupe-ringier\/","title":{"rendered":"Verena Vonarburg nomm\u00e9e \u00e0 la t\u00eate des affaires publiques du groupe Ringier"},"content":{"rendered":"\n<p>Verena Vonarburg a \u00e9tudi\u00e9 l&rsquo;histoire, le droit public et le droit international public ainsi que les sciences politiques \u00e0 l&rsquo;Universit\u00e9 de Berne. Dans le secteur du journalisme, elle a fait ses armes en tant que reporter et r\u00e9dactrice au magazine d&rsquo;information\u00a0<em>10vor10<\/em>\u00a0et en tant que correspondante au Palais f\u00e9d\u00e9ral pour la SRF. A partir de 2002, elle a occup\u00e9 plusieurs fonctions dans le journalisme, principalement en tant que correspondante au Palais f\u00e9d\u00e9ral pour le\u00a0<em>Tages-Anzeiger<\/em>; de 2011 \u00e0 2014, elle a \u00e9t\u00e9 consultante senior en conseil et communication politiques aupr\u00e8s de l&rsquo;agence de communication et d&rsquo;affaires publiques bernoise Furrer Hugi &amp; Partner. Depuis mars 2014, Verena Vonarburg dirige l&rsquo;association M\u00e9dias Suisses.<br><br>Au printemps 2016, elle prendra la t\u00eate des affaires publiques du groupe Ringier et sera directement subordonn\u00e9e \u00e0 la direction du groupe, le Group Executive Board de Ringier, ainsi qu&rsquo;au CEO de Ringier, Marc Walder.<\/p>\n\n\n\n<p>\u00abJe suis tr\u00e8s heureux de l&rsquo;engagement de Verena Vonarburg. C&rsquo;est une grande experte des affaires publiques qui poss\u00e8de un vaste r\u00e9seau. Elle saura soutenir Ringier de mani\u00e8re active tant au plan national que dans le cadre de nos activit\u00e9s internationales.\u00bbcommente Marc Walder cette nomination.<\/p>\n\n\n\n<figure class=\"wp-block-image\"><img decoding=\"async\" src=\"https:\/\/www.ringier.ch\/sites\/default\/files\/styles\/full-page\/public\/images\/verena_vonarburg_web.jpg?itok=BvnAq0nl\" alt=\"Verena Vonarburg\" title=\"Verena Vonarburg\"\/><\/figure>\n","protected":false},"excerpt":{"rendered":"<p>Verena Vonarburg, actuelle directrice de l&rsquo;association M\u00e9dias Suisses, rejoindra l&rsquo;entreprise de m\u00e9dias Ringier au printemps 2016. Elle y occupera la nouvelle fonction de responsable des affaires publiques du groupe Ringier. A ce poste, elle sera directement subordonn\u00e9e au Group Executive Board de Ringier.<\/p>\n","protected":false},"author":23,"featured_media":1093,"comment_status":"closed","ping_status":"open","sticky":false,"template":"","format":"standard","meta":{"inline_featured_image":false,"footnotes":""},"categories":[43],"tags":[],"class_list":["post-1094","post","type-post","status-publish","format-standard","has-post-thumbnail","hentry","category-corporate-fr"],"yoast_head":"<!-- This site is optimized with the Yoast SEO Premium plugin v27.0 (Yoast SEO v27.0) - https:\/\/yoast.com\/product\/yoast-seo-premium-wordpress\/ -->\n<title>Verena Vonarburg nomm\u00e9e \u00e0 la t\u00eate des affaires publiques du groupe Ringier - Ringier<\/title>\n<meta name=\"robots\" content=\"index, follow, max-snippet:-1, max-image-preview:large, max-video-preview:-1\" \/>\n<link rel=\"canonical\" href=\"https:\/\/www.ringier.com\/fr\/verena-vonarburg-nommee-a-la-tete-des-affaires-publiques-du-groupe-ringier\/\" \/>\n<meta property=\"og:locale\" content=\"fr_FR\" \/>\n<meta property=\"og:type\" content=\"article\" \/>\n<meta property=\"og:title\" content=\"Verena Vonarburg nomm\u00e9e \u00e0 la t\u00eate des affaires publiques du groupe Ringier\" \/>\n<meta property=\"og:description\" content=\"Verena Vonarburg, actuelle directrice de l&#039;association M\u00e9dias Suisses, rejoindra l&#039;entreprise de m\u00e9dias Ringier au printemps 2016. Elle y occupera la nouvelle fonction de responsable des affaires publiques du groupe Ringier. A ce poste, elle sera directement subordonn\u00e9e au Group Executive Board de Ringier.\" \/>\n<meta property=\"og:url\" content=\"https:\/\/www.ringier.com\/fr\/verena-vonarburg-nommee-a-la-tete-des-affaires-publiques-du-groupe-ringier\/\" \/>\n<meta property=\"og:site_name\" content=\"Ringier\" \/>\n<meta property=\"article:publisher\" content=\"https:\/\/www.facebook.com\/ringierag\/\" \/>\n<meta property=\"article:published_time\" content=\"2015-11-25T09:56:00+00:00\" \/>\n<meta property=\"article:modified_time\" content=\"2025-06-23T13:46:56+00:00\" \/>\n<meta property=\"og:image\" content=\"https:\/\/www.ringier.com\/wp-content\/uploads\/2021\/08\/verena_vonarburg_web.jpg\" \/>\n\t<meta property=\"og:image:width\" content=\"750\" \/>\n\t<meta property=\"og:image:height\" content=\"500\" \/>\n\t<meta property=\"og:image:type\" content=\"image\/jpeg\" \/>\n<meta name=\"author\" content=\"Ringier Corporate Communications\" \/>\n<meta name=\"twitter:card\" content=\"summary_large_image\" \/>\n<meta name=\"twitter:creator\" content=\"@ringier_ag\" \/>\n<meta name=\"twitter:site\" content=\"@ringier_ag\" \/>\n<meta name=\"twitter:label1\" content=\"\u00c9crit par\" \/>\n\t<meta name=\"twitter:data1\" content=\"Ringier Corporate Communications\" \/>\n\t<meta name=\"twitter:label2\" content=\"Dur\u00e9e de lecture estim\u00e9e\" \/>\n\t<meta name=\"twitter:data2\" content=\"2 minutes\" \/>\n<script type=\"application\/ld+json\" class=\"yoast-schema-graph\">{\"@context\":\"https:\/\/schema.org\",\"@graph\":[{\"@type\":\"Article\",\"@id\":\"https:\/\/www.ringier.com\/fr\/verena-vonarburg-nommee-a-la-tete-des-affaires-publiques-du-groupe-ringier\/#article\",\"isPartOf\":{\"@id\":\"https:\/\/www.ringier.com\/fr\/verena-vonarburg-nommee-a-la-tete-des-affaires-publiques-du-groupe-ringier\/\"},\"author\":{\"name\":\"Ringier Corporate Communications\",\"@id\":\"https:\/\/www.ringier.com\/fr\/#\/schema\/person\/4cf76a308dc4b2bb5121bd1e7b752e52\"},\"headline\":\"Verena Vonarburg nomm\u00e9e \u00e0 la t\u00eate des affaires publiques du groupe Ringier\",\"datePublished\":\"2015-11-25T09:56:00+00:00\",\"dateModified\":\"2025-06-23T13:46:56+00:00\",\"mainEntityOfPage\":{\"@id\":\"https:\/\/www.ringier.com\/fr\/verena-vonarburg-nommee-a-la-tete-des-affaires-publiques-du-groupe-ringier\/\"},\"wordCount\":220,\"publisher\":{\"@id\":\"https:\/\/www.ringier.com\/fr\/#organization\"},\"image\":{\"@id\":\"https:\/\/www.ringier.com\/fr\/verena-vonarburg-nommee-a-la-tete-des-affaires-publiques-du-groupe-ringier\/#primaryimage\"},\"thumbnailUrl\":\"https:\/\/www.ringier.com\/wp-content\/uploads\/2021\/08\/verena_vonarburg_web.jpg\",\"articleSection\":[\"Corporate\"],\"inLanguage\":\"fr-FR\"},{\"@type\":\"WebPage\",\"@id\":\"https:\/\/www.ringier.com\/fr\/verena-vonarburg-nommee-a-la-tete-des-affaires-publiques-du-groupe-ringier\/\",\"url\":\"https:\/\/www.ringier.com\/fr\/verena-vonarburg-nommee-a-la-tete-des-affaires-publiques-du-groupe-ringier\/\",\"name\":\"Verena Vonarburg nomm\u00e9e \u00e0 la t\u00eate des affaires publiques du groupe Ringier - Ringier\",\"isPartOf\":{\"@id\":\"https:\/\/www.ringier.com\/fr\/#website\"},\"primaryImageOfPage\":{\"@id\":\"https:\/\/www.ringier.com\/fr\/verena-vonarburg-nommee-a-la-tete-des-affaires-publiques-du-groupe-ringier\/#primaryimage\"},\"image\":{\"@id\":\"https:\/\/www.ringier.com\/fr\/verena-vonarburg-nommee-a-la-tete-des-affaires-publiques-du-groupe-ringier\/#primaryimage\"},\"thumbnailUrl\":\"https:\/\/www.ringier.com\/wp-content\/uploads\/2021\/08\/verena_vonarburg_web.jpg\",\"datePublished\":\"2015-11-25T09:56:00+00:00\",\"dateModified\":\"2025-06-23T13:46:56+00:00\",\"breadcrumb\":{\"@id\":\"https:\/\/www.ringier.com\/fr\/verena-vonarburg-nommee-a-la-tete-des-affaires-publiques-du-groupe-ringier\/#breadcrumb\"},\"inLanguage\":\"fr-FR\",\"potentialAction\":[{\"@type\":\"ReadAction\",\"target\":[\"https:\/\/www.ringier.com\/fr\/verena-vonarburg-nommee-a-la-tete-des-affaires-publiques-du-groupe-ringier\/\"]}]},{\"@type\":\"ImageObject\",\"inLanguage\":\"fr-FR\",\"@id\":\"https:\/\/www.ringier.com\/fr\/verena-vonarburg-nommee-a-la-tete-des-affaires-publiques-du-groupe-ringier\/#primaryimage\",\"url\":\"https:\/\/www.ringier.com\/wp-content\/uploads\/2021\/08\/verena_vonarburg_web.jpg\",\"contentUrl\":\"https:\/\/www.ringier.com\/wp-content\/uploads\/2021\/08\/verena_vonarburg_web.jpg\",\"width\":750,\"height\":500},{\"@type\":\"BreadcrumbList\",\"@id\":\"https:\/\/www.ringier.com\/fr\/verena-vonarburg-nommee-a-la-tete-des-affaires-publiques-du-groupe-ringier\/#breadcrumb\",\"itemListElement\":[{\"@type\":\"ListItem\",\"position\":1,\"name\":\"Home\",\"item\":\"https:\/\/www.ringier.com\/fr\/\"},{\"@type\":\"ListItem\",\"position\":2,\"name\":\"Verena Vonarburg nomm\u00e9e \u00e0 la t\u00eate des affaires publiques du groupe Ringier\"}]},{\"@type\":\"WebSite\",\"@id\":\"https:\/\/www.ringier.com\/fr\/#website\",\"url\":\"https:\/\/www.ringier.com\/fr\/\",\"name\":\"Ringier\",\"description\":\"We inform. We entertain. We connect\",\"publisher\":{\"@id\":\"https:\/\/www.ringier.com\/fr\/#organization\"},\"potentialAction\":[{\"@type\":\"SearchAction\",\"target\":{\"@type\":\"EntryPoint\",\"urlTemplate\":\"https:\/\/www.ringier.com\/fr\/?s={search_term_string}\"},\"query-input\":{\"@type\":\"PropertyValueSpecification\",\"valueRequired\":true,\"valueName\":\"search_term_string\"}}],\"inLanguage\":\"fr-FR\"},{\"@type\":\"Organization\",\"@id\":\"https:\/\/www.ringier.com\/fr\/#organization\",\"name\":\"Ringier\",\"url\":\"https:\/\/www.ringier.com\/fr\/\",\"logo\":{\"@type\":\"ImageObject\",\"inLanguage\":\"fr-FR\",\"@id\":\"https:\/\/www.ringier.com\/fr\/#\/schema\/logo\/image\/\",\"url\":\"https:\/\/www.ringier.com\/wp-content\/uploads\/2021\/10\/ringier_logo_2.jpg\",\"contentUrl\":\"https:\/\/www.ringier.com\/wp-content\/uploads\/2021\/10\/ringier_logo_2.jpg\",\"width\":750,\"height\":550,\"caption\":\"Ringier\"},\"image\":{\"@id\":\"https:\/\/www.ringier.com\/fr\/#\/schema\/logo\/image\/\"},\"sameAs\":[\"https:\/\/www.facebook.com\/ringierag\/\",\"https:\/\/x.com\/ringier_ag\",\"https:\/\/www.instagram.com\/ringier_ag\/\",\"https:\/\/www.linkedin.com\/company\/ringier\/\",\"https:\/\/www.youtube.com\/user\/RingierComm\",\"https:\/\/en.wikipedia.org\/wiki\/Ringier\",\"https:\/\/de.wikipedia.org\/wiki\/Ringier\",\"https:\/\/fr.wikipedia.org\/wiki\/Ringier\",\"https:\/\/www.crunchbase.com\/organization\/ringier-ag\"]},{\"@type\":\"Person\",\"@id\":\"https:\/\/www.ringier.com\/fr\/#\/schema\/person\/4cf76a308dc4b2bb5121bd1e7b752e52\",\"name\":\"Ringier Corporate Communications\",\"image\":{\"@type\":\"ImageObject\",\"inLanguage\":\"fr-FR\",\"@id\":\"https:\/\/www.ringier.com\/fr\/#\/schema\/person\/image\/\",\"url\":\"https:\/\/secure.gravatar.com\/avatar\/9391e20481368d5df4fe3e1e476c13b27786347489822ec1ed07e532bb41f587?s=96&d=mm&r=g\",\"contentUrl\":\"https:\/\/secure.gravatar.com\/avatar\/9391e20481368d5df4fe3e1e476c13b27786347489822ec1ed07e532bb41f587?s=96&d=mm&r=g\",\"caption\":\"Ringier Corporate Communications\"},\"sameAs\":[\"https:\/\/www.ringier.com\"]}]}<\/script>\n<!-- \/ Yoast SEO Premium plugin. -->","yoast_head_json":{"title":"Verena Vonarburg nomm\u00e9e \u00e0 la t\u00eate des affaires publiques du groupe Ringier - Ringier","robots":{"index":"index","follow":"follow","max-snippet":"max-snippet:-1","max-image-preview":"max-image-preview:large","max-video-preview":"max-video-preview:-1"},"canonical":"https:\/\/www.ringier.com\/fr\/verena-vonarburg-nommee-a-la-tete-des-affaires-publiques-du-groupe-ringier\/","og_locale":"fr_FR","og_type":"article","og_title":"Verena Vonarburg nomm\u00e9e \u00e0 la t\u00eate des affaires publiques du groupe Ringier","og_description":"Verena Vonarburg, actuelle directrice de l'association M\u00e9dias Suisses, rejoindra l'entreprise de m\u00e9dias Ringier au printemps 2016. Elle y occupera la nouvelle fonction de responsable des affaires publiques du groupe Ringier. A ce poste, elle sera directement subordonn\u00e9e au Group Executive Board de Ringier.","og_url":"https:\/\/www.ringier.com\/fr\/verena-vonarburg-nommee-a-la-tete-des-affaires-publiques-du-groupe-ringier\/","og_site_name":"Ringier","article_publisher":"https:\/\/www.facebook.com\/ringierag\/","article_published_time":"2015-11-25T09:56:00+00:00","article_modified_time":"2025-06-23T13:46:56+00:00","og_image":[{"width":750,"height":500,"url":"https:\/\/www.ringier.com\/wp-content\/uploads\/2021\/08\/verena_vonarburg_web.jpg","type":"image\/jpeg"}],"author":"Ringier Corporate Communications","twitter_card":"summary_large_image","twitter_creator":"@ringier_ag","twitter_site":"@ringier_ag","twitter_misc":{"\u00c9crit par":"Ringier Corporate Communications","Dur\u00e9e de lecture estim\u00e9e":"2 minutes"},"schema":{"@context":"https:\/\/schema.org","@graph":[{"@type":"Article","@id":"https:\/\/www.ringier.com\/fr\/verena-vonarburg-nommee-a-la-tete-des-affaires-publiques-du-groupe-ringier\/#article","isPartOf":{"@id":"https:\/\/www.ringier.com\/fr\/verena-vonarburg-nommee-a-la-tete-des-affaires-publiques-du-groupe-ringier\/"},"author":{"name":"Ringier Corporate Communications","@id":"https:\/\/www.ringier.com\/fr\/#\/schema\/person\/4cf76a308dc4b2bb5121bd1e7b752e52"},"headline":"Verena Vonarburg nomm\u00e9e \u00e0 la t\u00eate des affaires publiques du groupe Ringier","datePublished":"2015-11-25T09:56:00+00:00","dateModified":"2025-06-23T13:46:56+00:00","mainEntityOfPage":{"@id":"https:\/\/www.ringier.com\/fr\/verena-vonarburg-nommee-a-la-tete-des-affaires-publiques-du-groupe-ringier\/"},"wordCount":220,"publisher":{"@id":"https:\/\/www.ringier.com\/fr\/#organization"},"image":{"@id":"https:\/\/www.ringier.com\/fr\/verena-vonarburg-nommee-a-la-tete-des-affaires-publiques-du-groupe-ringier\/#primaryimage"},"thumbnailUrl":"https:\/\/www.ringier.com\/wp-content\/uploads\/2021\/08\/verena_vonarburg_web.jpg","articleSection":["Corporate"],"inLanguage":"fr-FR"},{"@type":"WebPage","@id":"https:\/\/www.ringier.com\/fr\/verena-vonarburg-nommee-a-la-tete-des-affaires-publiques-du-groupe-ringier\/","url":"https:\/\/www.ringier.com\/fr\/verena-vonarburg-nommee-a-la-tete-des-affaires-publiques-du-groupe-ringier\/","name":"Verena Vonarburg nomm\u00e9e \u00e0 la t\u00eate des affaires publiques du groupe Ringier - Ringier","isPartOf":{"@id":"https:\/\/www.ringier.com\/fr\/#website"},"primaryImageOfPage":{"@id":"https:\/\/www.ringier.com\/fr\/verena-vonarburg-nommee-a-la-tete-des-affaires-publiques-du-groupe-ringier\/#primaryimage"},"image":{"@id":"https:\/\/www.ringier.com\/fr\/verena-vonarburg-nommee-a-la-tete-des-affaires-publiques-du-groupe-ringier\/#primaryimage"},"thumbnailUrl":"https:\/\/www.ringier.com\/wp-content\/uploads\/2021\/08\/verena_vonarburg_web.jpg","datePublished":"2015-11-25T09:56:00+00:00","dateModified":"2025-06-23T13:46:56+00:00","breadcrumb":{"@id":"https:\/\/www.ringier.com\/fr\/verena-vonarburg-nommee-a-la-tete-des-affaires-publiques-du-groupe-ringier\/#breadcrumb"},"inLanguage":"fr-FR","potentialAction":[{"@type":"ReadAction","target":["https:\/\/www.ringier.com\/fr\/verena-vonarburg-nommee-a-la-tete-des-affaires-publiques-du-groupe-ringier\/"]}]},{"@type":"ImageObject","inLanguage":"fr-FR","@id":"https:\/\/www.ringier.com\/fr\/verena-vonarburg-nommee-a-la-tete-des-affaires-publiques-du-groupe-ringier\/#primaryimage","url":"https:\/\/www.ringier.com\/wp-content\/uploads\/2021\/08\/verena_vonarburg_web.jpg","contentUrl":"https:\/\/www.ringier.com\/wp-content\/uploads\/2021\/08\/verena_vonarburg_web.jpg","width":750,"height":500},{"@type":"BreadcrumbList","@id":"https:\/\/www.ringier.com\/fr\/verena-vonarburg-nommee-a-la-tete-des-affaires-publiques-du-groupe-ringier\/#breadcrumb","itemListElement":[{"@type":"ListItem","position":1,"name":"Home","item":"https:\/\/www.ringier.com\/fr\/"},{"@type":"ListItem","position":2,"name":"Verena Vonarburg nomm\u00e9e \u00e0 la t\u00eate des affaires publiques du groupe Ringier"}]},{"@type":"WebSite","@id":"https:\/\/www.ringier.com\/fr\/#website","url":"https:\/\/www.ringier.com\/fr\/","name":"Ringier","description":"We inform. We entertain. We connect","publisher":{"@id":"https:\/\/www.ringier.com\/fr\/#organization"},"potentialAction":[{"@type":"SearchAction","target":{"@type":"EntryPoint","urlTemplate":"https:\/\/www.ringier.com\/fr\/?s={search_term_string}"},"query-input":{"@type":"PropertyValueSpecification","valueRequired":true,"valueName":"search_term_string"}}],"inLanguage":"fr-FR"},{"@type":"Organization","@id":"https:\/\/www.ringier.com\/fr\/#organization","name":"Ringier","url":"https:\/\/www.ringier.com\/fr\/","logo":{"@type":"ImageObject","inLanguage":"fr-FR","@id":"https:\/\/www.ringier.com\/fr\/#\/schema\/logo\/image\/","url":"https:\/\/www.ringier.com\/wp-content\/uploads\/2021\/10\/ringier_logo_2.jpg","contentUrl":"https:\/\/www.ringier.com\/wp-content\/uploads\/2021\/10\/ringier_logo_2.jpg","width":750,"height":550,"caption":"Ringier"},"image":{"@id":"https:\/\/www.ringier.com\/fr\/#\/schema\/logo\/image\/"},"sameAs":["https:\/\/www.facebook.com\/ringierag\/","https:\/\/x.com\/ringier_ag","https:\/\/www.instagram.com\/ringier_ag\/","https:\/\/www.linkedin.com\/company\/ringier\/","https:\/\/www.youtube.com\/user\/RingierComm","https:\/\/en.wikipedia.org\/wiki\/Ringier","https:\/\/de.wikipedia.org\/wiki\/Ringier","https:\/\/fr.wikipedia.org\/wiki\/Ringier","https:\/\/www.crunchbase.com\/organization\/ringier-ag"]},{"@type":"Person","@id":"https:\/\/www.ringier.com\/fr\/#\/schema\/person\/4cf76a308dc4b2bb5121bd1e7b752e52","name":"Ringier Corporate Communications","image":{"@type":"ImageObject","inLanguage":"fr-FR","@id":"https:\/\/www.ringier.com\/fr\/#\/schema\/person\/image\/","url":"https:\/\/secure.gravatar.com\/avatar\/9391e20481368d5df4fe3e1e476c13b27786347489822ec1ed07e532bb41f587?s=96&d=mm&r=g","contentUrl":"https:\/\/secure.gravatar.com\/avatar\/9391e20481368d5df4fe3e1e476c13b27786347489822ec1ed07e532bb41f587?s=96&d=mm&r=g","caption":"Ringier Corporate Communications"},"sameAs":["https:\/\/www.ringier.com"]}]}},"_links":{"self":[{"href":"https:\/\/www.ringier.com\/fr\/wp-json\/wp\/v2\/posts\/1094","targetHints":{"allow":["GET"]}}],"collection":[{"href":"https:\/\/www.ringier.com\/fr\/wp-json\/wp\/v2\/posts"}],"about":[{"href":"https:\/\/www.ringier.com\/fr\/wp-json\/wp\/v2\/types\/post"}],"author":[{"embeddable":true,"href":"https:\/\/www.ringier.com\/fr\/wp-json\/wp\/v2\/users\/23"}],"replies":[{"embeddable":true,"href":"https:\/\/www.ringier.com\/fr\/wp-json\/wp\/v2\/comments?post=1094"}],"version-history":[{"count":0,"href":"https:\/\/www.ringier.com\/fr\/wp-json\/wp\/v2\/posts\/1094\/revisions"}],"wp:featuredmedia":[{"embeddable":true,"href":"https:\/\/www.ringier.com\/fr\/wp-json\/wp\/v2\/media\/1093"}],"wp:attachment":[{"href":"https:\/\/www.ringier.com\/fr\/wp-json\/wp\/v2\/media?parent=1094"}],"wp:term":[{"taxonomy":"category","embeddable":true,"href":"https:\/\/www.ringier.com\/fr\/wp-json\/wp\/v2\/categories?post=1094"},{"taxonomy":"post_tag","embeddable":true,"href":"https:\/\/www.ringier.com\/fr\/wp-json\/wp\/v2\/tags?post=1094"}],"curies":[{"name":"wp","href":"https:\/\/api.w.org\/{rel}","templated":true}]}}