{"id":10860,"date":"2017-04-28T16:28:00","date_gmt":"2017-04-28T14:28:00","guid":{"rendered":"https:\/\/www.ringier.com\/?p=10860"},"modified":"2025-06-23T15:37:31","modified_gmt":"2025-06-23T13:37:31","slug":"hannah-zaunmuller-nommee-responsable-des-ressources-humaines-de-ringier","status":"publish","type":"post","link":"https:\/\/www.ringier.com\/fr\/hannah-zaunmuller-nommee-responsable-des-ressources-humaines-de-ringier\/","title":{"rendered":"Hannah Zaunm\u00fcller nomm\u00e9e responsable des ressources humaines de Ringier"},"content":{"rendered":"\n<p>Hannah Zaunm\u00fcller (38 ans) est un cadre dirigeant exp\u00e9riment\u00e9 dans le domaine des ressources humaines, poss\u00e9dant un background en \u00e9conomie d\u2019entreprise. Depuis 2009, elle a occup\u00e9 diff\u00e9rents postes dirigeants aux RH de La Poste Suisse. Elle a tout d\u2019abord dirig\u00e9 le d\u00e9partement de la strat\u00e9gie et de la gouvernance des RH, puis le secteur Talent et, enfin, le d\u00e9partement du d\u00e9veloppement. Auparavant, elle a \u0153uvr\u00e9 pendant cinq ans au sein de Deutsche Post DHL. L\u00e0, elle a collabor\u00e9 au service de consulting interne dans le cadre de diff\u00e9rents projets internationaux et \u00e0 la centrale du groupe en tant que cheffe de projet pour le d\u00e9veloppement des cadres.<\/p>\n\n\n\n<p>Hannah Zaunm\u00fcller a fait des \u00e9tudes d\u2019\u00e9conomie internationale \u00e0 l\u2019Universit\u00e9 de Maastricht, aux Pays-Bas, et a obtenu un doctorat en sciences \u00e9conomiques et sociales \u00e0 la RWTH d\u2019Aix-la-Chapelle, en Allemagne. En 2009, elle a obtenu un International Executive MBA \u00e0 la ZfU International Business School en Suisse. Elle prendra ses nouvelles fonctions de responsable des ressources humaines chez Ringier au plus tard le 1er novembre 2017. \u00c0 ce titre, elle si\u00e9gera \u00e0 la direction \u00e9largie et sera directement subordonn\u00e9e au CEO de Ringier, Marc Walder.<\/p>\n\n\n\n<p>Marc Walder, CEO de Ringier: \u00abJe suis tr\u00e8s heureux d\u2019accueillir Hannah Zaunm\u00fcller, experte en ressources humaines, \u00e0 cette fonction strat\u00e9gique cl\u00e9. Je suis persuad\u00e9 qu\u2019elle poss\u00e8de l\u2019\u00e9nergie n\u00e9cessaire, l\u2019exp\u00e9rience et le savoir-faire dont nous avons besoin pour continuer \u00e0 d\u00e9velopper la gestion du personnel en Suisse et \u00e0 l\u2019international et pour am\u00e9liorer encore notre attractivit\u00e9 en tant qu\u2019employeur dans l\u2019objectif de recruter les talents les plus prometteurs \u00e0 l\u2019avenir aussi.\u00bb<\/p>\n\n\n\n<figure class=\"wp-block-image\"><img decoding=\"async\" src=\"https:\/\/www.ringier.ch\/sites\/default\/files\/styles\/full-page\/public\/images\/Hannah_Zaunmueller_0.jpg?itok=s0ZXHHZf\" alt=\"\"\/><\/figure>\n","protected":false},"excerpt":{"rendered":"<p>Hannah Zaunm\u00fcller a \u00e9t\u00e9 nomm\u00e9e responsable des ressources humaines du groupe Ringier. \u00c0 ce titre, elle si\u00e9gera \u00e9galement au sein de la direction \u00e9largie. Elle prendra ses nouvelles fonctions au plus tard le 1er novembre 2017. <\/p>\n","protected":false},"author":23,"featured_media":10862,"comment_status":"closed","ping_status":"open","sticky":false,"template":"","format":"standard","meta":{"inline_featured_image":false,"footnotes":""},"categories":[43],"tags":[],"class_list":["post-10860","post","type-post","status-publish","format-standard","has-post-thumbnail","hentry","category-corporate-fr"],"yoast_head":"<!-- This site is optimized with the Yoast SEO Premium plugin v27.0 (Yoast SEO v27.0) - https:\/\/yoast.com\/product\/yoast-seo-premium-wordpress\/ -->\n<title>Hannah Zaunm\u00fcller nomm\u00e9e responsable des ressources humaines de Ringier - Ringier<\/title>\n<meta name=\"robots\" content=\"index, follow, max-snippet:-1, max-image-preview:large, max-video-preview:-1\" \/>\n<link rel=\"canonical\" href=\"https:\/\/www.ringier.com\/fr\/hannah-zaunmuller-nommee-responsable-des-ressources-humaines-de-ringier\/\" \/>\n<meta property=\"og:locale\" content=\"fr_FR\" \/>\n<meta property=\"og:type\" content=\"article\" \/>\n<meta property=\"og:title\" content=\"Hannah Zaunm\u00fcller nomm\u00e9e responsable des ressources humaines de Ringier\" \/>\n<meta property=\"og:description\" content=\"Hannah Zaunm\u00fcller a \u00e9t\u00e9 nomm\u00e9e responsable des ressources humaines du groupe Ringier. \u00c0 ce titre, elle si\u00e9gera \u00e9galement au sein de la direction \u00e9largie. Elle prendra ses nouvelles fonctions au plus tard le 1er novembre 2017.\" \/>\n<meta property=\"og:url\" content=\"https:\/\/www.ringier.com\/fr\/hannah-zaunmuller-nommee-responsable-des-ressources-humaines-de-ringier\/\" \/>\n<meta property=\"og:site_name\" content=\"Ringier\" \/>\n<meta property=\"article:publisher\" content=\"https:\/\/www.facebook.com\/ringierag\/\" \/>\n<meta property=\"article:published_time\" content=\"2017-04-28T14:28:00+00:00\" \/>\n<meta property=\"article:modified_time\" content=\"2025-06-23T13:37:31+00:00\" \/>\n<meta property=\"og:image\" content=\"https:\/\/www.ringier.com\/wp-content\/uploads\/2021\/10\/Hannah_Zaunmueller_0.jpg\" \/>\n\t<meta property=\"og:image:width\" content=\"922\" \/>\n\t<meta property=\"og:image:height\" content=\"1382\" \/>\n\t<meta property=\"og:image:type\" content=\"image\/jpeg\" \/>\n<meta name=\"author\" content=\"Ringier Corporate Communications\" \/>\n<meta name=\"twitter:card\" content=\"summary_large_image\" \/>\n<meta name=\"twitter:creator\" content=\"@ringier_ag\" \/>\n<meta name=\"twitter:site\" content=\"@ringier_ag\" \/>\n<meta name=\"twitter:label1\" content=\"\u00c9crit par\" \/>\n\t<meta name=\"twitter:data1\" content=\"Ringier Corporate Communications\" \/>\n\t<meta name=\"twitter:label2\" content=\"Dur\u00e9e de lecture estim\u00e9e\" \/>\n\t<meta name=\"twitter:data2\" content=\"2 minutes\" \/>\n<script type=\"application\/ld+json\" class=\"yoast-schema-graph\">{\"@context\":\"https:\/\/schema.org\",\"@graph\":[{\"@type\":\"Article\",\"@id\":\"https:\/\/www.ringier.com\/fr\/hannah-zaunmuller-nommee-responsable-des-ressources-humaines-de-ringier\/#article\",\"isPartOf\":{\"@id\":\"https:\/\/www.ringier.com\/fr\/hannah-zaunmuller-nommee-responsable-des-ressources-humaines-de-ringier\/\"},\"author\":{\"name\":\"Ringier Corporate Communications\",\"@id\":\"https:\/\/www.ringier.com\/fr\/#\/schema\/person\/4cf76a308dc4b2bb5121bd1e7b752e52\"},\"headline\":\"Hannah Zaunm\u00fcller nomm\u00e9e responsable des ressources humaines de Ringier\",\"datePublished\":\"2017-04-28T14:28:00+00:00\",\"dateModified\":\"2025-06-23T13:37:31+00:00\",\"mainEntityOfPage\":{\"@id\":\"https:\/\/www.ringier.com\/fr\/hannah-zaunmuller-nommee-responsable-des-ressources-humaines-de-ringier\/\"},\"wordCount\":293,\"publisher\":{\"@id\":\"https:\/\/www.ringier.com\/fr\/#organization\"},\"image\":{\"@id\":\"https:\/\/www.ringier.com\/fr\/hannah-zaunmuller-nommee-responsable-des-ressources-humaines-de-ringier\/#primaryimage\"},\"thumbnailUrl\":\"https:\/\/www.ringier.com\/wp-content\/uploads\/2021\/10\/Hannah_Zaunmueller_0.jpg\",\"articleSection\":[\"Corporate\"],\"inLanguage\":\"fr-FR\"},{\"@type\":\"WebPage\",\"@id\":\"https:\/\/www.ringier.com\/fr\/hannah-zaunmuller-nommee-responsable-des-ressources-humaines-de-ringier\/\",\"url\":\"https:\/\/www.ringier.com\/fr\/hannah-zaunmuller-nommee-responsable-des-ressources-humaines-de-ringier\/\",\"name\":\"Hannah Zaunm\u00fcller nomm\u00e9e responsable des ressources humaines de Ringier - Ringier\",\"isPartOf\":{\"@id\":\"https:\/\/www.ringier.com\/fr\/#website\"},\"primaryImageOfPage\":{\"@id\":\"https:\/\/www.ringier.com\/fr\/hannah-zaunmuller-nommee-responsable-des-ressources-humaines-de-ringier\/#primaryimage\"},\"image\":{\"@id\":\"https:\/\/www.ringier.com\/fr\/hannah-zaunmuller-nommee-responsable-des-ressources-humaines-de-ringier\/#primaryimage\"},\"thumbnailUrl\":\"https:\/\/www.ringier.com\/wp-content\/uploads\/2021\/10\/Hannah_Zaunmueller_0.jpg\",\"datePublished\":\"2017-04-28T14:28:00+00:00\",\"dateModified\":\"2025-06-23T13:37:31+00:00\",\"breadcrumb\":{\"@id\":\"https:\/\/www.ringier.com\/fr\/hannah-zaunmuller-nommee-responsable-des-ressources-humaines-de-ringier\/#breadcrumb\"},\"inLanguage\":\"fr-FR\",\"potentialAction\":[{\"@type\":\"ReadAction\",\"target\":[\"https:\/\/www.ringier.com\/fr\/hannah-zaunmuller-nommee-responsable-des-ressources-humaines-de-ringier\/\"]}]},{\"@type\":\"ImageObject\",\"inLanguage\":\"fr-FR\",\"@id\":\"https:\/\/www.ringier.com\/fr\/hannah-zaunmuller-nommee-responsable-des-ressources-humaines-de-ringier\/#primaryimage\",\"url\":\"https:\/\/www.ringier.com\/wp-content\/uploads\/2021\/10\/Hannah_Zaunmueller_0.jpg\",\"contentUrl\":\"https:\/\/www.ringier.com\/wp-content\/uploads\/2021\/10\/Hannah_Zaunmueller_0.jpg\",\"width\":922,\"height\":1382},{\"@type\":\"BreadcrumbList\",\"@id\":\"https:\/\/www.ringier.com\/fr\/hannah-zaunmuller-nommee-responsable-des-ressources-humaines-de-ringier\/#breadcrumb\",\"itemListElement\":[{\"@type\":\"ListItem\",\"position\":1,\"name\":\"Home\",\"item\":\"https:\/\/www.ringier.com\/fr\/\"},{\"@type\":\"ListItem\",\"position\":2,\"name\":\"Hannah Zaunm\u00fcller nomm\u00e9e responsable des ressources humaines de Ringier\"}]},{\"@type\":\"WebSite\",\"@id\":\"https:\/\/www.ringier.com\/fr\/#website\",\"url\":\"https:\/\/www.ringier.com\/fr\/\",\"name\":\"Ringier\",\"description\":\"We inform. We entertain. We connect\",\"publisher\":{\"@id\":\"https:\/\/www.ringier.com\/fr\/#organization\"},\"potentialAction\":[{\"@type\":\"SearchAction\",\"target\":{\"@type\":\"EntryPoint\",\"urlTemplate\":\"https:\/\/www.ringier.com\/fr\/?s={search_term_string}\"},\"query-input\":{\"@type\":\"PropertyValueSpecification\",\"valueRequired\":true,\"valueName\":\"search_term_string\"}}],\"inLanguage\":\"fr-FR\"},{\"@type\":\"Organization\",\"@id\":\"https:\/\/www.ringier.com\/fr\/#organization\",\"name\":\"Ringier\",\"url\":\"https:\/\/www.ringier.com\/fr\/\",\"logo\":{\"@type\":\"ImageObject\",\"inLanguage\":\"fr-FR\",\"@id\":\"https:\/\/www.ringier.com\/fr\/#\/schema\/logo\/image\/\",\"url\":\"https:\/\/www.ringier.com\/wp-content\/uploads\/2021\/10\/ringier_logo_2.jpg\",\"contentUrl\":\"https:\/\/www.ringier.com\/wp-content\/uploads\/2021\/10\/ringier_logo_2.jpg\",\"width\":750,\"height\":550,\"caption\":\"Ringier\"},\"image\":{\"@id\":\"https:\/\/www.ringier.com\/fr\/#\/schema\/logo\/image\/\"},\"sameAs\":[\"https:\/\/www.facebook.com\/ringierag\/\",\"https:\/\/x.com\/ringier_ag\",\"https:\/\/www.instagram.com\/ringier_ag\/\",\"https:\/\/www.linkedin.com\/company\/ringier\/\",\"https:\/\/www.youtube.com\/user\/RingierComm\",\"https:\/\/en.wikipedia.org\/wiki\/Ringier\",\"https:\/\/de.wikipedia.org\/wiki\/Ringier\",\"https:\/\/fr.wikipedia.org\/wiki\/Ringier\",\"https:\/\/www.crunchbase.com\/organization\/ringier-ag\"]},{\"@type\":\"Person\",\"@id\":\"https:\/\/www.ringier.com\/fr\/#\/schema\/person\/4cf76a308dc4b2bb5121bd1e7b752e52\",\"name\":\"Ringier Corporate Communications\",\"image\":{\"@type\":\"ImageObject\",\"inLanguage\":\"fr-FR\",\"@id\":\"https:\/\/www.ringier.com\/fr\/#\/schema\/person\/image\/\",\"url\":\"https:\/\/secure.gravatar.com\/avatar\/9391e20481368d5df4fe3e1e476c13b27786347489822ec1ed07e532bb41f587?s=96&d=mm&r=g\",\"contentUrl\":\"https:\/\/secure.gravatar.com\/avatar\/9391e20481368d5df4fe3e1e476c13b27786347489822ec1ed07e532bb41f587?s=96&d=mm&r=g\",\"caption\":\"Ringier Corporate Communications\"},\"sameAs\":[\"https:\/\/www.ringier.com\"]}]}<\/script>\n<!-- \/ Yoast SEO Premium plugin. -->","yoast_head_json":{"title":"Hannah Zaunm\u00fcller nomm\u00e9e responsable des ressources humaines de Ringier - Ringier","robots":{"index":"index","follow":"follow","max-snippet":"max-snippet:-1","max-image-preview":"max-image-preview:large","max-video-preview":"max-video-preview:-1"},"canonical":"https:\/\/www.ringier.com\/fr\/hannah-zaunmuller-nommee-responsable-des-ressources-humaines-de-ringier\/","og_locale":"fr_FR","og_type":"article","og_title":"Hannah Zaunm\u00fcller nomm\u00e9e responsable des ressources humaines de Ringier","og_description":"Hannah Zaunm\u00fcller a \u00e9t\u00e9 nomm\u00e9e responsable des ressources humaines du groupe Ringier. \u00c0 ce titre, elle si\u00e9gera \u00e9galement au sein de la direction \u00e9largie. Elle prendra ses nouvelles fonctions au plus tard le 1er novembre 2017.","og_url":"https:\/\/www.ringier.com\/fr\/hannah-zaunmuller-nommee-responsable-des-ressources-humaines-de-ringier\/","og_site_name":"Ringier","article_publisher":"https:\/\/www.facebook.com\/ringierag\/","article_published_time":"2017-04-28T14:28:00+00:00","article_modified_time":"2025-06-23T13:37:31+00:00","og_image":[{"width":922,"height":1382,"url":"https:\/\/www.ringier.com\/wp-content\/uploads\/2021\/10\/Hannah_Zaunmueller_0.jpg","type":"image\/jpeg"}],"author":"Ringier Corporate Communications","twitter_card":"summary_large_image","twitter_creator":"@ringier_ag","twitter_site":"@ringier_ag","twitter_misc":{"\u00c9crit par":"Ringier Corporate Communications","Dur\u00e9e de lecture estim\u00e9e":"2 minutes"},"schema":{"@context":"https:\/\/schema.org","@graph":[{"@type":"Article","@id":"https:\/\/www.ringier.com\/fr\/hannah-zaunmuller-nommee-responsable-des-ressources-humaines-de-ringier\/#article","isPartOf":{"@id":"https:\/\/www.ringier.com\/fr\/hannah-zaunmuller-nommee-responsable-des-ressources-humaines-de-ringier\/"},"author":{"name":"Ringier Corporate Communications","@id":"https:\/\/www.ringier.com\/fr\/#\/schema\/person\/4cf76a308dc4b2bb5121bd1e7b752e52"},"headline":"Hannah Zaunm\u00fcller nomm\u00e9e responsable des ressources humaines de Ringier","datePublished":"2017-04-28T14:28:00+00:00","dateModified":"2025-06-23T13:37:31+00:00","mainEntityOfPage":{"@id":"https:\/\/www.ringier.com\/fr\/hannah-zaunmuller-nommee-responsable-des-ressources-humaines-de-ringier\/"},"wordCount":293,"publisher":{"@id":"https:\/\/www.ringier.com\/fr\/#organization"},"image":{"@id":"https:\/\/www.ringier.com\/fr\/hannah-zaunmuller-nommee-responsable-des-ressources-humaines-de-ringier\/#primaryimage"},"thumbnailUrl":"https:\/\/www.ringier.com\/wp-content\/uploads\/2021\/10\/Hannah_Zaunmueller_0.jpg","articleSection":["Corporate"],"inLanguage":"fr-FR"},{"@type":"WebPage","@id":"https:\/\/www.ringier.com\/fr\/hannah-zaunmuller-nommee-responsable-des-ressources-humaines-de-ringier\/","url":"https:\/\/www.ringier.com\/fr\/hannah-zaunmuller-nommee-responsable-des-ressources-humaines-de-ringier\/","name":"Hannah Zaunm\u00fcller nomm\u00e9e responsable des ressources humaines de Ringier - Ringier","isPartOf":{"@id":"https:\/\/www.ringier.com\/fr\/#website"},"primaryImageOfPage":{"@id":"https:\/\/www.ringier.com\/fr\/hannah-zaunmuller-nommee-responsable-des-ressources-humaines-de-ringier\/#primaryimage"},"image":{"@id":"https:\/\/www.ringier.com\/fr\/hannah-zaunmuller-nommee-responsable-des-ressources-humaines-de-ringier\/#primaryimage"},"thumbnailUrl":"https:\/\/www.ringier.com\/wp-content\/uploads\/2021\/10\/Hannah_Zaunmueller_0.jpg","datePublished":"2017-04-28T14:28:00+00:00","dateModified":"2025-06-23T13:37:31+00:00","breadcrumb":{"@id":"https:\/\/www.ringier.com\/fr\/hannah-zaunmuller-nommee-responsable-des-ressources-humaines-de-ringier\/#breadcrumb"},"inLanguage":"fr-FR","potentialAction":[{"@type":"ReadAction","target":["https:\/\/www.ringier.com\/fr\/hannah-zaunmuller-nommee-responsable-des-ressources-humaines-de-ringier\/"]}]},{"@type":"ImageObject","inLanguage":"fr-FR","@id":"https:\/\/www.ringier.com\/fr\/hannah-zaunmuller-nommee-responsable-des-ressources-humaines-de-ringier\/#primaryimage","url":"https:\/\/www.ringier.com\/wp-content\/uploads\/2021\/10\/Hannah_Zaunmueller_0.jpg","contentUrl":"https:\/\/www.ringier.com\/wp-content\/uploads\/2021\/10\/Hannah_Zaunmueller_0.jpg","width":922,"height":1382},{"@type":"BreadcrumbList","@id":"https:\/\/www.ringier.com\/fr\/hannah-zaunmuller-nommee-responsable-des-ressources-humaines-de-ringier\/#breadcrumb","itemListElement":[{"@type":"ListItem","position":1,"name":"Home","item":"https:\/\/www.ringier.com\/fr\/"},{"@type":"ListItem","position":2,"name":"Hannah Zaunm\u00fcller nomm\u00e9e responsable des ressources humaines de Ringier"}]},{"@type":"WebSite","@id":"https:\/\/www.ringier.com\/fr\/#website","url":"https:\/\/www.ringier.com\/fr\/","name":"Ringier","description":"We inform. We entertain. We connect","publisher":{"@id":"https:\/\/www.ringier.com\/fr\/#organization"},"potentialAction":[{"@type":"SearchAction","target":{"@type":"EntryPoint","urlTemplate":"https:\/\/www.ringier.com\/fr\/?s={search_term_string}"},"query-input":{"@type":"PropertyValueSpecification","valueRequired":true,"valueName":"search_term_string"}}],"inLanguage":"fr-FR"},{"@type":"Organization","@id":"https:\/\/www.ringier.com\/fr\/#organization","name":"Ringier","url":"https:\/\/www.ringier.com\/fr\/","logo":{"@type":"ImageObject","inLanguage":"fr-FR","@id":"https:\/\/www.ringier.com\/fr\/#\/schema\/logo\/image\/","url":"https:\/\/www.ringier.com\/wp-content\/uploads\/2021\/10\/ringier_logo_2.jpg","contentUrl":"https:\/\/www.ringier.com\/wp-content\/uploads\/2021\/10\/ringier_logo_2.jpg","width":750,"height":550,"caption":"Ringier"},"image":{"@id":"https:\/\/www.ringier.com\/fr\/#\/schema\/logo\/image\/"},"sameAs":["https:\/\/www.facebook.com\/ringierag\/","https:\/\/x.com\/ringier_ag","https:\/\/www.instagram.com\/ringier_ag\/","https:\/\/www.linkedin.com\/company\/ringier\/","https:\/\/www.youtube.com\/user\/RingierComm","https:\/\/en.wikipedia.org\/wiki\/Ringier","https:\/\/de.wikipedia.org\/wiki\/Ringier","https:\/\/fr.wikipedia.org\/wiki\/Ringier","https:\/\/www.crunchbase.com\/organization\/ringier-ag"]},{"@type":"Person","@id":"https:\/\/www.ringier.com\/fr\/#\/schema\/person\/4cf76a308dc4b2bb5121bd1e7b752e52","name":"Ringier Corporate Communications","image":{"@type":"ImageObject","inLanguage":"fr-FR","@id":"https:\/\/www.ringier.com\/fr\/#\/schema\/person\/image\/","url":"https:\/\/secure.gravatar.com\/avatar\/9391e20481368d5df4fe3e1e476c13b27786347489822ec1ed07e532bb41f587?s=96&d=mm&r=g","contentUrl":"https:\/\/secure.gravatar.com\/avatar\/9391e20481368d5df4fe3e1e476c13b27786347489822ec1ed07e532bb41f587?s=96&d=mm&r=g","caption":"Ringier Corporate Communications"},"sameAs":["https:\/\/www.ringier.com"]}]}},"_links":{"self":[{"href":"https:\/\/www.ringier.com\/fr\/wp-json\/wp\/v2\/posts\/10860","targetHints":{"allow":["GET"]}}],"collection":[{"href":"https:\/\/www.ringier.com\/fr\/wp-json\/wp\/v2\/posts"}],"about":[{"href":"https:\/\/www.ringier.com\/fr\/wp-json\/wp\/v2\/types\/post"}],"author":[{"embeddable":true,"href":"https:\/\/www.ringier.com\/fr\/wp-json\/wp\/v2\/users\/23"}],"replies":[{"embeddable":true,"href":"https:\/\/www.ringier.com\/fr\/wp-json\/wp\/v2\/comments?post=10860"}],"version-history":[{"count":0,"href":"https:\/\/www.ringier.com\/fr\/wp-json\/wp\/v2\/posts\/10860\/revisions"}],"wp:featuredmedia":[{"embeddable":true,"href":"https:\/\/www.ringier.com\/fr\/wp-json\/wp\/v2\/media\/10862"}],"wp:attachment":[{"href":"https:\/\/www.ringier.com\/fr\/wp-json\/wp\/v2\/media?parent=10860"}],"wp:term":[{"taxonomy":"category","embeddable":true,"href":"https:\/\/www.ringier.com\/fr\/wp-json\/wp\/v2\/categories?post=10860"},{"taxonomy":"post_tag","embeddable":true,"href":"https:\/\/www.ringier.com\/fr\/wp-json\/wp\/v2\/tags?post=10860"}],"curies":[{"name":"wp","href":"https:\/\/api.w.org\/{rel}","templated":true}]}}