{"id":10758,"date":"2017-08-05T15:50:00","date_gmt":"2017-08-05T13:50:00","guid":{"rendered":"https:\/\/www.ringier.com\/?p=10758"},"modified":"2024-11-14T11:22:39","modified_gmt":"2024-11-14T10:22:39","slug":"le-prix-europeen-de-la-culture-politique-2017-est-attribue-a-margrethe-vestager","status":"publish","type":"post","link":"https:\/\/www.ringier.com\/fr\/le-prix-europeen-de-la-culture-politique-2017-est-attribue-a-margrethe-vestager\/","title":{"rendered":"Le \u00abPrix europ\u00e9en de la culture politique 2017\u00bb est attribu\u00e9 \u00e0 Margrethe Vestager"},"content":{"rendered":"\n<p>Samedi 5 ao\u00fbt 2017 au soir, \u00e0 Ascona, Margrethe Vestager s\u2019est vue d\u00e9cerner le \u00abPrix europ\u00e9en de la culture politique\u00bb de la Fondation Hans Ringier. Le ma\u00eetre de c\u00e9r\u00e9monie, Frank A. Meyer, s\u2019est exprim\u00e9 sur les motifs qui ont conduit \u00e0 l\u2019\u00e9lection de Margrethe Vestager: \u00abMargrethe Vestager a enthousiasm\u00e9 l\u2019Europe par ses actions audacieuses contre les abus des puissances \u00e9conomiques du march\u00e9 num\u00e9rique. Elle applique le droit europ\u00e9en avec rigueur. Son engagement va en faveur d\u2019une concurrence non fauss\u00e9e au service des consommateurs et des concurrents.\u00bb<\/p>\n\n\n\n<p>Margrethe Vestager reversera l\u2019int\u00e9gralit\u00e9 du prix \u00e0 l\u2019organisation \u00abSave the Children\u00bb.<\/p>\n\n\n\n<p>La ministre f\u00e9d\u00e9rale allemande de l\u2019\u00c9conomie et de l\u2019\u00c9nergie, Brigitte Zypries, a rendu hommage \u00e0 la laur\u00e9ate par ces mots: \u00abMargrethe Vestager a amplement m\u00e9rit\u00e9 ce \u2039Prix europ\u00e9en de la culture politique\u203a. En qualit\u00e9 de Commissaire europ\u00e9enne \u00e0 la Concurrence, elle n\u2019h\u00e9site pas \u00e0 faire valoir la force de la loi contre les multinationales et \u00e0 les rappeler \u00e0 l\u2019ordre en leur infligeant des amendes multimillionnaires. Elle transmet ainsi aux citoyennes et citoyens des \u00c9tats de l\u2019UE l\u2019assurance que les \u00c9tats ne sont pas d\u00e9munis face \u00e0 la globalisation et qu\u2019il vaut la peine de renforcer l\u2019\u00c9tat de droit et la d\u00e9mocratie en les suivant d\u2019un \u0153il critique.\u00bb<\/p>\n\n\n\n<p>La c\u00e9r\u00e9monie s\u2019est d\u00e9roul\u00e9e dans le cadre du traditionnel \u00abD\u00eener r\u00e9publicain\u00bb de Frank A. Meyer \u00e0 l\u2019h\u00f4tel Castello del Sole d\u2019Ascona. Depuis 44 ans, le Festival international du film de Locarno constitue le cadre festif de cette table ronde r\u00e9unissant chaque ann\u00e9e d\u2019illustres convives des domaines politiques, \u00e9conomiques, scientifiques et culturels. \u00c9taient pr\u00e9sents cette ann\u00e9e notamment le conseiller f\u00e9d\u00e9ral Alain Berset, l\u2019ancien chancelier f\u00e9d\u00e9ral allemand Gerhard Schr\u00f6der, Olaf Scholz, premier maire de Hambourg, le pr\u00e9sident de la Commission des affaires \u00e9trang\u00e8res du Bundestag allemand Norbert R\u00f6ttgen, Stephan Steilein, secr\u00e9taire d\u2019\u00c9tat au Cabinet du Pr\u00e9sident f\u00e9d\u00e9ral, le pr\u00e9sident du parti lib\u00e9ral allemand FDP Christian Lindner, Udo di Fabio, ancien juge du Tribunal constitutionnel f\u00e9d\u00e9ral, et Philipp R\u00f6sler, directeur du FEM. Dans le domaine culturel, les \u00e9crivains Adolf Muschg et Robert Menasse et l\u2019actrice Martina Gedeck ont honor\u00e9 ce \u00abD\u00eener R\u00e9publicain\u00bb de leur pr\u00e9sence.<\/p>\n","protected":false},"excerpt":{"rendered":"<p>Dot\u00e9 de 50 000 euros, le \u00abPrix europ\u00e9en de la culture politique 2017\u00bb a \u00e9t\u00e9 d\u00e9cern\u00e9 \u00e0 la Danoise Margrethe Vestager, Commissaire europ\u00e9enne \u00e0 la Concurrence. D\u00e9cern\u00e9 chaque ann\u00e9e par la Fondation Hans Ringier, ce prix a \u00e9t\u00e9 remis \u00e0 sa laur\u00e9ate le samedi 5 ao\u00fbt \u00e0 Ascona. Il a r\u00e9compens\u00e9 au pr\u00e9alable Jean-Claude Juncker, Boris Tadi\u0107, J\u00fcrgen Habermas, Pascal Lamy, Jean-Claude Trichet, Hans-Dietrich Genscher, Donald Tusk, Wolfgang Sch\u00e4uble, Heinrich August Winkler, Mario Draghi et Frank-Walter Steinmeier. <\/p>\n","protected":false},"author":23,"featured_media":6037,"comment_status":"closed","ping_status":"open","sticky":false,"template":"","format":"standard","meta":{"inline_featured_image":false,"footnotes":""},"categories":[43],"tags":[],"class_list":["post-10758","post","type-post","status-publish","format-standard","has-post-thumbnail","hentry","category-corporate-fr"],"yoast_head":"<!-- This site is optimized with the Yoast SEO Premium plugin v27.0 (Yoast SEO v27.0) - https:\/\/yoast.com\/product\/yoast-seo-premium-wordpress\/ -->\n<title>Le \u00abPrix europ\u00e9en de la culture politique 2017\u00bb est attribu\u00e9 \u00e0 Margrethe Vestager - Ringier<\/title>\n<meta name=\"robots\" content=\"index, follow, max-snippet:-1, max-image-preview:large, max-video-preview:-1\" \/>\n<link rel=\"canonical\" href=\"https:\/\/www.ringier.com\/fr\/le-prix-europeen-de-la-culture-politique-2017-est-attribue-a-margrethe-vestager\/\" \/>\n<meta property=\"og:locale\" content=\"fr_FR\" \/>\n<meta property=\"og:type\" content=\"article\" \/>\n<meta property=\"og:title\" content=\"Le \u00abPrix europ\u00e9en de la culture politique 2017\u00bb est attribu\u00e9 \u00e0 Margrethe Vestager\" \/>\n<meta property=\"og:description\" content=\"Dot\u00e9 de 50 000 euros, le \u00abPrix europ\u00e9en de la culture politique 2017\u00bb a \u00e9t\u00e9 d\u00e9cern\u00e9 \u00e0 la Danoise Margrethe Vestager, Commissaire europ\u00e9enne \u00e0 la Concurrence. D\u00e9cern\u00e9 chaque ann\u00e9e par la Fondation Hans Ringier, ce prix a \u00e9t\u00e9 remis \u00e0 sa laur\u00e9ate le samedi 5 ao\u00fbt \u00e0 Ascona. Il a r\u00e9compens\u00e9 au pr\u00e9alable Jean-Claude Juncker, Boris Tadi\u0107, J\u00fcrgen Habermas, Pascal Lamy, Jean-Claude Trichet, Hans-Dietrich Genscher, Donald Tusk, Wolfgang Sch\u00e4uble, Heinrich August Winkler, Mario Draghi et Frank-Walter Steinmeier.\" \/>\n<meta property=\"og:url\" content=\"https:\/\/www.ringier.com\/fr\/le-prix-europeen-de-la-culture-politique-2017-est-attribue-a-margrethe-vestager\/\" \/>\n<meta property=\"og:site_name\" content=\"Ringier\" \/>\n<meta property=\"article:publisher\" content=\"https:\/\/www.facebook.com\/ringierag\/\" \/>\n<meta property=\"article:published_time\" content=\"2017-08-05T13:50:00+00:00\" \/>\n<meta property=\"article:modified_time\" content=\"2024-11-14T10:22:39+00:00\" \/>\n<meta property=\"og:image\" content=\"https:\/\/www.ringier.com\/wp-content\/uploads\/2021\/09\/Press-Release-Default.png\" \/>\n\t<meta property=\"og:image:width\" content=\"8001\" \/>\n\t<meta property=\"og:image:height\" content=\"4201\" \/>\n\t<meta property=\"og:image:type\" content=\"image\/png\" \/>\n<meta name=\"author\" content=\"Ringier Corporate Communications\" \/>\n<meta name=\"twitter:card\" content=\"summary_large_image\" \/>\n<meta name=\"twitter:creator\" content=\"@ringier_ag\" \/>\n<meta name=\"twitter:site\" content=\"@ringier_ag\" \/>\n<meta name=\"twitter:label1\" content=\"\u00c9crit par\" \/>\n\t<meta name=\"twitter:data1\" content=\"Ringier Corporate Communications\" \/>\n\t<meta name=\"twitter:label2\" content=\"Dur\u00e9e de lecture estim\u00e9e\" \/>\n\t<meta name=\"twitter:data2\" content=\"2 minutes\" \/>\n<script type=\"application\/ld+json\" class=\"yoast-schema-graph\">{\"@context\":\"https:\/\/schema.org\",\"@graph\":[{\"@type\":\"Article\",\"@id\":\"https:\/\/www.ringier.com\/fr\/le-prix-europeen-de-la-culture-politique-2017-est-attribue-a-margrethe-vestager\/#article\",\"isPartOf\":{\"@id\":\"https:\/\/www.ringier.com\/fr\/le-prix-europeen-de-la-culture-politique-2017-est-attribue-a-margrethe-vestager\/\"},\"author\":{\"name\":\"Ringier Corporate Communications\",\"@id\":\"https:\/\/www.ringier.com\/fr\/#\/schema\/person\/4cf76a308dc4b2bb5121bd1e7b752e52\"},\"headline\":\"Le \u00abPrix europ\u00e9en de la culture politique 2017\u00bb est attribu\u00e9 \u00e0 Margrethe Vestager\",\"datePublished\":\"2017-08-05T13:50:00+00:00\",\"dateModified\":\"2024-11-14T10:22:39+00:00\",\"mainEntityOfPage\":{\"@id\":\"https:\/\/www.ringier.com\/fr\/le-prix-europeen-de-la-culture-politique-2017-est-attribue-a-margrethe-vestager\/\"},\"wordCount\":419,\"publisher\":{\"@id\":\"https:\/\/www.ringier.com\/fr\/#organization\"},\"image\":{\"@id\":\"https:\/\/www.ringier.com\/fr\/le-prix-europeen-de-la-culture-politique-2017-est-attribue-a-margrethe-vestager\/#primaryimage\"},\"thumbnailUrl\":\"https:\/\/www.ringier.com\/wp-content\/uploads\/2021\/09\/Press-Release-Default.png\",\"articleSection\":[\"Corporate\"],\"inLanguage\":\"fr-FR\"},{\"@type\":\"WebPage\",\"@id\":\"https:\/\/www.ringier.com\/fr\/le-prix-europeen-de-la-culture-politique-2017-est-attribue-a-margrethe-vestager\/\",\"url\":\"https:\/\/www.ringier.com\/fr\/le-prix-europeen-de-la-culture-politique-2017-est-attribue-a-margrethe-vestager\/\",\"name\":\"Le \u00abPrix europ\u00e9en de la culture politique 2017\u00bb est attribu\u00e9 \u00e0 Margrethe Vestager - Ringier\",\"isPartOf\":{\"@id\":\"https:\/\/www.ringier.com\/fr\/#website\"},\"primaryImageOfPage\":{\"@id\":\"https:\/\/www.ringier.com\/fr\/le-prix-europeen-de-la-culture-politique-2017-est-attribue-a-margrethe-vestager\/#primaryimage\"},\"image\":{\"@id\":\"https:\/\/www.ringier.com\/fr\/le-prix-europeen-de-la-culture-politique-2017-est-attribue-a-margrethe-vestager\/#primaryimage\"},\"thumbnailUrl\":\"https:\/\/www.ringier.com\/wp-content\/uploads\/2021\/09\/Press-Release-Default.png\",\"datePublished\":\"2017-08-05T13:50:00+00:00\",\"dateModified\":\"2024-11-14T10:22:39+00:00\",\"breadcrumb\":{\"@id\":\"https:\/\/www.ringier.com\/fr\/le-prix-europeen-de-la-culture-politique-2017-est-attribue-a-margrethe-vestager\/#breadcrumb\"},\"inLanguage\":\"fr-FR\",\"potentialAction\":[{\"@type\":\"ReadAction\",\"target\":[\"https:\/\/www.ringier.com\/fr\/le-prix-europeen-de-la-culture-politique-2017-est-attribue-a-margrethe-vestager\/\"]}]},{\"@type\":\"ImageObject\",\"inLanguage\":\"fr-FR\",\"@id\":\"https:\/\/www.ringier.com\/fr\/le-prix-europeen-de-la-culture-politique-2017-est-attribue-a-margrethe-vestager\/#primaryimage\",\"url\":\"https:\/\/www.ringier.com\/wp-content\/uploads\/2021\/09\/Press-Release-Default.png\",\"contentUrl\":\"https:\/\/www.ringier.com\/wp-content\/uploads\/2021\/09\/Press-Release-Default.png\",\"width\":8001,\"height\":4201},{\"@type\":\"BreadcrumbList\",\"@id\":\"https:\/\/www.ringier.com\/fr\/le-prix-europeen-de-la-culture-politique-2017-est-attribue-a-margrethe-vestager\/#breadcrumb\",\"itemListElement\":[{\"@type\":\"ListItem\",\"position\":1,\"name\":\"Home\",\"item\":\"https:\/\/www.ringier.com\/fr\/\"},{\"@type\":\"ListItem\",\"position\":2,\"name\":\"Le \u00abPrix europ\u00e9en de la culture politique 2017\u00bb est attribu\u00e9 \u00e0 Margrethe Vestager\"}]},{\"@type\":\"WebSite\",\"@id\":\"https:\/\/www.ringier.com\/fr\/#website\",\"url\":\"https:\/\/www.ringier.com\/fr\/\",\"name\":\"Ringier\",\"description\":\"We inform. We entertain. We connect\",\"publisher\":{\"@id\":\"https:\/\/www.ringier.com\/fr\/#organization\"},\"potentialAction\":[{\"@type\":\"SearchAction\",\"target\":{\"@type\":\"EntryPoint\",\"urlTemplate\":\"https:\/\/www.ringier.com\/fr\/?s={search_term_string}\"},\"query-input\":{\"@type\":\"PropertyValueSpecification\",\"valueRequired\":true,\"valueName\":\"search_term_string\"}}],\"inLanguage\":\"fr-FR\"},{\"@type\":\"Organization\",\"@id\":\"https:\/\/www.ringier.com\/fr\/#organization\",\"name\":\"Ringier\",\"url\":\"https:\/\/www.ringier.com\/fr\/\",\"logo\":{\"@type\":\"ImageObject\",\"inLanguage\":\"fr-FR\",\"@id\":\"https:\/\/www.ringier.com\/fr\/#\/schema\/logo\/image\/\",\"url\":\"https:\/\/www.ringier.com\/wp-content\/uploads\/2021\/10\/ringier_logo_2.jpg\",\"contentUrl\":\"https:\/\/www.ringier.com\/wp-content\/uploads\/2021\/10\/ringier_logo_2.jpg\",\"width\":750,\"height\":550,\"caption\":\"Ringier\"},\"image\":{\"@id\":\"https:\/\/www.ringier.com\/fr\/#\/schema\/logo\/image\/\"},\"sameAs\":[\"https:\/\/www.facebook.com\/ringierag\/\",\"https:\/\/x.com\/ringier_ag\",\"https:\/\/www.instagram.com\/ringier_ag\/\",\"https:\/\/www.linkedin.com\/company\/ringier\/\",\"https:\/\/www.youtube.com\/user\/RingierComm\",\"https:\/\/en.wikipedia.org\/wiki\/Ringier\",\"https:\/\/de.wikipedia.org\/wiki\/Ringier\",\"https:\/\/fr.wikipedia.org\/wiki\/Ringier\",\"https:\/\/www.crunchbase.com\/organization\/ringier-ag\"]},{\"@type\":\"Person\",\"@id\":\"https:\/\/www.ringier.com\/fr\/#\/schema\/person\/4cf76a308dc4b2bb5121bd1e7b752e52\",\"name\":\"Ringier Corporate Communications\",\"image\":{\"@type\":\"ImageObject\",\"inLanguage\":\"fr-FR\",\"@id\":\"https:\/\/www.ringier.com\/fr\/#\/schema\/person\/image\/\",\"url\":\"https:\/\/secure.gravatar.com\/avatar\/9391e20481368d5df4fe3e1e476c13b27786347489822ec1ed07e532bb41f587?s=96&d=mm&r=g\",\"contentUrl\":\"https:\/\/secure.gravatar.com\/avatar\/9391e20481368d5df4fe3e1e476c13b27786347489822ec1ed07e532bb41f587?s=96&d=mm&r=g\",\"caption\":\"Ringier Corporate Communications\"},\"sameAs\":[\"https:\/\/www.ringier.com\"]}]}<\/script>\n<!-- \/ Yoast SEO Premium plugin. -->","yoast_head_json":{"title":"Le \u00abPrix europ\u00e9en de la culture politique 2017\u00bb est attribu\u00e9 \u00e0 Margrethe Vestager - Ringier","robots":{"index":"index","follow":"follow","max-snippet":"max-snippet:-1","max-image-preview":"max-image-preview:large","max-video-preview":"max-video-preview:-1"},"canonical":"https:\/\/www.ringier.com\/fr\/le-prix-europeen-de-la-culture-politique-2017-est-attribue-a-margrethe-vestager\/","og_locale":"fr_FR","og_type":"article","og_title":"Le \u00abPrix europ\u00e9en de la culture politique 2017\u00bb est attribu\u00e9 \u00e0 Margrethe Vestager","og_description":"Dot\u00e9 de 50 000 euros, le \u00abPrix europ\u00e9en de la culture politique 2017\u00bb a \u00e9t\u00e9 d\u00e9cern\u00e9 \u00e0 la Danoise Margrethe Vestager, Commissaire europ\u00e9enne \u00e0 la Concurrence. D\u00e9cern\u00e9 chaque ann\u00e9e par la Fondation Hans Ringier, ce prix a \u00e9t\u00e9 remis \u00e0 sa laur\u00e9ate le samedi 5 ao\u00fbt \u00e0 Ascona. Il a r\u00e9compens\u00e9 au pr\u00e9alable Jean-Claude Juncker, Boris Tadi\u0107, J\u00fcrgen Habermas, Pascal Lamy, Jean-Claude Trichet, Hans-Dietrich Genscher, Donald Tusk, Wolfgang Sch\u00e4uble, Heinrich August Winkler, Mario Draghi et Frank-Walter Steinmeier.","og_url":"https:\/\/www.ringier.com\/fr\/le-prix-europeen-de-la-culture-politique-2017-est-attribue-a-margrethe-vestager\/","og_site_name":"Ringier","article_publisher":"https:\/\/www.facebook.com\/ringierag\/","article_published_time":"2017-08-05T13:50:00+00:00","article_modified_time":"2024-11-14T10:22:39+00:00","og_image":[{"width":8001,"height":4201,"url":"https:\/\/www.ringier.com\/wp-content\/uploads\/2021\/09\/Press-Release-Default.png","type":"image\/png"}],"author":"Ringier Corporate Communications","twitter_card":"summary_large_image","twitter_creator":"@ringier_ag","twitter_site":"@ringier_ag","twitter_misc":{"\u00c9crit par":"Ringier Corporate Communications","Dur\u00e9e de lecture estim\u00e9e":"2 minutes"},"schema":{"@context":"https:\/\/schema.org","@graph":[{"@type":"Article","@id":"https:\/\/www.ringier.com\/fr\/le-prix-europeen-de-la-culture-politique-2017-est-attribue-a-margrethe-vestager\/#article","isPartOf":{"@id":"https:\/\/www.ringier.com\/fr\/le-prix-europeen-de-la-culture-politique-2017-est-attribue-a-margrethe-vestager\/"},"author":{"name":"Ringier Corporate Communications","@id":"https:\/\/www.ringier.com\/fr\/#\/schema\/person\/4cf76a308dc4b2bb5121bd1e7b752e52"},"headline":"Le \u00abPrix europ\u00e9en de la culture politique 2017\u00bb est attribu\u00e9 \u00e0 Margrethe Vestager","datePublished":"2017-08-05T13:50:00+00:00","dateModified":"2024-11-14T10:22:39+00:00","mainEntityOfPage":{"@id":"https:\/\/www.ringier.com\/fr\/le-prix-europeen-de-la-culture-politique-2017-est-attribue-a-margrethe-vestager\/"},"wordCount":419,"publisher":{"@id":"https:\/\/www.ringier.com\/fr\/#organization"},"image":{"@id":"https:\/\/www.ringier.com\/fr\/le-prix-europeen-de-la-culture-politique-2017-est-attribue-a-margrethe-vestager\/#primaryimage"},"thumbnailUrl":"https:\/\/www.ringier.com\/wp-content\/uploads\/2021\/09\/Press-Release-Default.png","articleSection":["Corporate"],"inLanguage":"fr-FR"},{"@type":"WebPage","@id":"https:\/\/www.ringier.com\/fr\/le-prix-europeen-de-la-culture-politique-2017-est-attribue-a-margrethe-vestager\/","url":"https:\/\/www.ringier.com\/fr\/le-prix-europeen-de-la-culture-politique-2017-est-attribue-a-margrethe-vestager\/","name":"Le \u00abPrix europ\u00e9en de la culture politique 2017\u00bb est attribu\u00e9 \u00e0 Margrethe Vestager - Ringier","isPartOf":{"@id":"https:\/\/www.ringier.com\/fr\/#website"},"primaryImageOfPage":{"@id":"https:\/\/www.ringier.com\/fr\/le-prix-europeen-de-la-culture-politique-2017-est-attribue-a-margrethe-vestager\/#primaryimage"},"image":{"@id":"https:\/\/www.ringier.com\/fr\/le-prix-europeen-de-la-culture-politique-2017-est-attribue-a-margrethe-vestager\/#primaryimage"},"thumbnailUrl":"https:\/\/www.ringier.com\/wp-content\/uploads\/2021\/09\/Press-Release-Default.png","datePublished":"2017-08-05T13:50:00+00:00","dateModified":"2024-11-14T10:22:39+00:00","breadcrumb":{"@id":"https:\/\/www.ringier.com\/fr\/le-prix-europeen-de-la-culture-politique-2017-est-attribue-a-margrethe-vestager\/#breadcrumb"},"inLanguage":"fr-FR","potentialAction":[{"@type":"ReadAction","target":["https:\/\/www.ringier.com\/fr\/le-prix-europeen-de-la-culture-politique-2017-est-attribue-a-margrethe-vestager\/"]}]},{"@type":"ImageObject","inLanguage":"fr-FR","@id":"https:\/\/www.ringier.com\/fr\/le-prix-europeen-de-la-culture-politique-2017-est-attribue-a-margrethe-vestager\/#primaryimage","url":"https:\/\/www.ringier.com\/wp-content\/uploads\/2021\/09\/Press-Release-Default.png","contentUrl":"https:\/\/www.ringier.com\/wp-content\/uploads\/2021\/09\/Press-Release-Default.png","width":8001,"height":4201},{"@type":"BreadcrumbList","@id":"https:\/\/www.ringier.com\/fr\/le-prix-europeen-de-la-culture-politique-2017-est-attribue-a-margrethe-vestager\/#breadcrumb","itemListElement":[{"@type":"ListItem","position":1,"name":"Home","item":"https:\/\/www.ringier.com\/fr\/"},{"@type":"ListItem","position":2,"name":"Le \u00abPrix europ\u00e9en de la culture politique 2017\u00bb est attribu\u00e9 \u00e0 Margrethe Vestager"}]},{"@type":"WebSite","@id":"https:\/\/www.ringier.com\/fr\/#website","url":"https:\/\/www.ringier.com\/fr\/","name":"Ringier","description":"We inform. We entertain. We connect","publisher":{"@id":"https:\/\/www.ringier.com\/fr\/#organization"},"potentialAction":[{"@type":"SearchAction","target":{"@type":"EntryPoint","urlTemplate":"https:\/\/www.ringier.com\/fr\/?s={search_term_string}"},"query-input":{"@type":"PropertyValueSpecification","valueRequired":true,"valueName":"search_term_string"}}],"inLanguage":"fr-FR"},{"@type":"Organization","@id":"https:\/\/www.ringier.com\/fr\/#organization","name":"Ringier","url":"https:\/\/www.ringier.com\/fr\/","logo":{"@type":"ImageObject","inLanguage":"fr-FR","@id":"https:\/\/www.ringier.com\/fr\/#\/schema\/logo\/image\/","url":"https:\/\/www.ringier.com\/wp-content\/uploads\/2021\/10\/ringier_logo_2.jpg","contentUrl":"https:\/\/www.ringier.com\/wp-content\/uploads\/2021\/10\/ringier_logo_2.jpg","width":750,"height":550,"caption":"Ringier"},"image":{"@id":"https:\/\/www.ringier.com\/fr\/#\/schema\/logo\/image\/"},"sameAs":["https:\/\/www.facebook.com\/ringierag\/","https:\/\/x.com\/ringier_ag","https:\/\/www.instagram.com\/ringier_ag\/","https:\/\/www.linkedin.com\/company\/ringier\/","https:\/\/www.youtube.com\/user\/RingierComm","https:\/\/en.wikipedia.org\/wiki\/Ringier","https:\/\/de.wikipedia.org\/wiki\/Ringier","https:\/\/fr.wikipedia.org\/wiki\/Ringier","https:\/\/www.crunchbase.com\/organization\/ringier-ag"]},{"@type":"Person","@id":"https:\/\/www.ringier.com\/fr\/#\/schema\/person\/4cf76a308dc4b2bb5121bd1e7b752e52","name":"Ringier Corporate Communications","image":{"@type":"ImageObject","inLanguage":"fr-FR","@id":"https:\/\/www.ringier.com\/fr\/#\/schema\/person\/image\/","url":"https:\/\/secure.gravatar.com\/avatar\/9391e20481368d5df4fe3e1e476c13b27786347489822ec1ed07e532bb41f587?s=96&d=mm&r=g","contentUrl":"https:\/\/secure.gravatar.com\/avatar\/9391e20481368d5df4fe3e1e476c13b27786347489822ec1ed07e532bb41f587?s=96&d=mm&r=g","caption":"Ringier Corporate Communications"},"sameAs":["https:\/\/www.ringier.com"]}]}},"_links":{"self":[{"href":"https:\/\/www.ringier.com\/fr\/wp-json\/wp\/v2\/posts\/10758","targetHints":{"allow":["GET"]}}],"collection":[{"href":"https:\/\/www.ringier.com\/fr\/wp-json\/wp\/v2\/posts"}],"about":[{"href":"https:\/\/www.ringier.com\/fr\/wp-json\/wp\/v2\/types\/post"}],"author":[{"embeddable":true,"href":"https:\/\/www.ringier.com\/fr\/wp-json\/wp\/v2\/users\/23"}],"replies":[{"embeddable":true,"href":"https:\/\/www.ringier.com\/fr\/wp-json\/wp\/v2\/comments?post=10758"}],"version-history":[{"count":0,"href":"https:\/\/www.ringier.com\/fr\/wp-json\/wp\/v2\/posts\/10758\/revisions"}],"wp:featuredmedia":[{"embeddable":true,"href":"https:\/\/www.ringier.com\/fr\/wp-json\/wp\/v2\/media\/6037"}],"wp:attachment":[{"href":"https:\/\/www.ringier.com\/fr\/wp-json\/wp\/v2\/media?parent=10758"}],"wp:term":[{"taxonomy":"category","embeddable":true,"href":"https:\/\/www.ringier.com\/fr\/wp-json\/wp\/v2\/categories?post=10758"},{"taxonomy":"post_tag","embeddable":true,"href":"https:\/\/www.ringier.com\/fr\/wp-json\/wp\/v2\/tags?post=10758"}],"curies":[{"name":"wp","href":"https:\/\/api.w.org\/{rel}","templated":true}]}}