{"id":10336,"date":"2021-08-18T13:58:00","date_gmt":"2021-08-18T11:58:00","guid":{"rendered":"https:\/\/www.ringier.com\/ringier-sports-und-walden-football-llc-schliessen-management-agreement-ab\/"},"modified":"2025-06-23T14:41:03","modified_gmt":"2025-06-23T12:41:03","slug":"ringier-sports-et-walden-football-llc-concluent-un-accord-de-gestion","status":"publish","type":"post","link":"https:\/\/www.ringier.com\/fr\/ringier-sports-et-walden-football-llc-concluent-un-accord-de-gestion\/","title":{"rendered":"Ringier Sports et Walden Football LLC concluent un accord de gestion"},"content":{"rendered":"\n<p>Walden Football LLC, qui fait partie de l\u2019empire sportif de l\u2019entrepreneur am\u00e9ricain Joe Mansueto, \u00e9galement propri\u00e9taire du club MLS Chicago Fire FC, transf\u00e8re avec effet imm\u00e9diat la gestion de ses affaires suisses, c\u2019est-\u00e0-dire la gestion op\u00e9rationnelle du F.C. Lugano, \u00e0 Ringier Sports dans le cadre de la coop\u00e9ration convenue pour une dur\u00e9e ind\u00e9termin\u00e9e.<\/p>\n\n\n\n<p>Martin Blaser, qui est CEO de Ringier Sports depuis le 1er septembre 2017, se verra confier l\u2019accomplissement de ce mandat. Dans le cadre de cette fonction, Martin Blaser sera membre du conseil d\u2019administration de F.C. Lugano SA et responsable global des activit\u00e9s op\u00e9rationnelles de l\u2019organisation de football du Sottoceneri.<\/p>\n\n\n\n<p>Marc Walder, pr\u00e9sident du conseil d\u2019administration de Ringier Sports AG: \u00abCette acquisition par Joe Mansueto est une tr\u00e8s bonne nouvelle pour le F.C. Lugano et pour la Swiss Football League. Elle renforce consid\u00e9rablement le football professionnel de club au Tessin, ce qui est important. Ringier Sports est fi\u00e8re de faire partie de cet engagement \u00e0 long terme et planifi\u00e9 de mani\u00e8re professionnelle.\u00bb<\/p>\n\n\n\n<p>Georg Heitz, Sporting Director, Chicago Fire FC: \u00abAvec l\u2019acquisition du F.C. Lugano, nous avons pu mettre en \u0153uvre un objectif strat\u00e9gique qui est important pour nous. Pour que cet investissement soit fructueux et durable \u00e0 moyen et long terme, nous voulons travailler avec des experts reconnus dans ce domaine. Nous sommes donc d\u2019autant plus heureux de pouvoir compter sur Martin Blaser, qui travaille depuis des d\u00e9cennies dans le domaine du football suisse, ainsi que sur le r\u00e9seau professionnel de Ringier Sports.\u00bb<\/p>\n\n\n\n<p>En ce qui concerne la restructuration des activit\u00e9s quotidiennes au sein de l\u2019agence commerciale sportive, Ringier Sports fournira des informations \u00e0 une date ult\u00e9rieure.<\/p>\n\n\n\n<p><strong>A propos de Ringier Sports<\/strong><\/p>\n\n\n\n<p>Ringier Sports AG se concentre sur la commercialisation des clubs, associations et organisations suisses ainsi que sur les \u00e9v\u00e9nements nationaux et internationaux sur le march\u00e9 suisse. L\u2019accent est mis sur les sports populaires tels que le football et le hockey sur glace, ainsi que sur les sports comptant un nombre \u00e9lev\u00e9 de licenci\u00e9s et\/ou de joueurs actifs. Parall\u00e8lement, Ringier Sports AG se concentre sur l\u2019exploitation des droits commerciaux des ligues nationales et sur le d\u00e9veloppement et la commercialisation \u00e0 venir de formats d\u2019\u00e9v\u00e9nements et de championnats \u00e0 caract\u00e8re national. Pour ce faire, Ringier Sports AG peut compter sur les connaissances de longue date de ses collaborateurs et de ses collaboratrices ainsi que sur un large r\u00e9seau de partenaires renomm\u00e9s et \u00e9tablis.<\/p>\n","protected":false},"excerpt":{"rendered":"<p>A compter du 13 ao\u00fbt 2021, Walden Football LLC, dont le si\u00e8ge social est \u00e0 Chicago, a acquis 100% des actions de F.C. Lugano SA et est \u2013 sous r\u00e9serve de l\u2019approbation de la Swiss Football League (SFL), qui a d\u00e9j\u00e0 \u00e9t\u00e9 demand\u00e9e \u2013 l\u2019unique propri\u00e9taire du club de football tessinois, qui est actuellement class\u00e9 \u00e0 la 3e place de la Credit Suisse Super League.<\/p>\n","protected":false},"author":23,"featured_media":10334,"comment_status":"closed","ping_status":"open","sticky":false,"template":"","format":"standard","meta":{"inline_featured_image":false,"footnotes":""},"categories":[43],"tags":[],"class_list":["post-10336","post","type-post","status-publish","format-standard","has-post-thumbnail","hentry","category-corporate-fr"],"yoast_head":"<!-- This site is optimized with the Yoast SEO Premium plugin v27.0 (Yoast SEO v27.0) - https:\/\/yoast.com\/product\/yoast-seo-premium-wordpress\/ -->\n<title>Ringier Sports et Walden Football LLC concluent un accord de gestion - Ringier<\/title>\n<meta name=\"robots\" content=\"index, follow, max-snippet:-1, max-image-preview:large, max-video-preview:-1\" \/>\n<link rel=\"canonical\" href=\"https:\/\/www.ringier.com\/fr\/ringier-sports-et-walden-football-llc-concluent-un-accord-de-gestion\/\" \/>\n<meta property=\"og:locale\" content=\"fr_FR\" \/>\n<meta property=\"og:type\" content=\"article\" \/>\n<meta property=\"og:title\" content=\"Ringier Sports et Walden Football LLC concluent un accord de gestion\" \/>\n<meta property=\"og:description\" content=\"A compter du 13 ao\u00fbt 2021, Walden Football LLC, dont le si\u00e8ge social est \u00e0 Chicago, a acquis 100% des actions de F.C. Lugano SA et est \u2013 sous r\u00e9serve de l\u2019approbation de la Swiss Football League (SFL), qui a d\u00e9j\u00e0 \u00e9t\u00e9 demand\u00e9e \u2013 l\u2019unique propri\u00e9taire du club de football tessinois, qui est actuellement class\u00e9 \u00e0 la 3e place de la Credit Suisse Super League.\" \/>\n<meta property=\"og:url\" content=\"https:\/\/www.ringier.com\/fr\/ringier-sports-et-walden-football-llc-concluent-un-accord-de-gestion\/\" \/>\n<meta property=\"og:site_name\" content=\"Ringier\" \/>\n<meta property=\"article:publisher\" content=\"https:\/\/www.facebook.com\/ringierag\/\" \/>\n<meta property=\"article:published_time\" content=\"2021-08-18T11:58:00+00:00\" \/>\n<meta property=\"article:modified_time\" content=\"2025-06-23T12:41:03+00:00\" \/>\n<meta property=\"og:image\" content=\"https:\/\/www.ringier.com\/wp-content\/uploads\/2021\/10\/Logo-ringiersports-scaled.jpg\" \/>\n\t<meta property=\"og:image:width\" content=\"2560\" \/>\n\t<meta property=\"og:image:height\" content=\"1339\" \/>\n\t<meta property=\"og:image:type\" content=\"image\/jpeg\" \/>\n<meta name=\"author\" content=\"Ringier Corporate Communications\" \/>\n<meta name=\"twitter:card\" content=\"summary_large_image\" \/>\n<meta name=\"twitter:creator\" content=\"@ringier_ag\" \/>\n<meta name=\"twitter:site\" content=\"@ringier_ag\" \/>\n<meta name=\"twitter:label1\" content=\"\u00c9crit par\" \/>\n\t<meta name=\"twitter:data1\" content=\"Ringier Corporate Communications\" \/>\n\t<meta name=\"twitter:label2\" content=\"Dur\u00e9e de lecture estim\u00e9e\" \/>\n\t<meta name=\"twitter:data2\" content=\"3 minutes\" \/>\n<script type=\"application\/ld+json\" class=\"yoast-schema-graph\">{\"@context\":\"https:\/\/schema.org\",\"@graph\":[{\"@type\":\"Article\",\"@id\":\"https:\/\/www.ringier.com\/fr\/ringier-sports-et-walden-football-llc-concluent-un-accord-de-gestion\/#article\",\"isPartOf\":{\"@id\":\"https:\/\/www.ringier.com\/fr\/ringier-sports-et-walden-football-llc-concluent-un-accord-de-gestion\/\"},\"author\":{\"name\":\"Ringier Corporate Communications\",\"@id\":\"https:\/\/www.ringier.com\/fr\/#\/schema\/person\/4cf76a308dc4b2bb5121bd1e7b752e52\"},\"headline\":\"Ringier Sports et Walden Football LLC concluent un accord de gestion\",\"datePublished\":\"2021-08-18T11:58:00+00:00\",\"dateModified\":\"2025-06-23T12:41:03+00:00\",\"mainEntityOfPage\":{\"@id\":\"https:\/\/www.ringier.com\/fr\/ringier-sports-et-walden-football-llc-concluent-un-accord-de-gestion\/\"},\"wordCount\":447,\"publisher\":{\"@id\":\"https:\/\/www.ringier.com\/fr\/#organization\"},\"image\":{\"@id\":\"https:\/\/www.ringier.com\/fr\/ringier-sports-et-walden-football-llc-concluent-un-accord-de-gestion\/#primaryimage\"},\"thumbnailUrl\":\"https:\/\/www.ringier.com\/wp-content\/uploads\/2021\/10\/Logo-ringiersports-scaled.jpg\",\"articleSection\":[\"Corporate\"],\"inLanguage\":\"fr-FR\"},{\"@type\":\"WebPage\",\"@id\":\"https:\/\/www.ringier.com\/fr\/ringier-sports-et-walden-football-llc-concluent-un-accord-de-gestion\/\",\"url\":\"https:\/\/www.ringier.com\/fr\/ringier-sports-et-walden-football-llc-concluent-un-accord-de-gestion\/\",\"name\":\"Ringier Sports et Walden Football LLC concluent un accord de gestion - Ringier\",\"isPartOf\":{\"@id\":\"https:\/\/www.ringier.com\/fr\/#website\"},\"primaryImageOfPage\":{\"@id\":\"https:\/\/www.ringier.com\/fr\/ringier-sports-et-walden-football-llc-concluent-un-accord-de-gestion\/#primaryimage\"},\"image\":{\"@id\":\"https:\/\/www.ringier.com\/fr\/ringier-sports-et-walden-football-llc-concluent-un-accord-de-gestion\/#primaryimage\"},\"thumbnailUrl\":\"https:\/\/www.ringier.com\/wp-content\/uploads\/2021\/10\/Logo-ringiersports-scaled.jpg\",\"datePublished\":\"2021-08-18T11:58:00+00:00\",\"dateModified\":\"2025-06-23T12:41:03+00:00\",\"breadcrumb\":{\"@id\":\"https:\/\/www.ringier.com\/fr\/ringier-sports-et-walden-football-llc-concluent-un-accord-de-gestion\/#breadcrumb\"},\"inLanguage\":\"fr-FR\",\"potentialAction\":[{\"@type\":\"ReadAction\",\"target\":[\"https:\/\/www.ringier.com\/fr\/ringier-sports-et-walden-football-llc-concluent-un-accord-de-gestion\/\"]}]},{\"@type\":\"ImageObject\",\"inLanguage\":\"fr-FR\",\"@id\":\"https:\/\/www.ringier.com\/fr\/ringier-sports-et-walden-football-llc-concluent-un-accord-de-gestion\/#primaryimage\",\"url\":\"https:\/\/www.ringier.com\/wp-content\/uploads\/2021\/10\/Logo-ringiersports-scaled.jpg\",\"contentUrl\":\"https:\/\/www.ringier.com\/wp-content\/uploads\/2021\/10\/Logo-ringiersports-scaled.jpg\",\"width\":2560,\"height\":1339},{\"@type\":\"BreadcrumbList\",\"@id\":\"https:\/\/www.ringier.com\/fr\/ringier-sports-et-walden-football-llc-concluent-un-accord-de-gestion\/#breadcrumb\",\"itemListElement\":[{\"@type\":\"ListItem\",\"position\":1,\"name\":\"Home\",\"item\":\"https:\/\/www.ringier.com\/fr\/\"},{\"@type\":\"ListItem\",\"position\":2,\"name\":\"Ringier Sports et Walden Football LLC concluent un accord de gestion\"}]},{\"@type\":\"WebSite\",\"@id\":\"https:\/\/www.ringier.com\/fr\/#website\",\"url\":\"https:\/\/www.ringier.com\/fr\/\",\"name\":\"Ringier\",\"description\":\"We inform. We entertain. We connect\",\"publisher\":{\"@id\":\"https:\/\/www.ringier.com\/fr\/#organization\"},\"potentialAction\":[{\"@type\":\"SearchAction\",\"target\":{\"@type\":\"EntryPoint\",\"urlTemplate\":\"https:\/\/www.ringier.com\/fr\/?s={search_term_string}\"},\"query-input\":{\"@type\":\"PropertyValueSpecification\",\"valueRequired\":true,\"valueName\":\"search_term_string\"}}],\"inLanguage\":\"fr-FR\"},{\"@type\":\"Organization\",\"@id\":\"https:\/\/www.ringier.com\/fr\/#organization\",\"name\":\"Ringier\",\"url\":\"https:\/\/www.ringier.com\/fr\/\",\"logo\":{\"@type\":\"ImageObject\",\"inLanguage\":\"fr-FR\",\"@id\":\"https:\/\/www.ringier.com\/fr\/#\/schema\/logo\/image\/\",\"url\":\"https:\/\/www.ringier.com\/wp-content\/uploads\/2021\/10\/ringier_logo_2.jpg\",\"contentUrl\":\"https:\/\/www.ringier.com\/wp-content\/uploads\/2021\/10\/ringier_logo_2.jpg\",\"width\":750,\"height\":550,\"caption\":\"Ringier\"},\"image\":{\"@id\":\"https:\/\/www.ringier.com\/fr\/#\/schema\/logo\/image\/\"},\"sameAs\":[\"https:\/\/www.facebook.com\/ringierag\/\",\"https:\/\/x.com\/ringier_ag\",\"https:\/\/www.instagram.com\/ringier_ag\/\",\"https:\/\/www.linkedin.com\/company\/ringier\/\",\"https:\/\/www.youtube.com\/user\/RingierComm\",\"https:\/\/en.wikipedia.org\/wiki\/Ringier\",\"https:\/\/de.wikipedia.org\/wiki\/Ringier\",\"https:\/\/fr.wikipedia.org\/wiki\/Ringier\",\"https:\/\/www.crunchbase.com\/organization\/ringier-ag\"]},{\"@type\":\"Person\",\"@id\":\"https:\/\/www.ringier.com\/fr\/#\/schema\/person\/4cf76a308dc4b2bb5121bd1e7b752e52\",\"name\":\"Ringier Corporate Communications\",\"image\":{\"@type\":\"ImageObject\",\"inLanguage\":\"fr-FR\",\"@id\":\"https:\/\/www.ringier.com\/fr\/#\/schema\/person\/image\/\",\"url\":\"https:\/\/secure.gravatar.com\/avatar\/9391e20481368d5df4fe3e1e476c13b27786347489822ec1ed07e532bb41f587?s=96&d=mm&r=g\",\"contentUrl\":\"https:\/\/secure.gravatar.com\/avatar\/9391e20481368d5df4fe3e1e476c13b27786347489822ec1ed07e532bb41f587?s=96&d=mm&r=g\",\"caption\":\"Ringier Corporate Communications\"},\"sameAs\":[\"https:\/\/www.ringier.com\"]}]}<\/script>\n<!-- \/ Yoast SEO Premium plugin. -->","yoast_head_json":{"title":"Ringier Sports et Walden Football LLC concluent un accord de gestion - Ringier","robots":{"index":"index","follow":"follow","max-snippet":"max-snippet:-1","max-image-preview":"max-image-preview:large","max-video-preview":"max-video-preview:-1"},"canonical":"https:\/\/www.ringier.com\/fr\/ringier-sports-et-walden-football-llc-concluent-un-accord-de-gestion\/","og_locale":"fr_FR","og_type":"article","og_title":"Ringier Sports et Walden Football LLC concluent un accord de gestion","og_description":"A compter du 13 ao\u00fbt 2021, Walden Football LLC, dont le si\u00e8ge social est \u00e0 Chicago, a acquis 100% des actions de F.C. Lugano SA et est \u2013 sous r\u00e9serve de l\u2019approbation de la Swiss Football League (SFL), qui a d\u00e9j\u00e0 \u00e9t\u00e9 demand\u00e9e \u2013 l\u2019unique propri\u00e9taire du club de football tessinois, qui est actuellement class\u00e9 \u00e0 la 3e place de la Credit Suisse Super League.","og_url":"https:\/\/www.ringier.com\/fr\/ringier-sports-et-walden-football-llc-concluent-un-accord-de-gestion\/","og_site_name":"Ringier","article_publisher":"https:\/\/www.facebook.com\/ringierag\/","article_published_time":"2021-08-18T11:58:00+00:00","article_modified_time":"2025-06-23T12:41:03+00:00","og_image":[{"width":2560,"height":1339,"url":"https:\/\/www.ringier.com\/wp-content\/uploads\/2021\/10\/Logo-ringiersports-scaled.jpg","type":"image\/jpeg"}],"author":"Ringier Corporate Communications","twitter_card":"summary_large_image","twitter_creator":"@ringier_ag","twitter_site":"@ringier_ag","twitter_misc":{"\u00c9crit par":"Ringier Corporate Communications","Dur\u00e9e de lecture estim\u00e9e":"3 minutes"},"schema":{"@context":"https:\/\/schema.org","@graph":[{"@type":"Article","@id":"https:\/\/www.ringier.com\/fr\/ringier-sports-et-walden-football-llc-concluent-un-accord-de-gestion\/#article","isPartOf":{"@id":"https:\/\/www.ringier.com\/fr\/ringier-sports-et-walden-football-llc-concluent-un-accord-de-gestion\/"},"author":{"name":"Ringier Corporate Communications","@id":"https:\/\/www.ringier.com\/fr\/#\/schema\/person\/4cf76a308dc4b2bb5121bd1e7b752e52"},"headline":"Ringier Sports et Walden Football LLC concluent un accord de gestion","datePublished":"2021-08-18T11:58:00+00:00","dateModified":"2025-06-23T12:41:03+00:00","mainEntityOfPage":{"@id":"https:\/\/www.ringier.com\/fr\/ringier-sports-et-walden-football-llc-concluent-un-accord-de-gestion\/"},"wordCount":447,"publisher":{"@id":"https:\/\/www.ringier.com\/fr\/#organization"},"image":{"@id":"https:\/\/www.ringier.com\/fr\/ringier-sports-et-walden-football-llc-concluent-un-accord-de-gestion\/#primaryimage"},"thumbnailUrl":"https:\/\/www.ringier.com\/wp-content\/uploads\/2021\/10\/Logo-ringiersports-scaled.jpg","articleSection":["Corporate"],"inLanguage":"fr-FR"},{"@type":"WebPage","@id":"https:\/\/www.ringier.com\/fr\/ringier-sports-et-walden-football-llc-concluent-un-accord-de-gestion\/","url":"https:\/\/www.ringier.com\/fr\/ringier-sports-et-walden-football-llc-concluent-un-accord-de-gestion\/","name":"Ringier Sports et Walden Football LLC concluent un accord de gestion - Ringier","isPartOf":{"@id":"https:\/\/www.ringier.com\/fr\/#website"},"primaryImageOfPage":{"@id":"https:\/\/www.ringier.com\/fr\/ringier-sports-et-walden-football-llc-concluent-un-accord-de-gestion\/#primaryimage"},"image":{"@id":"https:\/\/www.ringier.com\/fr\/ringier-sports-et-walden-football-llc-concluent-un-accord-de-gestion\/#primaryimage"},"thumbnailUrl":"https:\/\/www.ringier.com\/wp-content\/uploads\/2021\/10\/Logo-ringiersports-scaled.jpg","datePublished":"2021-08-18T11:58:00+00:00","dateModified":"2025-06-23T12:41:03+00:00","breadcrumb":{"@id":"https:\/\/www.ringier.com\/fr\/ringier-sports-et-walden-football-llc-concluent-un-accord-de-gestion\/#breadcrumb"},"inLanguage":"fr-FR","potentialAction":[{"@type":"ReadAction","target":["https:\/\/www.ringier.com\/fr\/ringier-sports-et-walden-football-llc-concluent-un-accord-de-gestion\/"]}]},{"@type":"ImageObject","inLanguage":"fr-FR","@id":"https:\/\/www.ringier.com\/fr\/ringier-sports-et-walden-football-llc-concluent-un-accord-de-gestion\/#primaryimage","url":"https:\/\/www.ringier.com\/wp-content\/uploads\/2021\/10\/Logo-ringiersports-scaled.jpg","contentUrl":"https:\/\/www.ringier.com\/wp-content\/uploads\/2021\/10\/Logo-ringiersports-scaled.jpg","width":2560,"height":1339},{"@type":"BreadcrumbList","@id":"https:\/\/www.ringier.com\/fr\/ringier-sports-et-walden-football-llc-concluent-un-accord-de-gestion\/#breadcrumb","itemListElement":[{"@type":"ListItem","position":1,"name":"Home","item":"https:\/\/www.ringier.com\/fr\/"},{"@type":"ListItem","position":2,"name":"Ringier Sports et Walden Football LLC concluent un accord de gestion"}]},{"@type":"WebSite","@id":"https:\/\/www.ringier.com\/fr\/#website","url":"https:\/\/www.ringier.com\/fr\/","name":"Ringier","description":"We inform. We entertain. We connect","publisher":{"@id":"https:\/\/www.ringier.com\/fr\/#organization"},"potentialAction":[{"@type":"SearchAction","target":{"@type":"EntryPoint","urlTemplate":"https:\/\/www.ringier.com\/fr\/?s={search_term_string}"},"query-input":{"@type":"PropertyValueSpecification","valueRequired":true,"valueName":"search_term_string"}}],"inLanguage":"fr-FR"},{"@type":"Organization","@id":"https:\/\/www.ringier.com\/fr\/#organization","name":"Ringier","url":"https:\/\/www.ringier.com\/fr\/","logo":{"@type":"ImageObject","inLanguage":"fr-FR","@id":"https:\/\/www.ringier.com\/fr\/#\/schema\/logo\/image\/","url":"https:\/\/www.ringier.com\/wp-content\/uploads\/2021\/10\/ringier_logo_2.jpg","contentUrl":"https:\/\/www.ringier.com\/wp-content\/uploads\/2021\/10\/ringier_logo_2.jpg","width":750,"height":550,"caption":"Ringier"},"image":{"@id":"https:\/\/www.ringier.com\/fr\/#\/schema\/logo\/image\/"},"sameAs":["https:\/\/www.facebook.com\/ringierag\/","https:\/\/x.com\/ringier_ag","https:\/\/www.instagram.com\/ringier_ag\/","https:\/\/www.linkedin.com\/company\/ringier\/","https:\/\/www.youtube.com\/user\/RingierComm","https:\/\/en.wikipedia.org\/wiki\/Ringier","https:\/\/de.wikipedia.org\/wiki\/Ringier","https:\/\/fr.wikipedia.org\/wiki\/Ringier","https:\/\/www.crunchbase.com\/organization\/ringier-ag"]},{"@type":"Person","@id":"https:\/\/www.ringier.com\/fr\/#\/schema\/person\/4cf76a308dc4b2bb5121bd1e7b752e52","name":"Ringier Corporate Communications","image":{"@type":"ImageObject","inLanguage":"fr-FR","@id":"https:\/\/www.ringier.com\/fr\/#\/schema\/person\/image\/","url":"https:\/\/secure.gravatar.com\/avatar\/9391e20481368d5df4fe3e1e476c13b27786347489822ec1ed07e532bb41f587?s=96&d=mm&r=g","contentUrl":"https:\/\/secure.gravatar.com\/avatar\/9391e20481368d5df4fe3e1e476c13b27786347489822ec1ed07e532bb41f587?s=96&d=mm&r=g","caption":"Ringier Corporate Communications"},"sameAs":["https:\/\/www.ringier.com"]}]}},"_links":{"self":[{"href":"https:\/\/www.ringier.com\/fr\/wp-json\/wp\/v2\/posts\/10336","targetHints":{"allow":["GET"]}}],"collection":[{"href":"https:\/\/www.ringier.com\/fr\/wp-json\/wp\/v2\/posts"}],"about":[{"href":"https:\/\/www.ringier.com\/fr\/wp-json\/wp\/v2\/types\/post"}],"author":[{"embeddable":true,"href":"https:\/\/www.ringier.com\/fr\/wp-json\/wp\/v2\/users\/23"}],"replies":[{"embeddable":true,"href":"https:\/\/www.ringier.com\/fr\/wp-json\/wp\/v2\/comments?post=10336"}],"version-history":[{"count":0,"href":"https:\/\/www.ringier.com\/fr\/wp-json\/wp\/v2\/posts\/10336\/revisions"}],"wp:featuredmedia":[{"embeddable":true,"href":"https:\/\/www.ringier.com\/fr\/wp-json\/wp\/v2\/media\/10334"}],"wp:attachment":[{"href":"https:\/\/www.ringier.com\/fr\/wp-json\/wp\/v2\/media?parent=10336"}],"wp:term":[{"taxonomy":"category","embeddable":true,"href":"https:\/\/www.ringier.com\/fr\/wp-json\/wp\/v2\/categories?post=10336"},{"taxonomy":"post_tag","embeddable":true,"href":"https:\/\/www.ringier.com\/fr\/wp-json\/wp\/v2\/tags?post=10336"}],"curies":[{"name":"wp","href":"https:\/\/api.w.org\/{rel}","templated":true}]}}