{"id":10260,"date":"2020-09-17T11:03:00","date_gmt":"2020-09-17T09:03:00","guid":{"rendered":"https:\/\/www.ringier.com\/ladina-heimgartner-to-become-head-of-global-media-at-ringier-ag\/"},"modified":"2025-06-23T11:48:39","modified_gmt":"2025-06-23T09:48:39","slug":"ladina-heimgartner-devient-head-global-media-de-ringier-sa","status":"publish","type":"post","link":"https:\/\/www.ringier.com\/fr\/ladina-heimgartner-devient-head-global-media-de-ringier-sa\/","title":{"rendered":"Ladina Heimgartner devient Head Global Media de Ringier"},"content":{"rendered":"\n<p>Le 1er octobre 2020, Ladina Heimgartner (40 ans) deviendra Head Global Media de Ringier au niveau du Group Executive Board, ainsi que CEO du groupe Blick. Aujourd\u2019hui, la division Global Media comprend environ 120 marques de m\u00e9dias dans 12 pays. Ladina Heimgartner succ\u00e8de \u00e0 Thomas Spiegel (37 ans), qui a d\u00e9cid\u00e9 de quitter l\u2019entreprise en raison de divergences d\u2019opinion sur l\u2019orientation strat\u00e9gique.<\/p>\n\n\n\n<p>Le Corporate Center, qui comprend les services Corporate Communications, Legal, HR et Data Protection, et qui \u00e9tait jusque-l\u00e0 dirig\u00e9 par Ladina Heimgartner, est d\u00e8s maintenant g\u00e9r\u00e9 directement par le CEO Marc Walder (55 ans).&nbsp;<\/p>\n\n\n\n<p>\u00abJe regrette beaucoup que Thomas Spiegel quitte ses fonctions de Head Global Media et de CEO du groupe Blick. Je le remercie pour son engagement et lui souhaite tout de bon dans la prochaine \u00e9tape de son parcours professionnel\u00bb, a d\u00e9clar\u00e9 Marc Walder. Thomas Spiegel s\u2019est aussi exprim\u00e9: \u00abParfois, les choses ne se passent pas comme tout le monde le pensait. Je suis tr\u00e8s reconnaissant envers Ringier et Marc Walder de respecter mon souhait de quitter l\u2019entreprise, je reste tr\u00e8s attach\u00e9 \u00e0 celle-ci.\u00bb<\/p>\n\n\n\n<p><strong>Une structure solide \u00e0 l\u2019\u00e8re de la transformation&nbsp;<\/strong><\/p>\n\n\n\n<p>\u00abAvec Ladina Heimgartner, le secteur journalistique du groupe Ringier, si important, est repris par une manager qui a prouv\u00e9 ces derni\u00e8res ann\u00e9es qu\u2019elle comprenait parfaitement la transformation de l\u2019industrie des m\u00e9dias. Ladina Heimgartner va cr\u00e9er une unit\u00e9 m\u00e9dias internationale au niveau du groupe qui va soutenir et coordonner le d\u00e9veloppement de nos marques de m\u00e9dias en Suisse, en Europe de l\u2019Est, en Asie et en Afrique\u00bb, a comment\u00e9 Marc Walder \u00e0 propos du changement \u00e0 la t\u00eate de la division Global Media et \u00e0 la direction du groupe Blick.<\/p>\n\n\n\n<p>\u00abJe quitte le Corporate Center la larme \u00e0 l\u2019\u0153il, mais en m\u00eame temps, je me r\u00e9jouis de la cr\u00e9ation de l\u2019unit\u00e9 Global Media et de la collaboration avec mes coll\u00e8gues du groupe Blick. La situation des m\u00e9dias a rarement \u00e9t\u00e9 aussi difficile qu\u2019aujourd\u2019hui. Cela me motive d\u2019autant plus \u00e0 continuer \u00e0 m\u2019engager de toutes mes forces pour les m\u00e9dias\u00bb, confie Ladina Heimgartner au sujet de son changement de poste.&nbsp;<\/p>\n\n\n\n<p>Thomas Spiegel continuera \u00e0 travailler pour Ringier jusqu\u2019au d\u00e9but de l\u2019ann\u00e9e 2021 pour assurer la transition et mener \u00e0 bien d\u2019importants projets.<\/p>\n\n\n\n<p>Le Group Executive Board de Ringier se composera \u00e0 l\u2019avenir des membres suivants: Marc Walder (CEO), Annabella Bassler (CFO), Ladina Heimgartner (Head Global Media, CEO du groupe Blick), Robin Lingg (Head Global Marketplaces) et Alexander Theobald (COO Suisse et CEO RASCH).\u00a0<\/p>\n\n\n\n<p>Ringier, Corporate Communications<\/p>\n\n\n\n<p><\/p>\n","protected":false},"excerpt":{"rendered":"<p>Thomas Spiegel, Head Global Media et membre du Group Executive Board de Ringier, a d\u00e9cid\u00e9 de quitter l\u2019entreprise. Ladina Heimgartner reprend la responsabilit\u00e9 de la division Global Media au niveau du Group Executive Board. Elle devient aussi CEO du groupe Blick.<\/p>\n","protected":false},"author":23,"featured_media":11419,"comment_status":"closed","ping_status":"open","sticky":false,"template":"","format":"standard","meta":{"inline_featured_image":false,"footnotes":""},"categories":[370,363],"tags":[],"class_list":["post-10260","post","type-post","status-publish","format-standard","has-post-thumbnail","hentry","category-media-fr","category-ringier-medias-suisse"],"yoast_head":"<!-- This site is optimized with the Yoast SEO Premium plugin v27.0 (Yoast SEO v27.0) - https:\/\/yoast.com\/product\/yoast-seo-premium-wordpress\/ -->\n<title>Ladina Heimgartner devient Head Global Media de Ringier - Ringier<\/title>\n<meta name=\"robots\" content=\"index, follow, max-snippet:-1, max-image-preview:large, max-video-preview:-1\" \/>\n<link rel=\"canonical\" href=\"https:\/\/www.ringier.com\/fr\/ladina-heimgartner-devient-head-global-media-de-ringier-sa\/\" \/>\n<meta property=\"og:locale\" content=\"fr_FR\" \/>\n<meta property=\"og:type\" content=\"article\" \/>\n<meta property=\"og:title\" content=\"Ladina Heimgartner devient Head Global Media de Ringier\" \/>\n<meta property=\"og:description\" content=\"Thomas Spiegel, Head Global Media et membre du Group Executive Board de Ringier, a d\u00e9cid\u00e9 de quitter l\u2019entreprise. Ladina Heimgartner reprend la responsabilit\u00e9 de la division Global Media au niveau du Group Executive Board. Elle devient aussi CEO du groupe Blick.\" \/>\n<meta property=\"og:url\" content=\"https:\/\/www.ringier.com\/fr\/ladina-heimgartner-devient-head-global-media-de-ringier-sa\/\" \/>\n<meta property=\"og:site_name\" content=\"Ringier\" \/>\n<meta property=\"article:publisher\" content=\"https:\/\/www.facebook.com\/ringierag\/\" \/>\n<meta property=\"article:published_time\" content=\"2020-09-17T09:03:00+00:00\" \/>\n<meta property=\"article:modified_time\" content=\"2025-06-23T09:48:39+00:00\" \/>\n<meta property=\"og:image\" content=\"https:\/\/www.ringier.com\/wp-content\/uploads\/2020\/09\/Ladina-Heimgartner-und-Thomas-Spiegel-scaled.jpg\" \/>\n\t<meta property=\"og:image:width\" content=\"2560\" \/>\n\t<meta property=\"og:image:height\" content=\"1340\" \/>\n\t<meta property=\"og:image:type\" content=\"image\/jpeg\" \/>\n<meta name=\"author\" content=\"Ringier Corporate Communications\" \/>\n<meta name=\"twitter:card\" content=\"summary_large_image\" \/>\n<meta name=\"twitter:creator\" content=\"@ringier_ag\" \/>\n<meta name=\"twitter:site\" content=\"@ringier_ag\" \/>\n<meta name=\"twitter:label1\" content=\"\u00c9crit par\" \/>\n\t<meta name=\"twitter:data1\" content=\"Ringier Corporate Communications\" \/>\n\t<meta name=\"twitter:label2\" content=\"Dur\u00e9e de lecture estim\u00e9e\" \/>\n\t<meta name=\"twitter:data2\" content=\"3 minutes\" \/>\n<script type=\"application\/ld+json\" class=\"yoast-schema-graph\">{\"@context\":\"https:\/\/schema.org\",\"@graph\":[{\"@type\":\"Article\",\"@id\":\"https:\/\/www.ringier.com\/fr\/ladina-heimgartner-devient-head-global-media-de-ringier-sa\/#article\",\"isPartOf\":{\"@id\":\"https:\/\/www.ringier.com\/fr\/ladina-heimgartner-devient-head-global-media-de-ringier-sa\/\"},\"author\":{\"name\":\"Ringier Corporate Communications\",\"@id\":\"https:\/\/www.ringier.com\/fr\/#\/schema\/person\/4cf76a308dc4b2bb5121bd1e7b752e52\"},\"headline\":\"Ladina Heimgartner devient Head Global Media de Ringier\",\"datePublished\":\"2020-09-17T09:03:00+00:00\",\"dateModified\":\"2025-06-23T09:48:39+00:00\",\"mainEntityOfPage\":{\"@id\":\"https:\/\/www.ringier.com\/fr\/ladina-heimgartner-devient-head-global-media-de-ringier-sa\/\"},\"wordCount\":448,\"publisher\":{\"@id\":\"https:\/\/www.ringier.com\/fr\/#organization\"},\"image\":{\"@id\":\"https:\/\/www.ringier.com\/fr\/ladina-heimgartner-devient-head-global-media-de-ringier-sa\/#primaryimage\"},\"thumbnailUrl\":\"https:\/\/www.ringier.com\/wp-content\/uploads\/2020\/09\/Ladina-Heimgartner-und-Thomas-Spiegel-scaled.jpg\",\"articleSection\":[\"Media\",\"Ringier Medias Suisse\"],\"inLanguage\":\"fr-FR\"},{\"@type\":\"WebPage\",\"@id\":\"https:\/\/www.ringier.com\/fr\/ladina-heimgartner-devient-head-global-media-de-ringier-sa\/\",\"url\":\"https:\/\/www.ringier.com\/fr\/ladina-heimgartner-devient-head-global-media-de-ringier-sa\/\",\"name\":\"Ladina Heimgartner devient Head Global Media de Ringier - Ringier\",\"isPartOf\":{\"@id\":\"https:\/\/www.ringier.com\/fr\/#website\"},\"primaryImageOfPage\":{\"@id\":\"https:\/\/www.ringier.com\/fr\/ladina-heimgartner-devient-head-global-media-de-ringier-sa\/#primaryimage\"},\"image\":{\"@id\":\"https:\/\/www.ringier.com\/fr\/ladina-heimgartner-devient-head-global-media-de-ringier-sa\/#primaryimage\"},\"thumbnailUrl\":\"https:\/\/www.ringier.com\/wp-content\/uploads\/2020\/09\/Ladina-Heimgartner-und-Thomas-Spiegel-scaled.jpg\",\"datePublished\":\"2020-09-17T09:03:00+00:00\",\"dateModified\":\"2025-06-23T09:48:39+00:00\",\"breadcrumb\":{\"@id\":\"https:\/\/www.ringier.com\/fr\/ladina-heimgartner-devient-head-global-media-de-ringier-sa\/#breadcrumb\"},\"inLanguage\":\"fr-FR\",\"potentialAction\":[{\"@type\":\"ReadAction\",\"target\":[\"https:\/\/www.ringier.com\/fr\/ladina-heimgartner-devient-head-global-media-de-ringier-sa\/\"]}]},{\"@type\":\"ImageObject\",\"inLanguage\":\"fr-FR\",\"@id\":\"https:\/\/www.ringier.com\/fr\/ladina-heimgartner-devient-head-global-media-de-ringier-sa\/#primaryimage\",\"url\":\"https:\/\/www.ringier.com\/wp-content\/uploads\/2020\/09\/Ladina-Heimgartner-und-Thomas-Spiegel-scaled.jpg\",\"contentUrl\":\"https:\/\/www.ringier.com\/wp-content\/uploads\/2020\/09\/Ladina-Heimgartner-und-Thomas-Spiegel-scaled.jpg\",\"width\":2560,\"height\":1340},{\"@type\":\"BreadcrumbList\",\"@id\":\"https:\/\/www.ringier.com\/fr\/ladina-heimgartner-devient-head-global-media-de-ringier-sa\/#breadcrumb\",\"itemListElement\":[{\"@type\":\"ListItem\",\"position\":1,\"name\":\"Home\",\"item\":\"https:\/\/www.ringier.com\/fr\/\"},{\"@type\":\"ListItem\",\"position\":2,\"name\":\"Ladina Heimgartner devient Head Global Media de Ringier\"}]},{\"@type\":\"WebSite\",\"@id\":\"https:\/\/www.ringier.com\/fr\/#website\",\"url\":\"https:\/\/www.ringier.com\/fr\/\",\"name\":\"Ringier\",\"description\":\"We inform. We entertain. We connect\",\"publisher\":{\"@id\":\"https:\/\/www.ringier.com\/fr\/#organization\"},\"potentialAction\":[{\"@type\":\"SearchAction\",\"target\":{\"@type\":\"EntryPoint\",\"urlTemplate\":\"https:\/\/www.ringier.com\/fr\/?s={search_term_string}\"},\"query-input\":{\"@type\":\"PropertyValueSpecification\",\"valueRequired\":true,\"valueName\":\"search_term_string\"}}],\"inLanguage\":\"fr-FR\"},{\"@type\":\"Organization\",\"@id\":\"https:\/\/www.ringier.com\/fr\/#organization\",\"name\":\"Ringier\",\"url\":\"https:\/\/www.ringier.com\/fr\/\",\"logo\":{\"@type\":\"ImageObject\",\"inLanguage\":\"fr-FR\",\"@id\":\"https:\/\/www.ringier.com\/fr\/#\/schema\/logo\/image\/\",\"url\":\"https:\/\/www.ringier.com\/wp-content\/uploads\/2021\/10\/ringier_logo_2.jpg\",\"contentUrl\":\"https:\/\/www.ringier.com\/wp-content\/uploads\/2021\/10\/ringier_logo_2.jpg\",\"width\":750,\"height\":550,\"caption\":\"Ringier\"},\"image\":{\"@id\":\"https:\/\/www.ringier.com\/fr\/#\/schema\/logo\/image\/\"},\"sameAs\":[\"https:\/\/www.facebook.com\/ringierag\/\",\"https:\/\/x.com\/ringier_ag\",\"https:\/\/www.instagram.com\/ringier_ag\/\",\"https:\/\/www.linkedin.com\/company\/ringier\/\",\"https:\/\/www.youtube.com\/user\/RingierComm\",\"https:\/\/en.wikipedia.org\/wiki\/Ringier\",\"https:\/\/de.wikipedia.org\/wiki\/Ringier\",\"https:\/\/fr.wikipedia.org\/wiki\/Ringier\",\"https:\/\/www.crunchbase.com\/organization\/ringier-ag\"]},{\"@type\":\"Person\",\"@id\":\"https:\/\/www.ringier.com\/fr\/#\/schema\/person\/4cf76a308dc4b2bb5121bd1e7b752e52\",\"name\":\"Ringier Corporate Communications\",\"image\":{\"@type\":\"ImageObject\",\"inLanguage\":\"fr-FR\",\"@id\":\"https:\/\/www.ringier.com\/fr\/#\/schema\/person\/image\/\",\"url\":\"https:\/\/secure.gravatar.com\/avatar\/9391e20481368d5df4fe3e1e476c13b27786347489822ec1ed07e532bb41f587?s=96&d=mm&r=g\",\"contentUrl\":\"https:\/\/secure.gravatar.com\/avatar\/9391e20481368d5df4fe3e1e476c13b27786347489822ec1ed07e532bb41f587?s=96&d=mm&r=g\",\"caption\":\"Ringier Corporate Communications\"},\"sameAs\":[\"https:\/\/www.ringier.com\"]}]}<\/script>\n<!-- \/ Yoast SEO Premium plugin. -->","yoast_head_json":{"title":"Ladina Heimgartner devient Head Global Media de Ringier - Ringier","robots":{"index":"index","follow":"follow","max-snippet":"max-snippet:-1","max-image-preview":"max-image-preview:large","max-video-preview":"max-video-preview:-1"},"canonical":"https:\/\/www.ringier.com\/fr\/ladina-heimgartner-devient-head-global-media-de-ringier-sa\/","og_locale":"fr_FR","og_type":"article","og_title":"Ladina Heimgartner devient Head Global Media de Ringier","og_description":"Thomas Spiegel, Head Global Media et membre du Group Executive Board de Ringier, a d\u00e9cid\u00e9 de quitter l\u2019entreprise. Ladina Heimgartner reprend la responsabilit\u00e9 de la division Global Media au niveau du Group Executive Board. Elle devient aussi CEO du groupe Blick.","og_url":"https:\/\/www.ringier.com\/fr\/ladina-heimgartner-devient-head-global-media-de-ringier-sa\/","og_site_name":"Ringier","article_publisher":"https:\/\/www.facebook.com\/ringierag\/","article_published_time":"2020-09-17T09:03:00+00:00","article_modified_time":"2025-06-23T09:48:39+00:00","og_image":[{"width":2560,"height":1340,"url":"https:\/\/www.ringier.com\/wp-content\/uploads\/2020\/09\/Ladina-Heimgartner-und-Thomas-Spiegel-scaled.jpg","type":"image\/jpeg"}],"author":"Ringier Corporate Communications","twitter_card":"summary_large_image","twitter_creator":"@ringier_ag","twitter_site":"@ringier_ag","twitter_misc":{"\u00c9crit par":"Ringier Corporate Communications","Dur\u00e9e de lecture estim\u00e9e":"3 minutes"},"schema":{"@context":"https:\/\/schema.org","@graph":[{"@type":"Article","@id":"https:\/\/www.ringier.com\/fr\/ladina-heimgartner-devient-head-global-media-de-ringier-sa\/#article","isPartOf":{"@id":"https:\/\/www.ringier.com\/fr\/ladina-heimgartner-devient-head-global-media-de-ringier-sa\/"},"author":{"name":"Ringier Corporate Communications","@id":"https:\/\/www.ringier.com\/fr\/#\/schema\/person\/4cf76a308dc4b2bb5121bd1e7b752e52"},"headline":"Ladina Heimgartner devient Head Global Media de Ringier","datePublished":"2020-09-17T09:03:00+00:00","dateModified":"2025-06-23T09:48:39+00:00","mainEntityOfPage":{"@id":"https:\/\/www.ringier.com\/fr\/ladina-heimgartner-devient-head-global-media-de-ringier-sa\/"},"wordCount":448,"publisher":{"@id":"https:\/\/www.ringier.com\/fr\/#organization"},"image":{"@id":"https:\/\/www.ringier.com\/fr\/ladina-heimgartner-devient-head-global-media-de-ringier-sa\/#primaryimage"},"thumbnailUrl":"https:\/\/www.ringier.com\/wp-content\/uploads\/2020\/09\/Ladina-Heimgartner-und-Thomas-Spiegel-scaled.jpg","articleSection":["Media","Ringier Medias Suisse"],"inLanguage":"fr-FR"},{"@type":"WebPage","@id":"https:\/\/www.ringier.com\/fr\/ladina-heimgartner-devient-head-global-media-de-ringier-sa\/","url":"https:\/\/www.ringier.com\/fr\/ladina-heimgartner-devient-head-global-media-de-ringier-sa\/","name":"Ladina Heimgartner devient Head Global Media de Ringier - Ringier","isPartOf":{"@id":"https:\/\/www.ringier.com\/fr\/#website"},"primaryImageOfPage":{"@id":"https:\/\/www.ringier.com\/fr\/ladina-heimgartner-devient-head-global-media-de-ringier-sa\/#primaryimage"},"image":{"@id":"https:\/\/www.ringier.com\/fr\/ladina-heimgartner-devient-head-global-media-de-ringier-sa\/#primaryimage"},"thumbnailUrl":"https:\/\/www.ringier.com\/wp-content\/uploads\/2020\/09\/Ladina-Heimgartner-und-Thomas-Spiegel-scaled.jpg","datePublished":"2020-09-17T09:03:00+00:00","dateModified":"2025-06-23T09:48:39+00:00","breadcrumb":{"@id":"https:\/\/www.ringier.com\/fr\/ladina-heimgartner-devient-head-global-media-de-ringier-sa\/#breadcrumb"},"inLanguage":"fr-FR","potentialAction":[{"@type":"ReadAction","target":["https:\/\/www.ringier.com\/fr\/ladina-heimgartner-devient-head-global-media-de-ringier-sa\/"]}]},{"@type":"ImageObject","inLanguage":"fr-FR","@id":"https:\/\/www.ringier.com\/fr\/ladina-heimgartner-devient-head-global-media-de-ringier-sa\/#primaryimage","url":"https:\/\/www.ringier.com\/wp-content\/uploads\/2020\/09\/Ladina-Heimgartner-und-Thomas-Spiegel-scaled.jpg","contentUrl":"https:\/\/www.ringier.com\/wp-content\/uploads\/2020\/09\/Ladina-Heimgartner-und-Thomas-Spiegel-scaled.jpg","width":2560,"height":1340},{"@type":"BreadcrumbList","@id":"https:\/\/www.ringier.com\/fr\/ladina-heimgartner-devient-head-global-media-de-ringier-sa\/#breadcrumb","itemListElement":[{"@type":"ListItem","position":1,"name":"Home","item":"https:\/\/www.ringier.com\/fr\/"},{"@type":"ListItem","position":2,"name":"Ladina Heimgartner devient Head Global Media de Ringier"}]},{"@type":"WebSite","@id":"https:\/\/www.ringier.com\/fr\/#website","url":"https:\/\/www.ringier.com\/fr\/","name":"Ringier","description":"We inform. We entertain. We connect","publisher":{"@id":"https:\/\/www.ringier.com\/fr\/#organization"},"potentialAction":[{"@type":"SearchAction","target":{"@type":"EntryPoint","urlTemplate":"https:\/\/www.ringier.com\/fr\/?s={search_term_string}"},"query-input":{"@type":"PropertyValueSpecification","valueRequired":true,"valueName":"search_term_string"}}],"inLanguage":"fr-FR"},{"@type":"Organization","@id":"https:\/\/www.ringier.com\/fr\/#organization","name":"Ringier","url":"https:\/\/www.ringier.com\/fr\/","logo":{"@type":"ImageObject","inLanguage":"fr-FR","@id":"https:\/\/www.ringier.com\/fr\/#\/schema\/logo\/image\/","url":"https:\/\/www.ringier.com\/wp-content\/uploads\/2021\/10\/ringier_logo_2.jpg","contentUrl":"https:\/\/www.ringier.com\/wp-content\/uploads\/2021\/10\/ringier_logo_2.jpg","width":750,"height":550,"caption":"Ringier"},"image":{"@id":"https:\/\/www.ringier.com\/fr\/#\/schema\/logo\/image\/"},"sameAs":["https:\/\/www.facebook.com\/ringierag\/","https:\/\/x.com\/ringier_ag","https:\/\/www.instagram.com\/ringier_ag\/","https:\/\/www.linkedin.com\/company\/ringier\/","https:\/\/www.youtube.com\/user\/RingierComm","https:\/\/en.wikipedia.org\/wiki\/Ringier","https:\/\/de.wikipedia.org\/wiki\/Ringier","https:\/\/fr.wikipedia.org\/wiki\/Ringier","https:\/\/www.crunchbase.com\/organization\/ringier-ag"]},{"@type":"Person","@id":"https:\/\/www.ringier.com\/fr\/#\/schema\/person\/4cf76a308dc4b2bb5121bd1e7b752e52","name":"Ringier Corporate Communications","image":{"@type":"ImageObject","inLanguage":"fr-FR","@id":"https:\/\/www.ringier.com\/fr\/#\/schema\/person\/image\/","url":"https:\/\/secure.gravatar.com\/avatar\/9391e20481368d5df4fe3e1e476c13b27786347489822ec1ed07e532bb41f587?s=96&d=mm&r=g","contentUrl":"https:\/\/secure.gravatar.com\/avatar\/9391e20481368d5df4fe3e1e476c13b27786347489822ec1ed07e532bb41f587?s=96&d=mm&r=g","caption":"Ringier Corporate Communications"},"sameAs":["https:\/\/www.ringier.com"]}]}},"_links":{"self":[{"href":"https:\/\/www.ringier.com\/fr\/wp-json\/wp\/v2\/posts\/10260","targetHints":{"allow":["GET"]}}],"collection":[{"href":"https:\/\/www.ringier.com\/fr\/wp-json\/wp\/v2\/posts"}],"about":[{"href":"https:\/\/www.ringier.com\/fr\/wp-json\/wp\/v2\/types\/post"}],"author":[{"embeddable":true,"href":"https:\/\/www.ringier.com\/fr\/wp-json\/wp\/v2\/users\/23"}],"replies":[{"embeddable":true,"href":"https:\/\/www.ringier.com\/fr\/wp-json\/wp\/v2\/comments?post=10260"}],"version-history":[{"count":0,"href":"https:\/\/www.ringier.com\/fr\/wp-json\/wp\/v2\/posts\/10260\/revisions"}],"wp:featuredmedia":[{"embeddable":true,"href":"https:\/\/www.ringier.com\/fr\/wp-json\/wp\/v2\/media\/11419"}],"wp:attachment":[{"href":"https:\/\/www.ringier.com\/fr\/wp-json\/wp\/v2\/media?parent=10260"}],"wp:term":[{"taxonomy":"category","embeddable":true,"href":"https:\/\/www.ringier.com\/fr\/wp-json\/wp\/v2\/categories?post=10260"},{"taxonomy":"post_tag","embeddable":true,"href":"https:\/\/www.ringier.com\/fr\/wp-json\/wp\/v2\/tags?post=10260"}],"curies":[{"name":"wp","href":"https:\/\/api.w.org\/{rel}","templated":true}]}}