{"id":9732,"date":"2012-03-26T16:41:00","date_gmt":"2012-03-26T14:41:00","guid":{"rendered":"https:\/\/www.ringier.com\/?p=9732"},"modified":"2024-11-29T16:18:20","modified_gmt":"2024-11-29T15:18:20","slug":"rose-dor-festival-bietet-events-und-stars-fuer-alle","status":"publish","type":"post","link":"https:\/\/www.ringier.com\/de\/rose-dor-festival-bietet-events-und-stars-fuer-alle\/","title":{"rendered":"Rose d&#8217;Or Festival bietet Events und Stars f\u00fcr alle"},"content":{"rendered":"\n<p>Das Rose d\u2019Or Festival bietet seinen internationalen G\u00e4sten und der \u00d6ffentlichkeit ein erstklassiges Unterhaltungsprogramm:&nbsp;<em>Live Music<\/em>,&nbsp;<em>Comedy<\/em>&nbsp;und die Verleihung der Goldenen Rosen sind die Highlights. Schon heute haben zahlreiche Pers\u00f6nlichkeiten aus der TV- und Film-Welt f\u00fcr die glamour\u00f6se Awards Night im KKL zugesagt. So wird TV-Legende Larry Hagman, bekannt als B\u00f6sewicht J.R. Ewing in der Kult-Serie Dallas, in Luzern sein. Genauso wie die australisch-schweizerische Hollywood-Hoffnung Isabel Lucas, die ihre Karriere im australischen Fernsehen startete. Festivaldirektor Markus Helbling ist stolz: \u00abDie tolle Besetzung mit nationalen und internationalen Stars zeigt auf, wie gross die Bedeutung unseres Festivals f\u00fcr die internationale TV-Industrie ist.\u00bb Das Festival bietet dem regionalen und lokalen Publikum zudem zahlreiche Events. Festivalpr\u00e4sident Marco Castellaneta: \u00abSo kann sich das Rose d&#8217;Or Festival noch besser in der Stadt verankern und seine Inhalte der \u00d6ffentlichkeit n\u00e4her bringen.\u00bb Er\u00f6ffnet wird das Rose d&#8217;Or Festival mit dem Schweizer Fernsehpreis von Blick und Tele.<br><br><br><strong>Festivalprogramm<\/strong><br><br><strong>Sonntag, 6.&nbsp;<\/strong><strong>Mai, 18 Uhr \u2212 Rose d\u2019Or Opening<\/strong><br><strong>Schweizer Fernsehpreis von Blick und Tele<\/strong><br>Moderation: Mona Vetsch und Nik Hartmann<br>KKL Luzern, Luzerner Saal<br><br><strong>Montag, 7. Mai, 20 Uhr&nbsp;<\/strong><strong>\u2212<\/strong><strong>&nbsp;Rose d\u2019Or Live Music<br>Radio Pilatus Showcase mit Alain Clark<\/strong><br>Grand Casino Luzern, Casineum<br><br>In seiner holl\u00e4ndischen Heimat ist der S\u00e4nger und Musikproduzent Alain Clark schon l\u00e4ngst ein Star. Seinen internationalen Durchbruch schaffte er mit seinem ersten englischsprachigen Album&nbsp;<em>Live It Out.<\/em><br><br><strong>Dienstag, 8. Mai, 19:30 Uhr&nbsp;<\/strong><strong>\u2212<\/strong><strong>&nbsp;Rose d\u2019Or Live Music<br>21st Century Symphony Orchestra<\/strong><br>KKL Luzern, Konzertsaal<br>&nbsp;<\/p>\n\n\n\n<p>Das 21<sup>st<\/sup>&nbsp;Century Symphony Orchestra gibt im ersten Teil des Konzerts Titelmelodien der \u00abSimpsons\u00bb, \u00abStar Trek\u00bb, \u00abThe X-Files\u00bb, \u00abMission Impossible\u00bb und vielen weiteren Kult-TV-Produktionen zum Besten. Der zweite Teil des Konzerts ist der preisgekr\u00f6nten Filmmusik George Fentons aus der BBC-Natur-Dokumentation \u00abThe Blue Planet\u00bb gewidmet.<br><br><strong>Mittwoch, 9. Mai, 19 Uhr \u2212 Rose d\u2019Or Comedy<br>Montreux Comedy Club<\/strong><br>Moderation: Rob Spence<br>Hotel Schweizerhof, Zeugheersaal<br><br>Im letzten Jahr war die Comedy Night ein Highlight beim Rose d\u2019Or Festival. Schon damals mit dabei war Comedian Rob Spence, der in diesem Jahr nun den ersten von zwei Comedy-Abenden moderiert. Im Montreux Comedy Club von Gregoire Furrer, Organisator des Montreux Comedy Festival, treten unter anderem Karim Slama, Noman Hosni und Sebastian Marx auf. Und: ein deutscher \u00dcberraschungsgast.<br><br><strong>Donnerstag, 10. Mai, 20 Uhr \u2212 Rose d\u2019Or Comedy<br>Rob Spence&nbsp;<\/strong><strong>mit \u00abDas K\u00e4nguMuh \u2013 Halb Australier. Halb Schweizer. Halb schlau!\u00bb<\/strong><br>Hotel Schweizerhof, Zeugheersaal<br><br>Der \u00abSchweizaussie\u00bb hat vor kurzem mit grossem Erfolg und besten Kritiken sein neues Programm im Casinotheater Winterthur lanciert, das er nun erstmals in Luzern zeigen will. \u00abDie j\u00fcngste Show des Stand-up-Comedians, Pantomimen, Clowns, Schauspielers, Akrobaten und Hochdruck-Bl\u00f6dlers decke bei weitem nicht nur die Pole und Gegens\u00e4tze Schweiz und Australien ab\u00bb, schrieb die Neue Z\u00fcrcher Zeitung in ihrer Premierenkritik. \u00abDer Aussie-Witzbold sei in jeder Hinsicht global, grenzenlos, oft geistreich und hin und wieder auch ausufernd. Er wirbelt durch seine Figuren, dass man zuweilen kaum nachkommt mit Lachen&#8230;\u00bb<br><br><strong>Donnerstag, 10. Mai, 19:30 Uhr \u2212 Rose d\u2019Or Awards Night<br>Gala-Show mit Barbara Sch\u00f6nenberger und vielen prominenten G\u00e4sten<\/strong><br>KKL Luzern, Konzertsaal<br><br>Beim H\u00f6hepunkt des Rose d&#8217;Or Festivals werden zum 51. Mal die Goldenen Rosen f\u00fcr die weltweit besten Programme aus der Fernsehunterhaltung vergeben. Die erfolgreiche deutsche TV-Moderatorin, Schauspielerin und S\u00e4ngerin Barbara Sch\u00f6neberger wird durch die Show mit internationalen Stars und Prominenten f\u00fchren. Neben den besten Programmen des Jahres werden auch mehrere herausragende Pers\u00f6nlichkeiten aus der Fernsehunterhaltung geehrt.<br><br>Mehr Informationen zum Festival unter&nbsp;<a href=\"http:\/\/www.rosedor.ch\/\">www.rosedor.ch<\/a>.<br><br>Akkreditierung f\u00fcr Journalisten \u00fcber die Medienstelle f\u00fcr das Rose d\u2019Or-Festival und den Schweizer Fernsehpreis.<br><br><br>Medienstelle:<br>Claudia Sp\u00f6rri<br>Manager Communications<br>Tel.: +41 41 242 09 08<br><a href=\"mailto:claudia.spoerri@rosedor.ch\">claudia.spoerri@rosedor.ch<\/a><br><br>Externe Pressestelle:<br>Heier L\u00e4mmler<br>Tel.: +41 44 726 01 16<br>heier.laemmler@promotionag.ch<br><br><br><strong><em>Rose d\u2019Or \u2013 Festival und Fernsehpreis<\/em><\/strong><br><em>Das Rose d\u2019Or Festival in Luzern ist eines der weltweit bedeutendsten Festivals der Fernsehunterhaltung. Es wurde 1961 in Montreux gegr\u00fcndet. Heute nehmen Fernsehschaffende, Produzenten, Verantwortliche von privaten und \u00f6ffentlich-rechtlichen Fernsehstationen und Leiter von Produktionsfirmen aus \u00fcber 40 L\u00e4ndern daran teil. Seit seiner Gr\u00fcndung ist das Festival der Fernsehunterhaltungs-Industrie eine wichtige Netzwerk-Plattform und ein Marktplatz der Ideen. Den H\u00f6hepunkt des Rose d\u2019Or Festivals bildet die glanzvolle Awards Night, bei der die Goldenen Rosen f\u00fcr die besten Fernsehunterhaltungs-Programme und -Formate verliehen<\/em>&nbsp;<em>werden. Mit den begehrten Awards zeichnet das Rose d\u2019Or Festival Originalit\u00e4t, Qualit\u00e4t und Kreativit\u00e4t aus und setzt Standards in der Fernsehunterhaltung.<\/em><\/p>\n\n\n\n<figure class=\"wp-block-image\"><img decoding=\"async\" src=\"https:\/\/www.ringier.ch\/sites\/default\/files\/styles\/full-page\/public\/images\/rdo_visual.jpg?itok=NFQETCg_\" alt=\"Rose d'Or Visual\" title=\"Rose d'Or Visual\"\/><\/figure>\n","protected":false},"excerpt":{"rendered":"<p>Vom 6. bis 10. Mai 2012 erstrahlt Luzern einmal mehr im Glanz der Goldenen Rose. Die 51. Ausgabe des renommierten Rose d&#8217;Or Festivals verspricht f\u00fcnf Tage und f\u00fcnf N\u00e4chte lang nationalen und internationalen Glamour. Nicht nur f\u00fcr die internationalen G\u00e4ste aus der Fernsehindustrie, sondern mit zahlreichen Events auch f\u00fcr das regionale und lokale Publikum.<\/p>\n","protected":false},"author":23,"featured_media":9733,"comment_status":"closed","ping_status":"open","sticky":false,"template":"","format":"standard","meta":{"inline_featured_image":false,"footnotes":""},"categories":[371,361],"tags":[],"class_list":["post-9732","post","type-post","status-publish","format-standard","has-post-thumbnail","hentry","category-media-de","category-ringier-medien-schweiz"],"yoast_head":"<!-- This site is optimized with the Yoast SEO Premium plugin v27.0 (Yoast SEO v27.0) - https:\/\/yoast.com\/product\/yoast-seo-premium-wordpress\/ -->\n<title>Rose d&#039;Or Festival bietet Events und Stars f\u00fcr alle - Ringier<\/title>\n<meta name=\"robots\" content=\"index, follow, max-snippet:-1, max-image-preview:large, max-video-preview:-1\" \/>\n<link rel=\"canonical\" href=\"https:\/\/www.ringier.com\/de\/rose-dor-festival-bietet-events-und-stars-fuer-alle\/\" \/>\n<meta property=\"og:locale\" content=\"de_DE\" \/>\n<meta property=\"og:type\" content=\"article\" \/>\n<meta property=\"og:title\" content=\"Rose d&#039;Or Festival bietet Events und Stars f\u00fcr alle\" \/>\n<meta property=\"og:description\" content=\"Vom 6. bis 10. Mai 2012 erstrahlt Luzern einmal mehr im Glanz der Goldenen Rose. Die 51. Ausgabe des renommierten Rose d&#039;Or Festivals verspricht f\u00fcnf Tage und f\u00fcnf N\u00e4chte lang nationalen und internationalen Glamour. Nicht nur f\u00fcr die internationalen G\u00e4ste aus der Fernsehindustrie, sondern mit zahlreichen Events auch f\u00fcr das regionale und lokale Publikum.\" \/>\n<meta property=\"og:url\" content=\"https:\/\/www.ringier.com\/de\/rose-dor-festival-bietet-events-und-stars-fuer-alle\/\" \/>\n<meta property=\"og:site_name\" content=\"Ringier\" \/>\n<meta property=\"article:publisher\" content=\"https:\/\/www.facebook.com\/ringierag\/\" \/>\n<meta property=\"article:published_time\" content=\"2012-03-26T14:41:00+00:00\" \/>\n<meta property=\"article:modified_time\" content=\"2024-11-29T15:18:20+00:00\" \/>\n<meta property=\"og:image\" content=\"https:\/\/www.ringier.com\/wp-content\/uploads\/2021\/10\/rdo_visual.jpg\" \/>\n\t<meta property=\"og:image:width\" content=\"676\" \/>\n\t<meta property=\"og:image:height\" content=\"313\" \/>\n\t<meta property=\"og:image:type\" content=\"image\/jpeg\" \/>\n<meta name=\"author\" content=\"Ringier Corporate Communications\" \/>\n<meta name=\"twitter:card\" content=\"summary_large_image\" \/>\n<meta name=\"twitter:creator\" content=\"@ringier_ag\" \/>\n<meta name=\"twitter:site\" content=\"@ringier_ag\" \/>\n<meta name=\"twitter:label1\" content=\"Verfasst von\" \/>\n\t<meta name=\"twitter:data1\" content=\"Ringier Corporate Communications\" \/>\n\t<meta name=\"twitter:label2\" content=\"Gesch\u00e4tzte Lesezeit\" \/>\n\t<meta name=\"twitter:data2\" content=\"5 Minuten\" \/>\n<script type=\"application\/ld+json\" class=\"yoast-schema-graph\">{\"@context\":\"https:\/\/schema.org\",\"@graph\":[{\"@type\":\"Article\",\"@id\":\"https:\/\/www.ringier.com\/de\/rose-dor-festival-bietet-events-und-stars-fuer-alle\/#article\",\"isPartOf\":{\"@id\":\"https:\/\/www.ringier.com\/de\/rose-dor-festival-bietet-events-und-stars-fuer-alle\/\"},\"author\":{\"name\":\"Ringier Corporate Communications\",\"@id\":\"https:\/\/www.ringier.com\/de\/#\/schema\/person\/4cf76a308dc4b2bb5121bd1e7b752e52\"},\"headline\":\"Rose d&#8217;Or Festival bietet Events und Stars f\u00fcr alle\",\"datePublished\":\"2012-03-26T14:41:00+00:00\",\"dateModified\":\"2024-11-29T15:18:20+00:00\",\"mainEntityOfPage\":{\"@id\":\"https:\/\/www.ringier.com\/de\/rose-dor-festival-bietet-events-und-stars-fuer-alle\/\"},\"wordCount\":743,\"publisher\":{\"@id\":\"https:\/\/www.ringier.com\/de\/#organization\"},\"image\":{\"@id\":\"https:\/\/www.ringier.com\/de\/rose-dor-festival-bietet-events-und-stars-fuer-alle\/#primaryimage\"},\"thumbnailUrl\":\"https:\/\/www.ringier.com\/wp-content\/uploads\/2021\/10\/rdo_visual.jpg\",\"articleSection\":[\"Media\",\"Ringier Medien Schweiz\"],\"inLanguage\":\"de-DE\"},{\"@type\":\"WebPage\",\"@id\":\"https:\/\/www.ringier.com\/de\/rose-dor-festival-bietet-events-und-stars-fuer-alle\/\",\"url\":\"https:\/\/www.ringier.com\/de\/rose-dor-festival-bietet-events-und-stars-fuer-alle\/\",\"name\":\"Rose d'Or Festival bietet Events und Stars f\u00fcr alle - Ringier\",\"isPartOf\":{\"@id\":\"https:\/\/www.ringier.com\/de\/#website\"},\"primaryImageOfPage\":{\"@id\":\"https:\/\/www.ringier.com\/de\/rose-dor-festival-bietet-events-und-stars-fuer-alle\/#primaryimage\"},\"image\":{\"@id\":\"https:\/\/www.ringier.com\/de\/rose-dor-festival-bietet-events-und-stars-fuer-alle\/#primaryimage\"},\"thumbnailUrl\":\"https:\/\/www.ringier.com\/wp-content\/uploads\/2021\/10\/rdo_visual.jpg\",\"datePublished\":\"2012-03-26T14:41:00+00:00\",\"dateModified\":\"2024-11-29T15:18:20+00:00\",\"breadcrumb\":{\"@id\":\"https:\/\/www.ringier.com\/de\/rose-dor-festival-bietet-events-und-stars-fuer-alle\/#breadcrumb\"},\"inLanguage\":\"de-DE\",\"potentialAction\":[{\"@type\":\"ReadAction\",\"target\":[\"https:\/\/www.ringier.com\/de\/rose-dor-festival-bietet-events-und-stars-fuer-alle\/\"]}]},{\"@type\":\"ImageObject\",\"inLanguage\":\"de-DE\",\"@id\":\"https:\/\/www.ringier.com\/de\/rose-dor-festival-bietet-events-und-stars-fuer-alle\/#primaryimage\",\"url\":\"https:\/\/www.ringier.com\/wp-content\/uploads\/2021\/10\/rdo_visual.jpg\",\"contentUrl\":\"https:\/\/www.ringier.com\/wp-content\/uploads\/2021\/10\/rdo_visual.jpg\",\"width\":676,\"height\":313},{\"@type\":\"BreadcrumbList\",\"@id\":\"https:\/\/www.ringier.com\/de\/rose-dor-festival-bietet-events-und-stars-fuer-alle\/#breadcrumb\",\"itemListElement\":[{\"@type\":\"ListItem\",\"position\":1,\"name\":\"Home\",\"item\":\"https:\/\/www.ringier.com\/de\/\"},{\"@type\":\"ListItem\",\"position\":2,\"name\":\"Rose d&#8217;Or Festival bietet Events und Stars f\u00fcr alle\"}]},{\"@type\":\"WebSite\",\"@id\":\"https:\/\/www.ringier.com\/de\/#website\",\"url\":\"https:\/\/www.ringier.com\/de\/\",\"name\":\"Ringier\",\"description\":\"We inform. We entertain. We connect\",\"publisher\":{\"@id\":\"https:\/\/www.ringier.com\/de\/#organization\"},\"potentialAction\":[{\"@type\":\"SearchAction\",\"target\":{\"@type\":\"EntryPoint\",\"urlTemplate\":\"https:\/\/www.ringier.com\/de\/?s={search_term_string}\"},\"query-input\":{\"@type\":\"PropertyValueSpecification\",\"valueRequired\":true,\"valueName\":\"search_term_string\"}}],\"inLanguage\":\"de-DE\"},{\"@type\":\"Organization\",\"@id\":\"https:\/\/www.ringier.com\/de\/#organization\",\"name\":\"Ringier\",\"url\":\"https:\/\/www.ringier.com\/de\/\",\"logo\":{\"@type\":\"ImageObject\",\"inLanguage\":\"de-DE\",\"@id\":\"https:\/\/www.ringier.com\/de\/#\/schema\/logo\/image\/\",\"url\":\"https:\/\/www.ringier.com\/wp-content\/uploads\/2021\/10\/ringier_logo_2.jpg\",\"contentUrl\":\"https:\/\/www.ringier.com\/wp-content\/uploads\/2021\/10\/ringier_logo_2.jpg\",\"width\":750,\"height\":550,\"caption\":\"Ringier\"},\"image\":{\"@id\":\"https:\/\/www.ringier.com\/de\/#\/schema\/logo\/image\/\"},\"sameAs\":[\"https:\/\/www.facebook.com\/ringierag\/\",\"https:\/\/x.com\/ringier_ag\",\"https:\/\/www.instagram.com\/ringier_ag\/\",\"https:\/\/www.linkedin.com\/company\/ringier\/\",\"https:\/\/www.youtube.com\/user\/RingierComm\",\"https:\/\/en.wikipedia.org\/wiki\/Ringier\",\"https:\/\/de.wikipedia.org\/wiki\/Ringier\",\"https:\/\/fr.wikipedia.org\/wiki\/Ringier\",\"https:\/\/www.crunchbase.com\/organization\/ringier-ag\"]},{\"@type\":\"Person\",\"@id\":\"https:\/\/www.ringier.com\/de\/#\/schema\/person\/4cf76a308dc4b2bb5121bd1e7b752e52\",\"name\":\"Ringier Corporate Communications\",\"image\":{\"@type\":\"ImageObject\",\"inLanguage\":\"de-DE\",\"@id\":\"https:\/\/www.ringier.com\/de\/#\/schema\/person\/image\/\",\"url\":\"https:\/\/secure.gravatar.com\/avatar\/9391e20481368d5df4fe3e1e476c13b27786347489822ec1ed07e532bb41f587?s=96&d=mm&r=g\",\"contentUrl\":\"https:\/\/secure.gravatar.com\/avatar\/9391e20481368d5df4fe3e1e476c13b27786347489822ec1ed07e532bb41f587?s=96&d=mm&r=g\",\"caption\":\"Ringier Corporate Communications\"},\"sameAs\":[\"https:\/\/www.ringier.com\"]}]}<\/script>\n<!-- \/ Yoast SEO Premium plugin. -->","yoast_head_json":{"title":"Rose d'Or Festival bietet Events und Stars f\u00fcr alle - Ringier","robots":{"index":"index","follow":"follow","max-snippet":"max-snippet:-1","max-image-preview":"max-image-preview:large","max-video-preview":"max-video-preview:-1"},"canonical":"https:\/\/www.ringier.com\/de\/rose-dor-festival-bietet-events-und-stars-fuer-alle\/","og_locale":"de_DE","og_type":"article","og_title":"Rose d'Or Festival bietet Events und Stars f\u00fcr alle","og_description":"Vom 6. bis 10. Mai 2012 erstrahlt Luzern einmal mehr im Glanz der Goldenen Rose. Die 51. Ausgabe des renommierten Rose d'Or Festivals verspricht f\u00fcnf Tage und f\u00fcnf N\u00e4chte lang nationalen und internationalen Glamour. Nicht nur f\u00fcr die internationalen G\u00e4ste aus der Fernsehindustrie, sondern mit zahlreichen Events auch f\u00fcr das regionale und lokale Publikum.","og_url":"https:\/\/www.ringier.com\/de\/rose-dor-festival-bietet-events-und-stars-fuer-alle\/","og_site_name":"Ringier","article_publisher":"https:\/\/www.facebook.com\/ringierag\/","article_published_time":"2012-03-26T14:41:00+00:00","article_modified_time":"2024-11-29T15:18:20+00:00","og_image":[{"width":676,"height":313,"url":"https:\/\/www.ringier.com\/wp-content\/uploads\/2021\/10\/rdo_visual.jpg","type":"image\/jpeg"}],"author":"Ringier Corporate Communications","twitter_card":"summary_large_image","twitter_creator":"@ringier_ag","twitter_site":"@ringier_ag","twitter_misc":{"Verfasst von":"Ringier Corporate Communications","Gesch\u00e4tzte Lesezeit":"5 Minuten"},"schema":{"@context":"https:\/\/schema.org","@graph":[{"@type":"Article","@id":"https:\/\/www.ringier.com\/de\/rose-dor-festival-bietet-events-und-stars-fuer-alle\/#article","isPartOf":{"@id":"https:\/\/www.ringier.com\/de\/rose-dor-festival-bietet-events-und-stars-fuer-alle\/"},"author":{"name":"Ringier Corporate Communications","@id":"https:\/\/www.ringier.com\/de\/#\/schema\/person\/4cf76a308dc4b2bb5121bd1e7b752e52"},"headline":"Rose d&#8217;Or Festival bietet Events und Stars f\u00fcr alle","datePublished":"2012-03-26T14:41:00+00:00","dateModified":"2024-11-29T15:18:20+00:00","mainEntityOfPage":{"@id":"https:\/\/www.ringier.com\/de\/rose-dor-festival-bietet-events-und-stars-fuer-alle\/"},"wordCount":743,"publisher":{"@id":"https:\/\/www.ringier.com\/de\/#organization"},"image":{"@id":"https:\/\/www.ringier.com\/de\/rose-dor-festival-bietet-events-und-stars-fuer-alle\/#primaryimage"},"thumbnailUrl":"https:\/\/www.ringier.com\/wp-content\/uploads\/2021\/10\/rdo_visual.jpg","articleSection":["Media","Ringier Medien Schweiz"],"inLanguage":"de-DE"},{"@type":"WebPage","@id":"https:\/\/www.ringier.com\/de\/rose-dor-festival-bietet-events-und-stars-fuer-alle\/","url":"https:\/\/www.ringier.com\/de\/rose-dor-festival-bietet-events-und-stars-fuer-alle\/","name":"Rose d'Or Festival bietet Events und Stars f\u00fcr alle - Ringier","isPartOf":{"@id":"https:\/\/www.ringier.com\/de\/#website"},"primaryImageOfPage":{"@id":"https:\/\/www.ringier.com\/de\/rose-dor-festival-bietet-events-und-stars-fuer-alle\/#primaryimage"},"image":{"@id":"https:\/\/www.ringier.com\/de\/rose-dor-festival-bietet-events-und-stars-fuer-alle\/#primaryimage"},"thumbnailUrl":"https:\/\/www.ringier.com\/wp-content\/uploads\/2021\/10\/rdo_visual.jpg","datePublished":"2012-03-26T14:41:00+00:00","dateModified":"2024-11-29T15:18:20+00:00","breadcrumb":{"@id":"https:\/\/www.ringier.com\/de\/rose-dor-festival-bietet-events-und-stars-fuer-alle\/#breadcrumb"},"inLanguage":"de-DE","potentialAction":[{"@type":"ReadAction","target":["https:\/\/www.ringier.com\/de\/rose-dor-festival-bietet-events-und-stars-fuer-alle\/"]}]},{"@type":"ImageObject","inLanguage":"de-DE","@id":"https:\/\/www.ringier.com\/de\/rose-dor-festival-bietet-events-und-stars-fuer-alle\/#primaryimage","url":"https:\/\/www.ringier.com\/wp-content\/uploads\/2021\/10\/rdo_visual.jpg","contentUrl":"https:\/\/www.ringier.com\/wp-content\/uploads\/2021\/10\/rdo_visual.jpg","width":676,"height":313},{"@type":"BreadcrumbList","@id":"https:\/\/www.ringier.com\/de\/rose-dor-festival-bietet-events-und-stars-fuer-alle\/#breadcrumb","itemListElement":[{"@type":"ListItem","position":1,"name":"Home","item":"https:\/\/www.ringier.com\/de\/"},{"@type":"ListItem","position":2,"name":"Rose d&#8217;Or Festival bietet Events und Stars f\u00fcr alle"}]},{"@type":"WebSite","@id":"https:\/\/www.ringier.com\/de\/#website","url":"https:\/\/www.ringier.com\/de\/","name":"Ringier","description":"We inform. We entertain. We connect","publisher":{"@id":"https:\/\/www.ringier.com\/de\/#organization"},"potentialAction":[{"@type":"SearchAction","target":{"@type":"EntryPoint","urlTemplate":"https:\/\/www.ringier.com\/de\/?s={search_term_string}"},"query-input":{"@type":"PropertyValueSpecification","valueRequired":true,"valueName":"search_term_string"}}],"inLanguage":"de-DE"},{"@type":"Organization","@id":"https:\/\/www.ringier.com\/de\/#organization","name":"Ringier","url":"https:\/\/www.ringier.com\/de\/","logo":{"@type":"ImageObject","inLanguage":"de-DE","@id":"https:\/\/www.ringier.com\/de\/#\/schema\/logo\/image\/","url":"https:\/\/www.ringier.com\/wp-content\/uploads\/2021\/10\/ringier_logo_2.jpg","contentUrl":"https:\/\/www.ringier.com\/wp-content\/uploads\/2021\/10\/ringier_logo_2.jpg","width":750,"height":550,"caption":"Ringier"},"image":{"@id":"https:\/\/www.ringier.com\/de\/#\/schema\/logo\/image\/"},"sameAs":["https:\/\/www.facebook.com\/ringierag\/","https:\/\/x.com\/ringier_ag","https:\/\/www.instagram.com\/ringier_ag\/","https:\/\/www.linkedin.com\/company\/ringier\/","https:\/\/www.youtube.com\/user\/RingierComm","https:\/\/en.wikipedia.org\/wiki\/Ringier","https:\/\/de.wikipedia.org\/wiki\/Ringier","https:\/\/fr.wikipedia.org\/wiki\/Ringier","https:\/\/www.crunchbase.com\/organization\/ringier-ag"]},{"@type":"Person","@id":"https:\/\/www.ringier.com\/de\/#\/schema\/person\/4cf76a308dc4b2bb5121bd1e7b752e52","name":"Ringier Corporate Communications","image":{"@type":"ImageObject","inLanguage":"de-DE","@id":"https:\/\/www.ringier.com\/de\/#\/schema\/person\/image\/","url":"https:\/\/secure.gravatar.com\/avatar\/9391e20481368d5df4fe3e1e476c13b27786347489822ec1ed07e532bb41f587?s=96&d=mm&r=g","contentUrl":"https:\/\/secure.gravatar.com\/avatar\/9391e20481368d5df4fe3e1e476c13b27786347489822ec1ed07e532bb41f587?s=96&d=mm&r=g","caption":"Ringier Corporate Communications"},"sameAs":["https:\/\/www.ringier.com"]}]}},"_links":{"self":[{"href":"https:\/\/www.ringier.com\/de\/wp-json\/wp\/v2\/posts\/9732","targetHints":{"allow":["GET"]}}],"collection":[{"href":"https:\/\/www.ringier.com\/de\/wp-json\/wp\/v2\/posts"}],"about":[{"href":"https:\/\/www.ringier.com\/de\/wp-json\/wp\/v2\/types\/post"}],"author":[{"embeddable":true,"href":"https:\/\/www.ringier.com\/de\/wp-json\/wp\/v2\/users\/23"}],"replies":[{"embeddable":true,"href":"https:\/\/www.ringier.com\/de\/wp-json\/wp\/v2\/comments?post=9732"}],"version-history":[{"count":0,"href":"https:\/\/www.ringier.com\/de\/wp-json\/wp\/v2\/posts\/9732\/revisions"}],"wp:featuredmedia":[{"embeddable":true,"href":"https:\/\/www.ringier.com\/de\/wp-json\/wp\/v2\/media\/9733"}],"wp:attachment":[{"href":"https:\/\/www.ringier.com\/de\/wp-json\/wp\/v2\/media?parent=9732"}],"wp:term":[{"taxonomy":"category","embeddable":true,"href":"https:\/\/www.ringier.com\/de\/wp-json\/wp\/v2\/categories?post=9732"},{"taxonomy":"post_tag","embeddable":true,"href":"https:\/\/www.ringier.com\/de\/wp-json\/wp\/v2\/tags?post=9732"}],"curies":[{"name":"wp","href":"https:\/\/api.w.org\/{rel}","templated":true}]}}