{"id":9715,"date":"2010-11-10T16:29:00","date_gmt":"2010-11-10T15:29:00","guid":{"rendered":"https:\/\/www.ringier.com\/?p=9715"},"modified":"2021-10-15T14:28:58","modified_gmt":"2021-10-15T12:28:58","slug":"die-rose-dor-kehrt-zurueck-in-den-mai","status":"publish","type":"post","link":"https:\/\/www.ringier.com\/de\/die-rose-dor-kehrt-zurueck-in-den-mai\/","title":{"rendered":"Die Rose d&#8217;Or kehrt zur\u00fcck in den Mai"},"content":{"rendered":"\n<p>Die R\u00fcckkehr des Rose d&#8217;Or Festivals vom Herbst in den Fr\u00fchling entspricht dem Bed\u00fcrfnis der internationalen TV-Industrie. Festival Pr\u00e4sident Marco Castellaneta: \u201eIch bin gl\u00fccklich, dass die Rose d&#8217;Or wieder an ihren angestammten Termin im Fr\u00fchling zur\u00fcckkehrt&#8220;.<\/p>\n\n\n\n<p>Die n\u00e4chste Awards Ceremony geht nun am 10. Mai 2012 \u00fcber die B\u00fchne des Luzerner KKL. Sie bildet den H\u00f6hepunkt einer Rose d&#8217;Or Festivalwoche, die vom 6. &#8211; 10. Mai 2012 dauert und die sowohl Events und Foren f\u00fcr die nationale und internationale Fernseh-Fachwelt als auch f\u00fcr die Luzerner Bev\u00f6lkerung anbieten wird. Das Rose d&#8217;Or Festival beginnt aber bereits im Mai 2011 mit der Ausschreibung des 51. Rose d&#8217;Or-Wettbewerbs. Fernsehschaffende aus der ganzen Welt sind dann eingeladen, ihre Programme einzureichen. Die Nominierten in den einzelnen Award-Kategorien werden im November 2011 bekanntgegeben. Und im Mai 2012 entscheidet eine hochkar\u00e4tige Jury von Fernseh-Fachleuten, wer an der 51. Awards Ceremony in Luzern mit den Goldenen Rosen ausgezeichnet wird.&nbsp;<\/p>\n\n\n\n<p><strong>Rose d&#8217;Or das ganze Jahr<\/strong><\/p>\n\n\n\n<p>Neu bietet die Rose d&#8217;Or auch w\u00e4hrend des Jahres aktuelle Beitr\u00e4ge zu den Entwicklungen in der Welt des Fernsehens und l\u00e4sst unterschiedliche Stimmen zu Wort kommen. Die Rose d&#8217;Or kn\u00fcpft damit an die Forum-Veranstaltungen des letzten Festivals an und bietet der Fernsehindustrie eine Plattform, die einen kontinuierlichen Austausch und eine Diskussion erm\u00f6glicht. Anders als fr\u00fcher beschr\u00e4nkt sich das Rose d&#8217;Or-Festival ab 2011 daher nicht mehr nur auf die Festivaltage und die j\u00e4hrliche Preisverleihung.&nbsp;&nbsp;<\/p>\n\n\n\n<p><strong>Neuausrichtung des Wettbewerbs<\/strong><\/p>\n\n\n\n<p>Der Rose d&#8217;Or Wettbewerb wird sich wieder auf seine urspr\u00fcngliche Zielsetzung konzentrieren: die Auszeichnung der besten Formate und Programme aus der Welt der Fernsehunterhaltung. Aus diesem Grund wird der bestehende Kategorien-Katalog \u00fcberarbeitet. Er wird gestrafft und vereinfacht und soll zudem den Trends in der Fernseh-Unterhaltung noch st\u00e4rker Rechnung tragen. Neu wird der Wettbewerb weitgehend web- basiert abgewickelt. Die Jury erh\u00e4lt so die M\u00f6glichkeit, die Wettbewerbs-Beitr\u00e4ge in Zukunft online zu bewerten.&nbsp;&nbsp;<\/p>\n\n\n\n<p><strong>Wechsel in der Rose d&#8217;Or-Leitung<\/strong><\/p>\n\n\n\n<p>Ende November \u00fcbergibt Festivaldirektor Rolf Probala die Festivalleitung an Markus Helbling, der seit Oktober 2010 als Managing Direktor und Co-Leiter der Rose d&#8217;Or AG wirkt. Rolf Probala hatte die Leitung der Rose d&#8217;Or im Dezember 2009 kurzfristig \u00fcbernommen. Er organisierte das 50. Rose d&#8217;Or Festival, das im September in Luzern stattfand, und f\u00fchrte die Rose d&#8217;Or erfolgreich durch das Jubil\u00e4umsjahr 2010. Rolf Probala wird der Rose d&#8217;Or in beratender Rolle weiterhin zur Verf\u00fcgung stehen. Festival Pr\u00e4sident Marco Castellaneta: \u201eRolf Probala geb\u00fchrt unser herzlicher Dank. Er hat uns w\u00e4hrend des veranstaltungsreichen Jubil\u00e4umsfestivals grossartige Momente erleben lassen&#8220;.<\/p>\n","protected":false},"excerpt":{"rendered":"<p>Luzern: Nach dem erfolgreichen 50. Rose d&#8217;Or Festival im September 2010 richtet sich die Rose d&#8217;Or f\u00fcr die n\u00e4chste Dekade neu aus: Das Festival findet wieder an ihrem angestammten Termin im Fr\u00fchling statt. Es beginnt im Mai 2011 mit der Lancierung des 51. Wettbewerbs und geht mit der Awards Ceremony am 10. Mai 2012 zu Ende.<\/p>\n","protected":false},"author":23,"featured_media":6232,"comment_status":"closed","ping_status":"open","sticky":false,"template":"","format":"standard","meta":{"inline_featured_image":false,"footnotes":""},"categories":[3],"tags":[],"class_list":["post-9715","post","type-post","status-publish","format-standard","has-post-thumbnail","hentry","category-unkategorisiert"],"yoast_head":"<!-- This site is optimized with the Yoast SEO Premium plugin v27.0 (Yoast SEO v27.0) - https:\/\/yoast.com\/product\/yoast-seo-premium-wordpress\/ -->\n<title>Die Rose d&#039;Or kehrt zur\u00fcck in den Mai - Ringier<\/title>\n<meta name=\"robots\" content=\"index, follow, max-snippet:-1, max-image-preview:large, max-video-preview:-1\" \/>\n<link rel=\"canonical\" href=\"https:\/\/www.ringier.com\/de\/die-rose-dor-kehrt-zurueck-in-den-mai\/\" \/>\n<meta property=\"og:locale\" content=\"de_DE\" \/>\n<meta property=\"og:type\" content=\"article\" \/>\n<meta property=\"og:title\" content=\"Die Rose d&#039;Or kehrt zur\u00fcck in den Mai\" \/>\n<meta property=\"og:description\" content=\"Luzern: Nach dem erfolgreichen 50. Rose d&#039;Or Festival im September 2010 richtet sich die Rose d&#039;Or f\u00fcr die n\u00e4chste Dekade neu aus: Das Festival findet wieder an ihrem angestammten Termin im Fr\u00fchling statt. Es beginnt im Mai 2011 mit der Lancierung des 51. Wettbewerbs und geht mit der Awards Ceremony am 10. Mai 2012 zu Ende.\" \/>\n<meta property=\"og:url\" content=\"https:\/\/www.ringier.com\/de\/die-rose-dor-kehrt-zurueck-in-den-mai\/\" \/>\n<meta property=\"og:site_name\" content=\"Ringier\" \/>\n<meta property=\"article:publisher\" content=\"https:\/\/www.facebook.com\/ringierag\/\" \/>\n<meta property=\"article:published_time\" content=\"2010-11-10T15:29:00+00:00\" \/>\n<meta property=\"article:modified_time\" content=\"2021-10-15T12:28:58+00:00\" \/>\n<meta property=\"og:image\" content=\"https:\/\/www.ringier.com\/wp-content\/uploads\/2021\/09\/Press-Release-Default-1024x538.png\" \/>\n\t<meta property=\"og:image:width\" content=\"1024\" \/>\n\t<meta property=\"og:image:height\" content=\"538\" \/>\n\t<meta property=\"og:image:type\" content=\"image\/png\" \/>\n<meta name=\"author\" content=\"Ringier Corporate Communications\" \/>\n<meta name=\"twitter:card\" content=\"summary_large_image\" \/>\n<meta name=\"twitter:creator\" content=\"@ringier_ag\" \/>\n<meta name=\"twitter:site\" content=\"@ringier_ag\" \/>\n<meta name=\"twitter:label1\" content=\"Verfasst von\" \/>\n\t<meta name=\"twitter:data1\" content=\"Ringier Corporate Communications\" \/>\n\t<meta name=\"twitter:label2\" content=\"Gesch\u00e4tzte Lesezeit\" \/>\n\t<meta name=\"twitter:data2\" content=\"2 Minuten\" \/>\n<script type=\"application\/ld+json\" class=\"yoast-schema-graph\">{\"@context\":\"https:\/\/schema.org\",\"@graph\":[{\"@type\":\"Article\",\"@id\":\"https:\/\/www.ringier.com\/de\/die-rose-dor-kehrt-zurueck-in-den-mai\/#article\",\"isPartOf\":{\"@id\":\"https:\/\/www.ringier.com\/de\/die-rose-dor-kehrt-zurueck-in-den-mai\/\"},\"author\":{\"name\":\"Ringier Corporate Communications\",\"@id\":\"https:\/\/www.ringier.com\/de\/#\/schema\/person\/4cf76a308dc4b2bb5121bd1e7b752e52\"},\"headline\":\"Die Rose d&#8217;Or kehrt zur\u00fcck in den Mai\",\"datePublished\":\"2010-11-10T15:29:00+00:00\",\"dateModified\":\"2021-10-15T12:28:58+00:00\",\"mainEntityOfPage\":{\"@id\":\"https:\/\/www.ringier.com\/de\/die-rose-dor-kehrt-zurueck-in-den-mai\/\"},\"wordCount\":452,\"publisher\":{\"@id\":\"https:\/\/www.ringier.com\/de\/#organization\"},\"image\":{\"@id\":\"https:\/\/www.ringier.com\/de\/die-rose-dor-kehrt-zurueck-in-den-mai\/#primaryimage\"},\"thumbnailUrl\":\"https:\/\/www.ringier.com\/wp-content\/uploads\/2021\/09\/Press-Release-Default.png\",\"articleSection\":[\"Unkategorisiert\"],\"inLanguage\":\"de-DE\"},{\"@type\":\"WebPage\",\"@id\":\"https:\/\/www.ringier.com\/de\/die-rose-dor-kehrt-zurueck-in-den-mai\/\",\"url\":\"https:\/\/www.ringier.com\/de\/die-rose-dor-kehrt-zurueck-in-den-mai\/\",\"name\":\"Die Rose d'Or kehrt zur\u00fcck in den Mai - Ringier\",\"isPartOf\":{\"@id\":\"https:\/\/www.ringier.com\/de\/#website\"},\"primaryImageOfPage\":{\"@id\":\"https:\/\/www.ringier.com\/de\/die-rose-dor-kehrt-zurueck-in-den-mai\/#primaryimage\"},\"image\":{\"@id\":\"https:\/\/www.ringier.com\/de\/die-rose-dor-kehrt-zurueck-in-den-mai\/#primaryimage\"},\"thumbnailUrl\":\"https:\/\/www.ringier.com\/wp-content\/uploads\/2021\/09\/Press-Release-Default.png\",\"datePublished\":\"2010-11-10T15:29:00+00:00\",\"dateModified\":\"2021-10-15T12:28:58+00:00\",\"breadcrumb\":{\"@id\":\"https:\/\/www.ringier.com\/de\/die-rose-dor-kehrt-zurueck-in-den-mai\/#breadcrumb\"},\"inLanguage\":\"de-DE\",\"potentialAction\":[{\"@type\":\"ReadAction\",\"target\":[\"https:\/\/www.ringier.com\/de\/die-rose-dor-kehrt-zurueck-in-den-mai\/\"]}]},{\"@type\":\"ImageObject\",\"inLanguage\":\"de-DE\",\"@id\":\"https:\/\/www.ringier.com\/de\/die-rose-dor-kehrt-zurueck-in-den-mai\/#primaryimage\",\"url\":\"https:\/\/www.ringier.com\/wp-content\/uploads\/2021\/09\/Press-Release-Default.png\",\"contentUrl\":\"https:\/\/www.ringier.com\/wp-content\/uploads\/2021\/09\/Press-Release-Default.png\",\"width\":8001,\"height\":4201},{\"@type\":\"BreadcrumbList\",\"@id\":\"https:\/\/www.ringier.com\/de\/die-rose-dor-kehrt-zurueck-in-den-mai\/#breadcrumb\",\"itemListElement\":[{\"@type\":\"ListItem\",\"position\":1,\"name\":\"Home\",\"item\":\"https:\/\/www.ringier.com\/de\/\"},{\"@type\":\"ListItem\",\"position\":2,\"name\":\"Die Rose d&#8217;Or kehrt zur\u00fcck in den Mai\"}]},{\"@type\":\"WebSite\",\"@id\":\"https:\/\/www.ringier.com\/de\/#website\",\"url\":\"https:\/\/www.ringier.com\/de\/\",\"name\":\"Ringier\",\"description\":\"We inform. We entertain. We connect\",\"publisher\":{\"@id\":\"https:\/\/www.ringier.com\/de\/#organization\"},\"potentialAction\":[{\"@type\":\"SearchAction\",\"target\":{\"@type\":\"EntryPoint\",\"urlTemplate\":\"https:\/\/www.ringier.com\/de\/?s={search_term_string}\"},\"query-input\":{\"@type\":\"PropertyValueSpecification\",\"valueRequired\":true,\"valueName\":\"search_term_string\"}}],\"inLanguage\":\"de-DE\"},{\"@type\":\"Organization\",\"@id\":\"https:\/\/www.ringier.com\/de\/#organization\",\"name\":\"Ringier\",\"url\":\"https:\/\/www.ringier.com\/de\/\",\"logo\":{\"@type\":\"ImageObject\",\"inLanguage\":\"de-DE\",\"@id\":\"https:\/\/www.ringier.com\/de\/#\/schema\/logo\/image\/\",\"url\":\"https:\/\/www.ringier.com\/wp-content\/uploads\/2021\/10\/ringier_logo_2.jpg\",\"contentUrl\":\"https:\/\/www.ringier.com\/wp-content\/uploads\/2021\/10\/ringier_logo_2.jpg\",\"width\":750,\"height\":550,\"caption\":\"Ringier\"},\"image\":{\"@id\":\"https:\/\/www.ringier.com\/de\/#\/schema\/logo\/image\/\"},\"sameAs\":[\"https:\/\/www.facebook.com\/ringierag\/\",\"https:\/\/x.com\/ringier_ag\",\"https:\/\/www.instagram.com\/ringier_ag\/\",\"https:\/\/www.linkedin.com\/company\/ringier\/\",\"https:\/\/www.youtube.com\/user\/RingierComm\",\"https:\/\/en.wikipedia.org\/wiki\/Ringier\",\"https:\/\/de.wikipedia.org\/wiki\/Ringier\",\"https:\/\/fr.wikipedia.org\/wiki\/Ringier\",\"https:\/\/www.crunchbase.com\/organization\/ringier-ag\"]},{\"@type\":\"Person\",\"@id\":\"https:\/\/www.ringier.com\/de\/#\/schema\/person\/4cf76a308dc4b2bb5121bd1e7b752e52\",\"name\":\"Ringier Corporate Communications\",\"image\":{\"@type\":\"ImageObject\",\"inLanguage\":\"de-DE\",\"@id\":\"https:\/\/www.ringier.com\/de\/#\/schema\/person\/image\/\",\"url\":\"https:\/\/secure.gravatar.com\/avatar\/9391e20481368d5df4fe3e1e476c13b27786347489822ec1ed07e532bb41f587?s=96&d=mm&r=g\",\"contentUrl\":\"https:\/\/secure.gravatar.com\/avatar\/9391e20481368d5df4fe3e1e476c13b27786347489822ec1ed07e532bb41f587?s=96&d=mm&r=g\",\"caption\":\"Ringier Corporate Communications\"},\"sameAs\":[\"https:\/\/www.ringier.com\"]}]}<\/script>\n<!-- \/ Yoast SEO Premium plugin. -->","yoast_head_json":{"title":"Die Rose d'Or kehrt zur\u00fcck in den Mai - Ringier","robots":{"index":"index","follow":"follow","max-snippet":"max-snippet:-1","max-image-preview":"max-image-preview:large","max-video-preview":"max-video-preview:-1"},"canonical":"https:\/\/www.ringier.com\/de\/die-rose-dor-kehrt-zurueck-in-den-mai\/","og_locale":"de_DE","og_type":"article","og_title":"Die Rose d'Or kehrt zur\u00fcck in den Mai","og_description":"Luzern: Nach dem erfolgreichen 50. Rose d'Or Festival im September 2010 richtet sich die Rose d'Or f\u00fcr die n\u00e4chste Dekade neu aus: Das Festival findet wieder an ihrem angestammten Termin im Fr\u00fchling statt. Es beginnt im Mai 2011 mit der Lancierung des 51. Wettbewerbs und geht mit der Awards Ceremony am 10. Mai 2012 zu Ende.","og_url":"https:\/\/www.ringier.com\/de\/die-rose-dor-kehrt-zurueck-in-den-mai\/","og_site_name":"Ringier","article_publisher":"https:\/\/www.facebook.com\/ringierag\/","article_published_time":"2010-11-10T15:29:00+00:00","article_modified_time":"2021-10-15T12:28:58+00:00","og_image":[{"width":1024,"height":538,"url":"https:\/\/www.ringier.com\/wp-content\/uploads\/2021\/09\/Press-Release-Default-1024x538.png","type":"image\/png"}],"author":"Ringier Corporate Communications","twitter_card":"summary_large_image","twitter_creator":"@ringier_ag","twitter_site":"@ringier_ag","twitter_misc":{"Verfasst von":"Ringier Corporate Communications","Gesch\u00e4tzte Lesezeit":"2 Minuten"},"schema":{"@context":"https:\/\/schema.org","@graph":[{"@type":"Article","@id":"https:\/\/www.ringier.com\/de\/die-rose-dor-kehrt-zurueck-in-den-mai\/#article","isPartOf":{"@id":"https:\/\/www.ringier.com\/de\/die-rose-dor-kehrt-zurueck-in-den-mai\/"},"author":{"name":"Ringier Corporate Communications","@id":"https:\/\/www.ringier.com\/de\/#\/schema\/person\/4cf76a308dc4b2bb5121bd1e7b752e52"},"headline":"Die Rose d&#8217;Or kehrt zur\u00fcck in den Mai","datePublished":"2010-11-10T15:29:00+00:00","dateModified":"2021-10-15T12:28:58+00:00","mainEntityOfPage":{"@id":"https:\/\/www.ringier.com\/de\/die-rose-dor-kehrt-zurueck-in-den-mai\/"},"wordCount":452,"publisher":{"@id":"https:\/\/www.ringier.com\/de\/#organization"},"image":{"@id":"https:\/\/www.ringier.com\/de\/die-rose-dor-kehrt-zurueck-in-den-mai\/#primaryimage"},"thumbnailUrl":"https:\/\/www.ringier.com\/wp-content\/uploads\/2021\/09\/Press-Release-Default.png","articleSection":["Unkategorisiert"],"inLanguage":"de-DE"},{"@type":"WebPage","@id":"https:\/\/www.ringier.com\/de\/die-rose-dor-kehrt-zurueck-in-den-mai\/","url":"https:\/\/www.ringier.com\/de\/die-rose-dor-kehrt-zurueck-in-den-mai\/","name":"Die Rose d'Or kehrt zur\u00fcck in den Mai - Ringier","isPartOf":{"@id":"https:\/\/www.ringier.com\/de\/#website"},"primaryImageOfPage":{"@id":"https:\/\/www.ringier.com\/de\/die-rose-dor-kehrt-zurueck-in-den-mai\/#primaryimage"},"image":{"@id":"https:\/\/www.ringier.com\/de\/die-rose-dor-kehrt-zurueck-in-den-mai\/#primaryimage"},"thumbnailUrl":"https:\/\/www.ringier.com\/wp-content\/uploads\/2021\/09\/Press-Release-Default.png","datePublished":"2010-11-10T15:29:00+00:00","dateModified":"2021-10-15T12:28:58+00:00","breadcrumb":{"@id":"https:\/\/www.ringier.com\/de\/die-rose-dor-kehrt-zurueck-in-den-mai\/#breadcrumb"},"inLanguage":"de-DE","potentialAction":[{"@type":"ReadAction","target":["https:\/\/www.ringier.com\/de\/die-rose-dor-kehrt-zurueck-in-den-mai\/"]}]},{"@type":"ImageObject","inLanguage":"de-DE","@id":"https:\/\/www.ringier.com\/de\/die-rose-dor-kehrt-zurueck-in-den-mai\/#primaryimage","url":"https:\/\/www.ringier.com\/wp-content\/uploads\/2021\/09\/Press-Release-Default.png","contentUrl":"https:\/\/www.ringier.com\/wp-content\/uploads\/2021\/09\/Press-Release-Default.png","width":8001,"height":4201},{"@type":"BreadcrumbList","@id":"https:\/\/www.ringier.com\/de\/die-rose-dor-kehrt-zurueck-in-den-mai\/#breadcrumb","itemListElement":[{"@type":"ListItem","position":1,"name":"Home","item":"https:\/\/www.ringier.com\/de\/"},{"@type":"ListItem","position":2,"name":"Die Rose d&#8217;Or kehrt zur\u00fcck in den Mai"}]},{"@type":"WebSite","@id":"https:\/\/www.ringier.com\/de\/#website","url":"https:\/\/www.ringier.com\/de\/","name":"Ringier","description":"We inform. We entertain. We connect","publisher":{"@id":"https:\/\/www.ringier.com\/de\/#organization"},"potentialAction":[{"@type":"SearchAction","target":{"@type":"EntryPoint","urlTemplate":"https:\/\/www.ringier.com\/de\/?s={search_term_string}"},"query-input":{"@type":"PropertyValueSpecification","valueRequired":true,"valueName":"search_term_string"}}],"inLanguage":"de-DE"},{"@type":"Organization","@id":"https:\/\/www.ringier.com\/de\/#organization","name":"Ringier","url":"https:\/\/www.ringier.com\/de\/","logo":{"@type":"ImageObject","inLanguage":"de-DE","@id":"https:\/\/www.ringier.com\/de\/#\/schema\/logo\/image\/","url":"https:\/\/www.ringier.com\/wp-content\/uploads\/2021\/10\/ringier_logo_2.jpg","contentUrl":"https:\/\/www.ringier.com\/wp-content\/uploads\/2021\/10\/ringier_logo_2.jpg","width":750,"height":550,"caption":"Ringier"},"image":{"@id":"https:\/\/www.ringier.com\/de\/#\/schema\/logo\/image\/"},"sameAs":["https:\/\/www.facebook.com\/ringierag\/","https:\/\/x.com\/ringier_ag","https:\/\/www.instagram.com\/ringier_ag\/","https:\/\/www.linkedin.com\/company\/ringier\/","https:\/\/www.youtube.com\/user\/RingierComm","https:\/\/en.wikipedia.org\/wiki\/Ringier","https:\/\/de.wikipedia.org\/wiki\/Ringier","https:\/\/fr.wikipedia.org\/wiki\/Ringier","https:\/\/www.crunchbase.com\/organization\/ringier-ag"]},{"@type":"Person","@id":"https:\/\/www.ringier.com\/de\/#\/schema\/person\/4cf76a308dc4b2bb5121bd1e7b752e52","name":"Ringier Corporate Communications","image":{"@type":"ImageObject","inLanguage":"de-DE","@id":"https:\/\/www.ringier.com\/de\/#\/schema\/person\/image\/","url":"https:\/\/secure.gravatar.com\/avatar\/9391e20481368d5df4fe3e1e476c13b27786347489822ec1ed07e532bb41f587?s=96&d=mm&r=g","contentUrl":"https:\/\/secure.gravatar.com\/avatar\/9391e20481368d5df4fe3e1e476c13b27786347489822ec1ed07e532bb41f587?s=96&d=mm&r=g","caption":"Ringier Corporate Communications"},"sameAs":["https:\/\/www.ringier.com"]}]}},"_links":{"self":[{"href":"https:\/\/www.ringier.com\/de\/wp-json\/wp\/v2\/posts\/9715","targetHints":{"allow":["GET"]}}],"collection":[{"href":"https:\/\/www.ringier.com\/de\/wp-json\/wp\/v2\/posts"}],"about":[{"href":"https:\/\/www.ringier.com\/de\/wp-json\/wp\/v2\/types\/post"}],"author":[{"embeddable":true,"href":"https:\/\/www.ringier.com\/de\/wp-json\/wp\/v2\/users\/23"}],"replies":[{"embeddable":true,"href":"https:\/\/www.ringier.com\/de\/wp-json\/wp\/v2\/comments?post=9715"}],"version-history":[{"count":0,"href":"https:\/\/www.ringier.com\/de\/wp-json\/wp\/v2\/posts\/9715\/revisions"}],"wp:featuredmedia":[{"embeddable":true,"href":"https:\/\/www.ringier.com\/de\/wp-json\/wp\/v2\/media\/6232"}],"wp:attachment":[{"href":"https:\/\/www.ringier.com\/de\/wp-json\/wp\/v2\/media?parent=9715"}],"wp:term":[{"taxonomy":"category","embeddable":true,"href":"https:\/\/www.ringier.com\/de\/wp-json\/wp\/v2\/categories?post=9715"},{"taxonomy":"post_tag","embeddable":true,"href":"https:\/\/www.ringier.com\/de\/wp-json\/wp\/v2\/tags?post=9715"}],"curies":[{"name":"wp","href":"https:\/\/api.w.org\/{rel}","templated":true}]}}