{"id":9695,"date":"2010-10-29T16:18:00","date_gmt":"2010-10-29T14:18:00","guid":{"rendered":"https:\/\/www.ringier.com\/?p=9695"},"modified":"2021-10-01T16:20:13","modified_gmt":"2021-10-01T14:20:13","slug":"dani-graf-verstaerkt-das-moderationsteam-von-cashtv","status":"publish","type":"post","link":"https:\/\/www.ringier.com\/de\/dani-graf-verstaerkt-das-moderationsteam-von-cashtv\/","title":{"rendered":"Dani Graf verst\u00e4rkt das Moderationsteam von cashTV"},"content":{"rendered":"\n<p>Der 35-j\u00e4hrige Dani Graf wird neu Moderator der Sendung cashTV und verst\u00e4rkt das Moderationsteam mit Katharina Deuber und Daniel H\u00fcgli. Dani Graf wird die Sendung vom Sonntag, 31. Oktober 2010 22.10 Uhr SF2 moderieren.\u00a0<\/p>\n\n\n\n<p>Dani Graf arbeitet seit drei Jahren als Redaktor und Produzent f\u00fcr cashTV. Vor seiner Zeit beim Wirtschaftsmagazin, war er f\u00fcnf Jahre beim regionalen Sender Tele Z\u00fcri und drei Jahre bei Tele M1 als VJ t\u00e4tig.<\/p>\n\n\n\n<figure class=\"wp-block-image\"><img decoding=\"async\" src=\"https:\/\/www.ringier.ch\/sites\/default\/files\/styles\/full-page\/public\/images\/dani_graf.jpg?itok=GY8vDBTp\" alt=\"\"\/><\/figure>\n\n\n\n<p><\/p>\n","protected":false},"excerpt":{"rendered":"<p>Z\u00fcrich<\/p>\n","protected":false},"author":23,"featured_media":9696,"comment_status":"closed","ping_status":"open","sticky":false,"template":"","format":"standard","meta":{"inline_featured_image":false,"footnotes":""},"categories":[3],"tags":[],"class_list":["post-9695","post","type-post","status-publish","format-standard","has-post-thumbnail","hentry","category-unkategorisiert"],"yoast_head":"<!-- This site is optimized with the Yoast SEO Premium plugin v27.0 (Yoast SEO v27.0) - https:\/\/yoast.com\/product\/yoast-seo-premium-wordpress\/ -->\n<title>Dani Graf verst\u00e4rkt das Moderationsteam von cashTV - Ringier<\/title>\n<meta name=\"robots\" content=\"index, follow, max-snippet:-1, max-image-preview:large, max-video-preview:-1\" \/>\n<link rel=\"canonical\" href=\"https:\/\/www.ringier.com\/de\/dani-graf-verstaerkt-das-moderationsteam-von-cashtv\/\" \/>\n<meta property=\"og:locale\" content=\"de_DE\" \/>\n<meta property=\"og:type\" content=\"article\" \/>\n<meta property=\"og:title\" content=\"Dani Graf verst\u00e4rkt das Moderationsteam von cashTV\" \/>\n<meta property=\"og:description\" content=\"Z\u00fcrich\" \/>\n<meta property=\"og:url\" content=\"https:\/\/www.ringier.com\/de\/dani-graf-verstaerkt-das-moderationsteam-von-cashtv\/\" \/>\n<meta property=\"og:site_name\" content=\"Ringier\" \/>\n<meta property=\"article:publisher\" content=\"https:\/\/www.facebook.com\/ringierag\/\" \/>\n<meta property=\"article:published_time\" content=\"2010-10-29T14:18:00+00:00\" \/>\n<meta property=\"article:modified_time\" content=\"2021-10-01T14:20:13+00:00\" \/>\n<meta property=\"og:image\" content=\"https:\/\/www.ringier.com\/wp-content\/uploads\/2021\/10\/dani_graf.jpg\" \/>\n\t<meta property=\"og:image:width\" content=\"1080\" \/>\n\t<meta property=\"og:image:height\" content=\"1623\" \/>\n\t<meta property=\"og:image:type\" content=\"image\/jpeg\" \/>\n<meta name=\"author\" content=\"Ringier Corporate Communications\" \/>\n<meta name=\"twitter:card\" content=\"summary_large_image\" \/>\n<meta name=\"twitter:creator\" content=\"@ringier_ag\" \/>\n<meta name=\"twitter:site\" content=\"@ringier_ag\" \/>\n<meta name=\"twitter:label1\" content=\"Verfasst von\" \/>\n\t<meta name=\"twitter:data1\" content=\"Ringier Corporate Communications\" \/>\n\t<meta name=\"twitter:label2\" content=\"Gesch\u00e4tzte Lesezeit\" \/>\n\t<meta name=\"twitter:data2\" content=\"1 Minute\" \/>\n<script type=\"application\/ld+json\" class=\"yoast-schema-graph\">{\"@context\":\"https:\/\/schema.org\",\"@graph\":[{\"@type\":\"Article\",\"@id\":\"https:\/\/www.ringier.com\/de\/dani-graf-verstaerkt-das-moderationsteam-von-cashtv\/#article\",\"isPartOf\":{\"@id\":\"https:\/\/www.ringier.com\/de\/dani-graf-verstaerkt-das-moderationsteam-von-cashtv\/\"},\"author\":{\"name\":\"Ringier Corporate Communications\",\"@id\":\"https:\/\/www.ringier.com\/de\/#\/schema\/person\/4cf76a308dc4b2bb5121bd1e7b752e52\"},\"headline\":\"Dani Graf verst\u00e4rkt das Moderationsteam von cashTV\",\"datePublished\":\"2010-10-29T14:18:00+00:00\",\"dateModified\":\"2021-10-01T14:20:13+00:00\",\"mainEntityOfPage\":{\"@id\":\"https:\/\/www.ringier.com\/de\/dani-graf-verstaerkt-das-moderationsteam-von-cashtv\/\"},\"wordCount\":81,\"publisher\":{\"@id\":\"https:\/\/www.ringier.com\/de\/#organization\"},\"image\":{\"@id\":\"https:\/\/www.ringier.com\/de\/dani-graf-verstaerkt-das-moderationsteam-von-cashtv\/#primaryimage\"},\"thumbnailUrl\":\"https:\/\/www.ringier.com\/wp-content\/uploads\/2021\/10\/dani_graf.jpg\",\"articleSection\":[\"Unkategorisiert\"],\"inLanguage\":\"de-DE\"},{\"@type\":\"WebPage\",\"@id\":\"https:\/\/www.ringier.com\/de\/dani-graf-verstaerkt-das-moderationsteam-von-cashtv\/\",\"url\":\"https:\/\/www.ringier.com\/de\/dani-graf-verstaerkt-das-moderationsteam-von-cashtv\/\",\"name\":\"Dani Graf verst\u00e4rkt das Moderationsteam von cashTV - Ringier\",\"isPartOf\":{\"@id\":\"https:\/\/www.ringier.com\/de\/#website\"},\"primaryImageOfPage\":{\"@id\":\"https:\/\/www.ringier.com\/de\/dani-graf-verstaerkt-das-moderationsteam-von-cashtv\/#primaryimage\"},\"image\":{\"@id\":\"https:\/\/www.ringier.com\/de\/dani-graf-verstaerkt-das-moderationsteam-von-cashtv\/#primaryimage\"},\"thumbnailUrl\":\"https:\/\/www.ringier.com\/wp-content\/uploads\/2021\/10\/dani_graf.jpg\",\"datePublished\":\"2010-10-29T14:18:00+00:00\",\"dateModified\":\"2021-10-01T14:20:13+00:00\",\"breadcrumb\":{\"@id\":\"https:\/\/www.ringier.com\/de\/dani-graf-verstaerkt-das-moderationsteam-von-cashtv\/#breadcrumb\"},\"inLanguage\":\"de-DE\",\"potentialAction\":[{\"@type\":\"ReadAction\",\"target\":[\"https:\/\/www.ringier.com\/de\/dani-graf-verstaerkt-das-moderationsteam-von-cashtv\/\"]}]},{\"@type\":\"ImageObject\",\"inLanguage\":\"de-DE\",\"@id\":\"https:\/\/www.ringier.com\/de\/dani-graf-verstaerkt-das-moderationsteam-von-cashtv\/#primaryimage\",\"url\":\"https:\/\/www.ringier.com\/wp-content\/uploads\/2021\/10\/dani_graf.jpg\",\"contentUrl\":\"https:\/\/www.ringier.com\/wp-content\/uploads\/2021\/10\/dani_graf.jpg\",\"width\":1080,\"height\":1623},{\"@type\":\"BreadcrumbList\",\"@id\":\"https:\/\/www.ringier.com\/de\/dani-graf-verstaerkt-das-moderationsteam-von-cashtv\/#breadcrumb\",\"itemListElement\":[{\"@type\":\"ListItem\",\"position\":1,\"name\":\"Home\",\"item\":\"https:\/\/www.ringier.com\/de\/\"},{\"@type\":\"ListItem\",\"position\":2,\"name\":\"Dani Graf verst\u00e4rkt das Moderationsteam von cashTV\"}]},{\"@type\":\"WebSite\",\"@id\":\"https:\/\/www.ringier.com\/de\/#website\",\"url\":\"https:\/\/www.ringier.com\/de\/\",\"name\":\"Ringier\",\"description\":\"We inform. We entertain. We connect\",\"publisher\":{\"@id\":\"https:\/\/www.ringier.com\/de\/#organization\"},\"potentialAction\":[{\"@type\":\"SearchAction\",\"target\":{\"@type\":\"EntryPoint\",\"urlTemplate\":\"https:\/\/www.ringier.com\/de\/?s={search_term_string}\"},\"query-input\":{\"@type\":\"PropertyValueSpecification\",\"valueRequired\":true,\"valueName\":\"search_term_string\"}}],\"inLanguage\":\"de-DE\"},{\"@type\":\"Organization\",\"@id\":\"https:\/\/www.ringier.com\/de\/#organization\",\"name\":\"Ringier\",\"url\":\"https:\/\/www.ringier.com\/de\/\",\"logo\":{\"@type\":\"ImageObject\",\"inLanguage\":\"de-DE\",\"@id\":\"https:\/\/www.ringier.com\/de\/#\/schema\/logo\/image\/\",\"url\":\"https:\/\/www.ringier.com\/wp-content\/uploads\/2021\/10\/ringier_logo_2.jpg\",\"contentUrl\":\"https:\/\/www.ringier.com\/wp-content\/uploads\/2021\/10\/ringier_logo_2.jpg\",\"width\":750,\"height\":550,\"caption\":\"Ringier\"},\"image\":{\"@id\":\"https:\/\/www.ringier.com\/de\/#\/schema\/logo\/image\/\"},\"sameAs\":[\"https:\/\/www.facebook.com\/ringierag\/\",\"https:\/\/x.com\/ringier_ag\",\"https:\/\/www.instagram.com\/ringier_ag\/\",\"https:\/\/www.linkedin.com\/company\/ringier\/\",\"https:\/\/www.youtube.com\/user\/RingierComm\",\"https:\/\/en.wikipedia.org\/wiki\/Ringier\",\"https:\/\/de.wikipedia.org\/wiki\/Ringier\",\"https:\/\/fr.wikipedia.org\/wiki\/Ringier\",\"https:\/\/www.crunchbase.com\/organization\/ringier-ag\"]},{\"@type\":\"Person\",\"@id\":\"https:\/\/www.ringier.com\/de\/#\/schema\/person\/4cf76a308dc4b2bb5121bd1e7b752e52\",\"name\":\"Ringier Corporate Communications\",\"image\":{\"@type\":\"ImageObject\",\"inLanguage\":\"de-DE\",\"@id\":\"https:\/\/www.ringier.com\/de\/#\/schema\/person\/image\/\",\"url\":\"https:\/\/secure.gravatar.com\/avatar\/9391e20481368d5df4fe3e1e476c13b27786347489822ec1ed07e532bb41f587?s=96&d=mm&r=g\",\"contentUrl\":\"https:\/\/secure.gravatar.com\/avatar\/9391e20481368d5df4fe3e1e476c13b27786347489822ec1ed07e532bb41f587?s=96&d=mm&r=g\",\"caption\":\"Ringier Corporate Communications\"},\"sameAs\":[\"https:\/\/www.ringier.com\"]}]}<\/script>\n<!-- \/ Yoast SEO Premium plugin. -->","yoast_head_json":{"title":"Dani Graf verst\u00e4rkt das Moderationsteam von cashTV - Ringier","robots":{"index":"index","follow":"follow","max-snippet":"max-snippet:-1","max-image-preview":"max-image-preview:large","max-video-preview":"max-video-preview:-1"},"canonical":"https:\/\/www.ringier.com\/de\/dani-graf-verstaerkt-das-moderationsteam-von-cashtv\/","og_locale":"de_DE","og_type":"article","og_title":"Dani Graf verst\u00e4rkt das Moderationsteam von cashTV","og_description":"Z\u00fcrich","og_url":"https:\/\/www.ringier.com\/de\/dani-graf-verstaerkt-das-moderationsteam-von-cashtv\/","og_site_name":"Ringier","article_publisher":"https:\/\/www.facebook.com\/ringierag\/","article_published_time":"2010-10-29T14:18:00+00:00","article_modified_time":"2021-10-01T14:20:13+00:00","og_image":[{"width":1080,"height":1623,"url":"https:\/\/www.ringier.com\/wp-content\/uploads\/2021\/10\/dani_graf.jpg","type":"image\/jpeg"}],"author":"Ringier Corporate Communications","twitter_card":"summary_large_image","twitter_creator":"@ringier_ag","twitter_site":"@ringier_ag","twitter_misc":{"Verfasst von":"Ringier Corporate Communications","Gesch\u00e4tzte Lesezeit":"1 Minute"},"schema":{"@context":"https:\/\/schema.org","@graph":[{"@type":"Article","@id":"https:\/\/www.ringier.com\/de\/dani-graf-verstaerkt-das-moderationsteam-von-cashtv\/#article","isPartOf":{"@id":"https:\/\/www.ringier.com\/de\/dani-graf-verstaerkt-das-moderationsteam-von-cashtv\/"},"author":{"name":"Ringier Corporate Communications","@id":"https:\/\/www.ringier.com\/de\/#\/schema\/person\/4cf76a308dc4b2bb5121bd1e7b752e52"},"headline":"Dani Graf verst\u00e4rkt das Moderationsteam von cashTV","datePublished":"2010-10-29T14:18:00+00:00","dateModified":"2021-10-01T14:20:13+00:00","mainEntityOfPage":{"@id":"https:\/\/www.ringier.com\/de\/dani-graf-verstaerkt-das-moderationsteam-von-cashtv\/"},"wordCount":81,"publisher":{"@id":"https:\/\/www.ringier.com\/de\/#organization"},"image":{"@id":"https:\/\/www.ringier.com\/de\/dani-graf-verstaerkt-das-moderationsteam-von-cashtv\/#primaryimage"},"thumbnailUrl":"https:\/\/www.ringier.com\/wp-content\/uploads\/2021\/10\/dani_graf.jpg","articleSection":["Unkategorisiert"],"inLanguage":"de-DE"},{"@type":"WebPage","@id":"https:\/\/www.ringier.com\/de\/dani-graf-verstaerkt-das-moderationsteam-von-cashtv\/","url":"https:\/\/www.ringier.com\/de\/dani-graf-verstaerkt-das-moderationsteam-von-cashtv\/","name":"Dani Graf verst\u00e4rkt das Moderationsteam von cashTV - Ringier","isPartOf":{"@id":"https:\/\/www.ringier.com\/de\/#website"},"primaryImageOfPage":{"@id":"https:\/\/www.ringier.com\/de\/dani-graf-verstaerkt-das-moderationsteam-von-cashtv\/#primaryimage"},"image":{"@id":"https:\/\/www.ringier.com\/de\/dani-graf-verstaerkt-das-moderationsteam-von-cashtv\/#primaryimage"},"thumbnailUrl":"https:\/\/www.ringier.com\/wp-content\/uploads\/2021\/10\/dani_graf.jpg","datePublished":"2010-10-29T14:18:00+00:00","dateModified":"2021-10-01T14:20:13+00:00","breadcrumb":{"@id":"https:\/\/www.ringier.com\/de\/dani-graf-verstaerkt-das-moderationsteam-von-cashtv\/#breadcrumb"},"inLanguage":"de-DE","potentialAction":[{"@type":"ReadAction","target":["https:\/\/www.ringier.com\/de\/dani-graf-verstaerkt-das-moderationsteam-von-cashtv\/"]}]},{"@type":"ImageObject","inLanguage":"de-DE","@id":"https:\/\/www.ringier.com\/de\/dani-graf-verstaerkt-das-moderationsteam-von-cashtv\/#primaryimage","url":"https:\/\/www.ringier.com\/wp-content\/uploads\/2021\/10\/dani_graf.jpg","contentUrl":"https:\/\/www.ringier.com\/wp-content\/uploads\/2021\/10\/dani_graf.jpg","width":1080,"height":1623},{"@type":"BreadcrumbList","@id":"https:\/\/www.ringier.com\/de\/dani-graf-verstaerkt-das-moderationsteam-von-cashtv\/#breadcrumb","itemListElement":[{"@type":"ListItem","position":1,"name":"Home","item":"https:\/\/www.ringier.com\/de\/"},{"@type":"ListItem","position":2,"name":"Dani Graf verst\u00e4rkt das Moderationsteam von cashTV"}]},{"@type":"WebSite","@id":"https:\/\/www.ringier.com\/de\/#website","url":"https:\/\/www.ringier.com\/de\/","name":"Ringier","description":"We inform. We entertain. We connect","publisher":{"@id":"https:\/\/www.ringier.com\/de\/#organization"},"potentialAction":[{"@type":"SearchAction","target":{"@type":"EntryPoint","urlTemplate":"https:\/\/www.ringier.com\/de\/?s={search_term_string}"},"query-input":{"@type":"PropertyValueSpecification","valueRequired":true,"valueName":"search_term_string"}}],"inLanguage":"de-DE"},{"@type":"Organization","@id":"https:\/\/www.ringier.com\/de\/#organization","name":"Ringier","url":"https:\/\/www.ringier.com\/de\/","logo":{"@type":"ImageObject","inLanguage":"de-DE","@id":"https:\/\/www.ringier.com\/de\/#\/schema\/logo\/image\/","url":"https:\/\/www.ringier.com\/wp-content\/uploads\/2021\/10\/ringier_logo_2.jpg","contentUrl":"https:\/\/www.ringier.com\/wp-content\/uploads\/2021\/10\/ringier_logo_2.jpg","width":750,"height":550,"caption":"Ringier"},"image":{"@id":"https:\/\/www.ringier.com\/de\/#\/schema\/logo\/image\/"},"sameAs":["https:\/\/www.facebook.com\/ringierag\/","https:\/\/x.com\/ringier_ag","https:\/\/www.instagram.com\/ringier_ag\/","https:\/\/www.linkedin.com\/company\/ringier\/","https:\/\/www.youtube.com\/user\/RingierComm","https:\/\/en.wikipedia.org\/wiki\/Ringier","https:\/\/de.wikipedia.org\/wiki\/Ringier","https:\/\/fr.wikipedia.org\/wiki\/Ringier","https:\/\/www.crunchbase.com\/organization\/ringier-ag"]},{"@type":"Person","@id":"https:\/\/www.ringier.com\/de\/#\/schema\/person\/4cf76a308dc4b2bb5121bd1e7b752e52","name":"Ringier Corporate Communications","image":{"@type":"ImageObject","inLanguage":"de-DE","@id":"https:\/\/www.ringier.com\/de\/#\/schema\/person\/image\/","url":"https:\/\/secure.gravatar.com\/avatar\/9391e20481368d5df4fe3e1e476c13b27786347489822ec1ed07e532bb41f587?s=96&d=mm&r=g","contentUrl":"https:\/\/secure.gravatar.com\/avatar\/9391e20481368d5df4fe3e1e476c13b27786347489822ec1ed07e532bb41f587?s=96&d=mm&r=g","caption":"Ringier Corporate Communications"},"sameAs":["https:\/\/www.ringier.com"]}]}},"_links":{"self":[{"href":"https:\/\/www.ringier.com\/de\/wp-json\/wp\/v2\/posts\/9695","targetHints":{"allow":["GET"]}}],"collection":[{"href":"https:\/\/www.ringier.com\/de\/wp-json\/wp\/v2\/posts"}],"about":[{"href":"https:\/\/www.ringier.com\/de\/wp-json\/wp\/v2\/types\/post"}],"author":[{"embeddable":true,"href":"https:\/\/www.ringier.com\/de\/wp-json\/wp\/v2\/users\/23"}],"replies":[{"embeddable":true,"href":"https:\/\/www.ringier.com\/de\/wp-json\/wp\/v2\/comments?post=9695"}],"version-history":[{"count":0,"href":"https:\/\/www.ringier.com\/de\/wp-json\/wp\/v2\/posts\/9695\/revisions"}],"wp:featuredmedia":[{"embeddable":true,"href":"https:\/\/www.ringier.com\/de\/wp-json\/wp\/v2\/media\/9696"}],"wp:attachment":[{"href":"https:\/\/www.ringier.com\/de\/wp-json\/wp\/v2\/media?parent=9695"}],"wp:term":[{"taxonomy":"category","embeddable":true,"href":"https:\/\/www.ringier.com\/de\/wp-json\/wp\/v2\/categories?post=9695"},{"taxonomy":"post_tag","embeddable":true,"href":"https:\/\/www.ringier.com\/de\/wp-json\/wp\/v2\/tags?post=9695"}],"curies":[{"name":"wp","href":"https:\/\/api.w.org\/{rel}","templated":true}]}}