{"id":9689,"date":"2010-10-21T16:11:00","date_gmt":"2010-10-21T14:11:00","guid":{"rendered":"https:\/\/www.ringier.com\/?p=9689"},"modified":"2021-10-15T14:32:59","modified_gmt":"2021-10-15T12:32:59","slug":"die-gewinner-des-fuenften-ringier-photo-award","status":"publish","type":"post","link":"https:\/\/www.ringier.com\/de\/die-gewinner-des-fuenften-ringier-photo-award\/","title":{"rendered":"Die Gewinner des f\u00fcnften Ringier Photo Award"},"content":{"rendered":"\n<p>Bereits zum f\u00fcnften Mal suchte Ringier das beste Pressefoto des Jahres. 53 Fotografen aus sieben L\u00e4ndern sandten ihre Favoriten aus dem letzten Jahr ein, die von einer Jury aus 14 Experten beurteilt wurden. Das Foto \u00abSpeeding Up\u00bb des 42-j\u00e4hrigen Ungarn Zsolt Reviczky wurde dabei zum besten Bild des Jahres gek\u00fcrt. Reviczky fotografierte dabei f\u00fcr die Ringier-Zeitung N\u00e9pszabads\u00e1g w\u00e4hrend eines symbolischen Wettlaufs in der Innenstadt von Budapest, der aufzeigen sollte, wie wenig Zeit man zum \u00dcberqueren einer Strasse habe. Er erinnert sich: \u00abEs ist schon unglaublich, in welchem Tempo die Bewohner einer Stadt heutzutage \u00fcber Strassen hetzen m\u00fcssen, bevor die n\u00e4chste Autolawine heranbraust. Vor allem \u00e4ltere Menschen haben damit grosse M\u00fche\u00bb.&nbsp;<\/p>\n\n\n\n<p>Thomas Seelig, Kurator des Fotomuseums Winterthur und Vorsitzender der Jury, w\u00fcrdigt das Bild als Beleg eines politischen und historischen Moments: \u00abEine Gruppe von Menschen, mit Startnummern ausger\u00fcstet, \u00fcberquert wild gestikulierend eine breite Einfahrtsstrasse von Budapest und protestiert auf unterhaltsame Weise gegen die absurd kurzen Intervalle, die f\u00fcr das \u00dcberqueren einer gef\u00e4hrlichen Strasse in Budapest durch die Ampelschaltung vorgegeben sind. Zsolt Reviczky findet eine leichtf\u00fcssige und heitere Umsetzung f\u00fcr ein brisantes gesellschaftliches Thema. Wenn die Welt um uns herum auch immer schneller wird, hat &#8211; so der Fotograf &#8211; der Glaube an die Geschwindigkeit seine k\u00f6rperlichen Grenzen.\u00bb&nbsp;<\/p>\n\n\n\n<p>Den zweiten Rang erreichte Robert B\u00f6sch mit dem technisch eindr\u00fccklichen Bergsteigerbild \u00abMartin Mras, Corvatsch\u00bb. Das Bild ist im Engadin bei perfekten Schneeverh\u00e4ltnissen entstanden und wurde zusammen mit anderen in einer Reportage des SonntagsBlick Magazins abgedruckt. \u00abF\u00fcr mich ist das eine grosse Freude und Ehre! Ich arbeite seit vielen Jahren f\u00fcr Ringier Magazine und weiss, dass Bilder in Zeitschriften einen sehr hohen Stellenwert haben\u00bb, erkl\u00e4rt B\u00f6sch. Das Bild \u00abAfghan military drill\u00bb des tschechischen Fotografen Stanislav Krupa? wurde auf den dritten Platz gew\u00e4hlt. Es zeigt tschechische und amerikanische Soldaten auf der alliierten Milit\u00e4rbasis in der afghanischen Provinz Logar. Die Reportage \u00fcber dieses Camp erschien im Oktober 2009 im tschechischen Ringier-Magazin Reflex.&nbsp;&nbsp;<\/p>\n\n\n\n<p>Der Ringier Photo Award wird seit 2006 vergeben, um herausragende Bilder zu w\u00fcrdigen, die in einer der Ringier Publikationen erschienen sind. \u00abDer Ringier Photo Award zeichnet nicht nur die Fotografen aus, er gilt stellvertretend vielmehr allen, die das (journalistische) Einzelbild im Print oder im Internet pflegen und als Teil unserer visuellen Kommunikation f\u00f6rdern und verstehen, seien es Redakteure, Art Directors oder seien es die Leserinnen und Leser, die spannende und gut aufbereitete Informationen zu sch\u00e4tzen wissen\u00bb, sagt Thomas Seelig zum Ringier Photo Award. Die unabh\u00e4ngige Jury unter seinem Vorsitz wurde zusammengesetzt aus Experten aus acht L\u00e4ndern, darunter Chefredaktoren, Art Directors und Fotoredaktoren.&nbsp;<\/p>\n\n\n\n<p>Ringier Corporate Communications<\/p>\n","protected":false},"excerpt":{"rendered":"<p>Z\u00fcrich: Mit dem Foto \u00abSpeeding Up\u00bb gewinnt der ungarische Fotograf Zsolt Reviczky den Ringier Photo Award 2010. Die Ehrenpl\u00e4tze belegen \u00abMartin Mras, Corvatsch\u00bb vom Schweizer Robert B\u00f6sch und \u00abAfghan Military Drill\u00bb des Tschechen Stanislav Krupa?. Mit dem Photo Award w\u00fcrdigt Ringier seit 2006 jedes Jahr die besten Bilder, die im Jahr 2009 in einer der Ringier Publikationen erschienen sind.<\/p>\n","protected":false},"author":23,"featured_media":6232,"comment_status":"closed","ping_status":"open","sticky":false,"template":"","format":"standard","meta":{"inline_featured_image":false,"footnotes":""},"categories":[],"tags":[],"class_list":["post-9689","post","type-post","status-publish","format-standard","has-post-thumbnail","hentry"],"yoast_head":"<!-- This site is optimized with the Yoast SEO Premium plugin v27.0 (Yoast SEO v27.0) - https:\/\/yoast.com\/product\/yoast-seo-premium-wordpress\/ -->\n<title>Die Gewinner des f\u00fcnften Ringier Photo Award - Ringier<\/title>\n<meta name=\"robots\" content=\"index, follow, max-snippet:-1, max-image-preview:large, max-video-preview:-1\" \/>\n<link rel=\"canonical\" href=\"https:\/\/www.ringier.com\/de\/die-gewinner-des-fuenften-ringier-photo-award\/\" \/>\n<meta property=\"og:locale\" content=\"de_DE\" \/>\n<meta property=\"og:type\" content=\"article\" \/>\n<meta property=\"og:title\" content=\"Die Gewinner des f\u00fcnften Ringier Photo Award\" \/>\n<meta property=\"og:description\" content=\"Z\u00fcrich: Mit dem Foto \u00abSpeeding Up\u00bb gewinnt der ungarische Fotograf Zsolt Reviczky den Ringier Photo Award 2010. Die Ehrenpl\u00e4tze belegen \u00abMartin Mras, Corvatsch\u00bb vom Schweizer Robert B\u00f6sch und \u00abAfghan Military Drill\u00bb des Tschechen Stanislav Krupa?. Mit dem Photo Award w\u00fcrdigt Ringier seit 2006 jedes Jahr die besten Bilder, die im Jahr 2009 in einer der Ringier Publikationen erschienen sind.\" \/>\n<meta property=\"og:url\" content=\"https:\/\/www.ringier.com\/de\/die-gewinner-des-fuenften-ringier-photo-award\/\" \/>\n<meta property=\"og:site_name\" content=\"Ringier\" \/>\n<meta property=\"article:publisher\" content=\"https:\/\/www.facebook.com\/ringierag\/\" \/>\n<meta property=\"article:published_time\" content=\"2010-10-21T14:11:00+00:00\" \/>\n<meta property=\"article:modified_time\" content=\"2021-10-15T12:32:59+00:00\" \/>\n<meta property=\"og:image\" content=\"https:\/\/www.ringier.com\/wp-content\/uploads\/2021\/09\/Press-Release-Default-1024x538.png\" \/>\n\t<meta property=\"og:image:width\" content=\"1024\" \/>\n\t<meta property=\"og:image:height\" content=\"538\" \/>\n\t<meta property=\"og:image:type\" content=\"image\/png\" \/>\n<meta name=\"author\" content=\"Ringier Corporate Communications\" \/>\n<meta name=\"twitter:card\" content=\"summary_large_image\" \/>\n<meta name=\"twitter:creator\" content=\"@ringier_ag\" \/>\n<meta name=\"twitter:site\" content=\"@ringier_ag\" \/>\n<meta name=\"twitter:label1\" content=\"Verfasst von\" \/>\n\t<meta name=\"twitter:data1\" content=\"Ringier Corporate Communications\" \/>\n\t<meta name=\"twitter:label2\" content=\"Gesch\u00e4tzte Lesezeit\" \/>\n\t<meta name=\"twitter:data2\" content=\"2 Minuten\" \/>\n<script type=\"application\/ld+json\" class=\"yoast-schema-graph\">{\"@context\":\"https:\/\/schema.org\",\"@graph\":[{\"@type\":\"Article\",\"@id\":\"https:\/\/www.ringier.com\/de\/die-gewinner-des-fuenften-ringier-photo-award\/#article\",\"isPartOf\":{\"@id\":\"https:\/\/www.ringier.com\/de\/die-gewinner-des-fuenften-ringier-photo-award\/\"},\"author\":{\"name\":\"Ringier Corporate Communications\",\"@id\":\"https:\/\/www.ringier.com\/de\/#\/schema\/person\/4cf76a308dc4b2bb5121bd1e7b752e52\"},\"headline\":\"Die Gewinner des f\u00fcnften Ringier Photo Award\",\"datePublished\":\"2010-10-21T14:11:00+00:00\",\"dateModified\":\"2021-10-15T12:32:59+00:00\",\"mainEntityOfPage\":{\"@id\":\"https:\/\/www.ringier.com\/de\/die-gewinner-des-fuenften-ringier-photo-award\/\"},\"wordCount\":461,\"publisher\":{\"@id\":\"https:\/\/www.ringier.com\/de\/#organization\"},\"image\":{\"@id\":\"https:\/\/www.ringier.com\/de\/die-gewinner-des-fuenften-ringier-photo-award\/#primaryimage\"},\"thumbnailUrl\":\"https:\/\/www.ringier.com\/wp-content\/uploads\/2021\/09\/Press-Release-Default.png\",\"inLanguage\":\"de-DE\"},{\"@type\":\"WebPage\",\"@id\":\"https:\/\/www.ringier.com\/de\/die-gewinner-des-fuenften-ringier-photo-award\/\",\"url\":\"https:\/\/www.ringier.com\/de\/die-gewinner-des-fuenften-ringier-photo-award\/\",\"name\":\"Die Gewinner des f\u00fcnften Ringier Photo Award - Ringier\",\"isPartOf\":{\"@id\":\"https:\/\/www.ringier.com\/de\/#website\"},\"primaryImageOfPage\":{\"@id\":\"https:\/\/www.ringier.com\/de\/die-gewinner-des-fuenften-ringier-photo-award\/#primaryimage\"},\"image\":{\"@id\":\"https:\/\/www.ringier.com\/de\/die-gewinner-des-fuenften-ringier-photo-award\/#primaryimage\"},\"thumbnailUrl\":\"https:\/\/www.ringier.com\/wp-content\/uploads\/2021\/09\/Press-Release-Default.png\",\"datePublished\":\"2010-10-21T14:11:00+00:00\",\"dateModified\":\"2021-10-15T12:32:59+00:00\",\"breadcrumb\":{\"@id\":\"https:\/\/www.ringier.com\/de\/die-gewinner-des-fuenften-ringier-photo-award\/#breadcrumb\"},\"inLanguage\":\"de-DE\",\"potentialAction\":[{\"@type\":\"ReadAction\",\"target\":[\"https:\/\/www.ringier.com\/de\/die-gewinner-des-fuenften-ringier-photo-award\/\"]}]},{\"@type\":\"ImageObject\",\"inLanguage\":\"de-DE\",\"@id\":\"https:\/\/www.ringier.com\/de\/die-gewinner-des-fuenften-ringier-photo-award\/#primaryimage\",\"url\":\"https:\/\/www.ringier.com\/wp-content\/uploads\/2021\/09\/Press-Release-Default.png\",\"contentUrl\":\"https:\/\/www.ringier.com\/wp-content\/uploads\/2021\/09\/Press-Release-Default.png\",\"width\":8001,\"height\":4201},{\"@type\":\"BreadcrumbList\",\"@id\":\"https:\/\/www.ringier.com\/de\/die-gewinner-des-fuenften-ringier-photo-award\/#breadcrumb\",\"itemListElement\":[{\"@type\":\"ListItem\",\"position\":1,\"name\":\"Home\",\"item\":\"https:\/\/www.ringier.com\/de\/\"},{\"@type\":\"ListItem\",\"position\":2,\"name\":\"Die Gewinner des f\u00fcnften Ringier Photo Award\"}]},{\"@type\":\"WebSite\",\"@id\":\"https:\/\/www.ringier.com\/de\/#website\",\"url\":\"https:\/\/www.ringier.com\/de\/\",\"name\":\"Ringier\",\"description\":\"We inform. We entertain. We connect\",\"publisher\":{\"@id\":\"https:\/\/www.ringier.com\/de\/#organization\"},\"potentialAction\":[{\"@type\":\"SearchAction\",\"target\":{\"@type\":\"EntryPoint\",\"urlTemplate\":\"https:\/\/www.ringier.com\/de\/?s={search_term_string}\"},\"query-input\":{\"@type\":\"PropertyValueSpecification\",\"valueRequired\":true,\"valueName\":\"search_term_string\"}}],\"inLanguage\":\"de-DE\"},{\"@type\":\"Organization\",\"@id\":\"https:\/\/www.ringier.com\/de\/#organization\",\"name\":\"Ringier\",\"url\":\"https:\/\/www.ringier.com\/de\/\",\"logo\":{\"@type\":\"ImageObject\",\"inLanguage\":\"de-DE\",\"@id\":\"https:\/\/www.ringier.com\/de\/#\/schema\/logo\/image\/\",\"url\":\"https:\/\/www.ringier.com\/wp-content\/uploads\/2021\/10\/ringier_logo_2.jpg\",\"contentUrl\":\"https:\/\/www.ringier.com\/wp-content\/uploads\/2021\/10\/ringier_logo_2.jpg\",\"width\":750,\"height\":550,\"caption\":\"Ringier\"},\"image\":{\"@id\":\"https:\/\/www.ringier.com\/de\/#\/schema\/logo\/image\/\"},\"sameAs\":[\"https:\/\/www.facebook.com\/ringierag\/\",\"https:\/\/x.com\/ringier_ag\",\"https:\/\/www.instagram.com\/ringier_ag\/\",\"https:\/\/www.linkedin.com\/company\/ringier\/\",\"https:\/\/www.youtube.com\/user\/RingierComm\",\"https:\/\/en.wikipedia.org\/wiki\/Ringier\",\"https:\/\/de.wikipedia.org\/wiki\/Ringier\",\"https:\/\/fr.wikipedia.org\/wiki\/Ringier\",\"https:\/\/www.crunchbase.com\/organization\/ringier-ag\"]},{\"@type\":\"Person\",\"@id\":\"https:\/\/www.ringier.com\/de\/#\/schema\/person\/4cf76a308dc4b2bb5121bd1e7b752e52\",\"name\":\"Ringier Corporate Communications\",\"image\":{\"@type\":\"ImageObject\",\"inLanguage\":\"de-DE\",\"@id\":\"https:\/\/www.ringier.com\/de\/#\/schema\/person\/image\/\",\"url\":\"https:\/\/secure.gravatar.com\/avatar\/9391e20481368d5df4fe3e1e476c13b27786347489822ec1ed07e532bb41f587?s=96&d=mm&r=g\",\"contentUrl\":\"https:\/\/secure.gravatar.com\/avatar\/9391e20481368d5df4fe3e1e476c13b27786347489822ec1ed07e532bb41f587?s=96&d=mm&r=g\",\"caption\":\"Ringier Corporate Communications\"},\"sameAs\":[\"https:\/\/www.ringier.com\"]}]}<\/script>\n<!-- \/ Yoast SEO Premium plugin. -->","yoast_head_json":{"title":"Die Gewinner des f\u00fcnften Ringier Photo Award - Ringier","robots":{"index":"index","follow":"follow","max-snippet":"max-snippet:-1","max-image-preview":"max-image-preview:large","max-video-preview":"max-video-preview:-1"},"canonical":"https:\/\/www.ringier.com\/de\/die-gewinner-des-fuenften-ringier-photo-award\/","og_locale":"de_DE","og_type":"article","og_title":"Die Gewinner des f\u00fcnften Ringier Photo Award","og_description":"Z\u00fcrich: Mit dem Foto \u00abSpeeding Up\u00bb gewinnt der ungarische Fotograf Zsolt Reviczky den Ringier Photo Award 2010. Die Ehrenpl\u00e4tze belegen \u00abMartin Mras, Corvatsch\u00bb vom Schweizer Robert B\u00f6sch und \u00abAfghan Military Drill\u00bb des Tschechen Stanislav Krupa?. Mit dem Photo Award w\u00fcrdigt Ringier seit 2006 jedes Jahr die besten Bilder, die im Jahr 2009 in einer der Ringier Publikationen erschienen sind.","og_url":"https:\/\/www.ringier.com\/de\/die-gewinner-des-fuenften-ringier-photo-award\/","og_site_name":"Ringier","article_publisher":"https:\/\/www.facebook.com\/ringierag\/","article_published_time":"2010-10-21T14:11:00+00:00","article_modified_time":"2021-10-15T12:32:59+00:00","og_image":[{"width":1024,"height":538,"url":"https:\/\/www.ringier.com\/wp-content\/uploads\/2021\/09\/Press-Release-Default-1024x538.png","type":"image\/png"}],"author":"Ringier Corporate Communications","twitter_card":"summary_large_image","twitter_creator":"@ringier_ag","twitter_site":"@ringier_ag","twitter_misc":{"Verfasst von":"Ringier Corporate Communications","Gesch\u00e4tzte Lesezeit":"2 Minuten"},"schema":{"@context":"https:\/\/schema.org","@graph":[{"@type":"Article","@id":"https:\/\/www.ringier.com\/de\/die-gewinner-des-fuenften-ringier-photo-award\/#article","isPartOf":{"@id":"https:\/\/www.ringier.com\/de\/die-gewinner-des-fuenften-ringier-photo-award\/"},"author":{"name":"Ringier Corporate Communications","@id":"https:\/\/www.ringier.com\/de\/#\/schema\/person\/4cf76a308dc4b2bb5121bd1e7b752e52"},"headline":"Die Gewinner des f\u00fcnften Ringier Photo Award","datePublished":"2010-10-21T14:11:00+00:00","dateModified":"2021-10-15T12:32:59+00:00","mainEntityOfPage":{"@id":"https:\/\/www.ringier.com\/de\/die-gewinner-des-fuenften-ringier-photo-award\/"},"wordCount":461,"publisher":{"@id":"https:\/\/www.ringier.com\/de\/#organization"},"image":{"@id":"https:\/\/www.ringier.com\/de\/die-gewinner-des-fuenften-ringier-photo-award\/#primaryimage"},"thumbnailUrl":"https:\/\/www.ringier.com\/wp-content\/uploads\/2021\/09\/Press-Release-Default.png","inLanguage":"de-DE"},{"@type":"WebPage","@id":"https:\/\/www.ringier.com\/de\/die-gewinner-des-fuenften-ringier-photo-award\/","url":"https:\/\/www.ringier.com\/de\/die-gewinner-des-fuenften-ringier-photo-award\/","name":"Die Gewinner des f\u00fcnften Ringier Photo Award - Ringier","isPartOf":{"@id":"https:\/\/www.ringier.com\/de\/#website"},"primaryImageOfPage":{"@id":"https:\/\/www.ringier.com\/de\/die-gewinner-des-fuenften-ringier-photo-award\/#primaryimage"},"image":{"@id":"https:\/\/www.ringier.com\/de\/die-gewinner-des-fuenften-ringier-photo-award\/#primaryimage"},"thumbnailUrl":"https:\/\/www.ringier.com\/wp-content\/uploads\/2021\/09\/Press-Release-Default.png","datePublished":"2010-10-21T14:11:00+00:00","dateModified":"2021-10-15T12:32:59+00:00","breadcrumb":{"@id":"https:\/\/www.ringier.com\/de\/die-gewinner-des-fuenften-ringier-photo-award\/#breadcrumb"},"inLanguage":"de-DE","potentialAction":[{"@type":"ReadAction","target":["https:\/\/www.ringier.com\/de\/die-gewinner-des-fuenften-ringier-photo-award\/"]}]},{"@type":"ImageObject","inLanguage":"de-DE","@id":"https:\/\/www.ringier.com\/de\/die-gewinner-des-fuenften-ringier-photo-award\/#primaryimage","url":"https:\/\/www.ringier.com\/wp-content\/uploads\/2021\/09\/Press-Release-Default.png","contentUrl":"https:\/\/www.ringier.com\/wp-content\/uploads\/2021\/09\/Press-Release-Default.png","width":8001,"height":4201},{"@type":"BreadcrumbList","@id":"https:\/\/www.ringier.com\/de\/die-gewinner-des-fuenften-ringier-photo-award\/#breadcrumb","itemListElement":[{"@type":"ListItem","position":1,"name":"Home","item":"https:\/\/www.ringier.com\/de\/"},{"@type":"ListItem","position":2,"name":"Die Gewinner des f\u00fcnften Ringier Photo Award"}]},{"@type":"WebSite","@id":"https:\/\/www.ringier.com\/de\/#website","url":"https:\/\/www.ringier.com\/de\/","name":"Ringier","description":"We inform. We entertain. We connect","publisher":{"@id":"https:\/\/www.ringier.com\/de\/#organization"},"potentialAction":[{"@type":"SearchAction","target":{"@type":"EntryPoint","urlTemplate":"https:\/\/www.ringier.com\/de\/?s={search_term_string}"},"query-input":{"@type":"PropertyValueSpecification","valueRequired":true,"valueName":"search_term_string"}}],"inLanguage":"de-DE"},{"@type":"Organization","@id":"https:\/\/www.ringier.com\/de\/#organization","name":"Ringier","url":"https:\/\/www.ringier.com\/de\/","logo":{"@type":"ImageObject","inLanguage":"de-DE","@id":"https:\/\/www.ringier.com\/de\/#\/schema\/logo\/image\/","url":"https:\/\/www.ringier.com\/wp-content\/uploads\/2021\/10\/ringier_logo_2.jpg","contentUrl":"https:\/\/www.ringier.com\/wp-content\/uploads\/2021\/10\/ringier_logo_2.jpg","width":750,"height":550,"caption":"Ringier"},"image":{"@id":"https:\/\/www.ringier.com\/de\/#\/schema\/logo\/image\/"},"sameAs":["https:\/\/www.facebook.com\/ringierag\/","https:\/\/x.com\/ringier_ag","https:\/\/www.instagram.com\/ringier_ag\/","https:\/\/www.linkedin.com\/company\/ringier\/","https:\/\/www.youtube.com\/user\/RingierComm","https:\/\/en.wikipedia.org\/wiki\/Ringier","https:\/\/de.wikipedia.org\/wiki\/Ringier","https:\/\/fr.wikipedia.org\/wiki\/Ringier","https:\/\/www.crunchbase.com\/organization\/ringier-ag"]},{"@type":"Person","@id":"https:\/\/www.ringier.com\/de\/#\/schema\/person\/4cf76a308dc4b2bb5121bd1e7b752e52","name":"Ringier Corporate Communications","image":{"@type":"ImageObject","inLanguage":"de-DE","@id":"https:\/\/www.ringier.com\/de\/#\/schema\/person\/image\/","url":"https:\/\/secure.gravatar.com\/avatar\/9391e20481368d5df4fe3e1e476c13b27786347489822ec1ed07e532bb41f587?s=96&d=mm&r=g","contentUrl":"https:\/\/secure.gravatar.com\/avatar\/9391e20481368d5df4fe3e1e476c13b27786347489822ec1ed07e532bb41f587?s=96&d=mm&r=g","caption":"Ringier Corporate Communications"},"sameAs":["https:\/\/www.ringier.com"]}]}},"_links":{"self":[{"href":"https:\/\/www.ringier.com\/de\/wp-json\/wp\/v2\/posts\/9689","targetHints":{"allow":["GET"]}}],"collection":[{"href":"https:\/\/www.ringier.com\/de\/wp-json\/wp\/v2\/posts"}],"about":[{"href":"https:\/\/www.ringier.com\/de\/wp-json\/wp\/v2\/types\/post"}],"author":[{"embeddable":true,"href":"https:\/\/www.ringier.com\/de\/wp-json\/wp\/v2\/users\/23"}],"replies":[{"embeddable":true,"href":"https:\/\/www.ringier.com\/de\/wp-json\/wp\/v2\/comments?post=9689"}],"version-history":[{"count":0,"href":"https:\/\/www.ringier.com\/de\/wp-json\/wp\/v2\/posts\/9689\/revisions"}],"wp:featuredmedia":[{"embeddable":true,"href":"https:\/\/www.ringier.com\/de\/wp-json\/wp\/v2\/media\/6232"}],"wp:attachment":[{"href":"https:\/\/www.ringier.com\/de\/wp-json\/wp\/v2\/media?parent=9689"}],"wp:term":[{"taxonomy":"category","embeddable":true,"href":"https:\/\/www.ringier.com\/de\/wp-json\/wp\/v2\/categories?post=9689"},{"taxonomy":"post_tag","embeddable":true,"href":"https:\/\/www.ringier.com\/de\/wp-json\/wp\/v2\/tags?post=9689"}],"curies":[{"name":"wp","href":"https:\/\/api.w.org\/{rel}","templated":true}]}}