{"id":9634,"date":"2012-04-26T14:27:00","date_gmt":"2012-04-26T12:27:00","guid":{"rendered":"https:\/\/www.ringier.com\/?p=9634"},"modified":"2024-11-29T16:13:37","modified_gmt":"2024-11-29T15:13:37","slug":"ndr-fernsehen-und-srf-uebertragen-die-rose-dor-awards-night","status":"publish","type":"post","link":"https:\/\/www.ringier.com\/de\/ndr-fernsehen-und-srf-uebertragen-die-rose-dor-awards-night\/","title":{"rendered":"NDR Fernsehen und SRF \u00fcbertragen die Rose d\u2019Or Awards Night"},"content":{"rendered":"\n<p>Der NDR ist das f\u00fchrende elektronische Medienunternehmen in Norddeutschland und betreibt das NDR Fernsehen gemeinsam mit Radio Bremen. Im Vergleich aller dritten Programme in Deutschland lag das NDR Fernsehen im vergangenen Jahr mit einem Marktanteil von 2,5 Prozent bundesweit auf Platz 1, zusammen mit dem WDR. Als Mitglied der ARD tr\u00e4gt der NDR auch zum ARD-Gemeinschaftsprogramm Das Erste bei. \u00abWir sch\u00e4tzen uns \u00fcberaus gl\u00fccklich, f\u00fcr die Erstausstrahlung der Rose d\u2019Or Awards Night einen so wichtigen Sender aus dem deutschen TV-Markt gefunden zu haben. Barbara Sch\u00f6neberger ist f\u00fcr die Zuschauer des NDR selbstverst\u00e4ndlich keine Unbekannte. Wie bei der \u00abNDR Talk Show\u00bb wird es auch bei der Rose d\u2019Or TV-Show viel Talk, spannende G\u00e4ste und Musik geben\u00bb, freut sich Stefan Kastenm\u00fcller, Leiter Ringier Entertainment. Die Sendung wird am 12. Mai um 23 Uhr ausgestrahlt.<br><br>Das Schweizer Fernsehen (SRF) wird neben der einst\u00fcndigen TV-Show zur Awards Night, die am&nbsp; 12. Mai ausgestrahlt wird, im KKL Luzern zus\u00e4tzlich eine Spezialsendung von \u00abAeschbacher\u00bb produzieren. Diese Sendung wird noch am gleichen Tag um 22.20 Uhr auf SF1 ausgestrahlt.<br><br><br><strong>Medienkontakt:<\/strong><br>Claudia Sp\u00f6rri<br>Manager Communications<br>Tel.: +41 41 242 09 08<br>claudia.spoerri@rosedor.ch<br><br><br><strong><em>Rose d\u2019Or \u2013 Festival und Fernsehpreis<\/em><\/strong><br><em>Das Rose d\u2019Or Festival in Luzern ist eines der weltweit bedeutendsten Festivals der Fernsehunterhaltung. Es wurde 1961 in Montreux gegr\u00fcndet. Heute nehmen Fernsehschaffende, Produzenten, Verantwortliche von privaten und \u00f6ffentlich-rechtlichen Fernsehstationen und Leiter von Produktionsfirmen aus \u00fcber 40 L\u00e4ndern daran teil. Seit seiner Gr\u00fcndung ist das Festival der Fernsehunterhaltungs-Industrie eine wichtige Netzwerk-Plattform und ein Marktplatz der Ideen. Den H\u00f6hepunkt des Rose d\u2019Or Festivals bildet die glanzvolle Awards Night, bei der die Goldenen Rosen f\u00fcr die besten Fernsehunterhaltungs-Programme und -Formate verliehen<\/em>&nbsp;<em>werden. Mit den begehrten Awards zeichnet das Rose d\u2019Or Festival Originalit\u00e4t, Qualit\u00e4t und Kreativit\u00e4t aus und setzt Standards in der Fernsehunterhaltung.<\/em><br><br>&nbsp;<\/p>\n\n\n\n<figure class=\"wp-block-image\"><img decoding=\"async\" src=\"https:\/\/www.ringier.ch\/sites\/default\/files\/styles\/full-page\/public\/images\/rdo_3c_n_centered.jpg?itok=mPHOQapU\" alt=\"Rose d'Or\" title=\"Rose d'Or\"\/><\/figure>\n","protected":false},"excerpt":{"rendered":"<p>Am 10. Mai findet im KKL Luzern im Rahmen des Rose d\u2019Or Festivals die Awards Night statt. Die deutsche Moderatorin Barbara Sch\u00f6neberger f\u00fchrt durch die glamour\u00f6se Abend-Gala mit vielen internationalen Stars. Das Schweizer Fernsehen (SRF) und das NDR Fernsehen werden jeweils am Abend des 12. Mai eine einst\u00fcndige TV-Show zur Awards Night ausstrahlen.<\/p>\n","protected":false},"author":23,"featured_media":9635,"comment_status":"closed","ping_status":"open","sticky":false,"template":"","format":"standard","meta":{"inline_featured_image":false,"footnotes":""},"categories":[371,361],"tags":[],"class_list":["post-9634","post","type-post","status-publish","format-standard","has-post-thumbnail","hentry","category-media-de","category-ringier-medien-schweiz"],"yoast_head":"<!-- This site is optimized with the Yoast SEO Premium plugin v27.0 (Yoast SEO v27.0) - https:\/\/yoast.com\/product\/yoast-seo-premium-wordpress\/ -->\n<title>NDR Fernsehen und SRF \u00fcbertragen die Rose d\u2019Or Awards Night - Ringier<\/title>\n<meta name=\"robots\" content=\"index, follow, max-snippet:-1, max-image-preview:large, max-video-preview:-1\" \/>\n<link rel=\"canonical\" href=\"https:\/\/www.ringier.com\/de\/ndr-fernsehen-und-srf-uebertragen-die-rose-dor-awards-night\/\" \/>\n<meta property=\"og:locale\" content=\"de_DE\" \/>\n<meta property=\"og:type\" content=\"article\" \/>\n<meta property=\"og:title\" content=\"NDR Fernsehen und SRF \u00fcbertragen die Rose d\u2019Or Awards Night\" \/>\n<meta property=\"og:description\" content=\"Am 10. Mai findet im KKL Luzern im Rahmen des Rose d\u2019Or Festivals die Awards Night statt. Die deutsche Moderatorin Barbara Sch\u00f6neberger f\u00fchrt durch die glamour\u00f6se Abend-Gala mit vielen internationalen Stars. Das Schweizer Fernsehen (SRF) und das NDR Fernsehen werden jeweils am Abend des 12. Mai eine einst\u00fcndige TV-Show zur Awards Night ausstrahlen.\" \/>\n<meta property=\"og:url\" content=\"https:\/\/www.ringier.com\/de\/ndr-fernsehen-und-srf-uebertragen-die-rose-dor-awards-night\/\" \/>\n<meta property=\"og:site_name\" content=\"Ringier\" \/>\n<meta property=\"article:publisher\" content=\"https:\/\/www.facebook.com\/ringierag\/\" \/>\n<meta property=\"article:published_time\" content=\"2012-04-26T12:27:00+00:00\" \/>\n<meta property=\"article:modified_time\" content=\"2024-11-29T15:13:37+00:00\" \/>\n<meta property=\"og:image\" content=\"https:\/\/www.ringier.com\/wp-content\/uploads\/2021\/10\/rdo_3c_n_centered.jpg\" \/>\n\t<meta property=\"og:image:width\" content=\"1080\" \/>\n\t<meta property=\"og:image:height\" content=\"327\" \/>\n\t<meta property=\"og:image:type\" content=\"image\/jpeg\" \/>\n<meta name=\"author\" content=\"Ringier Corporate Communications\" \/>\n<meta name=\"twitter:card\" content=\"summary_large_image\" \/>\n<meta name=\"twitter:creator\" content=\"@ringier_ag\" \/>\n<meta name=\"twitter:site\" content=\"@ringier_ag\" \/>\n<meta name=\"twitter:label1\" content=\"Verfasst von\" \/>\n\t<meta name=\"twitter:data1\" content=\"Ringier Corporate Communications\" \/>\n\t<meta name=\"twitter:label2\" content=\"Gesch\u00e4tzte Lesezeit\" \/>\n\t<meta name=\"twitter:data2\" content=\"3 Minuten\" \/>\n<script type=\"application\/ld+json\" class=\"yoast-schema-graph\">{\"@context\":\"https:\/\/schema.org\",\"@graph\":[{\"@type\":\"Article\",\"@id\":\"https:\/\/www.ringier.com\/de\/ndr-fernsehen-und-srf-uebertragen-die-rose-dor-awards-night\/#article\",\"isPartOf\":{\"@id\":\"https:\/\/www.ringier.com\/de\/ndr-fernsehen-und-srf-uebertragen-die-rose-dor-awards-night\/\"},\"author\":{\"name\":\"Ringier Corporate Communications\",\"@id\":\"https:\/\/www.ringier.com\/de\/#\/schema\/person\/4cf76a308dc4b2bb5121bd1e7b752e52\"},\"headline\":\"NDR Fernsehen und SRF \u00fcbertragen die Rose d\u2019Or Awards Night\",\"datePublished\":\"2012-04-26T12:27:00+00:00\",\"dateModified\":\"2024-11-29T15:13:37+00:00\",\"mainEntityOfPage\":{\"@id\":\"https:\/\/www.ringier.com\/de\/ndr-fernsehen-und-srf-uebertragen-die-rose-dor-awards-night\/\"},\"wordCount\":318,\"publisher\":{\"@id\":\"https:\/\/www.ringier.com\/de\/#organization\"},\"image\":{\"@id\":\"https:\/\/www.ringier.com\/de\/ndr-fernsehen-und-srf-uebertragen-die-rose-dor-awards-night\/#primaryimage\"},\"thumbnailUrl\":\"https:\/\/www.ringier.com\/wp-content\/uploads\/2021\/10\/rdo_3c_n_centered.jpg\",\"articleSection\":[\"Media\",\"Ringier Medien Schweiz\"],\"inLanguage\":\"de-DE\"},{\"@type\":\"WebPage\",\"@id\":\"https:\/\/www.ringier.com\/de\/ndr-fernsehen-und-srf-uebertragen-die-rose-dor-awards-night\/\",\"url\":\"https:\/\/www.ringier.com\/de\/ndr-fernsehen-und-srf-uebertragen-die-rose-dor-awards-night\/\",\"name\":\"NDR Fernsehen und SRF \u00fcbertragen die Rose d\u2019Or Awards Night - Ringier\",\"isPartOf\":{\"@id\":\"https:\/\/www.ringier.com\/de\/#website\"},\"primaryImageOfPage\":{\"@id\":\"https:\/\/www.ringier.com\/de\/ndr-fernsehen-und-srf-uebertragen-die-rose-dor-awards-night\/#primaryimage\"},\"image\":{\"@id\":\"https:\/\/www.ringier.com\/de\/ndr-fernsehen-und-srf-uebertragen-die-rose-dor-awards-night\/#primaryimage\"},\"thumbnailUrl\":\"https:\/\/www.ringier.com\/wp-content\/uploads\/2021\/10\/rdo_3c_n_centered.jpg\",\"datePublished\":\"2012-04-26T12:27:00+00:00\",\"dateModified\":\"2024-11-29T15:13:37+00:00\",\"breadcrumb\":{\"@id\":\"https:\/\/www.ringier.com\/de\/ndr-fernsehen-und-srf-uebertragen-die-rose-dor-awards-night\/#breadcrumb\"},\"inLanguage\":\"de-DE\",\"potentialAction\":[{\"@type\":\"ReadAction\",\"target\":[\"https:\/\/www.ringier.com\/de\/ndr-fernsehen-und-srf-uebertragen-die-rose-dor-awards-night\/\"]}]},{\"@type\":\"ImageObject\",\"inLanguage\":\"de-DE\",\"@id\":\"https:\/\/www.ringier.com\/de\/ndr-fernsehen-und-srf-uebertragen-die-rose-dor-awards-night\/#primaryimage\",\"url\":\"https:\/\/www.ringier.com\/wp-content\/uploads\/2021\/10\/rdo_3c_n_centered.jpg\",\"contentUrl\":\"https:\/\/www.ringier.com\/wp-content\/uploads\/2021\/10\/rdo_3c_n_centered.jpg\",\"width\":1080,\"height\":327},{\"@type\":\"BreadcrumbList\",\"@id\":\"https:\/\/www.ringier.com\/de\/ndr-fernsehen-und-srf-uebertragen-die-rose-dor-awards-night\/#breadcrumb\",\"itemListElement\":[{\"@type\":\"ListItem\",\"position\":1,\"name\":\"Home\",\"item\":\"https:\/\/www.ringier.com\/de\/\"},{\"@type\":\"ListItem\",\"position\":2,\"name\":\"NDR Fernsehen und SRF \u00fcbertragen die Rose d\u2019Or Awards Night\"}]},{\"@type\":\"WebSite\",\"@id\":\"https:\/\/www.ringier.com\/de\/#website\",\"url\":\"https:\/\/www.ringier.com\/de\/\",\"name\":\"Ringier\",\"description\":\"We inform. We entertain. We connect\",\"publisher\":{\"@id\":\"https:\/\/www.ringier.com\/de\/#organization\"},\"potentialAction\":[{\"@type\":\"SearchAction\",\"target\":{\"@type\":\"EntryPoint\",\"urlTemplate\":\"https:\/\/www.ringier.com\/de\/?s={search_term_string}\"},\"query-input\":{\"@type\":\"PropertyValueSpecification\",\"valueRequired\":true,\"valueName\":\"search_term_string\"}}],\"inLanguage\":\"de-DE\"},{\"@type\":\"Organization\",\"@id\":\"https:\/\/www.ringier.com\/de\/#organization\",\"name\":\"Ringier\",\"url\":\"https:\/\/www.ringier.com\/de\/\",\"logo\":{\"@type\":\"ImageObject\",\"inLanguage\":\"de-DE\",\"@id\":\"https:\/\/www.ringier.com\/de\/#\/schema\/logo\/image\/\",\"url\":\"https:\/\/www.ringier.com\/wp-content\/uploads\/2021\/10\/ringier_logo_2.jpg\",\"contentUrl\":\"https:\/\/www.ringier.com\/wp-content\/uploads\/2021\/10\/ringier_logo_2.jpg\",\"width\":750,\"height\":550,\"caption\":\"Ringier\"},\"image\":{\"@id\":\"https:\/\/www.ringier.com\/de\/#\/schema\/logo\/image\/\"},\"sameAs\":[\"https:\/\/www.facebook.com\/ringierag\/\",\"https:\/\/x.com\/ringier_ag\",\"https:\/\/www.instagram.com\/ringier_ag\/\",\"https:\/\/www.linkedin.com\/company\/ringier\/\",\"https:\/\/www.youtube.com\/user\/RingierComm\",\"https:\/\/en.wikipedia.org\/wiki\/Ringier\",\"https:\/\/de.wikipedia.org\/wiki\/Ringier\",\"https:\/\/fr.wikipedia.org\/wiki\/Ringier\",\"https:\/\/www.crunchbase.com\/organization\/ringier-ag\"]},{\"@type\":\"Person\",\"@id\":\"https:\/\/www.ringier.com\/de\/#\/schema\/person\/4cf76a308dc4b2bb5121bd1e7b752e52\",\"name\":\"Ringier Corporate Communications\",\"image\":{\"@type\":\"ImageObject\",\"inLanguage\":\"de-DE\",\"@id\":\"https:\/\/www.ringier.com\/de\/#\/schema\/person\/image\/\",\"url\":\"https:\/\/secure.gravatar.com\/avatar\/9391e20481368d5df4fe3e1e476c13b27786347489822ec1ed07e532bb41f587?s=96&d=mm&r=g\",\"contentUrl\":\"https:\/\/secure.gravatar.com\/avatar\/9391e20481368d5df4fe3e1e476c13b27786347489822ec1ed07e532bb41f587?s=96&d=mm&r=g\",\"caption\":\"Ringier Corporate Communications\"},\"sameAs\":[\"https:\/\/www.ringier.com\"]}]}<\/script>\n<!-- \/ Yoast SEO Premium plugin. -->","yoast_head_json":{"title":"NDR Fernsehen und SRF \u00fcbertragen die Rose d\u2019Or Awards Night - Ringier","robots":{"index":"index","follow":"follow","max-snippet":"max-snippet:-1","max-image-preview":"max-image-preview:large","max-video-preview":"max-video-preview:-1"},"canonical":"https:\/\/www.ringier.com\/de\/ndr-fernsehen-und-srf-uebertragen-die-rose-dor-awards-night\/","og_locale":"de_DE","og_type":"article","og_title":"NDR Fernsehen und SRF \u00fcbertragen die Rose d\u2019Or Awards Night","og_description":"Am 10. Mai findet im KKL Luzern im Rahmen des Rose d\u2019Or Festivals die Awards Night statt. Die deutsche Moderatorin Barbara Sch\u00f6neberger f\u00fchrt durch die glamour\u00f6se Abend-Gala mit vielen internationalen Stars. Das Schweizer Fernsehen (SRF) und das NDR Fernsehen werden jeweils am Abend des 12. Mai eine einst\u00fcndige TV-Show zur Awards Night ausstrahlen.","og_url":"https:\/\/www.ringier.com\/de\/ndr-fernsehen-und-srf-uebertragen-die-rose-dor-awards-night\/","og_site_name":"Ringier","article_publisher":"https:\/\/www.facebook.com\/ringierag\/","article_published_time":"2012-04-26T12:27:00+00:00","article_modified_time":"2024-11-29T15:13:37+00:00","og_image":[{"width":1080,"height":327,"url":"https:\/\/www.ringier.com\/wp-content\/uploads\/2021\/10\/rdo_3c_n_centered.jpg","type":"image\/jpeg"}],"author":"Ringier Corporate Communications","twitter_card":"summary_large_image","twitter_creator":"@ringier_ag","twitter_site":"@ringier_ag","twitter_misc":{"Verfasst von":"Ringier Corporate Communications","Gesch\u00e4tzte Lesezeit":"3 Minuten"},"schema":{"@context":"https:\/\/schema.org","@graph":[{"@type":"Article","@id":"https:\/\/www.ringier.com\/de\/ndr-fernsehen-und-srf-uebertragen-die-rose-dor-awards-night\/#article","isPartOf":{"@id":"https:\/\/www.ringier.com\/de\/ndr-fernsehen-und-srf-uebertragen-die-rose-dor-awards-night\/"},"author":{"name":"Ringier Corporate Communications","@id":"https:\/\/www.ringier.com\/de\/#\/schema\/person\/4cf76a308dc4b2bb5121bd1e7b752e52"},"headline":"NDR Fernsehen und SRF \u00fcbertragen die Rose d\u2019Or Awards Night","datePublished":"2012-04-26T12:27:00+00:00","dateModified":"2024-11-29T15:13:37+00:00","mainEntityOfPage":{"@id":"https:\/\/www.ringier.com\/de\/ndr-fernsehen-und-srf-uebertragen-die-rose-dor-awards-night\/"},"wordCount":318,"publisher":{"@id":"https:\/\/www.ringier.com\/de\/#organization"},"image":{"@id":"https:\/\/www.ringier.com\/de\/ndr-fernsehen-und-srf-uebertragen-die-rose-dor-awards-night\/#primaryimage"},"thumbnailUrl":"https:\/\/www.ringier.com\/wp-content\/uploads\/2021\/10\/rdo_3c_n_centered.jpg","articleSection":["Media","Ringier Medien Schweiz"],"inLanguage":"de-DE"},{"@type":"WebPage","@id":"https:\/\/www.ringier.com\/de\/ndr-fernsehen-und-srf-uebertragen-die-rose-dor-awards-night\/","url":"https:\/\/www.ringier.com\/de\/ndr-fernsehen-und-srf-uebertragen-die-rose-dor-awards-night\/","name":"NDR Fernsehen und SRF \u00fcbertragen die Rose d\u2019Or Awards Night - Ringier","isPartOf":{"@id":"https:\/\/www.ringier.com\/de\/#website"},"primaryImageOfPage":{"@id":"https:\/\/www.ringier.com\/de\/ndr-fernsehen-und-srf-uebertragen-die-rose-dor-awards-night\/#primaryimage"},"image":{"@id":"https:\/\/www.ringier.com\/de\/ndr-fernsehen-und-srf-uebertragen-die-rose-dor-awards-night\/#primaryimage"},"thumbnailUrl":"https:\/\/www.ringier.com\/wp-content\/uploads\/2021\/10\/rdo_3c_n_centered.jpg","datePublished":"2012-04-26T12:27:00+00:00","dateModified":"2024-11-29T15:13:37+00:00","breadcrumb":{"@id":"https:\/\/www.ringier.com\/de\/ndr-fernsehen-und-srf-uebertragen-die-rose-dor-awards-night\/#breadcrumb"},"inLanguage":"de-DE","potentialAction":[{"@type":"ReadAction","target":["https:\/\/www.ringier.com\/de\/ndr-fernsehen-und-srf-uebertragen-die-rose-dor-awards-night\/"]}]},{"@type":"ImageObject","inLanguage":"de-DE","@id":"https:\/\/www.ringier.com\/de\/ndr-fernsehen-und-srf-uebertragen-die-rose-dor-awards-night\/#primaryimage","url":"https:\/\/www.ringier.com\/wp-content\/uploads\/2021\/10\/rdo_3c_n_centered.jpg","contentUrl":"https:\/\/www.ringier.com\/wp-content\/uploads\/2021\/10\/rdo_3c_n_centered.jpg","width":1080,"height":327},{"@type":"BreadcrumbList","@id":"https:\/\/www.ringier.com\/de\/ndr-fernsehen-und-srf-uebertragen-die-rose-dor-awards-night\/#breadcrumb","itemListElement":[{"@type":"ListItem","position":1,"name":"Home","item":"https:\/\/www.ringier.com\/de\/"},{"@type":"ListItem","position":2,"name":"NDR Fernsehen und SRF \u00fcbertragen die Rose d\u2019Or Awards Night"}]},{"@type":"WebSite","@id":"https:\/\/www.ringier.com\/de\/#website","url":"https:\/\/www.ringier.com\/de\/","name":"Ringier","description":"We inform. We entertain. We connect","publisher":{"@id":"https:\/\/www.ringier.com\/de\/#organization"},"potentialAction":[{"@type":"SearchAction","target":{"@type":"EntryPoint","urlTemplate":"https:\/\/www.ringier.com\/de\/?s={search_term_string}"},"query-input":{"@type":"PropertyValueSpecification","valueRequired":true,"valueName":"search_term_string"}}],"inLanguage":"de-DE"},{"@type":"Organization","@id":"https:\/\/www.ringier.com\/de\/#organization","name":"Ringier","url":"https:\/\/www.ringier.com\/de\/","logo":{"@type":"ImageObject","inLanguage":"de-DE","@id":"https:\/\/www.ringier.com\/de\/#\/schema\/logo\/image\/","url":"https:\/\/www.ringier.com\/wp-content\/uploads\/2021\/10\/ringier_logo_2.jpg","contentUrl":"https:\/\/www.ringier.com\/wp-content\/uploads\/2021\/10\/ringier_logo_2.jpg","width":750,"height":550,"caption":"Ringier"},"image":{"@id":"https:\/\/www.ringier.com\/de\/#\/schema\/logo\/image\/"},"sameAs":["https:\/\/www.facebook.com\/ringierag\/","https:\/\/x.com\/ringier_ag","https:\/\/www.instagram.com\/ringier_ag\/","https:\/\/www.linkedin.com\/company\/ringier\/","https:\/\/www.youtube.com\/user\/RingierComm","https:\/\/en.wikipedia.org\/wiki\/Ringier","https:\/\/de.wikipedia.org\/wiki\/Ringier","https:\/\/fr.wikipedia.org\/wiki\/Ringier","https:\/\/www.crunchbase.com\/organization\/ringier-ag"]},{"@type":"Person","@id":"https:\/\/www.ringier.com\/de\/#\/schema\/person\/4cf76a308dc4b2bb5121bd1e7b752e52","name":"Ringier Corporate Communications","image":{"@type":"ImageObject","inLanguage":"de-DE","@id":"https:\/\/www.ringier.com\/de\/#\/schema\/person\/image\/","url":"https:\/\/secure.gravatar.com\/avatar\/9391e20481368d5df4fe3e1e476c13b27786347489822ec1ed07e532bb41f587?s=96&d=mm&r=g","contentUrl":"https:\/\/secure.gravatar.com\/avatar\/9391e20481368d5df4fe3e1e476c13b27786347489822ec1ed07e532bb41f587?s=96&d=mm&r=g","caption":"Ringier Corporate Communications"},"sameAs":["https:\/\/www.ringier.com"]}]}},"_links":{"self":[{"href":"https:\/\/www.ringier.com\/de\/wp-json\/wp\/v2\/posts\/9634","targetHints":{"allow":["GET"]}}],"collection":[{"href":"https:\/\/www.ringier.com\/de\/wp-json\/wp\/v2\/posts"}],"about":[{"href":"https:\/\/www.ringier.com\/de\/wp-json\/wp\/v2\/types\/post"}],"author":[{"embeddable":true,"href":"https:\/\/www.ringier.com\/de\/wp-json\/wp\/v2\/users\/23"}],"replies":[{"embeddable":true,"href":"https:\/\/www.ringier.com\/de\/wp-json\/wp\/v2\/comments?post=9634"}],"version-history":[{"count":0,"href":"https:\/\/www.ringier.com\/de\/wp-json\/wp\/v2\/posts\/9634\/revisions"}],"wp:featuredmedia":[{"embeddable":true,"href":"https:\/\/www.ringier.com\/de\/wp-json\/wp\/v2\/media\/9635"}],"wp:attachment":[{"href":"https:\/\/www.ringier.com\/de\/wp-json\/wp\/v2\/media?parent=9634"}],"wp:term":[{"taxonomy":"category","embeddable":true,"href":"https:\/\/www.ringier.com\/de\/wp-json\/wp\/v2\/categories?post=9634"},{"taxonomy":"post_tag","embeddable":true,"href":"https:\/\/www.ringier.com\/de\/wp-json\/wp\/v2\/tags?post=9634"}],"curies":[{"name":"wp","href":"https:\/\/api.w.org\/{rel}","templated":true}]}}