{"id":962,"date":"2016-12-29T16:39:00","date_gmt":"2016-12-29T15:39:00","guid":{"rendered":"https:\/\/www.ringier.com\/?p=962"},"modified":"2025-07-18T10:35:43","modified_gmt":"2025-07-18T08:35:43","slug":"ringier-verlaengert-den-zusammenarbeitsvertrag-mit-ottmar-hitzfeld","status":"publish","type":"post","link":"https:\/\/www.ringier.com\/de\/ringier-verlaengert-den-zusammenarbeitsvertrag-mit-ottmar-hitzfeld\/","title":{"rendered":"Ringier verl\u00e4ngert den Zusammenarbeitsvertrag mit Ottmar Hitzfeld"},"content":{"rendered":"\n<p>Die Zusammenarbeit von Ottmar Hitzfeld mit Ringier besteht seit 2012. Nun verl\u00e4ngert das Medienunternehmen den Vertrag mit dem ehemaligen Erfolgstrainer der Schweizer Fussball-Nationalmannschaft um weitere zwei Jahre.<\/p>\n\n\n\n<p>Die Zusammenarbeit beinhaltet weiterhin sowohl kommunikative als auch repr\u00e4sentative Auftritte f\u00fcr Ringier, sowie eine redaktionelle Zusammenarbeit mit der&nbsp;<em>Blick<\/em>-Gruppe und der&nbsp;<em>Schweizer Illustrierten<\/em>. Seine beratende Funktion in den Bereichen Sport und Fussball wird Hitzfeld f\u00fcr Ringier ebenfalls beibehalten.<\/p>\n\n\n\n<p>Marc Walder, CEO Ringier, zur Verl\u00e4ngerung des Zusammenarbeitsvertrags: \u00abOttmar Hitzfeld ist eine der gr\u00f6ssten Pers\u00f6nlichkeiten des Fussballs. Er steht f\u00fcr Kompetenz, Integrit\u00e4t und Seriosit\u00e4t. Wir freuen uns ausserordentlich, dass Ottmar Hitzfeld Ringier weiterhin beraten wird \u2013 und dar\u00fcber hinaus in unseren Publikationen und auf unseren Plattformen publizieren und kommentieren wird.\u00bb<\/p>\n\n\n\n<p>Ottmar Hitzfeld z\u00e4hlt zu den erfolgreichsten Fussball-Trainern \u00fcberhaupt. Er gewann zwei Schweizer Meisterschaften und wurde siebenmal Deutscher Meister. Im Jahr 1997 gewann er als Trainer mit Borussia Dortmund die UEFA Champions League, im Jahr 2001 gewann er denselben Wettbewerb mit dem FC Bayern M\u00fcnchen. Er ist hinter Pep Guardiola der zweiterfolgreichste Trainer in der Bundesliga nach durchschnittlichen Punkten pro Spiel. Und mit der Schweizer Nationalmannschaft qualifizierte sich der heute 67-j\u00e4hrige geb\u00fcrtige L\u00f6rracher zweimal f\u00fcr die Weltmeisterschaften.<\/p>\n\n\n\n<figure class=\"wp-block-image\"><img decoding=\"async\" src=\"https:\/\/www.ringier.ch\/sites\/default\/files\/styles\/full-page\/public\/images\/Hitzfeld.jpg?itok=n5Lari29\" alt=\"\"\/><\/figure>\n\n\n\n<p><strong>\u00dcber Ringier<\/strong><\/p>\n\n\n\n<p>Ringier&nbsp;ist ein in 16 L\u00e4ndern t\u00e4tiges, diversifiziertes Medienunternehmen mit rund 6&#8217;500 Mitarbeitenden. 1833 gegr\u00fcndet, f\u00fchrt Ringier Medienmarken in Print, TV, Radio, Online und Mobile und ist erfolgreich im Druck-, Entertainment- und Internet-Gesch\u00e4ft t\u00e4tig. Basierend auf seiner \u00fcber 180-j\u00e4hrigen Geschichte, steht Ringier f\u00fcr Pioniergeist und Individualit\u00e4t, f\u00fcr Unabh\u00e4ngigkeit sowie f\u00fcr Meinungsfreiheit und Informationsvielfalt. Ringier ist ein Schweizer Familienunternehmen mit Haupt-Standort in Z\u00fcrich.&nbsp;<\/p>\n","protected":false},"excerpt":{"rendered":"<p>Ringier hat den Zusammenarbeitsvertrag mit dem ehemaligen Trainer der Schweizer Fussball-Nationalmannschaft Ottmar Hitzfeld um zwei Jahre verl\u00e4ngert. Hitzfeld wird dem Schweizer Medienunternehmen weiterhin in mehreren Funktionen zur Verf\u00fcgung stehen.<\/p>\n","protected":false},"author":23,"featured_media":963,"comment_status":"closed","ping_status":"open","sticky":false,"template":"","format":"standard","meta":{"inline_featured_image":false,"footnotes":""},"categories":[371,361],"tags":[],"class_list":["post-962","post","type-post","status-publish","format-standard","has-post-thumbnail","hentry","category-media-de","category-ringier-medien-schweiz"],"yoast_head":"<!-- This site is optimized with the Yoast SEO Premium plugin v27.0 (Yoast SEO v27.0) - https:\/\/yoast.com\/product\/yoast-seo-premium-wordpress\/ -->\n<title>Ringier verl\u00e4ngert den Zusammenarbeitsvertrag mit Ottmar Hitzfeld - Ringier<\/title>\n<meta name=\"robots\" content=\"index, follow, max-snippet:-1, max-image-preview:large, max-video-preview:-1\" \/>\n<link rel=\"canonical\" href=\"https:\/\/www.ringier.com\/de\/ringier-verlaengert-den-zusammenarbeitsvertrag-mit-ottmar-hitzfeld\/\" \/>\n<meta property=\"og:locale\" content=\"de_DE\" \/>\n<meta property=\"og:type\" content=\"article\" \/>\n<meta property=\"og:title\" content=\"Ringier verl\u00e4ngert den Zusammenarbeitsvertrag mit Ottmar Hitzfeld\" \/>\n<meta property=\"og:description\" content=\"Ringier hat den Zusammenarbeitsvertrag mit dem ehemaligen Trainer der Schweizer Fussball-Nationalmannschaft Ottmar Hitzfeld um zwei Jahre verl\u00e4ngert. Hitzfeld wird dem Schweizer Medienunternehmen weiterhin in mehreren Funktionen zur Verf\u00fcgung stehen.\" \/>\n<meta property=\"og:url\" content=\"https:\/\/www.ringier.com\/de\/ringier-verlaengert-den-zusammenarbeitsvertrag-mit-ottmar-hitzfeld\/\" \/>\n<meta property=\"og:site_name\" content=\"Ringier\" \/>\n<meta property=\"article:publisher\" content=\"https:\/\/www.facebook.com\/ringierag\/\" \/>\n<meta property=\"article:published_time\" content=\"2016-12-29T15:39:00+00:00\" \/>\n<meta property=\"article:modified_time\" content=\"2025-07-18T08:35:43+00:00\" \/>\n<meta property=\"og:image\" content=\"https:\/\/www.ringier.com\/wp-content\/uploads\/2021\/08\/Hitzfeld_Teaser.jpg\" \/>\n\t<meta property=\"og:image:width\" content=\"600\" \/>\n\t<meta property=\"og:image:height\" content=\"400\" \/>\n\t<meta property=\"og:image:type\" content=\"image\/jpeg\" \/>\n<meta name=\"author\" content=\"Ringier Corporate Communications\" \/>\n<meta name=\"twitter:card\" content=\"summary_large_image\" \/>\n<meta name=\"twitter:creator\" content=\"@ringier_ag\" \/>\n<meta name=\"twitter:site\" content=\"@ringier_ag\" \/>\n<meta name=\"twitter:label1\" content=\"Verfasst von\" \/>\n\t<meta name=\"twitter:data1\" content=\"Ringier Corporate Communications\" \/>\n\t<meta name=\"twitter:label2\" content=\"Gesch\u00e4tzte Lesezeit\" \/>\n\t<meta name=\"twitter:data2\" content=\"2 Minuten\" \/>\n<script type=\"application\/ld+json\" class=\"yoast-schema-graph\">{\"@context\":\"https:\/\/schema.org\",\"@graph\":[{\"@type\":\"Article\",\"@id\":\"https:\/\/www.ringier.com\/de\/ringier-verlaengert-den-zusammenarbeitsvertrag-mit-ottmar-hitzfeld\/#article\",\"isPartOf\":{\"@id\":\"https:\/\/www.ringier.com\/de\/ringier-verlaengert-den-zusammenarbeitsvertrag-mit-ottmar-hitzfeld\/\"},\"author\":{\"name\":\"Ringier Corporate Communications\",\"@id\":\"https:\/\/www.ringier.com\/de\/#\/schema\/person\/4cf76a308dc4b2bb5121bd1e7b752e52\"},\"headline\":\"Ringier verl\u00e4ngert den Zusammenarbeitsvertrag mit Ottmar Hitzfeld\",\"datePublished\":\"2016-12-29T15:39:00+00:00\",\"dateModified\":\"2025-07-18T08:35:43+00:00\",\"mainEntityOfPage\":{\"@id\":\"https:\/\/www.ringier.com\/de\/ringier-verlaengert-den-zusammenarbeitsvertrag-mit-ottmar-hitzfeld\/\"},\"wordCount\":290,\"publisher\":{\"@id\":\"https:\/\/www.ringier.com\/de\/#organization\"},\"image\":{\"@id\":\"https:\/\/www.ringier.com\/de\/ringier-verlaengert-den-zusammenarbeitsvertrag-mit-ottmar-hitzfeld\/#primaryimage\"},\"thumbnailUrl\":\"https:\/\/www.ringier.com\/wp-content\/uploads\/2021\/08\/Hitzfeld_Teaser.jpg\",\"articleSection\":[\"Media\",\"Ringier Medien Schweiz\"],\"inLanguage\":\"de-DE\"},{\"@type\":\"WebPage\",\"@id\":\"https:\/\/www.ringier.com\/de\/ringier-verlaengert-den-zusammenarbeitsvertrag-mit-ottmar-hitzfeld\/\",\"url\":\"https:\/\/www.ringier.com\/de\/ringier-verlaengert-den-zusammenarbeitsvertrag-mit-ottmar-hitzfeld\/\",\"name\":\"Ringier verl\u00e4ngert den Zusammenarbeitsvertrag mit Ottmar Hitzfeld - Ringier\",\"isPartOf\":{\"@id\":\"https:\/\/www.ringier.com\/de\/#website\"},\"primaryImageOfPage\":{\"@id\":\"https:\/\/www.ringier.com\/de\/ringier-verlaengert-den-zusammenarbeitsvertrag-mit-ottmar-hitzfeld\/#primaryimage\"},\"image\":{\"@id\":\"https:\/\/www.ringier.com\/de\/ringier-verlaengert-den-zusammenarbeitsvertrag-mit-ottmar-hitzfeld\/#primaryimage\"},\"thumbnailUrl\":\"https:\/\/www.ringier.com\/wp-content\/uploads\/2021\/08\/Hitzfeld_Teaser.jpg\",\"datePublished\":\"2016-12-29T15:39:00+00:00\",\"dateModified\":\"2025-07-18T08:35:43+00:00\",\"breadcrumb\":{\"@id\":\"https:\/\/www.ringier.com\/de\/ringier-verlaengert-den-zusammenarbeitsvertrag-mit-ottmar-hitzfeld\/#breadcrumb\"},\"inLanguage\":\"de-DE\",\"potentialAction\":[{\"@type\":\"ReadAction\",\"target\":[\"https:\/\/www.ringier.com\/de\/ringier-verlaengert-den-zusammenarbeitsvertrag-mit-ottmar-hitzfeld\/\"]}]},{\"@type\":\"ImageObject\",\"inLanguage\":\"de-DE\",\"@id\":\"https:\/\/www.ringier.com\/de\/ringier-verlaengert-den-zusammenarbeitsvertrag-mit-ottmar-hitzfeld\/#primaryimage\",\"url\":\"https:\/\/www.ringier.com\/wp-content\/uploads\/2021\/08\/Hitzfeld_Teaser.jpg\",\"contentUrl\":\"https:\/\/www.ringier.com\/wp-content\/uploads\/2021\/08\/Hitzfeld_Teaser.jpg\",\"width\":600,\"height\":400,\"caption\":\"FOTO: SVEN THOMANN, 14.3.2013, MURI (BE): NATI-TRAINER OTTMAR HITZFELD POSIERT IM HAUS DES FUSSBALLS. SoBli 16\/15 - SonntagsBlick vom 19. April 2015 94\/15 - BLICK vom 24. April 2015 103\/15 - Blick vom 6. Mai 2015 BAA_2016_01_11\"},{\"@type\":\"BreadcrumbList\",\"@id\":\"https:\/\/www.ringier.com\/de\/ringier-verlaengert-den-zusammenarbeitsvertrag-mit-ottmar-hitzfeld\/#breadcrumb\",\"itemListElement\":[{\"@type\":\"ListItem\",\"position\":1,\"name\":\"Home\",\"item\":\"https:\/\/www.ringier.com\/de\/\"},{\"@type\":\"ListItem\",\"position\":2,\"name\":\"Ringier verl\u00e4ngert den Zusammenarbeitsvertrag mit Ottmar Hitzfeld\"}]},{\"@type\":\"WebSite\",\"@id\":\"https:\/\/www.ringier.com\/de\/#website\",\"url\":\"https:\/\/www.ringier.com\/de\/\",\"name\":\"Ringier\",\"description\":\"We inform. We entertain. We connect\",\"publisher\":{\"@id\":\"https:\/\/www.ringier.com\/de\/#organization\"},\"potentialAction\":[{\"@type\":\"SearchAction\",\"target\":{\"@type\":\"EntryPoint\",\"urlTemplate\":\"https:\/\/www.ringier.com\/de\/?s={search_term_string}\"},\"query-input\":{\"@type\":\"PropertyValueSpecification\",\"valueRequired\":true,\"valueName\":\"search_term_string\"}}],\"inLanguage\":\"de-DE\"},{\"@type\":\"Organization\",\"@id\":\"https:\/\/www.ringier.com\/de\/#organization\",\"name\":\"Ringier\",\"url\":\"https:\/\/www.ringier.com\/de\/\",\"logo\":{\"@type\":\"ImageObject\",\"inLanguage\":\"de-DE\",\"@id\":\"https:\/\/www.ringier.com\/de\/#\/schema\/logo\/image\/\",\"url\":\"https:\/\/www.ringier.com\/wp-content\/uploads\/2021\/10\/ringier_logo_2.jpg\",\"contentUrl\":\"https:\/\/www.ringier.com\/wp-content\/uploads\/2021\/10\/ringier_logo_2.jpg\",\"width\":750,\"height\":550,\"caption\":\"Ringier\"},\"image\":{\"@id\":\"https:\/\/www.ringier.com\/de\/#\/schema\/logo\/image\/\"},\"sameAs\":[\"https:\/\/www.facebook.com\/ringierag\/\",\"https:\/\/x.com\/ringier_ag\",\"https:\/\/www.instagram.com\/ringier_ag\/\",\"https:\/\/www.linkedin.com\/company\/ringier\/\",\"https:\/\/www.youtube.com\/user\/RingierComm\",\"https:\/\/en.wikipedia.org\/wiki\/Ringier\",\"https:\/\/de.wikipedia.org\/wiki\/Ringier\",\"https:\/\/fr.wikipedia.org\/wiki\/Ringier\",\"https:\/\/www.crunchbase.com\/organization\/ringier-ag\"]},{\"@type\":\"Person\",\"@id\":\"https:\/\/www.ringier.com\/de\/#\/schema\/person\/4cf76a308dc4b2bb5121bd1e7b752e52\",\"name\":\"Ringier Corporate Communications\",\"image\":{\"@type\":\"ImageObject\",\"inLanguage\":\"de-DE\",\"@id\":\"https:\/\/www.ringier.com\/de\/#\/schema\/person\/image\/\",\"url\":\"https:\/\/secure.gravatar.com\/avatar\/9391e20481368d5df4fe3e1e476c13b27786347489822ec1ed07e532bb41f587?s=96&d=mm&r=g\",\"contentUrl\":\"https:\/\/secure.gravatar.com\/avatar\/9391e20481368d5df4fe3e1e476c13b27786347489822ec1ed07e532bb41f587?s=96&d=mm&r=g\",\"caption\":\"Ringier Corporate Communications\"},\"sameAs\":[\"https:\/\/www.ringier.com\"]}]}<\/script>\n<!-- \/ Yoast SEO Premium plugin. -->","yoast_head_json":{"title":"Ringier verl\u00e4ngert den Zusammenarbeitsvertrag mit Ottmar Hitzfeld - Ringier","robots":{"index":"index","follow":"follow","max-snippet":"max-snippet:-1","max-image-preview":"max-image-preview:large","max-video-preview":"max-video-preview:-1"},"canonical":"https:\/\/www.ringier.com\/de\/ringier-verlaengert-den-zusammenarbeitsvertrag-mit-ottmar-hitzfeld\/","og_locale":"de_DE","og_type":"article","og_title":"Ringier verl\u00e4ngert den Zusammenarbeitsvertrag mit Ottmar Hitzfeld","og_description":"Ringier hat den Zusammenarbeitsvertrag mit dem ehemaligen Trainer der Schweizer Fussball-Nationalmannschaft Ottmar Hitzfeld um zwei Jahre verl\u00e4ngert. Hitzfeld wird dem Schweizer Medienunternehmen weiterhin in mehreren Funktionen zur Verf\u00fcgung stehen.","og_url":"https:\/\/www.ringier.com\/de\/ringier-verlaengert-den-zusammenarbeitsvertrag-mit-ottmar-hitzfeld\/","og_site_name":"Ringier","article_publisher":"https:\/\/www.facebook.com\/ringierag\/","article_published_time":"2016-12-29T15:39:00+00:00","article_modified_time":"2025-07-18T08:35:43+00:00","og_image":[{"width":600,"height":400,"url":"https:\/\/www.ringier.com\/wp-content\/uploads\/2021\/08\/Hitzfeld_Teaser.jpg","type":"image\/jpeg"}],"author":"Ringier Corporate Communications","twitter_card":"summary_large_image","twitter_creator":"@ringier_ag","twitter_site":"@ringier_ag","twitter_misc":{"Verfasst von":"Ringier Corporate Communications","Gesch\u00e4tzte Lesezeit":"2 Minuten"},"schema":{"@context":"https:\/\/schema.org","@graph":[{"@type":"Article","@id":"https:\/\/www.ringier.com\/de\/ringier-verlaengert-den-zusammenarbeitsvertrag-mit-ottmar-hitzfeld\/#article","isPartOf":{"@id":"https:\/\/www.ringier.com\/de\/ringier-verlaengert-den-zusammenarbeitsvertrag-mit-ottmar-hitzfeld\/"},"author":{"name":"Ringier Corporate Communications","@id":"https:\/\/www.ringier.com\/de\/#\/schema\/person\/4cf76a308dc4b2bb5121bd1e7b752e52"},"headline":"Ringier verl\u00e4ngert den Zusammenarbeitsvertrag mit Ottmar Hitzfeld","datePublished":"2016-12-29T15:39:00+00:00","dateModified":"2025-07-18T08:35:43+00:00","mainEntityOfPage":{"@id":"https:\/\/www.ringier.com\/de\/ringier-verlaengert-den-zusammenarbeitsvertrag-mit-ottmar-hitzfeld\/"},"wordCount":290,"publisher":{"@id":"https:\/\/www.ringier.com\/de\/#organization"},"image":{"@id":"https:\/\/www.ringier.com\/de\/ringier-verlaengert-den-zusammenarbeitsvertrag-mit-ottmar-hitzfeld\/#primaryimage"},"thumbnailUrl":"https:\/\/www.ringier.com\/wp-content\/uploads\/2021\/08\/Hitzfeld_Teaser.jpg","articleSection":["Media","Ringier Medien Schweiz"],"inLanguage":"de-DE"},{"@type":"WebPage","@id":"https:\/\/www.ringier.com\/de\/ringier-verlaengert-den-zusammenarbeitsvertrag-mit-ottmar-hitzfeld\/","url":"https:\/\/www.ringier.com\/de\/ringier-verlaengert-den-zusammenarbeitsvertrag-mit-ottmar-hitzfeld\/","name":"Ringier verl\u00e4ngert den Zusammenarbeitsvertrag mit Ottmar Hitzfeld - Ringier","isPartOf":{"@id":"https:\/\/www.ringier.com\/de\/#website"},"primaryImageOfPage":{"@id":"https:\/\/www.ringier.com\/de\/ringier-verlaengert-den-zusammenarbeitsvertrag-mit-ottmar-hitzfeld\/#primaryimage"},"image":{"@id":"https:\/\/www.ringier.com\/de\/ringier-verlaengert-den-zusammenarbeitsvertrag-mit-ottmar-hitzfeld\/#primaryimage"},"thumbnailUrl":"https:\/\/www.ringier.com\/wp-content\/uploads\/2021\/08\/Hitzfeld_Teaser.jpg","datePublished":"2016-12-29T15:39:00+00:00","dateModified":"2025-07-18T08:35:43+00:00","breadcrumb":{"@id":"https:\/\/www.ringier.com\/de\/ringier-verlaengert-den-zusammenarbeitsvertrag-mit-ottmar-hitzfeld\/#breadcrumb"},"inLanguage":"de-DE","potentialAction":[{"@type":"ReadAction","target":["https:\/\/www.ringier.com\/de\/ringier-verlaengert-den-zusammenarbeitsvertrag-mit-ottmar-hitzfeld\/"]}]},{"@type":"ImageObject","inLanguage":"de-DE","@id":"https:\/\/www.ringier.com\/de\/ringier-verlaengert-den-zusammenarbeitsvertrag-mit-ottmar-hitzfeld\/#primaryimage","url":"https:\/\/www.ringier.com\/wp-content\/uploads\/2021\/08\/Hitzfeld_Teaser.jpg","contentUrl":"https:\/\/www.ringier.com\/wp-content\/uploads\/2021\/08\/Hitzfeld_Teaser.jpg","width":600,"height":400,"caption":"FOTO: SVEN THOMANN, 14.3.2013, MURI (BE): NATI-TRAINER OTTMAR HITZFELD POSIERT IM HAUS DES FUSSBALLS. SoBli 16\/15 - SonntagsBlick vom 19. April 2015 94\/15 - BLICK vom 24. April 2015 103\/15 - Blick vom 6. Mai 2015 BAA_2016_01_11"},{"@type":"BreadcrumbList","@id":"https:\/\/www.ringier.com\/de\/ringier-verlaengert-den-zusammenarbeitsvertrag-mit-ottmar-hitzfeld\/#breadcrumb","itemListElement":[{"@type":"ListItem","position":1,"name":"Home","item":"https:\/\/www.ringier.com\/de\/"},{"@type":"ListItem","position":2,"name":"Ringier verl\u00e4ngert den Zusammenarbeitsvertrag mit Ottmar Hitzfeld"}]},{"@type":"WebSite","@id":"https:\/\/www.ringier.com\/de\/#website","url":"https:\/\/www.ringier.com\/de\/","name":"Ringier","description":"We inform. We entertain. We connect","publisher":{"@id":"https:\/\/www.ringier.com\/de\/#organization"},"potentialAction":[{"@type":"SearchAction","target":{"@type":"EntryPoint","urlTemplate":"https:\/\/www.ringier.com\/de\/?s={search_term_string}"},"query-input":{"@type":"PropertyValueSpecification","valueRequired":true,"valueName":"search_term_string"}}],"inLanguage":"de-DE"},{"@type":"Organization","@id":"https:\/\/www.ringier.com\/de\/#organization","name":"Ringier","url":"https:\/\/www.ringier.com\/de\/","logo":{"@type":"ImageObject","inLanguage":"de-DE","@id":"https:\/\/www.ringier.com\/de\/#\/schema\/logo\/image\/","url":"https:\/\/www.ringier.com\/wp-content\/uploads\/2021\/10\/ringier_logo_2.jpg","contentUrl":"https:\/\/www.ringier.com\/wp-content\/uploads\/2021\/10\/ringier_logo_2.jpg","width":750,"height":550,"caption":"Ringier"},"image":{"@id":"https:\/\/www.ringier.com\/de\/#\/schema\/logo\/image\/"},"sameAs":["https:\/\/www.facebook.com\/ringierag\/","https:\/\/x.com\/ringier_ag","https:\/\/www.instagram.com\/ringier_ag\/","https:\/\/www.linkedin.com\/company\/ringier\/","https:\/\/www.youtube.com\/user\/RingierComm","https:\/\/en.wikipedia.org\/wiki\/Ringier","https:\/\/de.wikipedia.org\/wiki\/Ringier","https:\/\/fr.wikipedia.org\/wiki\/Ringier","https:\/\/www.crunchbase.com\/organization\/ringier-ag"]},{"@type":"Person","@id":"https:\/\/www.ringier.com\/de\/#\/schema\/person\/4cf76a308dc4b2bb5121bd1e7b752e52","name":"Ringier Corporate Communications","image":{"@type":"ImageObject","inLanguage":"de-DE","@id":"https:\/\/www.ringier.com\/de\/#\/schema\/person\/image\/","url":"https:\/\/secure.gravatar.com\/avatar\/9391e20481368d5df4fe3e1e476c13b27786347489822ec1ed07e532bb41f587?s=96&d=mm&r=g","contentUrl":"https:\/\/secure.gravatar.com\/avatar\/9391e20481368d5df4fe3e1e476c13b27786347489822ec1ed07e532bb41f587?s=96&d=mm&r=g","caption":"Ringier Corporate Communications"},"sameAs":["https:\/\/www.ringier.com"]}]}},"_links":{"self":[{"href":"https:\/\/www.ringier.com\/de\/wp-json\/wp\/v2\/posts\/962","targetHints":{"allow":["GET"]}}],"collection":[{"href":"https:\/\/www.ringier.com\/de\/wp-json\/wp\/v2\/posts"}],"about":[{"href":"https:\/\/www.ringier.com\/de\/wp-json\/wp\/v2\/types\/post"}],"author":[{"embeddable":true,"href":"https:\/\/www.ringier.com\/de\/wp-json\/wp\/v2\/users\/23"}],"replies":[{"embeddable":true,"href":"https:\/\/www.ringier.com\/de\/wp-json\/wp\/v2\/comments?post=962"}],"version-history":[{"count":0,"href":"https:\/\/www.ringier.com\/de\/wp-json\/wp\/v2\/posts\/962\/revisions"}],"wp:featuredmedia":[{"embeddable":true,"href":"https:\/\/www.ringier.com\/de\/wp-json\/wp\/v2\/media\/963"}],"wp:attachment":[{"href":"https:\/\/www.ringier.com\/de\/wp-json\/wp\/v2\/media?parent=962"}],"wp:term":[{"taxonomy":"category","embeddable":true,"href":"https:\/\/www.ringier.com\/de\/wp-json\/wp\/v2\/categories?post=962"},{"taxonomy":"post_tag","embeddable":true,"href":"https:\/\/www.ringier.com\/de\/wp-json\/wp\/v2\/tags?post=962"}],"curies":[{"name":"wp","href":"https:\/\/api.w.org\/{rel}","templated":true}]}}