{"id":9467,"date":"2018-01-19T15:49:00","date_gmt":"2018-01-19T14:49:00","guid":{"rendered":"https:\/\/www.ringier.com\/?p=9467"},"modified":"2024-11-19T15:57:54","modified_gmt":"2024-11-19T14:57:54","slug":"marc-walder-erhaelt-transformer-award-des-worldwebforums-fuer-seine-verdienste-rund-um-die-standortinitiative-digitalswitzerland","status":"publish","type":"post","link":"https:\/\/www.ringier.com\/de\/marc-walder-erhaelt-transformer-award-des-worldwebforums-fuer-seine-verdienste-rund-um-die-standortinitiative-digitalswitzerland\/","title":{"rendered":"Marc Walder erh\u00e4lt Transformer Award des WORLDWEBFORUMS f\u00fcr seine Verdienste rund um die Standortinitiative digitalswitzerland"},"content":{"rendered":"\n<p>An der Konferenz, auf der \u00fcber Gesch\u00e4ftsstrategien in einer digitalen Welt gesprochen wurde, nahmen rund 1\u2019500 Besucher sowie \u00fcber 70 Speaker aus der ganzen Welt teil. Diesmal waren dies insbesondere innovative Unternehmer wie Bruce Dickinson, Gesch\u00e4ftsmann, Pilot und Lead S\u00e4nger von Iron Maiden, hochkar\u00e4tige Manager wie Terry von Bibra, General Manager Europe von Alibaba, der gr\u00f6ssten IT-Firmengruppe Chinas und mutige Investoren wie Nancy Pfund, eine der ersten Investoren von Tesla.<\/p>\n\n\n\n<p>Der Transformer Award wird jedes Jahr an Wirtschaftsgr\u00f6ssen verliehen, welche sich im Wandel der digitalen Transformation verdient gemacht haben. Der Preistr\u00e4ger wird f\u00fcr ein Jahr Mitglied im exklusiven Transformer Club des WORLDWEBFORUMS. Die Mitglieder teilen die Leidenschaft f\u00fcr den Aufbau einer mutigen Gemeinschaft unternehmerischer K\u00f6pfe und sind verbunden durch den Slogan \u00abWas soll ich heute tun, um morgen erfolgreich zu sein?\u00bb. Im Transformer Club werden die grossen Zukunfts-Themen, die von der Vision des Paradigmenwechsels inspiriert wurden, ausgetauscht. 2017 erhielt Sir Tim Berners-Lee, britischer Informatiker, Pionier und Begr\u00fcnder des World Wide Web, HTML Erfinder und Professor am Massachusetts Institute of Technology (MIT), den Transformer Award.<\/p>\n\n\n\n<p>In diesem Jahr erh\u00e4lt Ringier CEO Marc Walder die Auszeichnung f\u00fcr seine Verdienste rund um die Standortinitiative digitalswitzerland sowie als Digital Transformer f\u00fcr die Schweiz. Es war die Idee von Marc Walder am 21. November 2017 den ersten Digitaltag in der Schweiz durchzuf\u00fchren, der innerhalb der Bev\u00f6lkerung auf breites Interesse stiess. Neben den grossen, namhaften Unternehmen wie SBB, Schweizer Post, UBS, Swisscom und Migros, gelang es Marc Walder, den Bundesrat, vertreten durch Bundespr\u00e4sidentin Doris Leuthard sowie den beiden Bundesr\u00e4ten Johann Schneider-Ammann und Alain Berset, aktiv einzubinden.<\/p>\n\n\n\n<p>Die Laudation auf Marc Walder hielt gestern Abend der Verwaltungsrat des WORLDWEBFORUMS, St\u00e4nderat Ruedi Noser. In seiner Rede hob er insbesondere Marc Walder`s Beharrlichkeit bei der Umsetzung seiner Idee, die Schweiz zu einem relevanten digitalen Standort in Europa zu machen, hervor. \u00abBeim WEF in Davos und in zahlreichen Telefonaten sprach Marc Walder Lukas G\u00e4hwiler (UBS), Patrick Warnking (Google), Marcel Stalder (EY), Corine Mauch (Stadtpr\u00e4sidium Z\u00fcrich), Susanne Ruoff (Post), Herbert Bolliger (Migros), Heinz Karrer (Economiesuisse), Urs Schaeppi (Swisscom), Andreas Meyer (SBB und ICT-Unternehmer) und mich an. Wir waren von seiner Idee begeistert und sagten spontan zu, ihn zu unterst\u00fctzen\u00bb, erinnert sich Ruedi Noser an die Anf\u00e4nge, die knapp zwei Jahre zur\u00fcckliegen. \u00abMarc hat unerm\u00fcdlich f\u00fcr seine Idee, der Gr\u00fcndung einer Initiative zum Thema Digitalisierung, geworben. Er liess sich von den zahlreichen Bedenkentr\u00e4gern und negativen Kommentare, die dieses Unterfangen als fixe Idee bel\u00e4chelten, nicht aufhalten. Es ist ihm gelungen, Wirtschaftsunternehmen und Institutionen der Schweiz unter dem Dach von digitalswitzerland zu versammeln, um gemeinsam die Digitalisierung voranzutreiben. F\u00fcr seine Beharrlichkeit und die praktische Umsetzung seiner Vision, geb\u00fchrt ihm h\u00f6chste Anerkennung und unser aller Dank\u00bb, so Ruedi Noser.<\/p>\n\n\n\n<p>WORLDWEBFORUM und Ringier AG, Corporate Communications<\/p>\n","protected":false},"excerpt":{"rendered":"<p>Marc Walder, CEO der Ringier AG, wurde gestern Abend anl\u00e4sslich des 6. WORLDWEBFORUMS, der gr\u00f6ssten Business Konferenz zum Thema Digitalisierung in der Schweiz, mit dem Transformer Award ausgezeichnet.<\/p>\n","protected":false},"author":7,"featured_media":9468,"comment_status":"closed","ping_status":"open","sticky":false,"template":"","format":"standard","meta":{"inline_featured_image":false,"footnotes":""},"categories":[44],"tags":[],"class_list":["post-9467","post","type-post","status-publish","format-standard","has-post-thumbnail","hentry","category-corporate-de"],"yoast_head":"<!-- This site is optimized with the Yoast SEO Premium plugin v27.0 (Yoast SEO v27.0) - https:\/\/yoast.com\/product\/yoast-seo-premium-wordpress\/ -->\n<title>Marc Walder erh\u00e4lt Transformer Award des WORLDWEBFORUMS f\u00fcr seine Verdienste rund um die Standortinitiative digitalswitzerland - Ringier<\/title>\n<meta name=\"robots\" content=\"index, follow, max-snippet:-1, max-image-preview:large, max-video-preview:-1\" \/>\n<link rel=\"canonical\" href=\"https:\/\/www.ringier.com\/de\/marc-walder-erhaelt-transformer-award-des-worldwebforums-fuer-seine-verdienste-rund-um-die-standortinitiative-digitalswitzerland\/\" \/>\n<meta property=\"og:locale\" content=\"de_DE\" \/>\n<meta property=\"og:type\" content=\"article\" \/>\n<meta property=\"og:title\" content=\"Marc Walder erh\u00e4lt Transformer Award des WORLDWEBFORUMS f\u00fcr seine Verdienste rund um die Standortinitiative digitalswitzerland\" \/>\n<meta property=\"og:description\" content=\"Marc Walder, CEO der Ringier AG, wurde gestern Abend anl\u00e4sslich des 6. WORLDWEBFORUMS, der gr\u00f6ssten Business Konferenz zum Thema Digitalisierung in der Schweiz, mit dem Transformer Award ausgezeichnet.\" \/>\n<meta property=\"og:url\" content=\"https:\/\/www.ringier.com\/de\/marc-walder-erhaelt-transformer-award-des-worldwebforums-fuer-seine-verdienste-rund-um-die-standortinitiative-digitalswitzerland\/\" \/>\n<meta property=\"og:site_name\" content=\"Ringier\" \/>\n<meta property=\"article:publisher\" content=\"https:\/\/www.facebook.com\/ringierag\/\" \/>\n<meta property=\"article:published_time\" content=\"2018-01-19T14:49:00+00:00\" \/>\n<meta property=\"article:modified_time\" content=\"2024-11-19T14:57:54+00:00\" \/>\n<meta property=\"og:image\" content=\"https:\/\/www.ringier.com\/wp-content\/uploads\/2021\/09\/WorldWebForum_Logo_700x300.jpg\" \/>\n\t<meta property=\"og:image:width\" content=\"833\" \/>\n\t<meta property=\"og:image:height\" content=\"358\" \/>\n\t<meta property=\"og:image:type\" content=\"image\/jpeg\" \/>\n<meta name=\"author\" content=\"Marc Liniger\" \/>\n<meta name=\"twitter:card\" content=\"summary_large_image\" \/>\n<meta name=\"twitter:creator\" content=\"@ringier_ag\" \/>\n<meta name=\"twitter:site\" content=\"@ringier_ag\" \/>\n<meta name=\"twitter:label1\" content=\"Verfasst von\" \/>\n\t<meta name=\"twitter:data1\" content=\"Marc Liniger\" \/>\n\t<meta name=\"twitter:label2\" content=\"Gesch\u00e4tzte Lesezeit\" \/>\n\t<meta name=\"twitter:data2\" content=\"3 Minuten\" \/>\n<script type=\"application\/ld+json\" class=\"yoast-schema-graph\">{\"@context\":\"https:\/\/schema.org\",\"@graph\":[{\"@type\":\"Article\",\"@id\":\"https:\/\/www.ringier.com\/de\/marc-walder-erhaelt-transformer-award-des-worldwebforums-fuer-seine-verdienste-rund-um-die-standortinitiative-digitalswitzerland\/#article\",\"isPartOf\":{\"@id\":\"https:\/\/www.ringier.com\/de\/marc-walder-erhaelt-transformer-award-des-worldwebforums-fuer-seine-verdienste-rund-um-die-standortinitiative-digitalswitzerland\/\"},\"author\":{\"name\":\"Marc Liniger\",\"@id\":\"https:\/\/www.ringier.com\/de\/#\/schema\/person\/1e03be3d98efb061d1ca29fef411db66\"},\"headline\":\"Marc Walder erh\u00e4lt Transformer Award des WORLDWEBFORUMS f\u00fcr seine Verdienste rund um die Standortinitiative digitalswitzerland\",\"datePublished\":\"2018-01-19T14:49:00+00:00\",\"dateModified\":\"2024-11-19T14:57:54+00:00\",\"mainEntityOfPage\":{\"@id\":\"https:\/\/www.ringier.com\/de\/marc-walder-erhaelt-transformer-award-des-worldwebforums-fuer-seine-verdienste-rund-um-die-standortinitiative-digitalswitzerland\/\"},\"wordCount\":496,\"publisher\":{\"@id\":\"https:\/\/www.ringier.com\/de\/#organization\"},\"image\":{\"@id\":\"https:\/\/www.ringier.com\/de\/marc-walder-erhaelt-transformer-award-des-worldwebforums-fuer-seine-verdienste-rund-um-die-standortinitiative-digitalswitzerland\/#primaryimage\"},\"thumbnailUrl\":\"https:\/\/www.ringier.com\/wp-content\/uploads\/2021\/09\/WorldWebForum_Logo_700x300.jpg\",\"articleSection\":[\"Corporate\"],\"inLanguage\":\"de-DE\"},{\"@type\":\"WebPage\",\"@id\":\"https:\/\/www.ringier.com\/de\/marc-walder-erhaelt-transformer-award-des-worldwebforums-fuer-seine-verdienste-rund-um-die-standortinitiative-digitalswitzerland\/\",\"url\":\"https:\/\/www.ringier.com\/de\/marc-walder-erhaelt-transformer-award-des-worldwebforums-fuer-seine-verdienste-rund-um-die-standortinitiative-digitalswitzerland\/\",\"name\":\"Marc Walder erh\u00e4lt Transformer Award des WORLDWEBFORUMS f\u00fcr seine Verdienste rund um die Standortinitiative digitalswitzerland - Ringier\",\"isPartOf\":{\"@id\":\"https:\/\/www.ringier.com\/de\/#website\"},\"primaryImageOfPage\":{\"@id\":\"https:\/\/www.ringier.com\/de\/marc-walder-erhaelt-transformer-award-des-worldwebforums-fuer-seine-verdienste-rund-um-die-standortinitiative-digitalswitzerland\/#primaryimage\"},\"image\":{\"@id\":\"https:\/\/www.ringier.com\/de\/marc-walder-erhaelt-transformer-award-des-worldwebforums-fuer-seine-verdienste-rund-um-die-standortinitiative-digitalswitzerland\/#primaryimage\"},\"thumbnailUrl\":\"https:\/\/www.ringier.com\/wp-content\/uploads\/2021\/09\/WorldWebForum_Logo_700x300.jpg\",\"datePublished\":\"2018-01-19T14:49:00+00:00\",\"dateModified\":\"2024-11-19T14:57:54+00:00\",\"breadcrumb\":{\"@id\":\"https:\/\/www.ringier.com\/de\/marc-walder-erhaelt-transformer-award-des-worldwebforums-fuer-seine-verdienste-rund-um-die-standortinitiative-digitalswitzerland\/#breadcrumb\"},\"inLanguage\":\"de-DE\",\"potentialAction\":[{\"@type\":\"ReadAction\",\"target\":[\"https:\/\/www.ringier.com\/de\/marc-walder-erhaelt-transformer-award-des-worldwebforums-fuer-seine-verdienste-rund-um-die-standortinitiative-digitalswitzerland\/\"]}]},{\"@type\":\"ImageObject\",\"inLanguage\":\"de-DE\",\"@id\":\"https:\/\/www.ringier.com\/de\/marc-walder-erhaelt-transformer-award-des-worldwebforums-fuer-seine-verdienste-rund-um-die-standortinitiative-digitalswitzerland\/#primaryimage\",\"url\":\"https:\/\/www.ringier.com\/wp-content\/uploads\/2021\/09\/WorldWebForum_Logo_700x300.jpg\",\"contentUrl\":\"https:\/\/www.ringier.com\/wp-content\/uploads\/2021\/09\/WorldWebForum_Logo_700x300.jpg\",\"width\":833,\"height\":358},{\"@type\":\"BreadcrumbList\",\"@id\":\"https:\/\/www.ringier.com\/de\/marc-walder-erhaelt-transformer-award-des-worldwebforums-fuer-seine-verdienste-rund-um-die-standortinitiative-digitalswitzerland\/#breadcrumb\",\"itemListElement\":[{\"@type\":\"ListItem\",\"position\":1,\"name\":\"Home\",\"item\":\"https:\/\/www.ringier.com\/de\/\"},{\"@type\":\"ListItem\",\"position\":2,\"name\":\"Marc Walder erh\u00e4lt Transformer Award des WORLDWEBFORUMS f\u00fcr seine Verdienste rund um die Standortinitiative digitalswitzerland\"}]},{\"@type\":\"WebSite\",\"@id\":\"https:\/\/www.ringier.com\/de\/#website\",\"url\":\"https:\/\/www.ringier.com\/de\/\",\"name\":\"Ringier\",\"description\":\"We inform. We entertain. We connect\",\"publisher\":{\"@id\":\"https:\/\/www.ringier.com\/de\/#organization\"},\"potentialAction\":[{\"@type\":\"SearchAction\",\"target\":{\"@type\":\"EntryPoint\",\"urlTemplate\":\"https:\/\/www.ringier.com\/de\/?s={search_term_string}\"},\"query-input\":{\"@type\":\"PropertyValueSpecification\",\"valueRequired\":true,\"valueName\":\"search_term_string\"}}],\"inLanguage\":\"de-DE\"},{\"@type\":\"Organization\",\"@id\":\"https:\/\/www.ringier.com\/de\/#organization\",\"name\":\"Ringier\",\"url\":\"https:\/\/www.ringier.com\/de\/\",\"logo\":{\"@type\":\"ImageObject\",\"inLanguage\":\"de-DE\",\"@id\":\"https:\/\/www.ringier.com\/de\/#\/schema\/logo\/image\/\",\"url\":\"https:\/\/www.ringier.com\/wp-content\/uploads\/2021\/10\/ringier_logo_2.jpg\",\"contentUrl\":\"https:\/\/www.ringier.com\/wp-content\/uploads\/2021\/10\/ringier_logo_2.jpg\",\"width\":750,\"height\":550,\"caption\":\"Ringier\"},\"image\":{\"@id\":\"https:\/\/www.ringier.com\/de\/#\/schema\/logo\/image\/\"},\"sameAs\":[\"https:\/\/www.facebook.com\/ringierag\/\",\"https:\/\/x.com\/ringier_ag\",\"https:\/\/www.instagram.com\/ringier_ag\/\",\"https:\/\/www.linkedin.com\/company\/ringier\/\",\"https:\/\/www.youtube.com\/user\/RingierComm\",\"https:\/\/en.wikipedia.org\/wiki\/Ringier\",\"https:\/\/de.wikipedia.org\/wiki\/Ringier\",\"https:\/\/fr.wikipedia.org\/wiki\/Ringier\",\"https:\/\/www.crunchbase.com\/organization\/ringier-ag\"]},{\"@type\":\"Person\",\"@id\":\"https:\/\/www.ringier.com\/de\/#\/schema\/person\/1e03be3d98efb061d1ca29fef411db66\",\"name\":\"Marc Liniger\",\"image\":{\"@type\":\"ImageObject\",\"inLanguage\":\"de-DE\",\"@id\":\"https:\/\/www.ringier.com\/de\/#\/schema\/person\/image\/\",\"url\":\"https:\/\/secure.gravatar.com\/avatar\/8d184da6aa7bdcc4d1a251ecaf713aa707e2a4c24b859c6360b2b31b83c1020e?s=96&d=mm&r=g\",\"contentUrl\":\"https:\/\/secure.gravatar.com\/avatar\/8d184da6aa7bdcc4d1a251ecaf713aa707e2a4c24b859c6360b2b31b83c1020e?s=96&d=mm&r=g\",\"caption\":\"Marc Liniger\"},\"sameAs\":[\"https:\/\/www.ringier.com\"]}]}<\/script>\n<!-- \/ Yoast SEO Premium plugin. -->","yoast_head_json":{"title":"Marc Walder erh\u00e4lt Transformer Award des WORLDWEBFORUMS f\u00fcr seine Verdienste rund um die Standortinitiative digitalswitzerland - Ringier","robots":{"index":"index","follow":"follow","max-snippet":"max-snippet:-1","max-image-preview":"max-image-preview:large","max-video-preview":"max-video-preview:-1"},"canonical":"https:\/\/www.ringier.com\/de\/marc-walder-erhaelt-transformer-award-des-worldwebforums-fuer-seine-verdienste-rund-um-die-standortinitiative-digitalswitzerland\/","og_locale":"de_DE","og_type":"article","og_title":"Marc Walder erh\u00e4lt Transformer Award des WORLDWEBFORUMS f\u00fcr seine Verdienste rund um die Standortinitiative digitalswitzerland","og_description":"Marc Walder, CEO der Ringier AG, wurde gestern Abend anl\u00e4sslich des 6. WORLDWEBFORUMS, der gr\u00f6ssten Business Konferenz zum Thema Digitalisierung in der Schweiz, mit dem Transformer Award ausgezeichnet.","og_url":"https:\/\/www.ringier.com\/de\/marc-walder-erhaelt-transformer-award-des-worldwebforums-fuer-seine-verdienste-rund-um-die-standortinitiative-digitalswitzerland\/","og_site_name":"Ringier","article_publisher":"https:\/\/www.facebook.com\/ringierag\/","article_published_time":"2018-01-19T14:49:00+00:00","article_modified_time":"2024-11-19T14:57:54+00:00","og_image":[{"width":833,"height":358,"url":"https:\/\/www.ringier.com\/wp-content\/uploads\/2021\/09\/WorldWebForum_Logo_700x300.jpg","type":"image\/jpeg"}],"author":"Marc Liniger","twitter_card":"summary_large_image","twitter_creator":"@ringier_ag","twitter_site":"@ringier_ag","twitter_misc":{"Verfasst von":"Marc Liniger","Gesch\u00e4tzte Lesezeit":"3 Minuten"},"schema":{"@context":"https:\/\/schema.org","@graph":[{"@type":"Article","@id":"https:\/\/www.ringier.com\/de\/marc-walder-erhaelt-transformer-award-des-worldwebforums-fuer-seine-verdienste-rund-um-die-standortinitiative-digitalswitzerland\/#article","isPartOf":{"@id":"https:\/\/www.ringier.com\/de\/marc-walder-erhaelt-transformer-award-des-worldwebforums-fuer-seine-verdienste-rund-um-die-standortinitiative-digitalswitzerland\/"},"author":{"name":"Marc Liniger","@id":"https:\/\/www.ringier.com\/de\/#\/schema\/person\/1e03be3d98efb061d1ca29fef411db66"},"headline":"Marc Walder erh\u00e4lt Transformer Award des WORLDWEBFORUMS f\u00fcr seine Verdienste rund um die Standortinitiative digitalswitzerland","datePublished":"2018-01-19T14:49:00+00:00","dateModified":"2024-11-19T14:57:54+00:00","mainEntityOfPage":{"@id":"https:\/\/www.ringier.com\/de\/marc-walder-erhaelt-transformer-award-des-worldwebforums-fuer-seine-verdienste-rund-um-die-standortinitiative-digitalswitzerland\/"},"wordCount":496,"publisher":{"@id":"https:\/\/www.ringier.com\/de\/#organization"},"image":{"@id":"https:\/\/www.ringier.com\/de\/marc-walder-erhaelt-transformer-award-des-worldwebforums-fuer-seine-verdienste-rund-um-die-standortinitiative-digitalswitzerland\/#primaryimage"},"thumbnailUrl":"https:\/\/www.ringier.com\/wp-content\/uploads\/2021\/09\/WorldWebForum_Logo_700x300.jpg","articleSection":["Corporate"],"inLanguage":"de-DE"},{"@type":"WebPage","@id":"https:\/\/www.ringier.com\/de\/marc-walder-erhaelt-transformer-award-des-worldwebforums-fuer-seine-verdienste-rund-um-die-standortinitiative-digitalswitzerland\/","url":"https:\/\/www.ringier.com\/de\/marc-walder-erhaelt-transformer-award-des-worldwebforums-fuer-seine-verdienste-rund-um-die-standortinitiative-digitalswitzerland\/","name":"Marc Walder erh\u00e4lt Transformer Award des WORLDWEBFORUMS f\u00fcr seine Verdienste rund um die Standortinitiative digitalswitzerland - Ringier","isPartOf":{"@id":"https:\/\/www.ringier.com\/de\/#website"},"primaryImageOfPage":{"@id":"https:\/\/www.ringier.com\/de\/marc-walder-erhaelt-transformer-award-des-worldwebforums-fuer-seine-verdienste-rund-um-die-standortinitiative-digitalswitzerland\/#primaryimage"},"image":{"@id":"https:\/\/www.ringier.com\/de\/marc-walder-erhaelt-transformer-award-des-worldwebforums-fuer-seine-verdienste-rund-um-die-standortinitiative-digitalswitzerland\/#primaryimage"},"thumbnailUrl":"https:\/\/www.ringier.com\/wp-content\/uploads\/2021\/09\/WorldWebForum_Logo_700x300.jpg","datePublished":"2018-01-19T14:49:00+00:00","dateModified":"2024-11-19T14:57:54+00:00","breadcrumb":{"@id":"https:\/\/www.ringier.com\/de\/marc-walder-erhaelt-transformer-award-des-worldwebforums-fuer-seine-verdienste-rund-um-die-standortinitiative-digitalswitzerland\/#breadcrumb"},"inLanguage":"de-DE","potentialAction":[{"@type":"ReadAction","target":["https:\/\/www.ringier.com\/de\/marc-walder-erhaelt-transformer-award-des-worldwebforums-fuer-seine-verdienste-rund-um-die-standortinitiative-digitalswitzerland\/"]}]},{"@type":"ImageObject","inLanguage":"de-DE","@id":"https:\/\/www.ringier.com\/de\/marc-walder-erhaelt-transformer-award-des-worldwebforums-fuer-seine-verdienste-rund-um-die-standortinitiative-digitalswitzerland\/#primaryimage","url":"https:\/\/www.ringier.com\/wp-content\/uploads\/2021\/09\/WorldWebForum_Logo_700x300.jpg","contentUrl":"https:\/\/www.ringier.com\/wp-content\/uploads\/2021\/09\/WorldWebForum_Logo_700x300.jpg","width":833,"height":358},{"@type":"BreadcrumbList","@id":"https:\/\/www.ringier.com\/de\/marc-walder-erhaelt-transformer-award-des-worldwebforums-fuer-seine-verdienste-rund-um-die-standortinitiative-digitalswitzerland\/#breadcrumb","itemListElement":[{"@type":"ListItem","position":1,"name":"Home","item":"https:\/\/www.ringier.com\/de\/"},{"@type":"ListItem","position":2,"name":"Marc Walder erh\u00e4lt Transformer Award des WORLDWEBFORUMS f\u00fcr seine Verdienste rund um die Standortinitiative digitalswitzerland"}]},{"@type":"WebSite","@id":"https:\/\/www.ringier.com\/de\/#website","url":"https:\/\/www.ringier.com\/de\/","name":"Ringier","description":"We inform. We entertain. We connect","publisher":{"@id":"https:\/\/www.ringier.com\/de\/#organization"},"potentialAction":[{"@type":"SearchAction","target":{"@type":"EntryPoint","urlTemplate":"https:\/\/www.ringier.com\/de\/?s={search_term_string}"},"query-input":{"@type":"PropertyValueSpecification","valueRequired":true,"valueName":"search_term_string"}}],"inLanguage":"de-DE"},{"@type":"Organization","@id":"https:\/\/www.ringier.com\/de\/#organization","name":"Ringier","url":"https:\/\/www.ringier.com\/de\/","logo":{"@type":"ImageObject","inLanguage":"de-DE","@id":"https:\/\/www.ringier.com\/de\/#\/schema\/logo\/image\/","url":"https:\/\/www.ringier.com\/wp-content\/uploads\/2021\/10\/ringier_logo_2.jpg","contentUrl":"https:\/\/www.ringier.com\/wp-content\/uploads\/2021\/10\/ringier_logo_2.jpg","width":750,"height":550,"caption":"Ringier"},"image":{"@id":"https:\/\/www.ringier.com\/de\/#\/schema\/logo\/image\/"},"sameAs":["https:\/\/www.facebook.com\/ringierag\/","https:\/\/x.com\/ringier_ag","https:\/\/www.instagram.com\/ringier_ag\/","https:\/\/www.linkedin.com\/company\/ringier\/","https:\/\/www.youtube.com\/user\/RingierComm","https:\/\/en.wikipedia.org\/wiki\/Ringier","https:\/\/de.wikipedia.org\/wiki\/Ringier","https:\/\/fr.wikipedia.org\/wiki\/Ringier","https:\/\/www.crunchbase.com\/organization\/ringier-ag"]},{"@type":"Person","@id":"https:\/\/www.ringier.com\/de\/#\/schema\/person\/1e03be3d98efb061d1ca29fef411db66","name":"Marc Liniger","image":{"@type":"ImageObject","inLanguage":"de-DE","@id":"https:\/\/www.ringier.com\/de\/#\/schema\/person\/image\/","url":"https:\/\/secure.gravatar.com\/avatar\/8d184da6aa7bdcc4d1a251ecaf713aa707e2a4c24b859c6360b2b31b83c1020e?s=96&d=mm&r=g","contentUrl":"https:\/\/secure.gravatar.com\/avatar\/8d184da6aa7bdcc4d1a251ecaf713aa707e2a4c24b859c6360b2b31b83c1020e?s=96&d=mm&r=g","caption":"Marc Liniger"},"sameAs":["https:\/\/www.ringier.com"]}]}},"_links":{"self":[{"href":"https:\/\/www.ringier.com\/de\/wp-json\/wp\/v2\/posts\/9467","targetHints":{"allow":["GET"]}}],"collection":[{"href":"https:\/\/www.ringier.com\/de\/wp-json\/wp\/v2\/posts"}],"about":[{"href":"https:\/\/www.ringier.com\/de\/wp-json\/wp\/v2\/types\/post"}],"author":[{"embeddable":true,"href":"https:\/\/www.ringier.com\/de\/wp-json\/wp\/v2\/users\/7"}],"replies":[{"embeddable":true,"href":"https:\/\/www.ringier.com\/de\/wp-json\/wp\/v2\/comments?post=9467"}],"version-history":[{"count":0,"href":"https:\/\/www.ringier.com\/de\/wp-json\/wp\/v2\/posts\/9467\/revisions"}],"wp:featuredmedia":[{"embeddable":true,"href":"https:\/\/www.ringier.com\/de\/wp-json\/wp\/v2\/media\/9468"}],"wp:attachment":[{"href":"https:\/\/www.ringier.com\/de\/wp-json\/wp\/v2\/media?parent=9467"}],"wp:term":[{"taxonomy":"category","embeddable":true,"href":"https:\/\/www.ringier.com\/de\/wp-json\/wp\/v2\/categories?post=9467"},{"taxonomy":"post_tag","embeddable":true,"href":"https:\/\/www.ringier.com\/de\/wp-json\/wp\/v2\/tags?post=9467"}],"curies":[{"name":"wp","href":"https:\/\/api.w.org\/{rel}","templated":true}]}}