{"id":9442,"date":"2010-04-08T13:41:00","date_gmt":"2010-04-08T11:41:00","guid":{"rendered":"https:\/\/www.ringier.com\/john-baldessari-styles-the-ringier-annual-report-2009\/"},"modified":"2024-11-29T17:04:26","modified_gmt":"2024-11-29T16:04:26","slug":"john-baldessari-gestaltete-den-ringier-jahresbericht-2009","status":"publish","type":"post","link":"https:\/\/www.ringier.com\/de\/john-baldessari-gestaltete-den-ringier-jahresbericht-2009\/","title":{"rendered":"John Baldessari gestaltete den Ringier Jahresbericht 2009"},"content":{"rendered":"\n<p>John Baldessari wurde 1931 geboren. Der Amerikaner ist einer der bedeutendsten Vertreter der Konzeptkunst und eine der wichtigsten Figuren der zeitgen\u00f6ssischen Kunst seit den 1960er Jahren. Seit er 1970 in dem Aufsehen erregenden \u00abCremation Project\u00bb s\u00e4mtliche seiner zwischen 1953 und 1966 entstandenen Malereien verbrennen liess, kreist seine Arbeit um die Wechselbeziehungen zwischen den beiden Ausdrucksformen Sprache und Bild. Seither verwendet der K\u00fcnstler Bildmaterial aus den Massenmedien, das er in vielen Werkgruppen mit Schrift kombinierte.\u00a0<\/p>\n\n\n\n<p>Beatrix Ruf, Kuratorin der Ringier Sammlung und Direktorin der Kunsthalle Z\u00fcrich, schreibt \u00fcber den K\u00fcnstler: \u00abJohn Baldessari jongliert mit Themen der Komposition, der Auslassung und des Rhythmisierens. \u00dcber die Abfolge der Seiten des Gesch\u00e4ftsberichts k\u00f6nnte man sich ein Gesamtbild zusammensetzen, aber auch seine Erinnerungen und seine Voreingenommenheiten pr\u00fcfen. Mit fragmentierten Bildinformationen stellt Baldessari Bez\u00fcge her zum allgemeinen Umgang mit Informationen und ihrer Konstruktion und dies in einem Gesch\u00e4ftsbericht eines Medienunternehmens, das selbst mit der Evokation, Erinnerung und Manipulierbarkeit von Bildern t\u00e4glich umgeht.\u00bb Und Michael Ringier selbst begr\u00fcndet die Wahl des K\u00fcnstlers so: \u00abUnsere Journalisten d\u00fcrfen sich John Baldessari uneingeschr\u00e4nkt zum Vorbild nehmen.\u00bb Denn eines seiner bekanntesten Werke heisst: \u00abI will not make any more boring art\u00bb. Michael Ringier schmunzelt: \u00abWas f\u00fcr Baldessaris Kunst gilt, sollte auch f\u00fcr unsere Journalisten in allen L\u00e4ndern eine Verpflichtung sein.\u00bb\u00a0<\/p>\n\n\n\n<p>Der Ringier Jahresbericht ist in den Sprachen Deutsch, Englisch und Franz\u00f6sisch erh\u00e4ltlich.\u00a0<\/p>\n\n\n\n<p>Ringier Group Communications<\/p>\n","protected":false},"excerpt":{"rendered":"<p>Zurich: <\/p>\n<p>Mit John Baldessari gestaltete wiederum ein K\u00fcnstler den Ringier Jahresbericht.<\/p>\n","protected":false},"author":23,"featured_media":5763,"comment_status":"closed","ping_status":"open","sticky":false,"template":"","format":"standard","meta":{"inline_featured_image":false,"footnotes":""},"categories":[44,376,371,378],"tags":[],"class_list":["post-9442","post","type-post","status-publish","format-standard","has-post-thumbnail","hentry","category-corporate-de","category-marketplaces-de","category-media-de","category-technology-de"],"yoast_head":"<!-- This site is optimized with the Yoast SEO Premium plugin v27.0 (Yoast SEO v27.0) - https:\/\/yoast.com\/product\/yoast-seo-premium-wordpress\/ -->\n<title>John Baldessari gestaltete den Ringier Jahresbericht 2009 - Ringier<\/title>\n<meta name=\"robots\" content=\"index, follow, max-snippet:-1, max-image-preview:large, max-video-preview:-1\" \/>\n<link rel=\"canonical\" href=\"https:\/\/www.ringier.com\/de\/john-baldessari-gestaltete-den-ringier-jahresbericht-2009\/\" \/>\n<meta property=\"og:locale\" content=\"de_DE\" \/>\n<meta property=\"og:type\" content=\"article\" \/>\n<meta property=\"og:title\" content=\"John Baldessari gestaltete den Ringier Jahresbericht 2009\" \/>\n<meta property=\"og:description\" content=\"Zurich:  Mit John Baldessari gestaltete wiederum ein K\u00fcnstler den Ringier Jahresbericht.\" \/>\n<meta property=\"og:url\" content=\"https:\/\/www.ringier.com\/de\/john-baldessari-gestaltete-den-ringier-jahresbericht-2009\/\" \/>\n<meta property=\"og:site_name\" content=\"Ringier\" \/>\n<meta property=\"article:publisher\" content=\"https:\/\/www.facebook.com\/ringierag\/\" \/>\n<meta property=\"article:published_time\" content=\"2010-04-08T11:41:00+00:00\" \/>\n<meta property=\"article:modified_time\" content=\"2024-11-29T16:04:26+00:00\" \/>\n<meta property=\"og:image\" content=\"https:\/\/www.ringier.com\/wp-content\/uploads\/2013\/03\/Press-Release-Default.png\" \/>\n\t<meta property=\"og:image:width\" content=\"8001\" \/>\n\t<meta property=\"og:image:height\" content=\"4201\" \/>\n\t<meta property=\"og:image:type\" content=\"image\/png\" \/>\n<meta name=\"author\" content=\"Ringier Corporate Communications\" \/>\n<meta name=\"twitter:card\" content=\"summary_large_image\" \/>\n<meta name=\"twitter:creator\" content=\"@ringier_ag\" \/>\n<meta name=\"twitter:site\" content=\"@ringier_ag\" \/>\n<meta name=\"twitter:label1\" content=\"Verfasst von\" \/>\n\t<meta name=\"twitter:data1\" content=\"Ringier Corporate Communications\" \/>\n\t<meta name=\"twitter:label2\" content=\"Gesch\u00e4tzte Lesezeit\" \/>\n\t<meta name=\"twitter:data2\" content=\"2 Minuten\" \/>\n<script type=\"application\/ld+json\" class=\"yoast-schema-graph\">{\"@context\":\"https:\/\/schema.org\",\"@graph\":[{\"@type\":\"Article\",\"@id\":\"https:\/\/www.ringier.com\/de\/john-baldessari-gestaltete-den-ringier-jahresbericht-2009\/#article\",\"isPartOf\":{\"@id\":\"https:\/\/www.ringier.com\/de\/john-baldessari-gestaltete-den-ringier-jahresbericht-2009\/\"},\"author\":{\"name\":\"Ringier Corporate Communications\",\"@id\":\"https:\/\/www.ringier.com\/de\/#\/schema\/person\/4cf76a308dc4b2bb5121bd1e7b752e52\"},\"headline\":\"John Baldessari gestaltete den Ringier Jahresbericht 2009\",\"datePublished\":\"2010-04-08T11:41:00+00:00\",\"dateModified\":\"2024-11-29T16:04:26+00:00\",\"mainEntityOfPage\":{\"@id\":\"https:\/\/www.ringier.com\/de\/john-baldessari-gestaltete-den-ringier-jahresbericht-2009\/\"},\"wordCount\":246,\"publisher\":{\"@id\":\"https:\/\/www.ringier.com\/de\/#organization\"},\"image\":{\"@id\":\"https:\/\/www.ringier.com\/de\/john-baldessari-gestaltete-den-ringier-jahresbericht-2009\/#primaryimage\"},\"thumbnailUrl\":\"https:\/\/www.ringier.com\/wp-content\/uploads\/2013\/03\/Press-Release-Default.png\",\"articleSection\":[\"Corporate\",\"Marketplaces\",\"Media\",\"Technology\"],\"inLanguage\":\"de-DE\"},{\"@type\":\"WebPage\",\"@id\":\"https:\/\/www.ringier.com\/de\/john-baldessari-gestaltete-den-ringier-jahresbericht-2009\/\",\"url\":\"https:\/\/www.ringier.com\/de\/john-baldessari-gestaltete-den-ringier-jahresbericht-2009\/\",\"name\":\"John Baldessari gestaltete den Ringier Jahresbericht 2009 - Ringier\",\"isPartOf\":{\"@id\":\"https:\/\/www.ringier.com\/de\/#website\"},\"primaryImageOfPage\":{\"@id\":\"https:\/\/www.ringier.com\/de\/john-baldessari-gestaltete-den-ringier-jahresbericht-2009\/#primaryimage\"},\"image\":{\"@id\":\"https:\/\/www.ringier.com\/de\/john-baldessari-gestaltete-den-ringier-jahresbericht-2009\/#primaryimage\"},\"thumbnailUrl\":\"https:\/\/www.ringier.com\/wp-content\/uploads\/2013\/03\/Press-Release-Default.png\",\"datePublished\":\"2010-04-08T11:41:00+00:00\",\"dateModified\":\"2024-11-29T16:04:26+00:00\",\"breadcrumb\":{\"@id\":\"https:\/\/www.ringier.com\/de\/john-baldessari-gestaltete-den-ringier-jahresbericht-2009\/#breadcrumb\"},\"inLanguage\":\"de-DE\",\"potentialAction\":[{\"@type\":\"ReadAction\",\"target\":[\"https:\/\/www.ringier.com\/de\/john-baldessari-gestaltete-den-ringier-jahresbericht-2009\/\"]}]},{\"@type\":\"ImageObject\",\"inLanguage\":\"de-DE\",\"@id\":\"https:\/\/www.ringier.com\/de\/john-baldessari-gestaltete-den-ringier-jahresbericht-2009\/#primaryimage\",\"url\":\"https:\/\/www.ringier.com\/wp-content\/uploads\/2013\/03\/Press-Release-Default.png\",\"contentUrl\":\"https:\/\/www.ringier.com\/wp-content\/uploads\/2013\/03\/Press-Release-Default.png\",\"width\":8001,\"height\":4201},{\"@type\":\"BreadcrumbList\",\"@id\":\"https:\/\/www.ringier.com\/de\/john-baldessari-gestaltete-den-ringier-jahresbericht-2009\/#breadcrumb\",\"itemListElement\":[{\"@type\":\"ListItem\",\"position\":1,\"name\":\"Home\",\"item\":\"https:\/\/www.ringier.com\/de\/\"},{\"@type\":\"ListItem\",\"position\":2,\"name\":\"John Baldessari gestaltete den Ringier Jahresbericht 2009\"}]},{\"@type\":\"WebSite\",\"@id\":\"https:\/\/www.ringier.com\/de\/#website\",\"url\":\"https:\/\/www.ringier.com\/de\/\",\"name\":\"Ringier\",\"description\":\"We inform. We entertain. We connect\",\"publisher\":{\"@id\":\"https:\/\/www.ringier.com\/de\/#organization\"},\"potentialAction\":[{\"@type\":\"SearchAction\",\"target\":{\"@type\":\"EntryPoint\",\"urlTemplate\":\"https:\/\/www.ringier.com\/de\/?s={search_term_string}\"},\"query-input\":{\"@type\":\"PropertyValueSpecification\",\"valueRequired\":true,\"valueName\":\"search_term_string\"}}],\"inLanguage\":\"de-DE\"},{\"@type\":\"Organization\",\"@id\":\"https:\/\/www.ringier.com\/de\/#organization\",\"name\":\"Ringier\",\"url\":\"https:\/\/www.ringier.com\/de\/\",\"logo\":{\"@type\":\"ImageObject\",\"inLanguage\":\"de-DE\",\"@id\":\"https:\/\/www.ringier.com\/de\/#\/schema\/logo\/image\/\",\"url\":\"https:\/\/www.ringier.com\/wp-content\/uploads\/2021\/10\/ringier_logo_2.jpg\",\"contentUrl\":\"https:\/\/www.ringier.com\/wp-content\/uploads\/2021\/10\/ringier_logo_2.jpg\",\"width\":750,\"height\":550,\"caption\":\"Ringier\"},\"image\":{\"@id\":\"https:\/\/www.ringier.com\/de\/#\/schema\/logo\/image\/\"},\"sameAs\":[\"https:\/\/www.facebook.com\/ringierag\/\",\"https:\/\/x.com\/ringier_ag\",\"https:\/\/www.instagram.com\/ringier_ag\/\",\"https:\/\/www.linkedin.com\/company\/ringier\/\",\"https:\/\/www.youtube.com\/user\/RingierComm\",\"https:\/\/en.wikipedia.org\/wiki\/Ringier\",\"https:\/\/de.wikipedia.org\/wiki\/Ringier\",\"https:\/\/fr.wikipedia.org\/wiki\/Ringier\",\"https:\/\/www.crunchbase.com\/organization\/ringier-ag\"]},{\"@type\":\"Person\",\"@id\":\"https:\/\/www.ringier.com\/de\/#\/schema\/person\/4cf76a308dc4b2bb5121bd1e7b752e52\",\"name\":\"Ringier Corporate Communications\",\"image\":{\"@type\":\"ImageObject\",\"inLanguage\":\"de-DE\",\"@id\":\"https:\/\/www.ringier.com\/de\/#\/schema\/person\/image\/\",\"url\":\"https:\/\/secure.gravatar.com\/avatar\/9391e20481368d5df4fe3e1e476c13b27786347489822ec1ed07e532bb41f587?s=96&d=mm&r=g\",\"contentUrl\":\"https:\/\/secure.gravatar.com\/avatar\/9391e20481368d5df4fe3e1e476c13b27786347489822ec1ed07e532bb41f587?s=96&d=mm&r=g\",\"caption\":\"Ringier Corporate Communications\"},\"sameAs\":[\"https:\/\/www.ringier.com\"]}]}<\/script>\n<!-- \/ Yoast SEO Premium plugin. -->","yoast_head_json":{"title":"John Baldessari gestaltete den Ringier Jahresbericht 2009 - Ringier","robots":{"index":"index","follow":"follow","max-snippet":"max-snippet:-1","max-image-preview":"max-image-preview:large","max-video-preview":"max-video-preview:-1"},"canonical":"https:\/\/www.ringier.com\/de\/john-baldessari-gestaltete-den-ringier-jahresbericht-2009\/","og_locale":"de_DE","og_type":"article","og_title":"John Baldessari gestaltete den Ringier Jahresbericht 2009","og_description":"Zurich:  Mit John Baldessari gestaltete wiederum ein K\u00fcnstler den Ringier Jahresbericht.","og_url":"https:\/\/www.ringier.com\/de\/john-baldessari-gestaltete-den-ringier-jahresbericht-2009\/","og_site_name":"Ringier","article_publisher":"https:\/\/www.facebook.com\/ringierag\/","article_published_time":"2010-04-08T11:41:00+00:00","article_modified_time":"2024-11-29T16:04:26+00:00","og_image":[{"width":8001,"height":4201,"url":"https:\/\/www.ringier.com\/wp-content\/uploads\/2013\/03\/Press-Release-Default.png","type":"image\/png"}],"author":"Ringier Corporate Communications","twitter_card":"summary_large_image","twitter_creator":"@ringier_ag","twitter_site":"@ringier_ag","twitter_misc":{"Verfasst von":"Ringier Corporate Communications","Gesch\u00e4tzte Lesezeit":"2 Minuten"},"schema":{"@context":"https:\/\/schema.org","@graph":[{"@type":"Article","@id":"https:\/\/www.ringier.com\/de\/john-baldessari-gestaltete-den-ringier-jahresbericht-2009\/#article","isPartOf":{"@id":"https:\/\/www.ringier.com\/de\/john-baldessari-gestaltete-den-ringier-jahresbericht-2009\/"},"author":{"name":"Ringier Corporate Communications","@id":"https:\/\/www.ringier.com\/de\/#\/schema\/person\/4cf76a308dc4b2bb5121bd1e7b752e52"},"headline":"John Baldessari gestaltete den Ringier Jahresbericht 2009","datePublished":"2010-04-08T11:41:00+00:00","dateModified":"2024-11-29T16:04:26+00:00","mainEntityOfPage":{"@id":"https:\/\/www.ringier.com\/de\/john-baldessari-gestaltete-den-ringier-jahresbericht-2009\/"},"wordCount":246,"publisher":{"@id":"https:\/\/www.ringier.com\/de\/#organization"},"image":{"@id":"https:\/\/www.ringier.com\/de\/john-baldessari-gestaltete-den-ringier-jahresbericht-2009\/#primaryimage"},"thumbnailUrl":"https:\/\/www.ringier.com\/wp-content\/uploads\/2013\/03\/Press-Release-Default.png","articleSection":["Corporate","Marketplaces","Media","Technology"],"inLanguage":"de-DE"},{"@type":"WebPage","@id":"https:\/\/www.ringier.com\/de\/john-baldessari-gestaltete-den-ringier-jahresbericht-2009\/","url":"https:\/\/www.ringier.com\/de\/john-baldessari-gestaltete-den-ringier-jahresbericht-2009\/","name":"John Baldessari gestaltete den Ringier Jahresbericht 2009 - Ringier","isPartOf":{"@id":"https:\/\/www.ringier.com\/de\/#website"},"primaryImageOfPage":{"@id":"https:\/\/www.ringier.com\/de\/john-baldessari-gestaltete-den-ringier-jahresbericht-2009\/#primaryimage"},"image":{"@id":"https:\/\/www.ringier.com\/de\/john-baldessari-gestaltete-den-ringier-jahresbericht-2009\/#primaryimage"},"thumbnailUrl":"https:\/\/www.ringier.com\/wp-content\/uploads\/2013\/03\/Press-Release-Default.png","datePublished":"2010-04-08T11:41:00+00:00","dateModified":"2024-11-29T16:04:26+00:00","breadcrumb":{"@id":"https:\/\/www.ringier.com\/de\/john-baldessari-gestaltete-den-ringier-jahresbericht-2009\/#breadcrumb"},"inLanguage":"de-DE","potentialAction":[{"@type":"ReadAction","target":["https:\/\/www.ringier.com\/de\/john-baldessari-gestaltete-den-ringier-jahresbericht-2009\/"]}]},{"@type":"ImageObject","inLanguage":"de-DE","@id":"https:\/\/www.ringier.com\/de\/john-baldessari-gestaltete-den-ringier-jahresbericht-2009\/#primaryimage","url":"https:\/\/www.ringier.com\/wp-content\/uploads\/2013\/03\/Press-Release-Default.png","contentUrl":"https:\/\/www.ringier.com\/wp-content\/uploads\/2013\/03\/Press-Release-Default.png","width":8001,"height":4201},{"@type":"BreadcrumbList","@id":"https:\/\/www.ringier.com\/de\/john-baldessari-gestaltete-den-ringier-jahresbericht-2009\/#breadcrumb","itemListElement":[{"@type":"ListItem","position":1,"name":"Home","item":"https:\/\/www.ringier.com\/de\/"},{"@type":"ListItem","position":2,"name":"John Baldessari gestaltete den Ringier Jahresbericht 2009"}]},{"@type":"WebSite","@id":"https:\/\/www.ringier.com\/de\/#website","url":"https:\/\/www.ringier.com\/de\/","name":"Ringier","description":"We inform. We entertain. We connect","publisher":{"@id":"https:\/\/www.ringier.com\/de\/#organization"},"potentialAction":[{"@type":"SearchAction","target":{"@type":"EntryPoint","urlTemplate":"https:\/\/www.ringier.com\/de\/?s={search_term_string}"},"query-input":{"@type":"PropertyValueSpecification","valueRequired":true,"valueName":"search_term_string"}}],"inLanguage":"de-DE"},{"@type":"Organization","@id":"https:\/\/www.ringier.com\/de\/#organization","name":"Ringier","url":"https:\/\/www.ringier.com\/de\/","logo":{"@type":"ImageObject","inLanguage":"de-DE","@id":"https:\/\/www.ringier.com\/de\/#\/schema\/logo\/image\/","url":"https:\/\/www.ringier.com\/wp-content\/uploads\/2021\/10\/ringier_logo_2.jpg","contentUrl":"https:\/\/www.ringier.com\/wp-content\/uploads\/2021\/10\/ringier_logo_2.jpg","width":750,"height":550,"caption":"Ringier"},"image":{"@id":"https:\/\/www.ringier.com\/de\/#\/schema\/logo\/image\/"},"sameAs":["https:\/\/www.facebook.com\/ringierag\/","https:\/\/x.com\/ringier_ag","https:\/\/www.instagram.com\/ringier_ag\/","https:\/\/www.linkedin.com\/company\/ringier\/","https:\/\/www.youtube.com\/user\/RingierComm","https:\/\/en.wikipedia.org\/wiki\/Ringier","https:\/\/de.wikipedia.org\/wiki\/Ringier","https:\/\/fr.wikipedia.org\/wiki\/Ringier","https:\/\/www.crunchbase.com\/organization\/ringier-ag"]},{"@type":"Person","@id":"https:\/\/www.ringier.com\/de\/#\/schema\/person\/4cf76a308dc4b2bb5121bd1e7b752e52","name":"Ringier Corporate Communications","image":{"@type":"ImageObject","inLanguage":"de-DE","@id":"https:\/\/www.ringier.com\/de\/#\/schema\/person\/image\/","url":"https:\/\/secure.gravatar.com\/avatar\/9391e20481368d5df4fe3e1e476c13b27786347489822ec1ed07e532bb41f587?s=96&d=mm&r=g","contentUrl":"https:\/\/secure.gravatar.com\/avatar\/9391e20481368d5df4fe3e1e476c13b27786347489822ec1ed07e532bb41f587?s=96&d=mm&r=g","caption":"Ringier Corporate Communications"},"sameAs":["https:\/\/www.ringier.com"]}]}},"_links":{"self":[{"href":"https:\/\/www.ringier.com\/de\/wp-json\/wp\/v2\/posts\/9442","targetHints":{"allow":["GET"]}}],"collection":[{"href":"https:\/\/www.ringier.com\/de\/wp-json\/wp\/v2\/posts"}],"about":[{"href":"https:\/\/www.ringier.com\/de\/wp-json\/wp\/v2\/types\/post"}],"author":[{"embeddable":true,"href":"https:\/\/www.ringier.com\/de\/wp-json\/wp\/v2\/users\/23"}],"replies":[{"embeddable":true,"href":"https:\/\/www.ringier.com\/de\/wp-json\/wp\/v2\/comments?post=9442"}],"version-history":[{"count":0,"href":"https:\/\/www.ringier.com\/de\/wp-json\/wp\/v2\/posts\/9442\/revisions"}],"wp:featuredmedia":[{"embeddable":true,"href":"https:\/\/www.ringier.com\/de\/wp-json\/wp\/v2\/media\/5763"}],"wp:attachment":[{"href":"https:\/\/www.ringier.com\/de\/wp-json\/wp\/v2\/media?parent=9442"}],"wp:term":[{"taxonomy":"category","embeddable":true,"href":"https:\/\/www.ringier.com\/de\/wp-json\/wp\/v2\/categories?post=9442"},{"taxonomy":"post_tag","embeddable":true,"href":"https:\/\/www.ringier.com\/de\/wp-json\/wp\/v2\/tags?post=9442"}],"curies":[{"name":"wp","href":"https:\/\/api.w.org\/{rel}","templated":true}]}}