{"id":9385,"date":"2010-06-28T10:24:00","date_gmt":"2010-06-28T08:24:00","guid":{"rendered":"https:\/\/www.ringier.com\/rose-dor-thomas-hermanns-is-coming-to-lucerne\/"},"modified":"2021-09-30T10:37:30","modified_gmt":"2021-09-30T08:37:30","slug":"rose-dor-thomas-hermanns-kommt-nach-luzern","status":"publish","type":"post","link":"https:\/\/www.ringier.com\/de\/rose-dor-thomas-hermanns-kommt-nach-luzern\/","title":{"rendered":"Rose d\u2019Or \u2013 Thomas Hermanns kommt nach Luzern"},"content":{"rendered":"\n<p>Mit seiner Live Show \u00abQuatsch Comedy Club\u00bb brachte Thomas Hermanns 1992 die Stand-up Comedy nach Deutschland. Die gleichnamige TV-Show wird seit 1996 von ProSieben ausgestrahlt und ist das am l\u00e4ngsten laufende Comedy-Format im deutschen Fernsehen. Hermanns inszeniert ausserdem Shows f\u00fcr bekannte deutsche Comedy-Stars wie Michael Mittermaier und Kaya Yanar. F\u00fcr seine Arbeit ist er mit dem \u00abDeutschen Comedypreis\u00bb und der \u00abGoldenen Kamera 2006\u00bb ausgezeichnet worden.\u00a0<\/p>\n\n\n\n<p>Beigetragen zum Erfolg des deutschen Entertainers hat wohl auch die Rose d&#8217;Or, eines der weltweit bedeutendsten Festivals der Fernsehunterhaltung. \u00abIm Bereich \u2039Gutes Entertainment\u203a war die Rose schon am Anfang meiner Karriere mein Drogenlieferant!\u00bb, sagt Hermanns. Seit den sp\u00e4ten 80er-Jahren sei er immer wieder zum Festival gefahren und habe sich drei Tage lang Programme angesehen. \u00abFrisch inspiriert eilten wir danach immer nach Deutschland zur\u00fcck und versuchten, so gut wie BBC zu sein. In so einer Aufbruchstimmung ist auch die Fernsehversion des \u2039Quatsch Comedy Club\u203a entstanden &#8211; tape local, but think global! Inspired by the Rose.\u00bb\u00a0<\/p>\n\n\n\n<p><strong>Tickets f\u00fcr Comedy Night ab Ende Juli erh\u00e4ltlich<\/strong><\/p>\n\n\n\n<p>Im Jubil\u00e4umsjahr ist Hermanns wieder bei der Rose d&#8217;Or dabei &#8211; in einer tragenden Rolle. Der Comedian wird zwei Highlights des Festivals moderieren: den Er\u00f6ffnungsabend des Festivals am Samstag, 18. September, und die traditionelle Comedy Night am Dienstag, 21. September. Thomas Hermanns freut sich heute schon auf seine Reise nach Luzern: \u00abVor allem auf den Kontakt mit den internationalen Humorfachkr\u00e4ften! Wir in Deutschland sind durch den starken und reichen Markt im Blick oft zu beschr\u00e4nkt auf die deutschen Sichtweisen und den deutschen Geschmack. Ein internationales Festival \u00f6ffnet uns immer wieder die Augen.\u00bb\u00a0<\/p>\n\n\n\n<p>W\u00e4hrend es sich beim Er\u00f6ffnungsabend um eine geschlossene Veranstaltung f\u00fcr Vertreter der TV-Unterhaltungsindustrie und geladene G\u00e4ste handelt, ist die Comedy Night \u00f6ffentlich. Sie findet im Hotel Schweizerhof Luzern, dem Festivalzentrum statt. Tickets sind ab Ende Juli erh\u00e4ltlich.\u00a0<\/p>\n\n\n\n<p><em>Weitere Informationen finden Sie auf www.rosedor.ch<\/em><\/p>\n\n\n\n<p><strong>Rose d&#8217;Or &#8211; der wichtigste Preis der TV-Unterhaltungsbranche<\/strong><\/p>\n\n\n\n<p>Rose d&#8217;Or ist eines der weltweit bedeutendsten Festivals der Fernsehunterhaltung. Es wurde 1961 in Montreux gegr\u00fcndet und findet seit 2004 in Luzern statt. Am Rose d&#8217;Or-Festival nehmen Fernseh-schaffende, Produzenten, Verantwortliche von privaten und \u00f6ffentlich-rechtlichen Fernsehstationen und Leiter von Produktionsfirmen aus \u00fcber 40 L\u00e4ndern teil. Das Festival ist seit seiner Gr\u00fcndung eine wichtige Netzwerkplattform der TV-Unterhaltungsindustrie und ein Marktplatz der Ideen. Den H\u00f6hepunkt von Rose d&#8217;Or setzt die glanzvolle Awards Ceremony, bei der die Goldenen Rosen f\u00fcr die besten TV-Unterhaltungsprogramme verliehen werden. Mit den begehrten Awards zeichnet die Rose d&#8217;Or Originalit\u00e4t, Qualit\u00e4t und Kreativit\u00e4t aus und setzt Standards in der Fernsehunterhaltung.<\/p>\n","protected":false},"excerpt":{"rendered":"<p>Luzern: <\/p>\n<p>Der Comedy-Star Thomas Hermanns, der durch den \u00abQuatsch Comedy Club\u00bb bekannt wurde und als Vater des deutschen Stand-up-Comedy-Booms gilt, moderiert am Jubil\u00e4umsfestival der Rose d&#8217;Or Er\u00f6ffnungsabend und Comedy Night.<\/p>\n","protected":false},"author":23,"featured_media":9384,"comment_status":"closed","ping_status":"open","sticky":false,"template":"","format":"standard","meta":{"inline_featured_image":false,"footnotes":""},"categories":[376,371],"tags":[],"class_list":["post-9385","post","type-post","status-publish","format-standard","has-post-thumbnail","hentry","category-marketplaces-de","category-media-de"],"yoast_head":"<!-- This site is optimized with the Yoast SEO Premium plugin v27.0 (Yoast SEO v27.0) - https:\/\/yoast.com\/product\/yoast-seo-premium-wordpress\/ -->\n<title>Rose d\u2019Or \u2013 Thomas Hermanns kommt nach Luzern - Ringier<\/title>\n<meta name=\"robots\" content=\"index, follow, max-snippet:-1, max-image-preview:large, max-video-preview:-1\" \/>\n<link rel=\"canonical\" href=\"https:\/\/www.ringier.com\/de\/rose-dor-thomas-hermanns-kommt-nach-luzern\/\" \/>\n<meta property=\"og:locale\" content=\"de_DE\" \/>\n<meta property=\"og:type\" content=\"article\" \/>\n<meta property=\"og:title\" content=\"Rose d\u2019Or \u2013 Thomas Hermanns kommt nach Luzern\" \/>\n<meta property=\"og:description\" content=\"Luzern:  Der Comedy-Star Thomas Hermanns, der durch den \u00abQuatsch Comedy Club\u00bb bekannt wurde und als Vater des deutschen Stand-up-Comedy-Booms gilt, moderiert am Jubil\u00e4umsfestival der Rose d&#039;Or Er\u00f6ffnungsabend und Comedy Night.\" \/>\n<meta property=\"og:url\" content=\"https:\/\/www.ringier.com\/de\/rose-dor-thomas-hermanns-kommt-nach-luzern\/\" \/>\n<meta property=\"og:site_name\" content=\"Ringier\" \/>\n<meta property=\"article:publisher\" content=\"https:\/\/www.facebook.com\/ringierag\/\" \/>\n<meta property=\"article:published_time\" content=\"2010-06-28T08:24:00+00:00\" \/>\n<meta property=\"article:modified_time\" content=\"2021-09-30T08:37:30+00:00\" \/>\n<meta property=\"og:image\" content=\"https:\/\/www.ringier.com\/wp-content\/uploads\/2021\/09\/thomas_hermanns-July-2010.jpg\" \/>\n\t<meta property=\"og:image:width\" content=\"100\" \/>\n\t<meta property=\"og:image:height\" content=\"75\" \/>\n\t<meta property=\"og:image:type\" content=\"image\/jpeg\" \/>\n<meta name=\"author\" content=\"Ringier Corporate Communications\" \/>\n<meta name=\"twitter:card\" content=\"summary_large_image\" \/>\n<meta name=\"twitter:creator\" content=\"@ringier_ag\" \/>\n<meta name=\"twitter:site\" content=\"@ringier_ag\" \/>\n<meta name=\"twitter:label1\" content=\"Verfasst von\" \/>\n\t<meta name=\"twitter:data1\" content=\"Ringier Corporate Communications\" \/>\n\t<meta name=\"twitter:label2\" content=\"Gesch\u00e4tzte Lesezeit\" \/>\n\t<meta name=\"twitter:data2\" content=\"2 Minuten\" \/>\n<script type=\"application\/ld+json\" class=\"yoast-schema-graph\">{\"@context\":\"https:\/\/schema.org\",\"@graph\":[{\"@type\":\"Article\",\"@id\":\"https:\/\/www.ringier.com\/de\/rose-dor-thomas-hermanns-kommt-nach-luzern\/#article\",\"isPartOf\":{\"@id\":\"https:\/\/www.ringier.com\/de\/rose-dor-thomas-hermanns-kommt-nach-luzern\/\"},\"author\":{\"name\":\"Ringier Corporate Communications\",\"@id\":\"https:\/\/www.ringier.com\/de\/#\/schema\/person\/4cf76a308dc4b2bb5121bd1e7b752e52\"},\"headline\":\"Rose d\u2019Or \u2013 Thomas Hermanns kommt nach Luzern\",\"datePublished\":\"2010-06-28T08:24:00+00:00\",\"dateModified\":\"2021-09-30T08:37:30+00:00\",\"mainEntityOfPage\":{\"@id\":\"https:\/\/www.ringier.com\/de\/rose-dor-thomas-hermanns-kommt-nach-luzern\/\"},\"wordCount\":443,\"publisher\":{\"@id\":\"https:\/\/www.ringier.com\/de\/#organization\"},\"image\":{\"@id\":\"https:\/\/www.ringier.com\/de\/rose-dor-thomas-hermanns-kommt-nach-luzern\/#primaryimage\"},\"thumbnailUrl\":\"https:\/\/www.ringier.com\/wp-content\/uploads\/2021\/09\/thomas_hermanns-July-2010.jpg\",\"articleSection\":[\"Marketplaces\",\"Media\"],\"inLanguage\":\"de-DE\"},{\"@type\":\"WebPage\",\"@id\":\"https:\/\/www.ringier.com\/de\/rose-dor-thomas-hermanns-kommt-nach-luzern\/\",\"url\":\"https:\/\/www.ringier.com\/de\/rose-dor-thomas-hermanns-kommt-nach-luzern\/\",\"name\":\"Rose d\u2019Or \u2013 Thomas Hermanns kommt nach Luzern - Ringier\",\"isPartOf\":{\"@id\":\"https:\/\/www.ringier.com\/de\/#website\"},\"primaryImageOfPage\":{\"@id\":\"https:\/\/www.ringier.com\/de\/rose-dor-thomas-hermanns-kommt-nach-luzern\/#primaryimage\"},\"image\":{\"@id\":\"https:\/\/www.ringier.com\/de\/rose-dor-thomas-hermanns-kommt-nach-luzern\/#primaryimage\"},\"thumbnailUrl\":\"https:\/\/www.ringier.com\/wp-content\/uploads\/2021\/09\/thomas_hermanns-July-2010.jpg\",\"datePublished\":\"2010-06-28T08:24:00+00:00\",\"dateModified\":\"2021-09-30T08:37:30+00:00\",\"breadcrumb\":{\"@id\":\"https:\/\/www.ringier.com\/de\/rose-dor-thomas-hermanns-kommt-nach-luzern\/#breadcrumb\"},\"inLanguage\":\"de-DE\",\"potentialAction\":[{\"@type\":\"ReadAction\",\"target\":[\"https:\/\/www.ringier.com\/de\/rose-dor-thomas-hermanns-kommt-nach-luzern\/\"]}]},{\"@type\":\"ImageObject\",\"inLanguage\":\"de-DE\",\"@id\":\"https:\/\/www.ringier.com\/de\/rose-dor-thomas-hermanns-kommt-nach-luzern\/#primaryimage\",\"url\":\"https:\/\/www.ringier.com\/wp-content\/uploads\/2021\/09\/thomas_hermanns-July-2010.jpg\",\"contentUrl\":\"https:\/\/www.ringier.com\/wp-content\/uploads\/2021\/09\/thomas_hermanns-July-2010.jpg\",\"width\":100,\"height\":75},{\"@type\":\"BreadcrumbList\",\"@id\":\"https:\/\/www.ringier.com\/de\/rose-dor-thomas-hermanns-kommt-nach-luzern\/#breadcrumb\",\"itemListElement\":[{\"@type\":\"ListItem\",\"position\":1,\"name\":\"Home\",\"item\":\"https:\/\/www.ringier.com\/de\/\"},{\"@type\":\"ListItem\",\"position\":2,\"name\":\"Rose d\u2019Or \u2013 Thomas Hermanns kommt nach Luzern\"}]},{\"@type\":\"WebSite\",\"@id\":\"https:\/\/www.ringier.com\/de\/#website\",\"url\":\"https:\/\/www.ringier.com\/de\/\",\"name\":\"Ringier\",\"description\":\"We inform. We entertain. We connect\",\"publisher\":{\"@id\":\"https:\/\/www.ringier.com\/de\/#organization\"},\"potentialAction\":[{\"@type\":\"SearchAction\",\"target\":{\"@type\":\"EntryPoint\",\"urlTemplate\":\"https:\/\/www.ringier.com\/de\/?s={search_term_string}\"},\"query-input\":{\"@type\":\"PropertyValueSpecification\",\"valueRequired\":true,\"valueName\":\"search_term_string\"}}],\"inLanguage\":\"de-DE\"},{\"@type\":\"Organization\",\"@id\":\"https:\/\/www.ringier.com\/de\/#organization\",\"name\":\"Ringier\",\"url\":\"https:\/\/www.ringier.com\/de\/\",\"logo\":{\"@type\":\"ImageObject\",\"inLanguage\":\"de-DE\",\"@id\":\"https:\/\/www.ringier.com\/de\/#\/schema\/logo\/image\/\",\"url\":\"https:\/\/www.ringier.com\/wp-content\/uploads\/2021\/10\/ringier_logo_2.jpg\",\"contentUrl\":\"https:\/\/www.ringier.com\/wp-content\/uploads\/2021\/10\/ringier_logo_2.jpg\",\"width\":750,\"height\":550,\"caption\":\"Ringier\"},\"image\":{\"@id\":\"https:\/\/www.ringier.com\/de\/#\/schema\/logo\/image\/\"},\"sameAs\":[\"https:\/\/www.facebook.com\/ringierag\/\",\"https:\/\/x.com\/ringier_ag\",\"https:\/\/www.instagram.com\/ringier_ag\/\",\"https:\/\/www.linkedin.com\/company\/ringier\/\",\"https:\/\/www.youtube.com\/user\/RingierComm\",\"https:\/\/en.wikipedia.org\/wiki\/Ringier\",\"https:\/\/de.wikipedia.org\/wiki\/Ringier\",\"https:\/\/fr.wikipedia.org\/wiki\/Ringier\",\"https:\/\/www.crunchbase.com\/organization\/ringier-ag\"]},{\"@type\":\"Person\",\"@id\":\"https:\/\/www.ringier.com\/de\/#\/schema\/person\/4cf76a308dc4b2bb5121bd1e7b752e52\",\"name\":\"Ringier Corporate Communications\",\"image\":{\"@type\":\"ImageObject\",\"inLanguage\":\"de-DE\",\"@id\":\"https:\/\/www.ringier.com\/de\/#\/schema\/person\/image\/\",\"url\":\"https:\/\/secure.gravatar.com\/avatar\/9391e20481368d5df4fe3e1e476c13b27786347489822ec1ed07e532bb41f587?s=96&d=mm&r=g\",\"contentUrl\":\"https:\/\/secure.gravatar.com\/avatar\/9391e20481368d5df4fe3e1e476c13b27786347489822ec1ed07e532bb41f587?s=96&d=mm&r=g\",\"caption\":\"Ringier Corporate Communications\"},\"sameAs\":[\"https:\/\/www.ringier.com\"]}]}<\/script>\n<!-- \/ Yoast SEO Premium plugin. -->","yoast_head_json":{"title":"Rose d\u2019Or \u2013 Thomas Hermanns kommt nach Luzern - Ringier","robots":{"index":"index","follow":"follow","max-snippet":"max-snippet:-1","max-image-preview":"max-image-preview:large","max-video-preview":"max-video-preview:-1"},"canonical":"https:\/\/www.ringier.com\/de\/rose-dor-thomas-hermanns-kommt-nach-luzern\/","og_locale":"de_DE","og_type":"article","og_title":"Rose d\u2019Or \u2013 Thomas Hermanns kommt nach Luzern","og_description":"Luzern:  Der Comedy-Star Thomas Hermanns, der durch den \u00abQuatsch Comedy Club\u00bb bekannt wurde und als Vater des deutschen Stand-up-Comedy-Booms gilt, moderiert am Jubil\u00e4umsfestival der Rose d'Or Er\u00f6ffnungsabend und Comedy Night.","og_url":"https:\/\/www.ringier.com\/de\/rose-dor-thomas-hermanns-kommt-nach-luzern\/","og_site_name":"Ringier","article_publisher":"https:\/\/www.facebook.com\/ringierag\/","article_published_time":"2010-06-28T08:24:00+00:00","article_modified_time":"2021-09-30T08:37:30+00:00","og_image":[{"width":100,"height":75,"url":"https:\/\/www.ringier.com\/wp-content\/uploads\/2021\/09\/thomas_hermanns-July-2010.jpg","type":"image\/jpeg"}],"author":"Ringier Corporate Communications","twitter_card":"summary_large_image","twitter_creator":"@ringier_ag","twitter_site":"@ringier_ag","twitter_misc":{"Verfasst von":"Ringier Corporate Communications","Gesch\u00e4tzte Lesezeit":"2 Minuten"},"schema":{"@context":"https:\/\/schema.org","@graph":[{"@type":"Article","@id":"https:\/\/www.ringier.com\/de\/rose-dor-thomas-hermanns-kommt-nach-luzern\/#article","isPartOf":{"@id":"https:\/\/www.ringier.com\/de\/rose-dor-thomas-hermanns-kommt-nach-luzern\/"},"author":{"name":"Ringier Corporate Communications","@id":"https:\/\/www.ringier.com\/de\/#\/schema\/person\/4cf76a308dc4b2bb5121bd1e7b752e52"},"headline":"Rose d\u2019Or \u2013 Thomas Hermanns kommt nach Luzern","datePublished":"2010-06-28T08:24:00+00:00","dateModified":"2021-09-30T08:37:30+00:00","mainEntityOfPage":{"@id":"https:\/\/www.ringier.com\/de\/rose-dor-thomas-hermanns-kommt-nach-luzern\/"},"wordCount":443,"publisher":{"@id":"https:\/\/www.ringier.com\/de\/#organization"},"image":{"@id":"https:\/\/www.ringier.com\/de\/rose-dor-thomas-hermanns-kommt-nach-luzern\/#primaryimage"},"thumbnailUrl":"https:\/\/www.ringier.com\/wp-content\/uploads\/2021\/09\/thomas_hermanns-July-2010.jpg","articleSection":["Marketplaces","Media"],"inLanguage":"de-DE"},{"@type":"WebPage","@id":"https:\/\/www.ringier.com\/de\/rose-dor-thomas-hermanns-kommt-nach-luzern\/","url":"https:\/\/www.ringier.com\/de\/rose-dor-thomas-hermanns-kommt-nach-luzern\/","name":"Rose d\u2019Or \u2013 Thomas Hermanns kommt nach Luzern - Ringier","isPartOf":{"@id":"https:\/\/www.ringier.com\/de\/#website"},"primaryImageOfPage":{"@id":"https:\/\/www.ringier.com\/de\/rose-dor-thomas-hermanns-kommt-nach-luzern\/#primaryimage"},"image":{"@id":"https:\/\/www.ringier.com\/de\/rose-dor-thomas-hermanns-kommt-nach-luzern\/#primaryimage"},"thumbnailUrl":"https:\/\/www.ringier.com\/wp-content\/uploads\/2021\/09\/thomas_hermanns-July-2010.jpg","datePublished":"2010-06-28T08:24:00+00:00","dateModified":"2021-09-30T08:37:30+00:00","breadcrumb":{"@id":"https:\/\/www.ringier.com\/de\/rose-dor-thomas-hermanns-kommt-nach-luzern\/#breadcrumb"},"inLanguage":"de-DE","potentialAction":[{"@type":"ReadAction","target":["https:\/\/www.ringier.com\/de\/rose-dor-thomas-hermanns-kommt-nach-luzern\/"]}]},{"@type":"ImageObject","inLanguage":"de-DE","@id":"https:\/\/www.ringier.com\/de\/rose-dor-thomas-hermanns-kommt-nach-luzern\/#primaryimage","url":"https:\/\/www.ringier.com\/wp-content\/uploads\/2021\/09\/thomas_hermanns-July-2010.jpg","contentUrl":"https:\/\/www.ringier.com\/wp-content\/uploads\/2021\/09\/thomas_hermanns-July-2010.jpg","width":100,"height":75},{"@type":"BreadcrumbList","@id":"https:\/\/www.ringier.com\/de\/rose-dor-thomas-hermanns-kommt-nach-luzern\/#breadcrumb","itemListElement":[{"@type":"ListItem","position":1,"name":"Home","item":"https:\/\/www.ringier.com\/de\/"},{"@type":"ListItem","position":2,"name":"Rose d\u2019Or \u2013 Thomas Hermanns kommt nach Luzern"}]},{"@type":"WebSite","@id":"https:\/\/www.ringier.com\/de\/#website","url":"https:\/\/www.ringier.com\/de\/","name":"Ringier","description":"We inform. We entertain. We connect","publisher":{"@id":"https:\/\/www.ringier.com\/de\/#organization"},"potentialAction":[{"@type":"SearchAction","target":{"@type":"EntryPoint","urlTemplate":"https:\/\/www.ringier.com\/de\/?s={search_term_string}"},"query-input":{"@type":"PropertyValueSpecification","valueRequired":true,"valueName":"search_term_string"}}],"inLanguage":"de-DE"},{"@type":"Organization","@id":"https:\/\/www.ringier.com\/de\/#organization","name":"Ringier","url":"https:\/\/www.ringier.com\/de\/","logo":{"@type":"ImageObject","inLanguage":"de-DE","@id":"https:\/\/www.ringier.com\/de\/#\/schema\/logo\/image\/","url":"https:\/\/www.ringier.com\/wp-content\/uploads\/2021\/10\/ringier_logo_2.jpg","contentUrl":"https:\/\/www.ringier.com\/wp-content\/uploads\/2021\/10\/ringier_logo_2.jpg","width":750,"height":550,"caption":"Ringier"},"image":{"@id":"https:\/\/www.ringier.com\/de\/#\/schema\/logo\/image\/"},"sameAs":["https:\/\/www.facebook.com\/ringierag\/","https:\/\/x.com\/ringier_ag","https:\/\/www.instagram.com\/ringier_ag\/","https:\/\/www.linkedin.com\/company\/ringier\/","https:\/\/www.youtube.com\/user\/RingierComm","https:\/\/en.wikipedia.org\/wiki\/Ringier","https:\/\/de.wikipedia.org\/wiki\/Ringier","https:\/\/fr.wikipedia.org\/wiki\/Ringier","https:\/\/www.crunchbase.com\/organization\/ringier-ag"]},{"@type":"Person","@id":"https:\/\/www.ringier.com\/de\/#\/schema\/person\/4cf76a308dc4b2bb5121bd1e7b752e52","name":"Ringier Corporate Communications","image":{"@type":"ImageObject","inLanguage":"de-DE","@id":"https:\/\/www.ringier.com\/de\/#\/schema\/person\/image\/","url":"https:\/\/secure.gravatar.com\/avatar\/9391e20481368d5df4fe3e1e476c13b27786347489822ec1ed07e532bb41f587?s=96&d=mm&r=g","contentUrl":"https:\/\/secure.gravatar.com\/avatar\/9391e20481368d5df4fe3e1e476c13b27786347489822ec1ed07e532bb41f587?s=96&d=mm&r=g","caption":"Ringier Corporate Communications"},"sameAs":["https:\/\/www.ringier.com"]}]}},"_links":{"self":[{"href":"https:\/\/www.ringier.com\/de\/wp-json\/wp\/v2\/posts\/9385","targetHints":{"allow":["GET"]}}],"collection":[{"href":"https:\/\/www.ringier.com\/de\/wp-json\/wp\/v2\/posts"}],"about":[{"href":"https:\/\/www.ringier.com\/de\/wp-json\/wp\/v2\/types\/post"}],"author":[{"embeddable":true,"href":"https:\/\/www.ringier.com\/de\/wp-json\/wp\/v2\/users\/23"}],"replies":[{"embeddable":true,"href":"https:\/\/www.ringier.com\/de\/wp-json\/wp\/v2\/comments?post=9385"}],"version-history":[{"count":0,"href":"https:\/\/www.ringier.com\/de\/wp-json\/wp\/v2\/posts\/9385\/revisions"}],"wp:featuredmedia":[{"embeddable":true,"href":"https:\/\/www.ringier.com\/de\/wp-json\/wp\/v2\/media\/9384"}],"wp:attachment":[{"href":"https:\/\/www.ringier.com\/de\/wp-json\/wp\/v2\/media?parent=9385"}],"wp:term":[{"taxonomy":"category","embeddable":true,"href":"https:\/\/www.ringier.com\/de\/wp-json\/wp\/v2\/categories?post=9385"},{"taxonomy":"post_tag","embeddable":true,"href":"https:\/\/www.ringier.com\/de\/wp-json\/wp\/v2\/tags?post=9385"}],"curies":[{"name":"wp","href":"https:\/\/api.w.org\/{rel}","templated":true}]}}