{"id":9376,"date":"2010-06-29T10:05:00","date_gmt":"2010-06-29T08:05:00","guid":{"rendered":"https:\/\/www.ringier.com\/armin-meier-to-become-director-of-marketing-sponsoring-at-ringier\/"},"modified":"2021-09-30T10:18:41","modified_gmt":"2021-09-30T08:18:41","slug":"armin-meier-wird-marketing-und-sponsoring-direktor-bei-ringier","status":"publish","type":"post","link":"https:\/\/www.ringier.com\/de\/armin-meier-wird-marketing-und-sponsoring-direktor-bei-ringier\/","title":{"rendered":"Armin Meier wird Marketing- und Sponsoring- Direktor bei Ringier"},"content":{"rendered":"\n<p>Seit 2006 ist Armin Meier Gesch\u00e4ftsf\u00fchrer des Schweizer Ablegers der global erfolgreich t\u00e4tigen Sport- und Eventvermarktungsagentur IMG in Z\u00fcrich. Meier entwickelte und setzte das neue Gesch\u00e4ftsmodell von IMG Schweiz um, leitete in seiner Funktion ein Team von 30 Mitarbeitern und war massgeblich verantwortlich, dass sich die Firma die Marktf\u00fchrerposition im schweizerischen Sportmanagement-Gesch\u00e4ft zur\u00fcckerobern konnte.\u00a0<\/p>\n\n\n\n<p>Meier ist Absolvent der Fachschule f\u00fcr Management, F\u00fchrung und Personalwesen BPIH in Bern und vielen sicher noch bekannt als ehemaliger Radprofi und sp\u00e4terer Tour-de-Suisse-Vermarkter.\u00a0<\/p>\n\n\n\n<p>Der geb\u00fcrtige Luzerner wird per 1. Oktober 2010 Direktor Marketing und Sponsoring Ringier Schweiz. Er rapportiert in dieser neu geschaffenen Funktion direkt CEO Marc Walder und ist Mitglied der erweiterten Gesch\u00e4ftsleitung Ringier Schweiz und Deutschland.\u00a0<\/p>\n\n\n\n<p>Marc Walder zu Meiers Verpflichtung: \u00abRingier hat in hohem Tempo neue Engagements gegr\u00fcndet. Insbesondere im Bereich Entertainment, den wir konsequent ausbauen. Mit Armin Meier konnten wir nun einen der besten Vermarkter der Schweiz f\u00fcr diese spannenden Engagements gewinnen.\u00bb\u00a0<\/p>\n\n\n\n<p>Kommunikation Ringier Schweiz<\/p>\n","protected":false},"excerpt":{"rendered":"<p>Ringier Schweiz verst\u00e4rkt sein Marketing- und Sponsoring-Team mit einem der arriviertesten Vermarkter der Schweiz: IMG-Gesch\u00e4ftsf\u00fchrer Armin Meier wechselt zum gr\u00f6ssten Schweizer Medienunternehmen.<\/p>\n","protected":false},"author":23,"featured_media":5763,"comment_status":"closed","ping_status":"open","sticky":false,"template":"","format":"standard","meta":{"inline_featured_image":false,"footnotes":""},"categories":[44],"tags":[],"class_list":["post-9376","post","type-post","status-publish","format-standard","has-post-thumbnail","hentry","category-corporate-de"],"yoast_head":"<!-- This site is optimized with the Yoast SEO Premium plugin v27.0 (Yoast SEO v27.0) - https:\/\/yoast.com\/product\/yoast-seo-premium-wordpress\/ -->\n<title>Armin Meier wird Marketing- und Sponsoring- Direktor bei Ringier - Ringier<\/title>\n<meta name=\"robots\" content=\"index, follow, max-snippet:-1, max-image-preview:large, max-video-preview:-1\" \/>\n<link rel=\"canonical\" href=\"https:\/\/www.ringier.com\/de\/armin-meier-wird-marketing-und-sponsoring-direktor-bei-ringier\/\" \/>\n<meta property=\"og:locale\" content=\"de_DE\" \/>\n<meta property=\"og:type\" content=\"article\" \/>\n<meta property=\"og:title\" content=\"Armin Meier wird Marketing- und Sponsoring- Direktor bei Ringier\" \/>\n<meta property=\"og:description\" content=\"Ringier Schweiz verst\u00e4rkt sein Marketing- und Sponsoring-Team mit einem der arriviertesten Vermarkter der Schweiz: IMG-Gesch\u00e4ftsf\u00fchrer Armin Meier wechselt zum gr\u00f6ssten Schweizer Medienunternehmen.\" \/>\n<meta property=\"og:url\" content=\"https:\/\/www.ringier.com\/de\/armin-meier-wird-marketing-und-sponsoring-direktor-bei-ringier\/\" \/>\n<meta property=\"og:site_name\" content=\"Ringier\" \/>\n<meta property=\"article:publisher\" content=\"https:\/\/www.facebook.com\/ringierag\/\" \/>\n<meta property=\"article:published_time\" content=\"2010-06-29T08:05:00+00:00\" \/>\n<meta property=\"article:modified_time\" content=\"2021-09-30T08:18:41+00:00\" \/>\n<meta property=\"og:image\" content=\"https:\/\/www.ringier.com\/wp-content\/uploads\/2013\/03\/Press-Release-Default.png\" \/>\n\t<meta property=\"og:image:width\" content=\"8001\" \/>\n\t<meta property=\"og:image:height\" content=\"4201\" \/>\n\t<meta property=\"og:image:type\" content=\"image\/png\" \/>\n<meta name=\"author\" content=\"Ringier Corporate Communications\" \/>\n<meta name=\"twitter:card\" content=\"summary_large_image\" \/>\n<meta name=\"twitter:creator\" content=\"@ringier_ag\" \/>\n<meta name=\"twitter:site\" content=\"@ringier_ag\" \/>\n<meta name=\"twitter:label1\" content=\"Verfasst von\" \/>\n\t<meta name=\"twitter:data1\" content=\"Ringier Corporate Communications\" \/>\n\t<meta name=\"twitter:label2\" content=\"Gesch\u00e4tzte Lesezeit\" \/>\n\t<meta name=\"twitter:data2\" content=\"1 Minute\" \/>\n<script type=\"application\/ld+json\" class=\"yoast-schema-graph\">{\"@context\":\"https:\/\/schema.org\",\"@graph\":[{\"@type\":\"Article\",\"@id\":\"https:\/\/www.ringier.com\/de\/armin-meier-wird-marketing-und-sponsoring-direktor-bei-ringier\/#article\",\"isPartOf\":{\"@id\":\"https:\/\/www.ringier.com\/de\/armin-meier-wird-marketing-und-sponsoring-direktor-bei-ringier\/\"},\"author\":{\"name\":\"Ringier Corporate Communications\",\"@id\":\"https:\/\/www.ringier.com\/de\/#\/schema\/person\/4cf76a308dc4b2bb5121bd1e7b752e52\"},\"headline\":\"Armin Meier wird Marketing- und Sponsoring- Direktor bei Ringier\",\"datePublished\":\"2010-06-29T08:05:00+00:00\",\"dateModified\":\"2021-09-30T08:18:41+00:00\",\"mainEntityOfPage\":{\"@id\":\"https:\/\/www.ringier.com\/de\/armin-meier-wird-marketing-und-sponsoring-direktor-bei-ringier\/\"},\"wordCount\":174,\"publisher\":{\"@id\":\"https:\/\/www.ringier.com\/de\/#organization\"},\"image\":{\"@id\":\"https:\/\/www.ringier.com\/de\/armin-meier-wird-marketing-und-sponsoring-direktor-bei-ringier\/#primaryimage\"},\"thumbnailUrl\":\"https:\/\/www.ringier.com\/wp-content\/uploads\/2013\/03\/Press-Release-Default.png\",\"articleSection\":[\"Corporate\"],\"inLanguage\":\"de-DE\"},{\"@type\":\"WebPage\",\"@id\":\"https:\/\/www.ringier.com\/de\/armin-meier-wird-marketing-und-sponsoring-direktor-bei-ringier\/\",\"url\":\"https:\/\/www.ringier.com\/de\/armin-meier-wird-marketing-und-sponsoring-direktor-bei-ringier\/\",\"name\":\"Armin Meier wird Marketing- und Sponsoring- Direktor bei Ringier - Ringier\",\"isPartOf\":{\"@id\":\"https:\/\/www.ringier.com\/de\/#website\"},\"primaryImageOfPage\":{\"@id\":\"https:\/\/www.ringier.com\/de\/armin-meier-wird-marketing-und-sponsoring-direktor-bei-ringier\/#primaryimage\"},\"image\":{\"@id\":\"https:\/\/www.ringier.com\/de\/armin-meier-wird-marketing-und-sponsoring-direktor-bei-ringier\/#primaryimage\"},\"thumbnailUrl\":\"https:\/\/www.ringier.com\/wp-content\/uploads\/2013\/03\/Press-Release-Default.png\",\"datePublished\":\"2010-06-29T08:05:00+00:00\",\"dateModified\":\"2021-09-30T08:18:41+00:00\",\"breadcrumb\":{\"@id\":\"https:\/\/www.ringier.com\/de\/armin-meier-wird-marketing-und-sponsoring-direktor-bei-ringier\/#breadcrumb\"},\"inLanguage\":\"de-DE\",\"potentialAction\":[{\"@type\":\"ReadAction\",\"target\":[\"https:\/\/www.ringier.com\/de\/armin-meier-wird-marketing-und-sponsoring-direktor-bei-ringier\/\"]}]},{\"@type\":\"ImageObject\",\"inLanguage\":\"de-DE\",\"@id\":\"https:\/\/www.ringier.com\/de\/armin-meier-wird-marketing-und-sponsoring-direktor-bei-ringier\/#primaryimage\",\"url\":\"https:\/\/www.ringier.com\/wp-content\/uploads\/2013\/03\/Press-Release-Default.png\",\"contentUrl\":\"https:\/\/www.ringier.com\/wp-content\/uploads\/2013\/03\/Press-Release-Default.png\",\"width\":8001,\"height\":4201},{\"@type\":\"BreadcrumbList\",\"@id\":\"https:\/\/www.ringier.com\/de\/armin-meier-wird-marketing-und-sponsoring-direktor-bei-ringier\/#breadcrumb\",\"itemListElement\":[{\"@type\":\"ListItem\",\"position\":1,\"name\":\"Home\",\"item\":\"https:\/\/www.ringier.com\/de\/\"},{\"@type\":\"ListItem\",\"position\":2,\"name\":\"Armin Meier wird Marketing- und Sponsoring- Direktor bei Ringier\"}]},{\"@type\":\"WebSite\",\"@id\":\"https:\/\/www.ringier.com\/de\/#website\",\"url\":\"https:\/\/www.ringier.com\/de\/\",\"name\":\"Ringier\",\"description\":\"We inform. We entertain. We connect\",\"publisher\":{\"@id\":\"https:\/\/www.ringier.com\/de\/#organization\"},\"potentialAction\":[{\"@type\":\"SearchAction\",\"target\":{\"@type\":\"EntryPoint\",\"urlTemplate\":\"https:\/\/www.ringier.com\/de\/?s={search_term_string}\"},\"query-input\":{\"@type\":\"PropertyValueSpecification\",\"valueRequired\":true,\"valueName\":\"search_term_string\"}}],\"inLanguage\":\"de-DE\"},{\"@type\":\"Organization\",\"@id\":\"https:\/\/www.ringier.com\/de\/#organization\",\"name\":\"Ringier\",\"url\":\"https:\/\/www.ringier.com\/de\/\",\"logo\":{\"@type\":\"ImageObject\",\"inLanguage\":\"de-DE\",\"@id\":\"https:\/\/www.ringier.com\/de\/#\/schema\/logo\/image\/\",\"url\":\"https:\/\/www.ringier.com\/wp-content\/uploads\/2021\/10\/ringier_logo_2.jpg\",\"contentUrl\":\"https:\/\/www.ringier.com\/wp-content\/uploads\/2021\/10\/ringier_logo_2.jpg\",\"width\":750,\"height\":550,\"caption\":\"Ringier\"},\"image\":{\"@id\":\"https:\/\/www.ringier.com\/de\/#\/schema\/logo\/image\/\"},\"sameAs\":[\"https:\/\/www.facebook.com\/ringierag\/\",\"https:\/\/x.com\/ringier_ag\",\"https:\/\/www.instagram.com\/ringier_ag\/\",\"https:\/\/www.linkedin.com\/company\/ringier\/\",\"https:\/\/www.youtube.com\/user\/RingierComm\",\"https:\/\/en.wikipedia.org\/wiki\/Ringier\",\"https:\/\/de.wikipedia.org\/wiki\/Ringier\",\"https:\/\/fr.wikipedia.org\/wiki\/Ringier\",\"https:\/\/www.crunchbase.com\/organization\/ringier-ag\"]},{\"@type\":\"Person\",\"@id\":\"https:\/\/www.ringier.com\/de\/#\/schema\/person\/4cf76a308dc4b2bb5121bd1e7b752e52\",\"name\":\"Ringier Corporate Communications\",\"image\":{\"@type\":\"ImageObject\",\"inLanguage\":\"de-DE\",\"@id\":\"https:\/\/www.ringier.com\/de\/#\/schema\/person\/image\/\",\"url\":\"https:\/\/secure.gravatar.com\/avatar\/9391e20481368d5df4fe3e1e476c13b27786347489822ec1ed07e532bb41f587?s=96&d=mm&r=g\",\"contentUrl\":\"https:\/\/secure.gravatar.com\/avatar\/9391e20481368d5df4fe3e1e476c13b27786347489822ec1ed07e532bb41f587?s=96&d=mm&r=g\",\"caption\":\"Ringier Corporate Communications\"},\"sameAs\":[\"https:\/\/www.ringier.com\"]}]}<\/script>\n<!-- \/ Yoast SEO Premium plugin. -->","yoast_head_json":{"title":"Armin Meier wird Marketing- und Sponsoring- Direktor bei Ringier - Ringier","robots":{"index":"index","follow":"follow","max-snippet":"max-snippet:-1","max-image-preview":"max-image-preview:large","max-video-preview":"max-video-preview:-1"},"canonical":"https:\/\/www.ringier.com\/de\/armin-meier-wird-marketing-und-sponsoring-direktor-bei-ringier\/","og_locale":"de_DE","og_type":"article","og_title":"Armin Meier wird Marketing- und Sponsoring- Direktor bei Ringier","og_description":"Ringier Schweiz verst\u00e4rkt sein Marketing- und Sponsoring-Team mit einem der arriviertesten Vermarkter der Schweiz: IMG-Gesch\u00e4ftsf\u00fchrer Armin Meier wechselt zum gr\u00f6ssten Schweizer Medienunternehmen.","og_url":"https:\/\/www.ringier.com\/de\/armin-meier-wird-marketing-und-sponsoring-direktor-bei-ringier\/","og_site_name":"Ringier","article_publisher":"https:\/\/www.facebook.com\/ringierag\/","article_published_time":"2010-06-29T08:05:00+00:00","article_modified_time":"2021-09-30T08:18:41+00:00","og_image":[{"width":8001,"height":4201,"url":"https:\/\/www.ringier.com\/wp-content\/uploads\/2013\/03\/Press-Release-Default.png","type":"image\/png"}],"author":"Ringier Corporate Communications","twitter_card":"summary_large_image","twitter_creator":"@ringier_ag","twitter_site":"@ringier_ag","twitter_misc":{"Verfasst von":"Ringier Corporate Communications","Gesch\u00e4tzte Lesezeit":"1 Minute"},"schema":{"@context":"https:\/\/schema.org","@graph":[{"@type":"Article","@id":"https:\/\/www.ringier.com\/de\/armin-meier-wird-marketing-und-sponsoring-direktor-bei-ringier\/#article","isPartOf":{"@id":"https:\/\/www.ringier.com\/de\/armin-meier-wird-marketing-und-sponsoring-direktor-bei-ringier\/"},"author":{"name":"Ringier Corporate Communications","@id":"https:\/\/www.ringier.com\/de\/#\/schema\/person\/4cf76a308dc4b2bb5121bd1e7b752e52"},"headline":"Armin Meier wird Marketing- und Sponsoring- Direktor bei Ringier","datePublished":"2010-06-29T08:05:00+00:00","dateModified":"2021-09-30T08:18:41+00:00","mainEntityOfPage":{"@id":"https:\/\/www.ringier.com\/de\/armin-meier-wird-marketing-und-sponsoring-direktor-bei-ringier\/"},"wordCount":174,"publisher":{"@id":"https:\/\/www.ringier.com\/de\/#organization"},"image":{"@id":"https:\/\/www.ringier.com\/de\/armin-meier-wird-marketing-und-sponsoring-direktor-bei-ringier\/#primaryimage"},"thumbnailUrl":"https:\/\/www.ringier.com\/wp-content\/uploads\/2013\/03\/Press-Release-Default.png","articleSection":["Corporate"],"inLanguage":"de-DE"},{"@type":"WebPage","@id":"https:\/\/www.ringier.com\/de\/armin-meier-wird-marketing-und-sponsoring-direktor-bei-ringier\/","url":"https:\/\/www.ringier.com\/de\/armin-meier-wird-marketing-und-sponsoring-direktor-bei-ringier\/","name":"Armin Meier wird Marketing- und Sponsoring- Direktor bei Ringier - Ringier","isPartOf":{"@id":"https:\/\/www.ringier.com\/de\/#website"},"primaryImageOfPage":{"@id":"https:\/\/www.ringier.com\/de\/armin-meier-wird-marketing-und-sponsoring-direktor-bei-ringier\/#primaryimage"},"image":{"@id":"https:\/\/www.ringier.com\/de\/armin-meier-wird-marketing-und-sponsoring-direktor-bei-ringier\/#primaryimage"},"thumbnailUrl":"https:\/\/www.ringier.com\/wp-content\/uploads\/2013\/03\/Press-Release-Default.png","datePublished":"2010-06-29T08:05:00+00:00","dateModified":"2021-09-30T08:18:41+00:00","breadcrumb":{"@id":"https:\/\/www.ringier.com\/de\/armin-meier-wird-marketing-und-sponsoring-direktor-bei-ringier\/#breadcrumb"},"inLanguage":"de-DE","potentialAction":[{"@type":"ReadAction","target":["https:\/\/www.ringier.com\/de\/armin-meier-wird-marketing-und-sponsoring-direktor-bei-ringier\/"]}]},{"@type":"ImageObject","inLanguage":"de-DE","@id":"https:\/\/www.ringier.com\/de\/armin-meier-wird-marketing-und-sponsoring-direktor-bei-ringier\/#primaryimage","url":"https:\/\/www.ringier.com\/wp-content\/uploads\/2013\/03\/Press-Release-Default.png","contentUrl":"https:\/\/www.ringier.com\/wp-content\/uploads\/2013\/03\/Press-Release-Default.png","width":8001,"height":4201},{"@type":"BreadcrumbList","@id":"https:\/\/www.ringier.com\/de\/armin-meier-wird-marketing-und-sponsoring-direktor-bei-ringier\/#breadcrumb","itemListElement":[{"@type":"ListItem","position":1,"name":"Home","item":"https:\/\/www.ringier.com\/de\/"},{"@type":"ListItem","position":2,"name":"Armin Meier wird Marketing- und Sponsoring- Direktor bei Ringier"}]},{"@type":"WebSite","@id":"https:\/\/www.ringier.com\/de\/#website","url":"https:\/\/www.ringier.com\/de\/","name":"Ringier","description":"We inform. We entertain. We connect","publisher":{"@id":"https:\/\/www.ringier.com\/de\/#organization"},"potentialAction":[{"@type":"SearchAction","target":{"@type":"EntryPoint","urlTemplate":"https:\/\/www.ringier.com\/de\/?s={search_term_string}"},"query-input":{"@type":"PropertyValueSpecification","valueRequired":true,"valueName":"search_term_string"}}],"inLanguage":"de-DE"},{"@type":"Organization","@id":"https:\/\/www.ringier.com\/de\/#organization","name":"Ringier","url":"https:\/\/www.ringier.com\/de\/","logo":{"@type":"ImageObject","inLanguage":"de-DE","@id":"https:\/\/www.ringier.com\/de\/#\/schema\/logo\/image\/","url":"https:\/\/www.ringier.com\/wp-content\/uploads\/2021\/10\/ringier_logo_2.jpg","contentUrl":"https:\/\/www.ringier.com\/wp-content\/uploads\/2021\/10\/ringier_logo_2.jpg","width":750,"height":550,"caption":"Ringier"},"image":{"@id":"https:\/\/www.ringier.com\/de\/#\/schema\/logo\/image\/"},"sameAs":["https:\/\/www.facebook.com\/ringierag\/","https:\/\/x.com\/ringier_ag","https:\/\/www.instagram.com\/ringier_ag\/","https:\/\/www.linkedin.com\/company\/ringier\/","https:\/\/www.youtube.com\/user\/RingierComm","https:\/\/en.wikipedia.org\/wiki\/Ringier","https:\/\/de.wikipedia.org\/wiki\/Ringier","https:\/\/fr.wikipedia.org\/wiki\/Ringier","https:\/\/www.crunchbase.com\/organization\/ringier-ag"]},{"@type":"Person","@id":"https:\/\/www.ringier.com\/de\/#\/schema\/person\/4cf76a308dc4b2bb5121bd1e7b752e52","name":"Ringier Corporate Communications","image":{"@type":"ImageObject","inLanguage":"de-DE","@id":"https:\/\/www.ringier.com\/de\/#\/schema\/person\/image\/","url":"https:\/\/secure.gravatar.com\/avatar\/9391e20481368d5df4fe3e1e476c13b27786347489822ec1ed07e532bb41f587?s=96&d=mm&r=g","contentUrl":"https:\/\/secure.gravatar.com\/avatar\/9391e20481368d5df4fe3e1e476c13b27786347489822ec1ed07e532bb41f587?s=96&d=mm&r=g","caption":"Ringier Corporate Communications"},"sameAs":["https:\/\/www.ringier.com"]}]}},"_links":{"self":[{"href":"https:\/\/www.ringier.com\/de\/wp-json\/wp\/v2\/posts\/9376","targetHints":{"allow":["GET"]}}],"collection":[{"href":"https:\/\/www.ringier.com\/de\/wp-json\/wp\/v2\/posts"}],"about":[{"href":"https:\/\/www.ringier.com\/de\/wp-json\/wp\/v2\/types\/post"}],"author":[{"embeddable":true,"href":"https:\/\/www.ringier.com\/de\/wp-json\/wp\/v2\/users\/23"}],"replies":[{"embeddable":true,"href":"https:\/\/www.ringier.com\/de\/wp-json\/wp\/v2\/comments?post=9376"}],"version-history":[{"count":0,"href":"https:\/\/www.ringier.com\/de\/wp-json\/wp\/v2\/posts\/9376\/revisions"}],"wp:featuredmedia":[{"embeddable":true,"href":"https:\/\/www.ringier.com\/de\/wp-json\/wp\/v2\/media\/5763"}],"wp:attachment":[{"href":"https:\/\/www.ringier.com\/de\/wp-json\/wp\/v2\/media?parent=9376"}],"wp:term":[{"taxonomy":"category","embeddable":true,"href":"https:\/\/www.ringier.com\/de\/wp-json\/wp\/v2\/categories?post=9376"},{"taxonomy":"post_tag","embeddable":true,"href":"https:\/\/www.ringier.com\/de\/wp-json\/wp\/v2\/tags?post=9376"}],"curies":[{"name":"wp","href":"https:\/\/api.w.org\/{rel}","templated":true}]}}