{"id":9229,"date":"2012-10-08T15:29:00","date_gmt":"2012-10-08T13:29:00","guid":{"rendered":"https:\/\/www.ringier.com\/?p=9229"},"modified":"2024-11-29T14:56:19","modified_gmt":"2024-11-29T13:56:19","slug":"die-schweiz-und-die-schweizer-illustrierte-waehlen-zum-zweiten-mal-das-schweizer-auto-des-jahres","status":"publish","type":"post","link":"https:\/\/www.ringier.com\/de\/die-schweiz-und-die-schweizer-illustrierte-waehlen-zum-zweiten-mal-das-schweizer-auto-des-jahres\/","title":{"rendered":"Die Schweiz und die Schweizer Illustrierte w\u00e4hlen zum zweiten Mal das \u00abSchweizer Auto des Jahres\u00bb"},"content":{"rendered":"\n<p>Zusammen mit den Partnern AutoScout24, Blick, SonntagsBlick, il caff\u00e8 und L&#8217;illustr\u00e9 sucht die Schweizer Illustrierte in einer grossen, sprach\u00fcbergreifenden Wahl das \u00abSchweizer Auto des Jahres\u00bb.<\/p>\n\n\n\n<p>Die Leserinnen und Leser dieser Titel w\u00e4hlen und k\u00fcren zusammen mit einer Fachjury das \u00abLieblingsauto der Schweizer\u00bb. Ausschlaggebend f\u00fcr die Wahl sind technische Innovation, Komfort, Sicherheit, Wirtschaftlichkeit, Handling, allgemeines Fahrverhalten, Leistung, Funktionalit\u00e4t, Umweltanforderungen und Preis-Leistungs-Verh\u00e4ltnis.<\/p>\n\n\n\n<p>Zus\u00e4tzlich werden die Titel das \u00abGr\u00fcnste Auto der Schweiz\u00bb sowie das \u00abStylischste Auto der Schweiz\u00bb vergeben.<\/p>\n\n\n\n<p>Die Fachjury besteht aus Journalisten und Branchenkennern, die durch den Wahlausschuss des Organisations-Komitees bestimmt werden. Die Fachjury wird pr\u00e4sidiert durch Urs Heller, Gesch\u00e4ftsf\u00fchrer Zeitschriften Ringier Schweiz. Weitere Mitglieder sind Formel-1-Kommentator und Autotester Marc Surer, die Auto-Journalisten Raoul Schwinnen, Markus Chalilow, Philippe Clement, Stefan L\u00fcscher, Timothy Pfannkuchen sowie Marc-Olivier Herren, stellvertretender Chefredaktor \u00abTouring\u00bb, Stefano Pescia, Mitglied der Pressekommission des Genfer Auto-Salons und Diego Tomasini von Test &amp; Training TCS AG.<\/p>\n\n\n\n<p>Im heute erscheinenden Auto Extra der Schweizer Illustrierte werden die 42 Fahrzeuge f\u00fcr die Publikumswahl vorgestellt. Allesamt Neuheiten, die 2012 auf dem Schweizer Markt lanciert worden sind und bis sp\u00e4testens M\u00e4rz 2013 in der Schweiz erh\u00e4ltlich sein werden.<\/p>\n\n\n\n<p>Stimmen k\u00f6nnen ab sofort per SMS, Anruf, Postkarte oder auch online unter www.schweizer-auto-des-jahres.ch abgegeben werden. Im damit verbundenen Wettbewerb der Schweizer Illustrierten winkt als Hauptpreis ein Mercedes-Benz A 200 BlueEFFICIENCY mit 156 PS und AMG Sport-Paket im Wert von CHF 48&#8217;675.-.<\/p>\n\n\n\n<p>Gek\u00fcrt werden die Sieger anl\u00e4sslich einer grossen Gala am Donnerstag, 22. November in der Umwelt Arena Spreitenbach.<\/p>\n\n\n\n<p>Kommunikation Ringier Schweiz<\/p>\n\n\n\n<figure class=\"wp-block-image size-large\"><img loading=\"lazy\" decoding=\"async\" width=\"816\" height=\"1024\" src=\"https:\/\/www.ringier.com\/wp-content\/uploads\/2021\/09\/auto_des_jahres_2012-816x1024.jpg\" alt=\"\" class=\"wp-image-9230\" srcset=\"https:\/\/www.ringier.com\/wp-content\/uploads\/2021\/09\/auto_des_jahres_2012-816x1024.jpg 816w, https:\/\/www.ringier.com\/wp-content\/uploads\/2021\/09\/auto_des_jahres_2012-239x300.jpg 239w, https:\/\/www.ringier.com\/wp-content\/uploads\/2021\/09\/auto_des_jahres_2012-768x964.jpg 768w, https:\/\/www.ringier.com\/wp-content\/uploads\/2021\/09\/auto_des_jahres_2012.jpg 1080w\" sizes=\"auto, (max-width: 816px) 100vw, 816px\" \/><\/figure>\n","protected":false},"excerpt":{"rendered":"<p>Zum zweiten Mal vergibt die Schweizer Illustrierte den Titel \u00abSchweizer Auto des Jahres\u00bb; ein Titel, der sich auf Anhieb zur wichtigsten Autoauszeichnung der Schweiz gemausert hat.<\/p>\n","protected":false},"author":23,"featured_media":5763,"comment_status":"closed","ping_status":"open","sticky":false,"template":"","format":"standard","meta":{"inline_featured_image":false,"footnotes":""},"categories":[371,361],"tags":[],"class_list":["post-9229","post","type-post","status-publish","format-standard","has-post-thumbnail","hentry","category-media-de","category-ringier-medien-schweiz"],"yoast_head":"<!-- This site is optimized with the Yoast SEO Premium plugin v27.0 (Yoast SEO v27.0) - https:\/\/yoast.com\/product\/yoast-seo-premium-wordpress\/ -->\n<title>Die Schweiz und die Schweizer Illustrierte w\u00e4hlen zum zweiten Mal das \u00abSchweizer Auto des Jahres\u00bb - Ringier<\/title>\n<meta name=\"robots\" content=\"index, follow, max-snippet:-1, max-image-preview:large, max-video-preview:-1\" \/>\n<link rel=\"canonical\" href=\"https:\/\/www.ringier.com\/de\/die-schweiz-und-die-schweizer-illustrierte-waehlen-zum-zweiten-mal-das-schweizer-auto-des-jahres\/\" \/>\n<meta property=\"og:locale\" content=\"de_DE\" \/>\n<meta property=\"og:type\" content=\"article\" \/>\n<meta property=\"og:title\" content=\"Die Schweiz und die Schweizer Illustrierte w\u00e4hlen zum zweiten Mal das \u00abSchweizer Auto des Jahres\u00bb\" \/>\n<meta property=\"og:description\" content=\"Zum zweiten Mal vergibt die Schweizer Illustrierte den Titel \u00abSchweizer Auto des Jahres\u00bb; ein Titel, der sich auf Anhieb zur wichtigsten Autoauszeichnung der Schweiz gemausert hat.\" \/>\n<meta property=\"og:url\" content=\"https:\/\/www.ringier.com\/de\/die-schweiz-und-die-schweizer-illustrierte-waehlen-zum-zweiten-mal-das-schweizer-auto-des-jahres\/\" \/>\n<meta property=\"og:site_name\" content=\"Ringier\" \/>\n<meta property=\"article:publisher\" content=\"https:\/\/www.facebook.com\/ringierag\/\" \/>\n<meta property=\"article:published_time\" content=\"2012-10-08T13:29:00+00:00\" \/>\n<meta property=\"article:modified_time\" content=\"2024-11-29T13:56:19+00:00\" \/>\n<meta property=\"og:image\" content=\"https:\/\/www.ringier.com\/wp-content\/uploads\/2013\/03\/Press-Release-Default.png\" \/>\n\t<meta property=\"og:image:width\" content=\"8001\" \/>\n\t<meta property=\"og:image:height\" content=\"4201\" \/>\n\t<meta property=\"og:image:type\" content=\"image\/png\" \/>\n<meta name=\"author\" content=\"Ringier Corporate Communications\" \/>\n<meta name=\"twitter:card\" content=\"summary_large_image\" \/>\n<meta name=\"twitter:creator\" content=\"@ringier_ag\" \/>\n<meta name=\"twitter:site\" content=\"@ringier_ag\" \/>\n<meta name=\"twitter:label1\" content=\"Verfasst von\" \/>\n\t<meta name=\"twitter:data1\" content=\"Ringier Corporate Communications\" \/>\n\t<meta name=\"twitter:label2\" content=\"Gesch\u00e4tzte Lesezeit\" \/>\n\t<meta name=\"twitter:data2\" content=\"2 Minuten\" \/>\n<script type=\"application\/ld+json\" class=\"yoast-schema-graph\">{\"@context\":\"https:\/\/schema.org\",\"@graph\":[{\"@type\":\"Article\",\"@id\":\"https:\/\/www.ringier.com\/de\/die-schweiz-und-die-schweizer-illustrierte-waehlen-zum-zweiten-mal-das-schweizer-auto-des-jahres\/#article\",\"isPartOf\":{\"@id\":\"https:\/\/www.ringier.com\/de\/die-schweiz-und-die-schweizer-illustrierte-waehlen-zum-zweiten-mal-das-schweizer-auto-des-jahres\/\"},\"author\":{\"name\":\"Ringier Corporate Communications\",\"@id\":\"https:\/\/www.ringier.com\/de\/#\/schema\/person\/4cf76a308dc4b2bb5121bd1e7b752e52\"},\"headline\":\"Die Schweiz und die Schweizer Illustrierte w\u00e4hlen zum zweiten Mal das \u00abSchweizer Auto des Jahres\u00bb\",\"datePublished\":\"2012-10-08T13:29:00+00:00\",\"dateModified\":\"2024-11-29T13:56:19+00:00\",\"mainEntityOfPage\":{\"@id\":\"https:\/\/www.ringier.com\/de\/die-schweiz-und-die-schweizer-illustrierte-waehlen-zum-zweiten-mal-das-schweizer-auto-des-jahres\/\"},\"wordCount\":277,\"publisher\":{\"@id\":\"https:\/\/www.ringier.com\/de\/#organization\"},\"image\":{\"@id\":\"https:\/\/www.ringier.com\/de\/die-schweiz-und-die-schweizer-illustrierte-waehlen-zum-zweiten-mal-das-schweizer-auto-des-jahres\/#primaryimage\"},\"thumbnailUrl\":\"https:\/\/www.ringier.com\/wp-content\/uploads\/2013\/03\/Press-Release-Default.png\",\"articleSection\":[\"Media\",\"Ringier Medien Schweiz\"],\"inLanguage\":\"de-DE\"},{\"@type\":\"WebPage\",\"@id\":\"https:\/\/www.ringier.com\/de\/die-schweiz-und-die-schweizer-illustrierte-waehlen-zum-zweiten-mal-das-schweizer-auto-des-jahres\/\",\"url\":\"https:\/\/www.ringier.com\/de\/die-schweiz-und-die-schweizer-illustrierte-waehlen-zum-zweiten-mal-das-schweizer-auto-des-jahres\/\",\"name\":\"Die Schweiz und die Schweizer Illustrierte w\u00e4hlen zum zweiten Mal das \u00abSchweizer Auto des Jahres\u00bb - Ringier\",\"isPartOf\":{\"@id\":\"https:\/\/www.ringier.com\/de\/#website\"},\"primaryImageOfPage\":{\"@id\":\"https:\/\/www.ringier.com\/de\/die-schweiz-und-die-schweizer-illustrierte-waehlen-zum-zweiten-mal-das-schweizer-auto-des-jahres\/#primaryimage\"},\"image\":{\"@id\":\"https:\/\/www.ringier.com\/de\/die-schweiz-und-die-schweizer-illustrierte-waehlen-zum-zweiten-mal-das-schweizer-auto-des-jahres\/#primaryimage\"},\"thumbnailUrl\":\"https:\/\/www.ringier.com\/wp-content\/uploads\/2013\/03\/Press-Release-Default.png\",\"datePublished\":\"2012-10-08T13:29:00+00:00\",\"dateModified\":\"2024-11-29T13:56:19+00:00\",\"breadcrumb\":{\"@id\":\"https:\/\/www.ringier.com\/de\/die-schweiz-und-die-schweizer-illustrierte-waehlen-zum-zweiten-mal-das-schweizer-auto-des-jahres\/#breadcrumb\"},\"inLanguage\":\"de-DE\",\"potentialAction\":[{\"@type\":\"ReadAction\",\"target\":[\"https:\/\/www.ringier.com\/de\/die-schweiz-und-die-schweizer-illustrierte-waehlen-zum-zweiten-mal-das-schweizer-auto-des-jahres\/\"]}]},{\"@type\":\"ImageObject\",\"inLanguage\":\"de-DE\",\"@id\":\"https:\/\/www.ringier.com\/de\/die-schweiz-und-die-schweizer-illustrierte-waehlen-zum-zweiten-mal-das-schweizer-auto-des-jahres\/#primaryimage\",\"url\":\"https:\/\/www.ringier.com\/wp-content\/uploads\/2013\/03\/Press-Release-Default.png\",\"contentUrl\":\"https:\/\/www.ringier.com\/wp-content\/uploads\/2013\/03\/Press-Release-Default.png\",\"width\":8001,\"height\":4201},{\"@type\":\"BreadcrumbList\",\"@id\":\"https:\/\/www.ringier.com\/de\/die-schweiz-und-die-schweizer-illustrierte-waehlen-zum-zweiten-mal-das-schweizer-auto-des-jahres\/#breadcrumb\",\"itemListElement\":[{\"@type\":\"ListItem\",\"position\":1,\"name\":\"Home\",\"item\":\"https:\/\/www.ringier.com\/de\/\"},{\"@type\":\"ListItem\",\"position\":2,\"name\":\"Die Schweiz und die Schweizer Illustrierte w\u00e4hlen zum zweiten Mal das \u00abSchweizer Auto des Jahres\u00bb\"}]},{\"@type\":\"WebSite\",\"@id\":\"https:\/\/www.ringier.com\/de\/#website\",\"url\":\"https:\/\/www.ringier.com\/de\/\",\"name\":\"Ringier\",\"description\":\"We inform. We entertain. We connect\",\"publisher\":{\"@id\":\"https:\/\/www.ringier.com\/de\/#organization\"},\"potentialAction\":[{\"@type\":\"SearchAction\",\"target\":{\"@type\":\"EntryPoint\",\"urlTemplate\":\"https:\/\/www.ringier.com\/de\/?s={search_term_string}\"},\"query-input\":{\"@type\":\"PropertyValueSpecification\",\"valueRequired\":true,\"valueName\":\"search_term_string\"}}],\"inLanguage\":\"de-DE\"},{\"@type\":\"Organization\",\"@id\":\"https:\/\/www.ringier.com\/de\/#organization\",\"name\":\"Ringier\",\"url\":\"https:\/\/www.ringier.com\/de\/\",\"logo\":{\"@type\":\"ImageObject\",\"inLanguage\":\"de-DE\",\"@id\":\"https:\/\/www.ringier.com\/de\/#\/schema\/logo\/image\/\",\"url\":\"https:\/\/www.ringier.com\/wp-content\/uploads\/2021\/10\/ringier_logo_2.jpg\",\"contentUrl\":\"https:\/\/www.ringier.com\/wp-content\/uploads\/2021\/10\/ringier_logo_2.jpg\",\"width\":750,\"height\":550,\"caption\":\"Ringier\"},\"image\":{\"@id\":\"https:\/\/www.ringier.com\/de\/#\/schema\/logo\/image\/\"},\"sameAs\":[\"https:\/\/www.facebook.com\/ringierag\/\",\"https:\/\/x.com\/ringier_ag\",\"https:\/\/www.instagram.com\/ringier_ag\/\",\"https:\/\/www.linkedin.com\/company\/ringier\/\",\"https:\/\/www.youtube.com\/user\/RingierComm\",\"https:\/\/en.wikipedia.org\/wiki\/Ringier\",\"https:\/\/de.wikipedia.org\/wiki\/Ringier\",\"https:\/\/fr.wikipedia.org\/wiki\/Ringier\",\"https:\/\/www.crunchbase.com\/organization\/ringier-ag\"]},{\"@type\":\"Person\",\"@id\":\"https:\/\/www.ringier.com\/de\/#\/schema\/person\/4cf76a308dc4b2bb5121bd1e7b752e52\",\"name\":\"Ringier Corporate Communications\",\"image\":{\"@type\":\"ImageObject\",\"inLanguage\":\"de-DE\",\"@id\":\"https:\/\/www.ringier.com\/de\/#\/schema\/person\/image\/\",\"url\":\"https:\/\/secure.gravatar.com\/avatar\/9391e20481368d5df4fe3e1e476c13b27786347489822ec1ed07e532bb41f587?s=96&d=mm&r=g\",\"contentUrl\":\"https:\/\/secure.gravatar.com\/avatar\/9391e20481368d5df4fe3e1e476c13b27786347489822ec1ed07e532bb41f587?s=96&d=mm&r=g\",\"caption\":\"Ringier Corporate Communications\"},\"sameAs\":[\"https:\/\/www.ringier.com\"]}]}<\/script>\n<!-- \/ Yoast SEO Premium plugin. -->","yoast_head_json":{"title":"Die Schweiz und die Schweizer Illustrierte w\u00e4hlen zum zweiten Mal das \u00abSchweizer Auto des Jahres\u00bb - Ringier","robots":{"index":"index","follow":"follow","max-snippet":"max-snippet:-1","max-image-preview":"max-image-preview:large","max-video-preview":"max-video-preview:-1"},"canonical":"https:\/\/www.ringier.com\/de\/die-schweiz-und-die-schweizer-illustrierte-waehlen-zum-zweiten-mal-das-schweizer-auto-des-jahres\/","og_locale":"de_DE","og_type":"article","og_title":"Die Schweiz und die Schweizer Illustrierte w\u00e4hlen zum zweiten Mal das \u00abSchweizer Auto des Jahres\u00bb","og_description":"Zum zweiten Mal vergibt die Schweizer Illustrierte den Titel \u00abSchweizer Auto des Jahres\u00bb; ein Titel, der sich auf Anhieb zur wichtigsten Autoauszeichnung der Schweiz gemausert hat.","og_url":"https:\/\/www.ringier.com\/de\/die-schweiz-und-die-schweizer-illustrierte-waehlen-zum-zweiten-mal-das-schweizer-auto-des-jahres\/","og_site_name":"Ringier","article_publisher":"https:\/\/www.facebook.com\/ringierag\/","article_published_time":"2012-10-08T13:29:00+00:00","article_modified_time":"2024-11-29T13:56:19+00:00","og_image":[{"width":8001,"height":4201,"url":"https:\/\/www.ringier.com\/wp-content\/uploads\/2013\/03\/Press-Release-Default.png","type":"image\/png"}],"author":"Ringier Corporate Communications","twitter_card":"summary_large_image","twitter_creator":"@ringier_ag","twitter_site":"@ringier_ag","twitter_misc":{"Verfasst von":"Ringier Corporate Communications","Gesch\u00e4tzte Lesezeit":"2 Minuten"},"schema":{"@context":"https:\/\/schema.org","@graph":[{"@type":"Article","@id":"https:\/\/www.ringier.com\/de\/die-schweiz-und-die-schweizer-illustrierte-waehlen-zum-zweiten-mal-das-schweizer-auto-des-jahres\/#article","isPartOf":{"@id":"https:\/\/www.ringier.com\/de\/die-schweiz-und-die-schweizer-illustrierte-waehlen-zum-zweiten-mal-das-schweizer-auto-des-jahres\/"},"author":{"name":"Ringier Corporate Communications","@id":"https:\/\/www.ringier.com\/de\/#\/schema\/person\/4cf76a308dc4b2bb5121bd1e7b752e52"},"headline":"Die Schweiz und die Schweizer Illustrierte w\u00e4hlen zum zweiten Mal das \u00abSchweizer Auto des Jahres\u00bb","datePublished":"2012-10-08T13:29:00+00:00","dateModified":"2024-11-29T13:56:19+00:00","mainEntityOfPage":{"@id":"https:\/\/www.ringier.com\/de\/die-schweiz-und-die-schweizer-illustrierte-waehlen-zum-zweiten-mal-das-schweizer-auto-des-jahres\/"},"wordCount":277,"publisher":{"@id":"https:\/\/www.ringier.com\/de\/#organization"},"image":{"@id":"https:\/\/www.ringier.com\/de\/die-schweiz-und-die-schweizer-illustrierte-waehlen-zum-zweiten-mal-das-schweizer-auto-des-jahres\/#primaryimage"},"thumbnailUrl":"https:\/\/www.ringier.com\/wp-content\/uploads\/2013\/03\/Press-Release-Default.png","articleSection":["Media","Ringier Medien Schweiz"],"inLanguage":"de-DE"},{"@type":"WebPage","@id":"https:\/\/www.ringier.com\/de\/die-schweiz-und-die-schweizer-illustrierte-waehlen-zum-zweiten-mal-das-schweizer-auto-des-jahres\/","url":"https:\/\/www.ringier.com\/de\/die-schweiz-und-die-schweizer-illustrierte-waehlen-zum-zweiten-mal-das-schweizer-auto-des-jahres\/","name":"Die Schweiz und die Schweizer Illustrierte w\u00e4hlen zum zweiten Mal das \u00abSchweizer Auto des Jahres\u00bb - Ringier","isPartOf":{"@id":"https:\/\/www.ringier.com\/de\/#website"},"primaryImageOfPage":{"@id":"https:\/\/www.ringier.com\/de\/die-schweiz-und-die-schweizer-illustrierte-waehlen-zum-zweiten-mal-das-schweizer-auto-des-jahres\/#primaryimage"},"image":{"@id":"https:\/\/www.ringier.com\/de\/die-schweiz-und-die-schweizer-illustrierte-waehlen-zum-zweiten-mal-das-schweizer-auto-des-jahres\/#primaryimage"},"thumbnailUrl":"https:\/\/www.ringier.com\/wp-content\/uploads\/2013\/03\/Press-Release-Default.png","datePublished":"2012-10-08T13:29:00+00:00","dateModified":"2024-11-29T13:56:19+00:00","breadcrumb":{"@id":"https:\/\/www.ringier.com\/de\/die-schweiz-und-die-schweizer-illustrierte-waehlen-zum-zweiten-mal-das-schweizer-auto-des-jahres\/#breadcrumb"},"inLanguage":"de-DE","potentialAction":[{"@type":"ReadAction","target":["https:\/\/www.ringier.com\/de\/die-schweiz-und-die-schweizer-illustrierte-waehlen-zum-zweiten-mal-das-schweizer-auto-des-jahres\/"]}]},{"@type":"ImageObject","inLanguage":"de-DE","@id":"https:\/\/www.ringier.com\/de\/die-schweiz-und-die-schweizer-illustrierte-waehlen-zum-zweiten-mal-das-schweizer-auto-des-jahres\/#primaryimage","url":"https:\/\/www.ringier.com\/wp-content\/uploads\/2013\/03\/Press-Release-Default.png","contentUrl":"https:\/\/www.ringier.com\/wp-content\/uploads\/2013\/03\/Press-Release-Default.png","width":8001,"height":4201},{"@type":"BreadcrumbList","@id":"https:\/\/www.ringier.com\/de\/die-schweiz-und-die-schweizer-illustrierte-waehlen-zum-zweiten-mal-das-schweizer-auto-des-jahres\/#breadcrumb","itemListElement":[{"@type":"ListItem","position":1,"name":"Home","item":"https:\/\/www.ringier.com\/de\/"},{"@type":"ListItem","position":2,"name":"Die Schweiz und die Schweizer Illustrierte w\u00e4hlen zum zweiten Mal das \u00abSchweizer Auto des Jahres\u00bb"}]},{"@type":"WebSite","@id":"https:\/\/www.ringier.com\/de\/#website","url":"https:\/\/www.ringier.com\/de\/","name":"Ringier","description":"We inform. We entertain. We connect","publisher":{"@id":"https:\/\/www.ringier.com\/de\/#organization"},"potentialAction":[{"@type":"SearchAction","target":{"@type":"EntryPoint","urlTemplate":"https:\/\/www.ringier.com\/de\/?s={search_term_string}"},"query-input":{"@type":"PropertyValueSpecification","valueRequired":true,"valueName":"search_term_string"}}],"inLanguage":"de-DE"},{"@type":"Organization","@id":"https:\/\/www.ringier.com\/de\/#organization","name":"Ringier","url":"https:\/\/www.ringier.com\/de\/","logo":{"@type":"ImageObject","inLanguage":"de-DE","@id":"https:\/\/www.ringier.com\/de\/#\/schema\/logo\/image\/","url":"https:\/\/www.ringier.com\/wp-content\/uploads\/2021\/10\/ringier_logo_2.jpg","contentUrl":"https:\/\/www.ringier.com\/wp-content\/uploads\/2021\/10\/ringier_logo_2.jpg","width":750,"height":550,"caption":"Ringier"},"image":{"@id":"https:\/\/www.ringier.com\/de\/#\/schema\/logo\/image\/"},"sameAs":["https:\/\/www.facebook.com\/ringierag\/","https:\/\/x.com\/ringier_ag","https:\/\/www.instagram.com\/ringier_ag\/","https:\/\/www.linkedin.com\/company\/ringier\/","https:\/\/www.youtube.com\/user\/RingierComm","https:\/\/en.wikipedia.org\/wiki\/Ringier","https:\/\/de.wikipedia.org\/wiki\/Ringier","https:\/\/fr.wikipedia.org\/wiki\/Ringier","https:\/\/www.crunchbase.com\/organization\/ringier-ag"]},{"@type":"Person","@id":"https:\/\/www.ringier.com\/de\/#\/schema\/person\/4cf76a308dc4b2bb5121bd1e7b752e52","name":"Ringier Corporate Communications","image":{"@type":"ImageObject","inLanguage":"de-DE","@id":"https:\/\/www.ringier.com\/de\/#\/schema\/person\/image\/","url":"https:\/\/secure.gravatar.com\/avatar\/9391e20481368d5df4fe3e1e476c13b27786347489822ec1ed07e532bb41f587?s=96&d=mm&r=g","contentUrl":"https:\/\/secure.gravatar.com\/avatar\/9391e20481368d5df4fe3e1e476c13b27786347489822ec1ed07e532bb41f587?s=96&d=mm&r=g","caption":"Ringier Corporate Communications"},"sameAs":["https:\/\/www.ringier.com"]}]}},"_links":{"self":[{"href":"https:\/\/www.ringier.com\/de\/wp-json\/wp\/v2\/posts\/9229","targetHints":{"allow":["GET"]}}],"collection":[{"href":"https:\/\/www.ringier.com\/de\/wp-json\/wp\/v2\/posts"}],"about":[{"href":"https:\/\/www.ringier.com\/de\/wp-json\/wp\/v2\/types\/post"}],"author":[{"embeddable":true,"href":"https:\/\/www.ringier.com\/de\/wp-json\/wp\/v2\/users\/23"}],"replies":[{"embeddable":true,"href":"https:\/\/www.ringier.com\/de\/wp-json\/wp\/v2\/comments?post=9229"}],"version-history":[{"count":0,"href":"https:\/\/www.ringier.com\/de\/wp-json\/wp\/v2\/posts\/9229\/revisions"}],"wp:featuredmedia":[{"embeddable":true,"href":"https:\/\/www.ringier.com\/de\/wp-json\/wp\/v2\/media\/5763"}],"wp:attachment":[{"href":"https:\/\/www.ringier.com\/de\/wp-json\/wp\/v2\/media?parent=9229"}],"wp:term":[{"taxonomy":"category","embeddable":true,"href":"https:\/\/www.ringier.com\/de\/wp-json\/wp\/v2\/categories?post=9229"},{"taxonomy":"post_tag","embeddable":true,"href":"https:\/\/www.ringier.com\/de\/wp-json\/wp\/v2\/tags?post=9229"}],"curies":[{"name":"wp","href":"https:\/\/api.w.org\/{rel}","templated":true}]}}