{"id":9176,"date":"2017-11-23T14:39:00","date_gmt":"2017-11-23T13:39:00","guid":{"rendered":"https:\/\/www.ringier.com\/?p=9176"},"modified":"2024-11-19T16:02:56","modified_gmt":"2024-11-19T15:02:56","slug":"peter-waelty-wird-leiter-digital-und-stv-geschaeftsfuehrer-der-blick-gruppe","status":"publish","type":"post","link":"https:\/\/www.ringier.com\/de\/peter-waelty-wird-leiter-digital-und-stv-geschaeftsfuehrer-der-blick-gruppe\/","title":{"rendered":"Peter W\u00e4lty wird Leiter Digital und Stv. Gesch\u00e4ftsf\u00fchrer der Blick -Gruppe"},"content":{"rendered":"\n<p>Als Leiter Digital der&nbsp;<em>Blick<\/em>-Gruppe wird Peter W\u00e4lty (52) der Stellvertreter von Alexander Theobald, Gesch\u00e4ftsf\u00fchrer der&nbsp;<em>Blick<\/em>-Gruppe. Alexander Theobald: \u00abIch freue mich ausserordentlich, mit Peter W\u00e4lty den f\u00fchrenden Schweizer Experten auf dem Gebiet des Digital Publishings an Bord zu holen. Die&nbsp;<em>Blick<\/em>-Gruppe investiert seit Jahren in die digitale Weiterentwicklung ihrer Produkte und ist heute Vorreiter in den Bereichen Digital Publishing, Video-Berichterstattung, Virtual Reality, SEO, Social Media und Digital Storytelling. Wir sind \u00fcberzeugt, dass Peter W\u00e4lty diese Entwicklung weiter vorantreiben wird und freuen uns sehr auf die Zusammenarbeit.\u00bb<\/p>\n\n\n\n<p>Peter W\u00e4lty blickt auf \u00fcber 20 Jahre Erfahrung im Online-Journalismus zur\u00fcck, hat unter anderem als Chefredaktor die Plattformen&nbsp;<em>20minuten.ch<\/em>&nbsp;und&nbsp;<em>Newsnet\/Tages-Anzeiger.ch<\/em>&nbsp;aufgebaut und war Leiter Digitalentwicklung von&nbsp;<em>20 Minuten<\/em>. Seit April 2016 ist W\u00e4lty Leiter der neu geschaffenen Abteilung Digital News und Development bei Tamedia. In diesen Funktionen hat er unter anderem den NewsExpress, die interne Nachrichtenagentur bei Tamedia, sowie die Content-Marketing- und Social-Advertising-Abteilungen von Tamedia mit aufgebaut.<\/p>\n\n\n\n<p>W\u00e4lty hat Allgemeine Geschichte und Anglistik an der Universit\u00e4t Z\u00fcrich studiert und am Sulzberger Executive Leadership Program der Columbia University in New York teilgenommen.<\/p>\n\n\n\n<p>Ringier AG, Corporate Communications<\/p>\n","protected":false},"excerpt":{"rendered":"<p>Sp\u00e4testens per 1. April 2018 wird Peter W\u00e4lty Leiter Digital und stellvertretender Gesch\u00e4ftsf\u00fchrer der Blick-Gruppe. In dieser Funktion wird W\u00e4lty die digitale Entwicklung der Blick-Gruppe und ihrer Produkte weiter vorantreiben. W\u00e4lty ist seit April 2016 Leiter Digital News und Development bei Tamedia.<\/p>\n","protected":false},"author":23,"featured_media":9177,"comment_status":"closed","ping_status":"open","sticky":false,"template":"","format":"standard","meta":{"inline_featured_image":false,"footnotes":""},"categories":[371,361],"tags":[],"class_list":["post-9176","post","type-post","status-publish","format-standard","has-post-thumbnail","hentry","category-media-de","category-ringier-medien-schweiz"],"yoast_head":"<!-- This site is optimized with the Yoast SEO Premium plugin v27.0 (Yoast SEO v27.0) - https:\/\/yoast.com\/product\/yoast-seo-premium-wordpress\/ -->\n<title>Peter W\u00e4lty wird Leiter Digital und Stv. Gesch\u00e4ftsf\u00fchrer der Blick -Gruppe - Ringier<\/title>\n<meta name=\"robots\" content=\"index, follow, max-snippet:-1, max-image-preview:large, max-video-preview:-1\" \/>\n<link rel=\"canonical\" href=\"https:\/\/www.ringier.com\/de\/peter-waelty-wird-leiter-digital-und-stv-geschaeftsfuehrer-der-blick-gruppe\/\" \/>\n<meta property=\"og:locale\" content=\"de_DE\" \/>\n<meta property=\"og:type\" content=\"article\" \/>\n<meta property=\"og:title\" content=\"Peter W\u00e4lty wird Leiter Digital und Stv. Gesch\u00e4ftsf\u00fchrer der Blick -Gruppe\" \/>\n<meta property=\"og:description\" content=\"Sp\u00e4testens per 1. April 2018 wird Peter W\u00e4lty Leiter Digital und stellvertretender Gesch\u00e4ftsf\u00fchrer der Blick-Gruppe. In dieser Funktion wird W\u00e4lty die digitale Entwicklung der Blick-Gruppe und ihrer Produkte weiter vorantreiben. W\u00e4lty ist seit April 2016 Leiter Digital News und Development bei Tamedia.\" \/>\n<meta property=\"og:url\" content=\"https:\/\/www.ringier.com\/de\/peter-waelty-wird-leiter-digital-und-stv-geschaeftsfuehrer-der-blick-gruppe\/\" \/>\n<meta property=\"og:site_name\" content=\"Ringier\" \/>\n<meta property=\"article:publisher\" content=\"https:\/\/www.facebook.com\/ringierag\/\" \/>\n<meta property=\"article:published_time\" content=\"2017-11-23T13:39:00+00:00\" \/>\n<meta property=\"article:modified_time\" content=\"2024-11-19T15:02:56+00:00\" \/>\n<meta property=\"og:image\" content=\"https:\/\/www.ringier.com\/wp-content\/uploads\/2021\/09\/Peter-Walty-e1632919415749.jpg\" \/>\n\t<meta property=\"og:image:width\" content=\"1500\" \/>\n\t<meta property=\"og:image:height\" content=\"1248\" \/>\n\t<meta property=\"og:image:type\" content=\"image\/jpeg\" \/>\n<meta name=\"author\" content=\"Ringier Corporate Communications\" \/>\n<meta name=\"twitter:card\" content=\"summary_large_image\" \/>\n<meta name=\"twitter:creator\" content=\"@ringier_ag\" \/>\n<meta name=\"twitter:site\" content=\"@ringier_ag\" \/>\n<meta name=\"twitter:label1\" content=\"Verfasst von\" \/>\n\t<meta name=\"twitter:data1\" content=\"Ringier Corporate Communications\" \/>\n\t<meta name=\"twitter:label2\" content=\"Gesch\u00e4tzte Lesezeit\" \/>\n\t<meta name=\"twitter:data2\" content=\"2 Minuten\" \/>\n<script type=\"application\/ld+json\" class=\"yoast-schema-graph\">{\"@context\":\"https:\/\/schema.org\",\"@graph\":[{\"@type\":\"Article\",\"@id\":\"https:\/\/www.ringier.com\/de\/peter-waelty-wird-leiter-digital-und-stv-geschaeftsfuehrer-der-blick-gruppe\/#article\",\"isPartOf\":{\"@id\":\"https:\/\/www.ringier.com\/de\/peter-waelty-wird-leiter-digital-und-stv-geschaeftsfuehrer-der-blick-gruppe\/\"},\"author\":{\"name\":\"Ringier Corporate Communications\",\"@id\":\"https:\/\/www.ringier.com\/de\/#\/schema\/person\/4cf76a308dc4b2bb5121bd1e7b752e52\"},\"headline\":\"Peter W\u00e4lty wird Leiter Digital und Stv. Gesch\u00e4ftsf\u00fchrer der Blick -Gruppe\",\"datePublished\":\"2017-11-23T13:39:00+00:00\",\"dateModified\":\"2024-11-19T15:02:56+00:00\",\"mainEntityOfPage\":{\"@id\":\"https:\/\/www.ringier.com\/de\/peter-waelty-wird-leiter-digital-und-stv-geschaeftsfuehrer-der-blick-gruppe\/\"},\"wordCount\":216,\"publisher\":{\"@id\":\"https:\/\/www.ringier.com\/de\/#organization\"},\"image\":{\"@id\":\"https:\/\/www.ringier.com\/de\/peter-waelty-wird-leiter-digital-und-stv-geschaeftsfuehrer-der-blick-gruppe\/#primaryimage\"},\"thumbnailUrl\":\"https:\/\/www.ringier.com\/wp-content\/uploads\/2021\/09\/Peter-Walty-e1632919415749.jpg\",\"articleSection\":[\"Media\",\"Ringier Medien Schweiz\"],\"inLanguage\":\"de-DE\"},{\"@type\":\"WebPage\",\"@id\":\"https:\/\/www.ringier.com\/de\/peter-waelty-wird-leiter-digital-und-stv-geschaeftsfuehrer-der-blick-gruppe\/\",\"url\":\"https:\/\/www.ringier.com\/de\/peter-waelty-wird-leiter-digital-und-stv-geschaeftsfuehrer-der-blick-gruppe\/\",\"name\":\"Peter W\u00e4lty wird Leiter Digital und Stv. Gesch\u00e4ftsf\u00fchrer der Blick -Gruppe - Ringier\",\"isPartOf\":{\"@id\":\"https:\/\/www.ringier.com\/de\/#website\"},\"primaryImageOfPage\":{\"@id\":\"https:\/\/www.ringier.com\/de\/peter-waelty-wird-leiter-digital-und-stv-geschaeftsfuehrer-der-blick-gruppe\/#primaryimage\"},\"image\":{\"@id\":\"https:\/\/www.ringier.com\/de\/peter-waelty-wird-leiter-digital-und-stv-geschaeftsfuehrer-der-blick-gruppe\/#primaryimage\"},\"thumbnailUrl\":\"https:\/\/www.ringier.com\/wp-content\/uploads\/2021\/09\/Peter-Walty-e1632919415749.jpg\",\"datePublished\":\"2017-11-23T13:39:00+00:00\",\"dateModified\":\"2024-11-19T15:02:56+00:00\",\"breadcrumb\":{\"@id\":\"https:\/\/www.ringier.com\/de\/peter-waelty-wird-leiter-digital-und-stv-geschaeftsfuehrer-der-blick-gruppe\/#breadcrumb\"},\"inLanguage\":\"de-DE\",\"potentialAction\":[{\"@type\":\"ReadAction\",\"target\":[\"https:\/\/www.ringier.com\/de\/peter-waelty-wird-leiter-digital-und-stv-geschaeftsfuehrer-der-blick-gruppe\/\"]}]},{\"@type\":\"ImageObject\",\"inLanguage\":\"de-DE\",\"@id\":\"https:\/\/www.ringier.com\/de\/peter-waelty-wird-leiter-digital-und-stv-geschaeftsfuehrer-der-blick-gruppe\/#primaryimage\",\"url\":\"https:\/\/www.ringier.com\/wp-content\/uploads\/2021\/09\/Peter-Walty-e1632919415749.jpg\",\"contentUrl\":\"https:\/\/www.ringier.com\/wp-content\/uploads\/2021\/09\/Peter-Walty-e1632919415749.jpg\",\"width\":1500,\"height\":1248},{\"@type\":\"BreadcrumbList\",\"@id\":\"https:\/\/www.ringier.com\/de\/peter-waelty-wird-leiter-digital-und-stv-geschaeftsfuehrer-der-blick-gruppe\/#breadcrumb\",\"itemListElement\":[{\"@type\":\"ListItem\",\"position\":1,\"name\":\"Home\",\"item\":\"https:\/\/www.ringier.com\/de\/\"},{\"@type\":\"ListItem\",\"position\":2,\"name\":\"Peter W\u00e4lty wird Leiter Digital und Stv. Gesch\u00e4ftsf\u00fchrer der Blick -Gruppe\"}]},{\"@type\":\"WebSite\",\"@id\":\"https:\/\/www.ringier.com\/de\/#website\",\"url\":\"https:\/\/www.ringier.com\/de\/\",\"name\":\"Ringier\",\"description\":\"We inform. We entertain. We connect\",\"publisher\":{\"@id\":\"https:\/\/www.ringier.com\/de\/#organization\"},\"potentialAction\":[{\"@type\":\"SearchAction\",\"target\":{\"@type\":\"EntryPoint\",\"urlTemplate\":\"https:\/\/www.ringier.com\/de\/?s={search_term_string}\"},\"query-input\":{\"@type\":\"PropertyValueSpecification\",\"valueRequired\":true,\"valueName\":\"search_term_string\"}}],\"inLanguage\":\"de-DE\"},{\"@type\":\"Organization\",\"@id\":\"https:\/\/www.ringier.com\/de\/#organization\",\"name\":\"Ringier\",\"url\":\"https:\/\/www.ringier.com\/de\/\",\"logo\":{\"@type\":\"ImageObject\",\"inLanguage\":\"de-DE\",\"@id\":\"https:\/\/www.ringier.com\/de\/#\/schema\/logo\/image\/\",\"url\":\"https:\/\/www.ringier.com\/wp-content\/uploads\/2021\/10\/ringier_logo_2.jpg\",\"contentUrl\":\"https:\/\/www.ringier.com\/wp-content\/uploads\/2021\/10\/ringier_logo_2.jpg\",\"width\":750,\"height\":550,\"caption\":\"Ringier\"},\"image\":{\"@id\":\"https:\/\/www.ringier.com\/de\/#\/schema\/logo\/image\/\"},\"sameAs\":[\"https:\/\/www.facebook.com\/ringierag\/\",\"https:\/\/x.com\/ringier_ag\",\"https:\/\/www.instagram.com\/ringier_ag\/\",\"https:\/\/www.linkedin.com\/company\/ringier\/\",\"https:\/\/www.youtube.com\/user\/RingierComm\",\"https:\/\/en.wikipedia.org\/wiki\/Ringier\",\"https:\/\/de.wikipedia.org\/wiki\/Ringier\",\"https:\/\/fr.wikipedia.org\/wiki\/Ringier\",\"https:\/\/www.crunchbase.com\/organization\/ringier-ag\"]},{\"@type\":\"Person\",\"@id\":\"https:\/\/www.ringier.com\/de\/#\/schema\/person\/4cf76a308dc4b2bb5121bd1e7b752e52\",\"name\":\"Ringier Corporate Communications\",\"image\":{\"@type\":\"ImageObject\",\"inLanguage\":\"de-DE\",\"@id\":\"https:\/\/www.ringier.com\/de\/#\/schema\/person\/image\/\",\"url\":\"https:\/\/secure.gravatar.com\/avatar\/9391e20481368d5df4fe3e1e476c13b27786347489822ec1ed07e532bb41f587?s=96&d=mm&r=g\",\"contentUrl\":\"https:\/\/secure.gravatar.com\/avatar\/9391e20481368d5df4fe3e1e476c13b27786347489822ec1ed07e532bb41f587?s=96&d=mm&r=g\",\"caption\":\"Ringier Corporate Communications\"},\"sameAs\":[\"https:\/\/www.ringier.com\"]}]}<\/script>\n<!-- \/ Yoast SEO Premium plugin. -->","yoast_head_json":{"title":"Peter W\u00e4lty wird Leiter Digital und Stv. Gesch\u00e4ftsf\u00fchrer der Blick -Gruppe - Ringier","robots":{"index":"index","follow":"follow","max-snippet":"max-snippet:-1","max-image-preview":"max-image-preview:large","max-video-preview":"max-video-preview:-1"},"canonical":"https:\/\/www.ringier.com\/de\/peter-waelty-wird-leiter-digital-und-stv-geschaeftsfuehrer-der-blick-gruppe\/","og_locale":"de_DE","og_type":"article","og_title":"Peter W\u00e4lty wird Leiter Digital und Stv. Gesch\u00e4ftsf\u00fchrer der Blick -Gruppe","og_description":"Sp\u00e4testens per 1. April 2018 wird Peter W\u00e4lty Leiter Digital und stellvertretender Gesch\u00e4ftsf\u00fchrer der Blick-Gruppe. In dieser Funktion wird W\u00e4lty die digitale Entwicklung der Blick-Gruppe und ihrer Produkte weiter vorantreiben. W\u00e4lty ist seit April 2016 Leiter Digital News und Development bei Tamedia.","og_url":"https:\/\/www.ringier.com\/de\/peter-waelty-wird-leiter-digital-und-stv-geschaeftsfuehrer-der-blick-gruppe\/","og_site_name":"Ringier","article_publisher":"https:\/\/www.facebook.com\/ringierag\/","article_published_time":"2017-11-23T13:39:00+00:00","article_modified_time":"2024-11-19T15:02:56+00:00","og_image":[{"width":1500,"height":1248,"url":"https:\/\/www.ringier.com\/wp-content\/uploads\/2021\/09\/Peter-Walty-e1632919415749.jpg","type":"image\/jpeg"}],"author":"Ringier Corporate Communications","twitter_card":"summary_large_image","twitter_creator":"@ringier_ag","twitter_site":"@ringier_ag","twitter_misc":{"Verfasst von":"Ringier Corporate Communications","Gesch\u00e4tzte Lesezeit":"2 Minuten"},"schema":{"@context":"https:\/\/schema.org","@graph":[{"@type":"Article","@id":"https:\/\/www.ringier.com\/de\/peter-waelty-wird-leiter-digital-und-stv-geschaeftsfuehrer-der-blick-gruppe\/#article","isPartOf":{"@id":"https:\/\/www.ringier.com\/de\/peter-waelty-wird-leiter-digital-und-stv-geschaeftsfuehrer-der-blick-gruppe\/"},"author":{"name":"Ringier Corporate Communications","@id":"https:\/\/www.ringier.com\/de\/#\/schema\/person\/4cf76a308dc4b2bb5121bd1e7b752e52"},"headline":"Peter W\u00e4lty wird Leiter Digital und Stv. Gesch\u00e4ftsf\u00fchrer der Blick -Gruppe","datePublished":"2017-11-23T13:39:00+00:00","dateModified":"2024-11-19T15:02:56+00:00","mainEntityOfPage":{"@id":"https:\/\/www.ringier.com\/de\/peter-waelty-wird-leiter-digital-und-stv-geschaeftsfuehrer-der-blick-gruppe\/"},"wordCount":216,"publisher":{"@id":"https:\/\/www.ringier.com\/de\/#organization"},"image":{"@id":"https:\/\/www.ringier.com\/de\/peter-waelty-wird-leiter-digital-und-stv-geschaeftsfuehrer-der-blick-gruppe\/#primaryimage"},"thumbnailUrl":"https:\/\/www.ringier.com\/wp-content\/uploads\/2021\/09\/Peter-Walty-e1632919415749.jpg","articleSection":["Media","Ringier Medien Schweiz"],"inLanguage":"de-DE"},{"@type":"WebPage","@id":"https:\/\/www.ringier.com\/de\/peter-waelty-wird-leiter-digital-und-stv-geschaeftsfuehrer-der-blick-gruppe\/","url":"https:\/\/www.ringier.com\/de\/peter-waelty-wird-leiter-digital-und-stv-geschaeftsfuehrer-der-blick-gruppe\/","name":"Peter W\u00e4lty wird Leiter Digital und Stv. Gesch\u00e4ftsf\u00fchrer der Blick -Gruppe - Ringier","isPartOf":{"@id":"https:\/\/www.ringier.com\/de\/#website"},"primaryImageOfPage":{"@id":"https:\/\/www.ringier.com\/de\/peter-waelty-wird-leiter-digital-und-stv-geschaeftsfuehrer-der-blick-gruppe\/#primaryimage"},"image":{"@id":"https:\/\/www.ringier.com\/de\/peter-waelty-wird-leiter-digital-und-stv-geschaeftsfuehrer-der-blick-gruppe\/#primaryimage"},"thumbnailUrl":"https:\/\/www.ringier.com\/wp-content\/uploads\/2021\/09\/Peter-Walty-e1632919415749.jpg","datePublished":"2017-11-23T13:39:00+00:00","dateModified":"2024-11-19T15:02:56+00:00","breadcrumb":{"@id":"https:\/\/www.ringier.com\/de\/peter-waelty-wird-leiter-digital-und-stv-geschaeftsfuehrer-der-blick-gruppe\/#breadcrumb"},"inLanguage":"de-DE","potentialAction":[{"@type":"ReadAction","target":["https:\/\/www.ringier.com\/de\/peter-waelty-wird-leiter-digital-und-stv-geschaeftsfuehrer-der-blick-gruppe\/"]}]},{"@type":"ImageObject","inLanguage":"de-DE","@id":"https:\/\/www.ringier.com\/de\/peter-waelty-wird-leiter-digital-und-stv-geschaeftsfuehrer-der-blick-gruppe\/#primaryimage","url":"https:\/\/www.ringier.com\/wp-content\/uploads\/2021\/09\/Peter-Walty-e1632919415749.jpg","contentUrl":"https:\/\/www.ringier.com\/wp-content\/uploads\/2021\/09\/Peter-Walty-e1632919415749.jpg","width":1500,"height":1248},{"@type":"BreadcrumbList","@id":"https:\/\/www.ringier.com\/de\/peter-waelty-wird-leiter-digital-und-stv-geschaeftsfuehrer-der-blick-gruppe\/#breadcrumb","itemListElement":[{"@type":"ListItem","position":1,"name":"Home","item":"https:\/\/www.ringier.com\/de\/"},{"@type":"ListItem","position":2,"name":"Peter W\u00e4lty wird Leiter Digital und Stv. Gesch\u00e4ftsf\u00fchrer der Blick -Gruppe"}]},{"@type":"WebSite","@id":"https:\/\/www.ringier.com\/de\/#website","url":"https:\/\/www.ringier.com\/de\/","name":"Ringier","description":"We inform. We entertain. We connect","publisher":{"@id":"https:\/\/www.ringier.com\/de\/#organization"},"potentialAction":[{"@type":"SearchAction","target":{"@type":"EntryPoint","urlTemplate":"https:\/\/www.ringier.com\/de\/?s={search_term_string}"},"query-input":{"@type":"PropertyValueSpecification","valueRequired":true,"valueName":"search_term_string"}}],"inLanguage":"de-DE"},{"@type":"Organization","@id":"https:\/\/www.ringier.com\/de\/#organization","name":"Ringier","url":"https:\/\/www.ringier.com\/de\/","logo":{"@type":"ImageObject","inLanguage":"de-DE","@id":"https:\/\/www.ringier.com\/de\/#\/schema\/logo\/image\/","url":"https:\/\/www.ringier.com\/wp-content\/uploads\/2021\/10\/ringier_logo_2.jpg","contentUrl":"https:\/\/www.ringier.com\/wp-content\/uploads\/2021\/10\/ringier_logo_2.jpg","width":750,"height":550,"caption":"Ringier"},"image":{"@id":"https:\/\/www.ringier.com\/de\/#\/schema\/logo\/image\/"},"sameAs":["https:\/\/www.facebook.com\/ringierag\/","https:\/\/x.com\/ringier_ag","https:\/\/www.instagram.com\/ringier_ag\/","https:\/\/www.linkedin.com\/company\/ringier\/","https:\/\/www.youtube.com\/user\/RingierComm","https:\/\/en.wikipedia.org\/wiki\/Ringier","https:\/\/de.wikipedia.org\/wiki\/Ringier","https:\/\/fr.wikipedia.org\/wiki\/Ringier","https:\/\/www.crunchbase.com\/organization\/ringier-ag"]},{"@type":"Person","@id":"https:\/\/www.ringier.com\/de\/#\/schema\/person\/4cf76a308dc4b2bb5121bd1e7b752e52","name":"Ringier Corporate Communications","image":{"@type":"ImageObject","inLanguage":"de-DE","@id":"https:\/\/www.ringier.com\/de\/#\/schema\/person\/image\/","url":"https:\/\/secure.gravatar.com\/avatar\/9391e20481368d5df4fe3e1e476c13b27786347489822ec1ed07e532bb41f587?s=96&d=mm&r=g","contentUrl":"https:\/\/secure.gravatar.com\/avatar\/9391e20481368d5df4fe3e1e476c13b27786347489822ec1ed07e532bb41f587?s=96&d=mm&r=g","caption":"Ringier Corporate Communications"},"sameAs":["https:\/\/www.ringier.com"]}]}},"_links":{"self":[{"href":"https:\/\/www.ringier.com\/de\/wp-json\/wp\/v2\/posts\/9176","targetHints":{"allow":["GET"]}}],"collection":[{"href":"https:\/\/www.ringier.com\/de\/wp-json\/wp\/v2\/posts"}],"about":[{"href":"https:\/\/www.ringier.com\/de\/wp-json\/wp\/v2\/types\/post"}],"author":[{"embeddable":true,"href":"https:\/\/www.ringier.com\/de\/wp-json\/wp\/v2\/users\/23"}],"replies":[{"embeddable":true,"href":"https:\/\/www.ringier.com\/de\/wp-json\/wp\/v2\/comments?post=9176"}],"version-history":[{"count":0,"href":"https:\/\/www.ringier.com\/de\/wp-json\/wp\/v2\/posts\/9176\/revisions"}],"wp:featuredmedia":[{"embeddable":true,"href":"https:\/\/www.ringier.com\/de\/wp-json\/wp\/v2\/media\/9177"}],"wp:attachment":[{"href":"https:\/\/www.ringier.com\/de\/wp-json\/wp\/v2\/media?parent=9176"}],"wp:term":[{"taxonomy":"category","embeddable":true,"href":"https:\/\/www.ringier.com\/de\/wp-json\/wp\/v2\/categories?post=9176"},{"taxonomy":"post_tag","embeddable":true,"href":"https:\/\/www.ringier.com\/de\/wp-json\/wp\/v2\/tags?post=9176"}],"curies":[{"name":"wp","href":"https:\/\/api.w.org\/{rel}","templated":true}]}}