{"id":9033,"date":"2010-08-07T08:52:00","date_gmt":"2010-08-07T06:52:00","guid":{"rendered":"https:\/\/www.ringier.com\/european-prize-for-political-culture-awarded-to-jean-claude-trichet\/"},"modified":"2021-09-29T09:20:50","modified_gmt":"2021-09-29T07:20:50","slug":"europapreis-fuer-politische-kultur-geht-an-jean-claude-trichet","status":"publish","type":"post","link":"https:\/\/www.ringier.com\/de\/europapreis-fuer-politische-kultur-geht-an-jean-claude-trichet\/","title":{"rendered":"\u00abEuropapreis f\u00fcr politische Kultur\u00bb geht an Jean-Claude Trichet"},"content":{"rendered":"\n<p>Am Samstag verlieh die Hans Ringier Stiftung dem Pr\u00e4sidenten der Europ\u00e4ischen Zentralbank (EZB) Jean-Claude Trichet den \u00abEuropapreis f\u00fcr politische Kultur\u00bb. Die Jury ehrte Trichet als engagierten H\u00fcter des europ\u00e4ischen W\u00e4hrungssystems und grossen Europ\u00e4er.\u00a0<\/p>\n\n\n\n<p>Der deutsche Bundeskanzler a. D. Gerhard Schr\u00f6der w\u00fcrdigte Jean-Claude Trichet mit einer Laudatio. Der mit 50&#8217;000 Euro dotierte Preis der Hans Ringier Stiftung wurde im Rahmen des traditionellen \u00abD\u00eener r\u00e9publicain\u00bb von Frank A. Meyer im Castello del Sole in Ascona (Schweiz) \u00fcbergeben.\u00a0<\/p>\n\n\n\n<p>Jurymitglieder waren der deutsche Bundeskanzler a. D. Gerhard Schr\u00f6der, der Verleger Michael Ringier, der Schweizer Schriftsteller Adolf Muschg und der Manager Utz Claassen sowie als Jury-Pr\u00e4sident Frank A. Meyer.\u00a0<\/p>\n\n\n\n<p>Das \u00abD\u00eener r\u00e9publicain\u00bb findet im Rahmen des Internationalen Filmfestivals von Locarno zum 35. Mal statt. G\u00e4ste bei der \u00dcberreichung des Preises waren unter anderem der Schweizer Bundesrat Moritz Leuenberger, Jacques Barrot, Mitglied des franz\u00f6sischen Verfassungsrates, die Schweizer Nationalratspr\u00e4sidentin Pascale Bruderer und der Theologe Hans K\u00fcng.\u00a0<\/p>\n\n\n\n<p>Der Europapreis wurde dieses Jahr bereits zum f\u00fcnften Mal verliehen; 2009 ging er an den WTO-Generaldirektor Pascal Lamy, 2008 an den Philosophen J\u00fcrgen Habermas, 2007 an den serbischen Staatspr\u00e4sidenten Boris Tadi? und 2006 an den luxemburgischen Premierminister Jean-Claude Juncker.\u00a0<\/p>\n\n\n\n<p>Hans Ringier Stiftung<\/p>\n","protected":false},"excerpt":{"rendered":"<p>Locarno: <\/p>\n<p>Jean-Claude Trichet, Pr\u00e4sident der Europ\u00e4ischen Zentralbank (EZB), erh\u00e4lt den diesj\u00e4hrigen \u00abEuropapreis f\u00fcr politische Kultur\u00bb. Die mit 50&#8217;000 Euro dotierte Ehrung der Hans Ringier Stiftung ging in den Jahren zuvor an den WTO-Generaldirektor Pascal Lamy, den Philosophen J\u00fcrgen Habermas, den serbischen Staatspr\u00e4sidenten Boris Tadi? und den luxemburgischen Premierminister Jean-Claude Juncker.<\/p>\n","protected":false},"author":23,"featured_media":9026,"comment_status":"closed","ping_status":"open","sticky":false,"template":"","format":"standard","meta":{"inline_featured_image":false,"footnotes":""},"categories":[44],"tags":[],"class_list":["post-9033","post","type-post","status-publish","format-standard","has-post-thumbnail","hentry","category-corporate-de"],"yoast_head":"<!-- This site is optimized with the Yoast SEO Premium plugin v27.0 (Yoast SEO v27.0) - https:\/\/yoast.com\/product\/yoast-seo-premium-wordpress\/ -->\n<title>\u00abEuropapreis f\u00fcr politische Kultur\u00bb geht an Jean-Claude Trichet - Ringier<\/title>\n<meta name=\"robots\" content=\"index, follow, max-snippet:-1, max-image-preview:large, max-video-preview:-1\" \/>\n<link rel=\"canonical\" href=\"https:\/\/www.ringier.com\/de\/europapreis-fuer-politische-kultur-geht-an-jean-claude-trichet\/\" \/>\n<meta property=\"og:locale\" content=\"de_DE\" \/>\n<meta property=\"og:type\" content=\"article\" \/>\n<meta property=\"og:title\" content=\"\u00abEuropapreis f\u00fcr politische Kultur\u00bb geht an Jean-Claude Trichet\" \/>\n<meta property=\"og:description\" content=\"Locarno:  Jean-Claude Trichet, Pr\u00e4sident der Europ\u00e4ischen Zentralbank (EZB), erh\u00e4lt den diesj\u00e4hrigen \u00abEuropapreis f\u00fcr politische Kultur\u00bb. Die mit 50&#039;000 Euro dotierte Ehrung der Hans Ringier Stiftung ging in den Jahren zuvor an den WTO-Generaldirektor Pascal Lamy, den Philosophen J\u00fcrgen Habermas, den serbischen Staatspr\u00e4sidenten Boris Tadi? und den luxemburgischen Premierminister Jean-Claude Juncker.\" \/>\n<meta property=\"og:url\" content=\"https:\/\/www.ringier.com\/de\/europapreis-fuer-politische-kultur-geht-an-jean-claude-trichet\/\" \/>\n<meta property=\"og:site_name\" content=\"Ringier\" \/>\n<meta property=\"article:publisher\" content=\"https:\/\/www.facebook.com\/ringierag\/\" \/>\n<meta property=\"article:published_time\" content=\"2010-08-07T06:52:00+00:00\" \/>\n<meta property=\"article:modified_time\" content=\"2021-09-29T07:20:50+00:00\" \/>\n<meta property=\"og:image\" content=\"https:\/\/www.ringier.com\/wp-content\/uploads\/2021\/09\/jean-claude_trichet-Aug-2010-scaled.jpg\" \/>\n\t<meta property=\"og:image:width\" content=\"1281\" \/>\n\t<meta property=\"og:image:height\" content=\"2560\" \/>\n\t<meta property=\"og:image:type\" content=\"image\/jpeg\" \/>\n<meta name=\"author\" content=\"Ringier Corporate Communications\" \/>\n<meta name=\"twitter:card\" content=\"summary_large_image\" \/>\n<meta name=\"twitter:creator\" content=\"@ringier_ag\" \/>\n<meta name=\"twitter:site\" content=\"@ringier_ag\" \/>\n<meta name=\"twitter:label1\" content=\"Verfasst von\" \/>\n\t<meta name=\"twitter:data1\" content=\"Ringier Corporate Communications\" \/>\n\t<meta name=\"twitter:label2\" content=\"Gesch\u00e4tzte Lesezeit\" \/>\n\t<meta name=\"twitter:data2\" content=\"1 Minute\" \/>\n<script type=\"application\/ld+json\" class=\"yoast-schema-graph\">{\"@context\":\"https:\/\/schema.org\",\"@graph\":[{\"@type\":\"Article\",\"@id\":\"https:\/\/www.ringier.com\/de\/europapreis-fuer-politische-kultur-geht-an-jean-claude-trichet\/#article\",\"isPartOf\":{\"@id\":\"https:\/\/www.ringier.com\/de\/europapreis-fuer-politische-kultur-geht-an-jean-claude-trichet\/\"},\"author\":{\"name\":\"Ringier Corporate Communications\",\"@id\":\"https:\/\/www.ringier.com\/de\/#\/schema\/person\/4cf76a308dc4b2bb5121bd1e7b752e52\"},\"headline\":\"\u00abEuropapreis f\u00fcr politische Kultur\u00bb geht an Jean-Claude Trichet\",\"datePublished\":\"2010-08-07T06:52:00+00:00\",\"dateModified\":\"2021-09-29T07:20:50+00:00\",\"mainEntityOfPage\":{\"@id\":\"https:\/\/www.ringier.com\/de\/europapreis-fuer-politische-kultur-geht-an-jean-claude-trichet\/\"},\"wordCount\":216,\"publisher\":{\"@id\":\"https:\/\/www.ringier.com\/de\/#organization\"},\"image\":{\"@id\":\"https:\/\/www.ringier.com\/de\/europapreis-fuer-politische-kultur-geht-an-jean-claude-trichet\/#primaryimage\"},\"thumbnailUrl\":\"https:\/\/www.ringier.com\/wp-content\/uploads\/2021\/09\/jean-claude_trichet-Aug-2010-scaled.jpg\",\"articleSection\":[\"Corporate\"],\"inLanguage\":\"de-DE\"},{\"@type\":\"WebPage\",\"@id\":\"https:\/\/www.ringier.com\/de\/europapreis-fuer-politische-kultur-geht-an-jean-claude-trichet\/\",\"url\":\"https:\/\/www.ringier.com\/de\/europapreis-fuer-politische-kultur-geht-an-jean-claude-trichet\/\",\"name\":\"\u00abEuropapreis f\u00fcr politische Kultur\u00bb geht an Jean-Claude Trichet - Ringier\",\"isPartOf\":{\"@id\":\"https:\/\/www.ringier.com\/de\/#website\"},\"primaryImageOfPage\":{\"@id\":\"https:\/\/www.ringier.com\/de\/europapreis-fuer-politische-kultur-geht-an-jean-claude-trichet\/#primaryimage\"},\"image\":{\"@id\":\"https:\/\/www.ringier.com\/de\/europapreis-fuer-politische-kultur-geht-an-jean-claude-trichet\/#primaryimage\"},\"thumbnailUrl\":\"https:\/\/www.ringier.com\/wp-content\/uploads\/2021\/09\/jean-claude_trichet-Aug-2010-scaled.jpg\",\"datePublished\":\"2010-08-07T06:52:00+00:00\",\"dateModified\":\"2021-09-29T07:20:50+00:00\",\"breadcrumb\":{\"@id\":\"https:\/\/www.ringier.com\/de\/europapreis-fuer-politische-kultur-geht-an-jean-claude-trichet\/#breadcrumb\"},\"inLanguage\":\"de-DE\",\"potentialAction\":[{\"@type\":\"ReadAction\",\"target\":[\"https:\/\/www.ringier.com\/de\/europapreis-fuer-politische-kultur-geht-an-jean-claude-trichet\/\"]}]},{\"@type\":\"ImageObject\",\"inLanguage\":\"de-DE\",\"@id\":\"https:\/\/www.ringier.com\/de\/europapreis-fuer-politische-kultur-geht-an-jean-claude-trichet\/#primaryimage\",\"url\":\"https:\/\/www.ringier.com\/wp-content\/uploads\/2021\/09\/jean-claude_trichet-Aug-2010-scaled.jpg\",\"contentUrl\":\"https:\/\/www.ringier.com\/wp-content\/uploads\/2021\/09\/jean-claude_trichet-Aug-2010-scaled.jpg\",\"width\":1281,\"height\":2560,\"caption\":\"ASCONA, 07.08.2010 --- Preistraeger Jean-Claude Trichet mit \\\"seinem Bild\\\",einem Teil der Ehrung f\u00fcr den Preistraeger. Foto: Karl-Heinz Hug\"},{\"@type\":\"BreadcrumbList\",\"@id\":\"https:\/\/www.ringier.com\/de\/europapreis-fuer-politische-kultur-geht-an-jean-claude-trichet\/#breadcrumb\",\"itemListElement\":[{\"@type\":\"ListItem\",\"position\":1,\"name\":\"Home\",\"item\":\"https:\/\/www.ringier.com\/de\/\"},{\"@type\":\"ListItem\",\"position\":2,\"name\":\"\u00abEuropapreis f\u00fcr politische Kultur\u00bb geht an Jean-Claude Trichet\"}]},{\"@type\":\"WebSite\",\"@id\":\"https:\/\/www.ringier.com\/de\/#website\",\"url\":\"https:\/\/www.ringier.com\/de\/\",\"name\":\"Ringier\",\"description\":\"We inform. We entertain. We connect\",\"publisher\":{\"@id\":\"https:\/\/www.ringier.com\/de\/#organization\"},\"potentialAction\":[{\"@type\":\"SearchAction\",\"target\":{\"@type\":\"EntryPoint\",\"urlTemplate\":\"https:\/\/www.ringier.com\/de\/?s={search_term_string}\"},\"query-input\":{\"@type\":\"PropertyValueSpecification\",\"valueRequired\":true,\"valueName\":\"search_term_string\"}}],\"inLanguage\":\"de-DE\"},{\"@type\":\"Organization\",\"@id\":\"https:\/\/www.ringier.com\/de\/#organization\",\"name\":\"Ringier\",\"url\":\"https:\/\/www.ringier.com\/de\/\",\"logo\":{\"@type\":\"ImageObject\",\"inLanguage\":\"de-DE\",\"@id\":\"https:\/\/www.ringier.com\/de\/#\/schema\/logo\/image\/\",\"url\":\"https:\/\/www.ringier.com\/wp-content\/uploads\/2021\/10\/ringier_logo_2.jpg\",\"contentUrl\":\"https:\/\/www.ringier.com\/wp-content\/uploads\/2021\/10\/ringier_logo_2.jpg\",\"width\":750,\"height\":550,\"caption\":\"Ringier\"},\"image\":{\"@id\":\"https:\/\/www.ringier.com\/de\/#\/schema\/logo\/image\/\"},\"sameAs\":[\"https:\/\/www.facebook.com\/ringierag\/\",\"https:\/\/x.com\/ringier_ag\",\"https:\/\/www.instagram.com\/ringier_ag\/\",\"https:\/\/www.linkedin.com\/company\/ringier\/\",\"https:\/\/www.youtube.com\/user\/RingierComm\",\"https:\/\/en.wikipedia.org\/wiki\/Ringier\",\"https:\/\/de.wikipedia.org\/wiki\/Ringier\",\"https:\/\/fr.wikipedia.org\/wiki\/Ringier\",\"https:\/\/www.crunchbase.com\/organization\/ringier-ag\"]},{\"@type\":\"Person\",\"@id\":\"https:\/\/www.ringier.com\/de\/#\/schema\/person\/4cf76a308dc4b2bb5121bd1e7b752e52\",\"name\":\"Ringier Corporate Communications\",\"image\":{\"@type\":\"ImageObject\",\"inLanguage\":\"de-DE\",\"@id\":\"https:\/\/www.ringier.com\/de\/#\/schema\/person\/image\/\",\"url\":\"https:\/\/secure.gravatar.com\/avatar\/9391e20481368d5df4fe3e1e476c13b27786347489822ec1ed07e532bb41f587?s=96&d=mm&r=g\",\"contentUrl\":\"https:\/\/secure.gravatar.com\/avatar\/9391e20481368d5df4fe3e1e476c13b27786347489822ec1ed07e532bb41f587?s=96&d=mm&r=g\",\"caption\":\"Ringier Corporate Communications\"},\"sameAs\":[\"https:\/\/www.ringier.com\"]}]}<\/script>\n<!-- \/ Yoast SEO Premium plugin. -->","yoast_head_json":{"title":"\u00abEuropapreis f\u00fcr politische Kultur\u00bb geht an Jean-Claude Trichet - Ringier","robots":{"index":"index","follow":"follow","max-snippet":"max-snippet:-1","max-image-preview":"max-image-preview:large","max-video-preview":"max-video-preview:-1"},"canonical":"https:\/\/www.ringier.com\/de\/europapreis-fuer-politische-kultur-geht-an-jean-claude-trichet\/","og_locale":"de_DE","og_type":"article","og_title":"\u00abEuropapreis f\u00fcr politische Kultur\u00bb geht an Jean-Claude Trichet","og_description":"Locarno:  Jean-Claude Trichet, Pr\u00e4sident der Europ\u00e4ischen Zentralbank (EZB), erh\u00e4lt den diesj\u00e4hrigen \u00abEuropapreis f\u00fcr politische Kultur\u00bb. Die mit 50'000 Euro dotierte Ehrung der Hans Ringier Stiftung ging in den Jahren zuvor an den WTO-Generaldirektor Pascal Lamy, den Philosophen J\u00fcrgen Habermas, den serbischen Staatspr\u00e4sidenten Boris Tadi? und den luxemburgischen Premierminister Jean-Claude Juncker.","og_url":"https:\/\/www.ringier.com\/de\/europapreis-fuer-politische-kultur-geht-an-jean-claude-trichet\/","og_site_name":"Ringier","article_publisher":"https:\/\/www.facebook.com\/ringierag\/","article_published_time":"2010-08-07T06:52:00+00:00","article_modified_time":"2021-09-29T07:20:50+00:00","og_image":[{"width":1281,"height":2560,"url":"https:\/\/www.ringier.com\/wp-content\/uploads\/2021\/09\/jean-claude_trichet-Aug-2010-scaled.jpg","type":"image\/jpeg"}],"author":"Ringier Corporate Communications","twitter_card":"summary_large_image","twitter_creator":"@ringier_ag","twitter_site":"@ringier_ag","twitter_misc":{"Verfasst von":"Ringier Corporate Communications","Gesch\u00e4tzte Lesezeit":"1 Minute"},"schema":{"@context":"https:\/\/schema.org","@graph":[{"@type":"Article","@id":"https:\/\/www.ringier.com\/de\/europapreis-fuer-politische-kultur-geht-an-jean-claude-trichet\/#article","isPartOf":{"@id":"https:\/\/www.ringier.com\/de\/europapreis-fuer-politische-kultur-geht-an-jean-claude-trichet\/"},"author":{"name":"Ringier Corporate Communications","@id":"https:\/\/www.ringier.com\/de\/#\/schema\/person\/4cf76a308dc4b2bb5121bd1e7b752e52"},"headline":"\u00abEuropapreis f\u00fcr politische Kultur\u00bb geht an Jean-Claude Trichet","datePublished":"2010-08-07T06:52:00+00:00","dateModified":"2021-09-29T07:20:50+00:00","mainEntityOfPage":{"@id":"https:\/\/www.ringier.com\/de\/europapreis-fuer-politische-kultur-geht-an-jean-claude-trichet\/"},"wordCount":216,"publisher":{"@id":"https:\/\/www.ringier.com\/de\/#organization"},"image":{"@id":"https:\/\/www.ringier.com\/de\/europapreis-fuer-politische-kultur-geht-an-jean-claude-trichet\/#primaryimage"},"thumbnailUrl":"https:\/\/www.ringier.com\/wp-content\/uploads\/2021\/09\/jean-claude_trichet-Aug-2010-scaled.jpg","articleSection":["Corporate"],"inLanguage":"de-DE"},{"@type":"WebPage","@id":"https:\/\/www.ringier.com\/de\/europapreis-fuer-politische-kultur-geht-an-jean-claude-trichet\/","url":"https:\/\/www.ringier.com\/de\/europapreis-fuer-politische-kultur-geht-an-jean-claude-trichet\/","name":"\u00abEuropapreis f\u00fcr politische Kultur\u00bb geht an Jean-Claude Trichet - Ringier","isPartOf":{"@id":"https:\/\/www.ringier.com\/de\/#website"},"primaryImageOfPage":{"@id":"https:\/\/www.ringier.com\/de\/europapreis-fuer-politische-kultur-geht-an-jean-claude-trichet\/#primaryimage"},"image":{"@id":"https:\/\/www.ringier.com\/de\/europapreis-fuer-politische-kultur-geht-an-jean-claude-trichet\/#primaryimage"},"thumbnailUrl":"https:\/\/www.ringier.com\/wp-content\/uploads\/2021\/09\/jean-claude_trichet-Aug-2010-scaled.jpg","datePublished":"2010-08-07T06:52:00+00:00","dateModified":"2021-09-29T07:20:50+00:00","breadcrumb":{"@id":"https:\/\/www.ringier.com\/de\/europapreis-fuer-politische-kultur-geht-an-jean-claude-trichet\/#breadcrumb"},"inLanguage":"de-DE","potentialAction":[{"@type":"ReadAction","target":["https:\/\/www.ringier.com\/de\/europapreis-fuer-politische-kultur-geht-an-jean-claude-trichet\/"]}]},{"@type":"ImageObject","inLanguage":"de-DE","@id":"https:\/\/www.ringier.com\/de\/europapreis-fuer-politische-kultur-geht-an-jean-claude-trichet\/#primaryimage","url":"https:\/\/www.ringier.com\/wp-content\/uploads\/2021\/09\/jean-claude_trichet-Aug-2010-scaled.jpg","contentUrl":"https:\/\/www.ringier.com\/wp-content\/uploads\/2021\/09\/jean-claude_trichet-Aug-2010-scaled.jpg","width":1281,"height":2560,"caption":"ASCONA, 07.08.2010 --- Preistraeger Jean-Claude Trichet mit \"seinem Bild\",einem Teil der Ehrung f\u00fcr den Preistraeger. Foto: Karl-Heinz Hug"},{"@type":"BreadcrumbList","@id":"https:\/\/www.ringier.com\/de\/europapreis-fuer-politische-kultur-geht-an-jean-claude-trichet\/#breadcrumb","itemListElement":[{"@type":"ListItem","position":1,"name":"Home","item":"https:\/\/www.ringier.com\/de\/"},{"@type":"ListItem","position":2,"name":"\u00abEuropapreis f\u00fcr politische Kultur\u00bb geht an Jean-Claude Trichet"}]},{"@type":"WebSite","@id":"https:\/\/www.ringier.com\/de\/#website","url":"https:\/\/www.ringier.com\/de\/","name":"Ringier","description":"We inform. We entertain. We connect","publisher":{"@id":"https:\/\/www.ringier.com\/de\/#organization"},"potentialAction":[{"@type":"SearchAction","target":{"@type":"EntryPoint","urlTemplate":"https:\/\/www.ringier.com\/de\/?s={search_term_string}"},"query-input":{"@type":"PropertyValueSpecification","valueRequired":true,"valueName":"search_term_string"}}],"inLanguage":"de-DE"},{"@type":"Organization","@id":"https:\/\/www.ringier.com\/de\/#organization","name":"Ringier","url":"https:\/\/www.ringier.com\/de\/","logo":{"@type":"ImageObject","inLanguage":"de-DE","@id":"https:\/\/www.ringier.com\/de\/#\/schema\/logo\/image\/","url":"https:\/\/www.ringier.com\/wp-content\/uploads\/2021\/10\/ringier_logo_2.jpg","contentUrl":"https:\/\/www.ringier.com\/wp-content\/uploads\/2021\/10\/ringier_logo_2.jpg","width":750,"height":550,"caption":"Ringier"},"image":{"@id":"https:\/\/www.ringier.com\/de\/#\/schema\/logo\/image\/"},"sameAs":["https:\/\/www.facebook.com\/ringierag\/","https:\/\/x.com\/ringier_ag","https:\/\/www.instagram.com\/ringier_ag\/","https:\/\/www.linkedin.com\/company\/ringier\/","https:\/\/www.youtube.com\/user\/RingierComm","https:\/\/en.wikipedia.org\/wiki\/Ringier","https:\/\/de.wikipedia.org\/wiki\/Ringier","https:\/\/fr.wikipedia.org\/wiki\/Ringier","https:\/\/www.crunchbase.com\/organization\/ringier-ag"]},{"@type":"Person","@id":"https:\/\/www.ringier.com\/de\/#\/schema\/person\/4cf76a308dc4b2bb5121bd1e7b752e52","name":"Ringier Corporate Communications","image":{"@type":"ImageObject","inLanguage":"de-DE","@id":"https:\/\/www.ringier.com\/de\/#\/schema\/person\/image\/","url":"https:\/\/secure.gravatar.com\/avatar\/9391e20481368d5df4fe3e1e476c13b27786347489822ec1ed07e532bb41f587?s=96&d=mm&r=g","contentUrl":"https:\/\/secure.gravatar.com\/avatar\/9391e20481368d5df4fe3e1e476c13b27786347489822ec1ed07e532bb41f587?s=96&d=mm&r=g","caption":"Ringier Corporate Communications"},"sameAs":["https:\/\/www.ringier.com"]}]}},"_links":{"self":[{"href":"https:\/\/www.ringier.com\/de\/wp-json\/wp\/v2\/posts\/9033","targetHints":{"allow":["GET"]}}],"collection":[{"href":"https:\/\/www.ringier.com\/de\/wp-json\/wp\/v2\/posts"}],"about":[{"href":"https:\/\/www.ringier.com\/de\/wp-json\/wp\/v2\/types\/post"}],"author":[{"embeddable":true,"href":"https:\/\/www.ringier.com\/de\/wp-json\/wp\/v2\/users\/23"}],"replies":[{"embeddable":true,"href":"https:\/\/www.ringier.com\/de\/wp-json\/wp\/v2\/comments?post=9033"}],"version-history":[{"count":0,"href":"https:\/\/www.ringier.com\/de\/wp-json\/wp\/v2\/posts\/9033\/revisions"}],"wp:featuredmedia":[{"embeddable":true,"href":"https:\/\/www.ringier.com\/de\/wp-json\/wp\/v2\/media\/9026"}],"wp:attachment":[{"href":"https:\/\/www.ringier.com\/de\/wp-json\/wp\/v2\/media?parent=9033"}],"wp:term":[{"taxonomy":"category","embeddable":true,"href":"https:\/\/www.ringier.com\/de\/wp-json\/wp\/v2\/categories?post=9033"},{"taxonomy":"post_tag","embeddable":true,"href":"https:\/\/www.ringier.com\/de\/wp-json\/wp\/v2\/tags?post=9033"}],"curies":[{"name":"wp","href":"https:\/\/api.w.org\/{rel}","templated":true}]}}