{"id":9001,"date":"2013-01-16T22:54:00","date_gmt":"2013-01-16T21:54:00","guid":{"rendered":"https:\/\/www.ringier.com\/?p=9001"},"modified":"2024-11-29T14:51:22","modified_gmt":"2024-11-29T13:51:22","slug":"ringier-romandie-tv-vermarktung-mit-erfolgreicher-jahresbilanz","status":"publish","type":"post","link":"https:\/\/www.ringier.com\/de\/ringier-romandie-tv-vermarktung-mit-erfolgreicher-jahresbilanz\/","title":{"rendered":"Ringier Romandie: TV-Vermarktung mit erfolgreicher Jahresbilanz"},"content":{"rendered":"\n<p>Swissness, Stars und Charity-Events begeistern das Westschweizer TV-Publikum. Die hohen Quoten vieler Sendungen von TF1 Suisse trugen massgeblich zum Gesch\u00e4ftserfolg von Ringier Romandie im Jahr 2012 bei.<br>Dazu Daniel Gauchat, Leiter TV-Vermarktung: \u00abEntscheidend f\u00fcr unseren Erfolg war neben den hervorragend und aufwendig produzierten Umfeldern auch die hohe Leistung im Zuschauermarkt. Mit TF1 Suisse haben wir einen Sender, der sowohl den qualitativen als auch quantitativen Anspr\u00fcche unserer Kunden entspricht. Die Entwicklung unserer Vermarktungseinheit war im Jahr 2012 \u00e4usserst positiv.\u00bb<\/p>\n\n\n\n<p>Die TV-Zuschauer interessieren sich zunehmend f\u00fcr Formate mit prominenten, authentischen Identifikationsfiguren. Die regelm\u00e4ssigen Erfolge von Schweizer Kandidaten in Frankreich sind somit ein Quotengarant f\u00fcr die Vermarktung des Schweizer Werbefensters. Die TV-\u00dcberflieger des Jahres 2012 waren Sendungen wie&nbsp;<em>Le Bal des Enfoir\u00e9s<\/em>,&nbsp;<em>The Voice<\/em>,&nbsp;<em>NRJ Music Award<\/em>,&nbsp;<em>Masterchef<\/em>,&nbsp;<em>Secret Story<\/em>,&nbsp;<em>Koh Lanta<\/em>&nbsp;und&nbsp;<em>Danse avec les stars<\/em>.<\/p>\n\n\n\n<p><em>Le Bal des Enfoir\u00e9s<\/em>, die beliebte Sendung mit Charity-Konzerten verschiedener franz\u00f6sischer und internationaler Top-Acts, erreichte letztes Jahr einen Marktanteil von 29.6 Prozent (Alter 3+) respektive 38.2 Prozent bei den weiblichen Zuschauern zwischen 25 und 44 Jahren. Die diesj\u00e4hrige Ausstrahlung findet Mitte M\u00e4rz auf TF1 Suisse statt. Die gesamten Erl\u00f6se der Konzertreihe werden Obdachlosen und Hungerleidenden gespendet.<br>Ein weiteres TV-Highlight war\u00a0<em>The Voice \u2013 la plus belle voix.<\/em>\u00a0In der Westschweiz haben bis zu 270\u2019000 Zuschauer (18.5 Prozent Marktanteil) das weltweit erfolgreiche Castingformat verfolgt. TF1 Suisse ist damit der erste Sender, welcher\u00a0<em>The Voice<\/em>\u00a0in der Westschweiz ausstrahlte. Die neue Staffel steht schon in den Startl\u00f6chern und die Castings sind angelaufen. Ringier Romandie erwartet bei der neuen Staffel, die im Februar anl\u00e4uft, Marktanteile von \u00fcber 19 Prozent.<\/p>\n\n\n\n<p>Swissness:\u00a0<em>Danse avec les stars<\/em>\u00a0hatte im vergangenen Jahr mit Bastian Baker einen Schweizer Sympathietr\u00e4ger, der auch in Frankreich volle Aufmerksamkeit geniessen durfte. Der junge S\u00e4nger schaffte es zwar nicht ins Finale, konnte aber dennoch die Sympathien der jungen Zuschauerinnen f\u00fcr sich gewinnen. Die Sendung in der Bastian Baker ausschied, erreichte beim weiblichen Publikum (15 bis 49 Jahre) einen Marktanteil von \u00fcber 33 Prozent.<\/p>\n\n\n\n<p>Die Ringier AG TV-Vermarktung bietet Schweizer Werbetreibenden diese und weitere Umfelder auch im 2013 fl\u00e4chendeckend an.<\/p>\n\n\n\n<p>Kommunikation Ringier Schweiz<\/p>\n","protected":false},"excerpt":{"rendered":"<p>Ringier Romandie ist \u00fcber das Endjahresergebnis der TV-Vermarktungseinheit sehr erfreut. TF1 Suisse ist mit seiner Sendungs-Vielfalt ein beliebter Kanal f\u00fcr Werbetreibende.<\/p>\n","protected":false},"author":23,"featured_media":9002,"comment_status":"closed","ping_status":"open","sticky":false,"template":"","format":"standard","meta":{"inline_featured_image":false,"footnotes":""},"categories":[371,361],"tags":[],"class_list":["post-9001","post","type-post","status-publish","format-standard","has-post-thumbnail","hentry","category-media-de","category-ringier-medien-schweiz"],"yoast_head":"<!-- This site is optimized with the Yoast SEO Premium plugin v27.0 (Yoast SEO v27.0) - https:\/\/yoast.com\/product\/yoast-seo-premium-wordpress\/ -->\n<title>Ringier Romandie: TV-Vermarktung mit erfolgreicher Jahresbilanz - Ringier<\/title>\n<meta name=\"robots\" content=\"index, follow, max-snippet:-1, max-image-preview:large, max-video-preview:-1\" \/>\n<link rel=\"canonical\" href=\"https:\/\/www.ringier.com\/de\/ringier-romandie-tv-vermarktung-mit-erfolgreicher-jahresbilanz\/\" \/>\n<meta property=\"og:locale\" content=\"de_DE\" \/>\n<meta property=\"og:type\" content=\"article\" \/>\n<meta property=\"og:title\" content=\"Ringier Romandie: TV-Vermarktung mit erfolgreicher Jahresbilanz\" \/>\n<meta property=\"og:description\" content=\"Ringier Romandie ist \u00fcber das Endjahresergebnis der TV-Vermarktungseinheit sehr erfreut. TF1 Suisse ist mit seiner Sendungs-Vielfalt ein beliebter Kanal f\u00fcr Werbetreibende.\" \/>\n<meta property=\"og:url\" content=\"https:\/\/www.ringier.com\/de\/ringier-romandie-tv-vermarktung-mit-erfolgreicher-jahresbilanz\/\" \/>\n<meta property=\"og:site_name\" content=\"Ringier\" \/>\n<meta property=\"article:publisher\" content=\"https:\/\/www.facebook.com\/ringierag\/\" \/>\n<meta property=\"article:published_time\" content=\"2013-01-16T21:54:00+00:00\" \/>\n<meta property=\"article:modified_time\" content=\"2024-11-29T13:51:22+00:00\" \/>\n<meta property=\"og:image\" content=\"https:\/\/www.ringier.com\/wp-content\/uploads\/2021\/09\/Danse-avec-les-stars.jpg\" \/>\n\t<meta property=\"og:image:width\" content=\"1000\" \/>\n\t<meta property=\"og:image:height\" content=\"565\" \/>\n\t<meta property=\"og:image:type\" content=\"image\/jpeg\" \/>\n<meta name=\"author\" content=\"Ringier Corporate Communications\" \/>\n<meta name=\"twitter:card\" content=\"summary_large_image\" \/>\n<meta name=\"twitter:creator\" content=\"@ringier_ag\" \/>\n<meta name=\"twitter:site\" content=\"@ringier_ag\" \/>\n<meta name=\"twitter:label1\" content=\"Verfasst von\" \/>\n\t<meta name=\"twitter:data1\" content=\"Ringier Corporate Communications\" \/>\n\t<meta name=\"twitter:label2\" content=\"Gesch\u00e4tzte Lesezeit\" \/>\n\t<meta name=\"twitter:data2\" content=\"3 Minuten\" \/>\n<script type=\"application\/ld+json\" class=\"yoast-schema-graph\">{\"@context\":\"https:\/\/schema.org\",\"@graph\":[{\"@type\":\"Article\",\"@id\":\"https:\/\/www.ringier.com\/de\/ringier-romandie-tv-vermarktung-mit-erfolgreicher-jahresbilanz\/#article\",\"isPartOf\":{\"@id\":\"https:\/\/www.ringier.com\/de\/ringier-romandie-tv-vermarktung-mit-erfolgreicher-jahresbilanz\/\"},\"author\":{\"name\":\"Ringier Corporate Communications\",\"@id\":\"https:\/\/www.ringier.com\/de\/#\/schema\/person\/4cf76a308dc4b2bb5121bd1e7b752e52\"},\"headline\":\"Ringier Romandie: TV-Vermarktung mit erfolgreicher Jahresbilanz\",\"datePublished\":\"2013-01-16T21:54:00+00:00\",\"dateModified\":\"2024-11-29T13:51:22+00:00\",\"mainEntityOfPage\":{\"@id\":\"https:\/\/www.ringier.com\/de\/ringier-romandie-tv-vermarktung-mit-erfolgreicher-jahresbilanz\/\"},\"wordCount\":360,\"publisher\":{\"@id\":\"https:\/\/www.ringier.com\/de\/#organization\"},\"image\":{\"@id\":\"https:\/\/www.ringier.com\/de\/ringier-romandie-tv-vermarktung-mit-erfolgreicher-jahresbilanz\/#primaryimage\"},\"thumbnailUrl\":\"https:\/\/www.ringier.com\/wp-content\/uploads\/2021\/09\/Danse-avec-les-stars.jpg\",\"articleSection\":[\"Media\",\"Ringier Medien Schweiz\"],\"inLanguage\":\"de-DE\"},{\"@type\":\"WebPage\",\"@id\":\"https:\/\/www.ringier.com\/de\/ringier-romandie-tv-vermarktung-mit-erfolgreicher-jahresbilanz\/\",\"url\":\"https:\/\/www.ringier.com\/de\/ringier-romandie-tv-vermarktung-mit-erfolgreicher-jahresbilanz\/\",\"name\":\"Ringier Romandie: TV-Vermarktung mit erfolgreicher Jahresbilanz - Ringier\",\"isPartOf\":{\"@id\":\"https:\/\/www.ringier.com\/de\/#website\"},\"primaryImageOfPage\":{\"@id\":\"https:\/\/www.ringier.com\/de\/ringier-romandie-tv-vermarktung-mit-erfolgreicher-jahresbilanz\/#primaryimage\"},\"image\":{\"@id\":\"https:\/\/www.ringier.com\/de\/ringier-romandie-tv-vermarktung-mit-erfolgreicher-jahresbilanz\/#primaryimage\"},\"thumbnailUrl\":\"https:\/\/www.ringier.com\/wp-content\/uploads\/2021\/09\/Danse-avec-les-stars.jpg\",\"datePublished\":\"2013-01-16T21:54:00+00:00\",\"dateModified\":\"2024-11-29T13:51:22+00:00\",\"breadcrumb\":{\"@id\":\"https:\/\/www.ringier.com\/de\/ringier-romandie-tv-vermarktung-mit-erfolgreicher-jahresbilanz\/#breadcrumb\"},\"inLanguage\":\"de-DE\",\"potentialAction\":[{\"@type\":\"ReadAction\",\"target\":[\"https:\/\/www.ringier.com\/de\/ringier-romandie-tv-vermarktung-mit-erfolgreicher-jahresbilanz\/\"]}]},{\"@type\":\"ImageObject\",\"inLanguage\":\"de-DE\",\"@id\":\"https:\/\/www.ringier.com\/de\/ringier-romandie-tv-vermarktung-mit-erfolgreicher-jahresbilanz\/#primaryimage\",\"url\":\"https:\/\/www.ringier.com\/wp-content\/uploads\/2021\/09\/Danse-avec-les-stars.jpg\",\"contentUrl\":\"https:\/\/www.ringier.com\/wp-content\/uploads\/2021\/09\/Danse-avec-les-stars.jpg\",\"width\":1000,\"height\":565,\"caption\":\"CHIMENE BADI, EMMANUEL MOIRE, AMEL BENT, CHRISTOPHE DOMINICI, ESTELLE LEFEBURE, LAURA FLESSEL, TAIG KHRIS, GERARD VIVES, LORIE, BASTIAN BAKER\"},{\"@type\":\"BreadcrumbList\",\"@id\":\"https:\/\/www.ringier.com\/de\/ringier-romandie-tv-vermarktung-mit-erfolgreicher-jahresbilanz\/#breadcrumb\",\"itemListElement\":[{\"@type\":\"ListItem\",\"position\":1,\"name\":\"Home\",\"item\":\"https:\/\/www.ringier.com\/de\/\"},{\"@type\":\"ListItem\",\"position\":2,\"name\":\"Ringier Romandie: TV-Vermarktung mit erfolgreicher Jahresbilanz\"}]},{\"@type\":\"WebSite\",\"@id\":\"https:\/\/www.ringier.com\/de\/#website\",\"url\":\"https:\/\/www.ringier.com\/de\/\",\"name\":\"Ringier\",\"description\":\"We inform. We entertain. We connect\",\"publisher\":{\"@id\":\"https:\/\/www.ringier.com\/de\/#organization\"},\"potentialAction\":[{\"@type\":\"SearchAction\",\"target\":{\"@type\":\"EntryPoint\",\"urlTemplate\":\"https:\/\/www.ringier.com\/de\/?s={search_term_string}\"},\"query-input\":{\"@type\":\"PropertyValueSpecification\",\"valueRequired\":true,\"valueName\":\"search_term_string\"}}],\"inLanguage\":\"de-DE\"},{\"@type\":\"Organization\",\"@id\":\"https:\/\/www.ringier.com\/de\/#organization\",\"name\":\"Ringier\",\"url\":\"https:\/\/www.ringier.com\/de\/\",\"logo\":{\"@type\":\"ImageObject\",\"inLanguage\":\"de-DE\",\"@id\":\"https:\/\/www.ringier.com\/de\/#\/schema\/logo\/image\/\",\"url\":\"https:\/\/www.ringier.com\/wp-content\/uploads\/2021\/10\/ringier_logo_2.jpg\",\"contentUrl\":\"https:\/\/www.ringier.com\/wp-content\/uploads\/2021\/10\/ringier_logo_2.jpg\",\"width\":750,\"height\":550,\"caption\":\"Ringier\"},\"image\":{\"@id\":\"https:\/\/www.ringier.com\/de\/#\/schema\/logo\/image\/\"},\"sameAs\":[\"https:\/\/www.facebook.com\/ringierag\/\",\"https:\/\/x.com\/ringier_ag\",\"https:\/\/www.instagram.com\/ringier_ag\/\",\"https:\/\/www.linkedin.com\/company\/ringier\/\",\"https:\/\/www.youtube.com\/user\/RingierComm\",\"https:\/\/en.wikipedia.org\/wiki\/Ringier\",\"https:\/\/de.wikipedia.org\/wiki\/Ringier\",\"https:\/\/fr.wikipedia.org\/wiki\/Ringier\",\"https:\/\/www.crunchbase.com\/organization\/ringier-ag\"]},{\"@type\":\"Person\",\"@id\":\"https:\/\/www.ringier.com\/de\/#\/schema\/person\/4cf76a308dc4b2bb5121bd1e7b752e52\",\"name\":\"Ringier Corporate Communications\",\"image\":{\"@type\":\"ImageObject\",\"inLanguage\":\"de-DE\",\"@id\":\"https:\/\/www.ringier.com\/de\/#\/schema\/person\/image\/\",\"url\":\"https:\/\/secure.gravatar.com\/avatar\/9391e20481368d5df4fe3e1e476c13b27786347489822ec1ed07e532bb41f587?s=96&d=mm&r=g\",\"contentUrl\":\"https:\/\/secure.gravatar.com\/avatar\/9391e20481368d5df4fe3e1e476c13b27786347489822ec1ed07e532bb41f587?s=96&d=mm&r=g\",\"caption\":\"Ringier Corporate Communications\"},\"sameAs\":[\"https:\/\/www.ringier.com\"]}]}<\/script>\n<!-- \/ Yoast SEO Premium plugin. -->","yoast_head_json":{"title":"Ringier Romandie: TV-Vermarktung mit erfolgreicher Jahresbilanz - Ringier","robots":{"index":"index","follow":"follow","max-snippet":"max-snippet:-1","max-image-preview":"max-image-preview:large","max-video-preview":"max-video-preview:-1"},"canonical":"https:\/\/www.ringier.com\/de\/ringier-romandie-tv-vermarktung-mit-erfolgreicher-jahresbilanz\/","og_locale":"de_DE","og_type":"article","og_title":"Ringier Romandie: TV-Vermarktung mit erfolgreicher Jahresbilanz","og_description":"Ringier Romandie ist \u00fcber das Endjahresergebnis der TV-Vermarktungseinheit sehr erfreut. TF1 Suisse ist mit seiner Sendungs-Vielfalt ein beliebter Kanal f\u00fcr Werbetreibende.","og_url":"https:\/\/www.ringier.com\/de\/ringier-romandie-tv-vermarktung-mit-erfolgreicher-jahresbilanz\/","og_site_name":"Ringier","article_publisher":"https:\/\/www.facebook.com\/ringierag\/","article_published_time":"2013-01-16T21:54:00+00:00","article_modified_time":"2024-11-29T13:51:22+00:00","og_image":[{"width":1000,"height":565,"url":"https:\/\/www.ringier.com\/wp-content\/uploads\/2021\/09\/Danse-avec-les-stars.jpg","type":"image\/jpeg"}],"author":"Ringier Corporate Communications","twitter_card":"summary_large_image","twitter_creator":"@ringier_ag","twitter_site":"@ringier_ag","twitter_misc":{"Verfasst von":"Ringier Corporate Communications","Gesch\u00e4tzte Lesezeit":"3 Minuten"},"schema":{"@context":"https:\/\/schema.org","@graph":[{"@type":"Article","@id":"https:\/\/www.ringier.com\/de\/ringier-romandie-tv-vermarktung-mit-erfolgreicher-jahresbilanz\/#article","isPartOf":{"@id":"https:\/\/www.ringier.com\/de\/ringier-romandie-tv-vermarktung-mit-erfolgreicher-jahresbilanz\/"},"author":{"name":"Ringier Corporate Communications","@id":"https:\/\/www.ringier.com\/de\/#\/schema\/person\/4cf76a308dc4b2bb5121bd1e7b752e52"},"headline":"Ringier Romandie: TV-Vermarktung mit erfolgreicher Jahresbilanz","datePublished":"2013-01-16T21:54:00+00:00","dateModified":"2024-11-29T13:51:22+00:00","mainEntityOfPage":{"@id":"https:\/\/www.ringier.com\/de\/ringier-romandie-tv-vermarktung-mit-erfolgreicher-jahresbilanz\/"},"wordCount":360,"publisher":{"@id":"https:\/\/www.ringier.com\/de\/#organization"},"image":{"@id":"https:\/\/www.ringier.com\/de\/ringier-romandie-tv-vermarktung-mit-erfolgreicher-jahresbilanz\/#primaryimage"},"thumbnailUrl":"https:\/\/www.ringier.com\/wp-content\/uploads\/2021\/09\/Danse-avec-les-stars.jpg","articleSection":["Media","Ringier Medien Schweiz"],"inLanguage":"de-DE"},{"@type":"WebPage","@id":"https:\/\/www.ringier.com\/de\/ringier-romandie-tv-vermarktung-mit-erfolgreicher-jahresbilanz\/","url":"https:\/\/www.ringier.com\/de\/ringier-romandie-tv-vermarktung-mit-erfolgreicher-jahresbilanz\/","name":"Ringier Romandie: TV-Vermarktung mit erfolgreicher Jahresbilanz - Ringier","isPartOf":{"@id":"https:\/\/www.ringier.com\/de\/#website"},"primaryImageOfPage":{"@id":"https:\/\/www.ringier.com\/de\/ringier-romandie-tv-vermarktung-mit-erfolgreicher-jahresbilanz\/#primaryimage"},"image":{"@id":"https:\/\/www.ringier.com\/de\/ringier-romandie-tv-vermarktung-mit-erfolgreicher-jahresbilanz\/#primaryimage"},"thumbnailUrl":"https:\/\/www.ringier.com\/wp-content\/uploads\/2021\/09\/Danse-avec-les-stars.jpg","datePublished":"2013-01-16T21:54:00+00:00","dateModified":"2024-11-29T13:51:22+00:00","breadcrumb":{"@id":"https:\/\/www.ringier.com\/de\/ringier-romandie-tv-vermarktung-mit-erfolgreicher-jahresbilanz\/#breadcrumb"},"inLanguage":"de-DE","potentialAction":[{"@type":"ReadAction","target":["https:\/\/www.ringier.com\/de\/ringier-romandie-tv-vermarktung-mit-erfolgreicher-jahresbilanz\/"]}]},{"@type":"ImageObject","inLanguage":"de-DE","@id":"https:\/\/www.ringier.com\/de\/ringier-romandie-tv-vermarktung-mit-erfolgreicher-jahresbilanz\/#primaryimage","url":"https:\/\/www.ringier.com\/wp-content\/uploads\/2021\/09\/Danse-avec-les-stars.jpg","contentUrl":"https:\/\/www.ringier.com\/wp-content\/uploads\/2021\/09\/Danse-avec-les-stars.jpg","width":1000,"height":565,"caption":"CHIMENE BADI, EMMANUEL MOIRE, AMEL BENT, CHRISTOPHE DOMINICI, ESTELLE LEFEBURE, LAURA FLESSEL, TAIG KHRIS, GERARD VIVES, LORIE, BASTIAN BAKER"},{"@type":"BreadcrumbList","@id":"https:\/\/www.ringier.com\/de\/ringier-romandie-tv-vermarktung-mit-erfolgreicher-jahresbilanz\/#breadcrumb","itemListElement":[{"@type":"ListItem","position":1,"name":"Home","item":"https:\/\/www.ringier.com\/de\/"},{"@type":"ListItem","position":2,"name":"Ringier Romandie: TV-Vermarktung mit erfolgreicher Jahresbilanz"}]},{"@type":"WebSite","@id":"https:\/\/www.ringier.com\/de\/#website","url":"https:\/\/www.ringier.com\/de\/","name":"Ringier","description":"We inform. We entertain. We connect","publisher":{"@id":"https:\/\/www.ringier.com\/de\/#organization"},"potentialAction":[{"@type":"SearchAction","target":{"@type":"EntryPoint","urlTemplate":"https:\/\/www.ringier.com\/de\/?s={search_term_string}"},"query-input":{"@type":"PropertyValueSpecification","valueRequired":true,"valueName":"search_term_string"}}],"inLanguage":"de-DE"},{"@type":"Organization","@id":"https:\/\/www.ringier.com\/de\/#organization","name":"Ringier","url":"https:\/\/www.ringier.com\/de\/","logo":{"@type":"ImageObject","inLanguage":"de-DE","@id":"https:\/\/www.ringier.com\/de\/#\/schema\/logo\/image\/","url":"https:\/\/www.ringier.com\/wp-content\/uploads\/2021\/10\/ringier_logo_2.jpg","contentUrl":"https:\/\/www.ringier.com\/wp-content\/uploads\/2021\/10\/ringier_logo_2.jpg","width":750,"height":550,"caption":"Ringier"},"image":{"@id":"https:\/\/www.ringier.com\/de\/#\/schema\/logo\/image\/"},"sameAs":["https:\/\/www.facebook.com\/ringierag\/","https:\/\/x.com\/ringier_ag","https:\/\/www.instagram.com\/ringier_ag\/","https:\/\/www.linkedin.com\/company\/ringier\/","https:\/\/www.youtube.com\/user\/RingierComm","https:\/\/en.wikipedia.org\/wiki\/Ringier","https:\/\/de.wikipedia.org\/wiki\/Ringier","https:\/\/fr.wikipedia.org\/wiki\/Ringier","https:\/\/www.crunchbase.com\/organization\/ringier-ag"]},{"@type":"Person","@id":"https:\/\/www.ringier.com\/de\/#\/schema\/person\/4cf76a308dc4b2bb5121bd1e7b752e52","name":"Ringier Corporate Communications","image":{"@type":"ImageObject","inLanguage":"de-DE","@id":"https:\/\/www.ringier.com\/de\/#\/schema\/person\/image\/","url":"https:\/\/secure.gravatar.com\/avatar\/9391e20481368d5df4fe3e1e476c13b27786347489822ec1ed07e532bb41f587?s=96&d=mm&r=g","contentUrl":"https:\/\/secure.gravatar.com\/avatar\/9391e20481368d5df4fe3e1e476c13b27786347489822ec1ed07e532bb41f587?s=96&d=mm&r=g","caption":"Ringier Corporate Communications"},"sameAs":["https:\/\/www.ringier.com"]}]}},"_links":{"self":[{"href":"https:\/\/www.ringier.com\/de\/wp-json\/wp\/v2\/posts\/9001","targetHints":{"allow":["GET"]}}],"collection":[{"href":"https:\/\/www.ringier.com\/de\/wp-json\/wp\/v2\/posts"}],"about":[{"href":"https:\/\/www.ringier.com\/de\/wp-json\/wp\/v2\/types\/post"}],"author":[{"embeddable":true,"href":"https:\/\/www.ringier.com\/de\/wp-json\/wp\/v2\/users\/23"}],"replies":[{"embeddable":true,"href":"https:\/\/www.ringier.com\/de\/wp-json\/wp\/v2\/comments?post=9001"}],"version-history":[{"count":0,"href":"https:\/\/www.ringier.com\/de\/wp-json\/wp\/v2\/posts\/9001\/revisions"}],"wp:featuredmedia":[{"embeddable":true,"href":"https:\/\/www.ringier.com\/de\/wp-json\/wp\/v2\/media\/9002"}],"wp:attachment":[{"href":"https:\/\/www.ringier.com\/de\/wp-json\/wp\/v2\/media?parent=9001"}],"wp:term":[{"taxonomy":"category","embeddable":true,"href":"https:\/\/www.ringier.com\/de\/wp-json\/wp\/v2\/categories?post=9001"},{"taxonomy":"post_tag","embeddable":true,"href":"https:\/\/www.ringier.com\/de\/wp-json\/wp\/v2\/tags?post=9001"}],"curies":[{"name":"wp","href":"https:\/\/api.w.org\/{rel}","templated":true}]}}