{"id":8976,"date":"2013-02-25T22:38:00","date_gmt":"2013-02-25T21:38:00","guid":{"rendered":"https:\/\/www.ringier.com\/?p=8976"},"modified":"2025-07-18T09:26:19","modified_gmt":"2025-07-18T07:26:19","slug":"florian-fels-wird-ceo-publishing-der-ringier-ag","status":"publish","type":"post","link":"https:\/\/www.ringier.com\/de\/florian-fels-wird-ceo-publishing-der-ringier-ag\/","title":{"rendered":"Florian Fels wird CEO Publishing von Ringier"},"content":{"rendered":"\n<p>Florian Fels (45) war bislang in einer Doppelfunktion t\u00e4tig: zum einen verantwortete er als\u00a0<em>CEO Ringier Eastern Europe<\/em>\u00a0die Aktivit\u00e4ten von Ringier in Ungarn und Rum\u00e4nien \u2013 gleichzeitig war Fels seit der Zusammenf\u00fchrung der Osteuropagesch\u00e4fte von Ringier und Axel Springer 2010 auch CEO des Joint Ventures Ringier Axel Springer Media AG und damit verantwortlich f\u00fcr das Verlagsgesch\u00e4ft in Polen, Tschechien, Serbien und der Slowakei. Fels ist Mitglied des Group Executive Boards von Ringier.<\/p>\n\n\n\n<p>Neu \u00fcbernimmt Florian Fels per 1. M\u00e4rz 2013 die Leitung des Gesch\u00e4ftsbereiches\u00a0<em>Publishing<\/em>\u00a0bei Ringier. Marc Walder, CEO von Ringier, hatte den aus dem fr\u00fcheren Gesch\u00e4ftsfeld\u00a0<em>Ringier Schweiz und Deutschland<\/em>\u00a0formierten Bereich\u00a0<em>Publishing<\/em>\u00a0bislang noch direkt gef\u00fchrt.<\/p>\n\n\n\n<p>Florian Fels war seit 1993 beim deutschen Verlagshaus Axel Springer in verschiedenen Funktionen t\u00e4tig, von 1999 bis 2010 in Polen, zuletzt als gesch\u00e4ftsf\u00fchrender CEO von Axel Springer Polen. Nachfolger von Fels als CEO der Ringier Axel Springer Media AG wird Mark Dekan (36), bislang bereits Chief Financial Officer (CFO) des Joint Ventures von Ringier und Axel Springer. Die Funktion des CFO wird er auch weiterhin aus\u00fcben. Dekan war zuvor seit 2008 kaufm\u00e4nnischer Leiter des Bereichs Finanzen &amp; Dienstleistungen der Axel Springer AG.<\/p>\n\n\n\n<p>Marc Walder, CEO von Ringier, zur Neubesetzung: \u00abMit Florian Fels \u00fcbernimmt ein gerade im Kerngesch\u00e4ft unseres Unternehmens \u00e4usserst versierter und erfahrener Manager den nach wie vor zentralen Gesch\u00e4ftsbereich Publishing. Mit Mark Dekan wiederum tritt jener Mann das Amt als CEO der Ringier Axel Springer Media AG an, der in den vergangenen bald drei Jahren als CFO restlos \u00fcberzeugt hat und dieses Joint Venture mit Axel Springer, zusammen mit Florian Fels, massgeblich gepr\u00e4gt hat.\u00bb<\/p>\n\n\n\n<p>Die Ringier Axel Springer Media AG ist eines der f\u00fchrenden Medienunternehmen in Mittel- und Osteuropa, das Joint Venture hat seinen Hauptsitz an der Dufourstrasse in Z\u00fcrich.<\/p>\n\n\n\n<p>Der Bereich Publishing umfasst bei Ringier die Blick-Gruppe, die Ringier-Zeitschriften, Ringier Romandie, Ringier Deutschland, Ringier Print Adligenswil, Swissprinters, Ringier China &amp; Pacific sowie IT &amp; Services. Die drei weiteren Gesch\u00e4ftsbereiche bei Ringier sind Ringier Entertainment (Leitung Michael Voss), Ringier Digital (Leitung Thomas Kaiser) sowie Ringier Eastern Europe (Leitung weiterhin Florian Fels).<\/p>\n\n\n\n<p>Ringier, Corporate Communications<\/p>\n\n\n\n<p><\/p>\n\n\n\n<figure class=\"wp-block-image size-full is-resized\"><img loading=\"lazy\" decoding=\"async\" width=\"800\" height=\"533\" src=\"https:\/\/www.ringier.com\/wp-content\/uploads\/2021\/09\/Florian_Fels_1.jpg\" alt=\"\" class=\"wp-image-8951\" style=\"width:608px;height:405px\" srcset=\"https:\/\/www.ringier.com\/wp-content\/uploads\/2021\/09\/Florian_Fels_1.jpg 800w, https:\/\/www.ringier.com\/wp-content\/uploads\/2021\/09\/Florian_Fels_1-300x200.jpg 300w, https:\/\/www.ringier.com\/wp-content\/uploads\/2021\/09\/Florian_Fels_1-768x512.jpg 768w\" sizes=\"auto, (max-width: 800px) 100vw, 800px\" \/><\/figure>\n\n\n\n<figure class=\"wp-block-image size-full is-resized\"><img loading=\"lazy\" decoding=\"async\" width=\"706\" height=\"446\" src=\"https:\/\/www.ringier.com\/wp-content\/uploads\/2021\/08\/Mark_Dekan.jpg\" alt=\"\" class=\"wp-image-2978\" style=\"width:608px;height:384px\" srcset=\"https:\/\/www.ringier.com\/wp-content\/uploads\/2021\/08\/Mark_Dekan.jpg 706w, https:\/\/www.ringier.com\/wp-content\/uploads\/2021\/08\/Mark_Dekan-300x190.jpg 300w\" sizes=\"auto, (max-width: 706px) 100vw, 706px\" \/><\/figure>\n","protected":false},"excerpt":{"rendered":"<p>Florian Fels, bislang CEO der Ringier Axel Springer Media AG sowie CEO Ringier Eastern Europe, wird CEO Publishing von Ringier und verantwortet somit neu das Kerngesch\u00e4ft des gr\u00f6ssten Schweizer Medienunternehmens. Der Gesch\u00e4ftsbereich Publishing wurde bisher direkt von Ringier-CEO Marc Walder gef\u00fchrt. Nachfolger von Florian Fels bei der Ringier Axel Springer Media AG wird Mark Dekan, bisher CFO der Ringier Axel Springer Media AG.<\/p>\n","protected":false},"author":23,"featured_media":8951,"comment_status":"closed","ping_status":"open","sticky":false,"template":"","format":"standard","meta":{"inline_featured_image":false,"footnotes":""},"categories":[44,371],"tags":[],"class_list":["post-8976","post","type-post","status-publish","format-standard","has-post-thumbnail","hentry","category-corporate-de","category-media-de"],"yoast_head":"<!-- This site is optimized with the Yoast SEO Premium plugin v27.0 (Yoast SEO v27.0) - https:\/\/yoast.com\/product\/yoast-seo-premium-wordpress\/ -->\n<title>Florian Fels wird CEO Publishing von Ringier - Ringier<\/title>\n<meta name=\"robots\" content=\"index, follow, max-snippet:-1, max-image-preview:large, max-video-preview:-1\" \/>\n<link rel=\"canonical\" href=\"https:\/\/www.ringier.com\/de\/florian-fels-wird-ceo-publishing-der-ringier-ag\/\" \/>\n<meta property=\"og:locale\" content=\"de_DE\" \/>\n<meta property=\"og:type\" content=\"article\" \/>\n<meta property=\"og:title\" content=\"Florian Fels wird CEO Publishing von Ringier\" \/>\n<meta property=\"og:description\" content=\"Florian Fels, bislang CEO der Ringier Axel Springer Media AG sowie CEO Ringier Eastern Europe, wird CEO Publishing von Ringier und verantwortet somit neu das Kerngesch\u00e4ft des gr\u00f6ssten Schweizer Medienunternehmens. Der Gesch\u00e4ftsbereich Publishing wurde bisher direkt von Ringier-CEO Marc Walder gef\u00fchrt. Nachfolger von Florian Fels bei der Ringier Axel Springer Media AG wird Mark Dekan, bisher CFO der Ringier Axel Springer Media AG.\" \/>\n<meta property=\"og:url\" content=\"https:\/\/www.ringier.com\/de\/florian-fels-wird-ceo-publishing-der-ringier-ag\/\" \/>\n<meta property=\"og:site_name\" content=\"Ringier\" \/>\n<meta property=\"article:publisher\" content=\"https:\/\/www.facebook.com\/ringierag\/\" \/>\n<meta property=\"article:published_time\" content=\"2013-02-25T21:38:00+00:00\" \/>\n<meta property=\"article:modified_time\" content=\"2025-07-18T07:26:19+00:00\" \/>\n<meta property=\"og:image\" content=\"https:\/\/www.ringier.com\/wp-content\/uploads\/2021\/09\/Florian_Fels_1.jpg\" \/>\n\t<meta property=\"og:image:width\" content=\"800\" \/>\n\t<meta property=\"og:image:height\" content=\"533\" \/>\n\t<meta property=\"og:image:type\" content=\"image\/jpeg\" \/>\n<meta name=\"author\" content=\"Ringier Corporate Communications\" \/>\n<meta name=\"twitter:card\" content=\"summary_large_image\" \/>\n<meta name=\"twitter:creator\" content=\"@ringier_ag\" \/>\n<meta name=\"twitter:site\" content=\"@ringier_ag\" \/>\n<meta name=\"twitter:label1\" content=\"Verfasst von\" \/>\n\t<meta name=\"twitter:data1\" content=\"Ringier Corporate Communications\" \/>\n\t<meta name=\"twitter:label2\" content=\"Gesch\u00e4tzte Lesezeit\" \/>\n\t<meta name=\"twitter:data2\" content=\"3 Minuten\" \/>\n<script type=\"application\/ld+json\" class=\"yoast-schema-graph\">{\"@context\":\"https:\/\/schema.org\",\"@graph\":[{\"@type\":\"Article\",\"@id\":\"https:\/\/www.ringier.com\/de\/florian-fels-wird-ceo-publishing-der-ringier-ag\/#article\",\"isPartOf\":{\"@id\":\"https:\/\/www.ringier.com\/de\/florian-fels-wird-ceo-publishing-der-ringier-ag\/\"},\"author\":{\"name\":\"Ringier Corporate Communications\",\"@id\":\"https:\/\/www.ringier.com\/de\/#\/schema\/person\/4cf76a308dc4b2bb5121bd1e7b752e52\"},\"headline\":\"Florian Fels wird CEO Publishing von Ringier\",\"datePublished\":\"2013-02-25T21:38:00+00:00\",\"dateModified\":\"2025-07-18T07:26:19+00:00\",\"mainEntityOfPage\":{\"@id\":\"https:\/\/www.ringier.com\/de\/florian-fels-wird-ceo-publishing-der-ringier-ag\/\"},\"wordCount\":365,\"publisher\":{\"@id\":\"https:\/\/www.ringier.com\/de\/#organization\"},\"image\":{\"@id\":\"https:\/\/www.ringier.com\/de\/florian-fels-wird-ceo-publishing-der-ringier-ag\/#primaryimage\"},\"thumbnailUrl\":\"https:\/\/www.ringier.com\/wp-content\/uploads\/2021\/09\/Florian_Fels_1.jpg\",\"articleSection\":[\"Corporate\",\"Media\"],\"inLanguage\":\"de-DE\"},{\"@type\":\"WebPage\",\"@id\":\"https:\/\/www.ringier.com\/de\/florian-fels-wird-ceo-publishing-der-ringier-ag\/\",\"url\":\"https:\/\/www.ringier.com\/de\/florian-fels-wird-ceo-publishing-der-ringier-ag\/\",\"name\":\"Florian Fels wird CEO Publishing von Ringier - Ringier\",\"isPartOf\":{\"@id\":\"https:\/\/www.ringier.com\/de\/#website\"},\"primaryImageOfPage\":{\"@id\":\"https:\/\/www.ringier.com\/de\/florian-fels-wird-ceo-publishing-der-ringier-ag\/#primaryimage\"},\"image\":{\"@id\":\"https:\/\/www.ringier.com\/de\/florian-fels-wird-ceo-publishing-der-ringier-ag\/#primaryimage\"},\"thumbnailUrl\":\"https:\/\/www.ringier.com\/wp-content\/uploads\/2021\/09\/Florian_Fels_1.jpg\",\"datePublished\":\"2013-02-25T21:38:00+00:00\",\"dateModified\":\"2025-07-18T07:26:19+00:00\",\"breadcrumb\":{\"@id\":\"https:\/\/www.ringier.com\/de\/florian-fels-wird-ceo-publishing-der-ringier-ag\/#breadcrumb\"},\"inLanguage\":\"de-DE\",\"potentialAction\":[{\"@type\":\"ReadAction\",\"target\":[\"https:\/\/www.ringier.com\/de\/florian-fels-wird-ceo-publishing-der-ringier-ag\/\"]}]},{\"@type\":\"ImageObject\",\"inLanguage\":\"de-DE\",\"@id\":\"https:\/\/www.ringier.com\/de\/florian-fels-wird-ceo-publishing-der-ringier-ag\/#primaryimage\",\"url\":\"https:\/\/www.ringier.com\/wp-content\/uploads\/2021\/09\/Florian_Fels_1.jpg\",\"contentUrl\":\"https:\/\/www.ringier.com\/wp-content\/uploads\/2021\/09\/Florian_Fels_1.jpg\",\"width\":800,\"height\":533},{\"@type\":\"BreadcrumbList\",\"@id\":\"https:\/\/www.ringier.com\/de\/florian-fels-wird-ceo-publishing-der-ringier-ag\/#breadcrumb\",\"itemListElement\":[{\"@type\":\"ListItem\",\"position\":1,\"name\":\"Home\",\"item\":\"https:\/\/www.ringier.com\/de\/\"},{\"@type\":\"ListItem\",\"position\":2,\"name\":\"Florian Fels wird CEO Publishing von Ringier\"}]},{\"@type\":\"WebSite\",\"@id\":\"https:\/\/www.ringier.com\/de\/#website\",\"url\":\"https:\/\/www.ringier.com\/de\/\",\"name\":\"Ringier\",\"description\":\"We inform. We entertain. We connect\",\"publisher\":{\"@id\":\"https:\/\/www.ringier.com\/de\/#organization\"},\"potentialAction\":[{\"@type\":\"SearchAction\",\"target\":{\"@type\":\"EntryPoint\",\"urlTemplate\":\"https:\/\/www.ringier.com\/de\/?s={search_term_string}\"},\"query-input\":{\"@type\":\"PropertyValueSpecification\",\"valueRequired\":true,\"valueName\":\"search_term_string\"}}],\"inLanguage\":\"de-DE\"},{\"@type\":\"Organization\",\"@id\":\"https:\/\/www.ringier.com\/de\/#organization\",\"name\":\"Ringier\",\"url\":\"https:\/\/www.ringier.com\/de\/\",\"logo\":{\"@type\":\"ImageObject\",\"inLanguage\":\"de-DE\",\"@id\":\"https:\/\/www.ringier.com\/de\/#\/schema\/logo\/image\/\",\"url\":\"https:\/\/www.ringier.com\/wp-content\/uploads\/2021\/10\/ringier_logo_2.jpg\",\"contentUrl\":\"https:\/\/www.ringier.com\/wp-content\/uploads\/2021\/10\/ringier_logo_2.jpg\",\"width\":750,\"height\":550,\"caption\":\"Ringier\"},\"image\":{\"@id\":\"https:\/\/www.ringier.com\/de\/#\/schema\/logo\/image\/\"},\"sameAs\":[\"https:\/\/www.facebook.com\/ringierag\/\",\"https:\/\/x.com\/ringier_ag\",\"https:\/\/www.instagram.com\/ringier_ag\/\",\"https:\/\/www.linkedin.com\/company\/ringier\/\",\"https:\/\/www.youtube.com\/user\/RingierComm\",\"https:\/\/en.wikipedia.org\/wiki\/Ringier\",\"https:\/\/de.wikipedia.org\/wiki\/Ringier\",\"https:\/\/fr.wikipedia.org\/wiki\/Ringier\",\"https:\/\/www.crunchbase.com\/organization\/ringier-ag\"]},{\"@type\":\"Person\",\"@id\":\"https:\/\/www.ringier.com\/de\/#\/schema\/person\/4cf76a308dc4b2bb5121bd1e7b752e52\",\"name\":\"Ringier Corporate Communications\",\"image\":{\"@type\":\"ImageObject\",\"inLanguage\":\"de-DE\",\"@id\":\"https:\/\/www.ringier.com\/de\/#\/schema\/person\/image\/\",\"url\":\"https:\/\/secure.gravatar.com\/avatar\/9391e20481368d5df4fe3e1e476c13b27786347489822ec1ed07e532bb41f587?s=96&d=mm&r=g\",\"contentUrl\":\"https:\/\/secure.gravatar.com\/avatar\/9391e20481368d5df4fe3e1e476c13b27786347489822ec1ed07e532bb41f587?s=96&d=mm&r=g\",\"caption\":\"Ringier Corporate Communications\"},\"sameAs\":[\"https:\/\/www.ringier.com\"]}]}<\/script>\n<!-- \/ Yoast SEO Premium plugin. -->","yoast_head_json":{"title":"Florian Fels wird CEO Publishing von Ringier - Ringier","robots":{"index":"index","follow":"follow","max-snippet":"max-snippet:-1","max-image-preview":"max-image-preview:large","max-video-preview":"max-video-preview:-1"},"canonical":"https:\/\/www.ringier.com\/de\/florian-fels-wird-ceo-publishing-der-ringier-ag\/","og_locale":"de_DE","og_type":"article","og_title":"Florian Fels wird CEO Publishing von Ringier","og_description":"Florian Fels, bislang CEO der Ringier Axel Springer Media AG sowie CEO Ringier Eastern Europe, wird CEO Publishing von Ringier und verantwortet somit neu das Kerngesch\u00e4ft des gr\u00f6ssten Schweizer Medienunternehmens. Der Gesch\u00e4ftsbereich Publishing wurde bisher direkt von Ringier-CEO Marc Walder gef\u00fchrt. Nachfolger von Florian Fels bei der Ringier Axel Springer Media AG wird Mark Dekan, bisher CFO der Ringier Axel Springer Media AG.","og_url":"https:\/\/www.ringier.com\/de\/florian-fels-wird-ceo-publishing-der-ringier-ag\/","og_site_name":"Ringier","article_publisher":"https:\/\/www.facebook.com\/ringierag\/","article_published_time":"2013-02-25T21:38:00+00:00","article_modified_time":"2025-07-18T07:26:19+00:00","og_image":[{"width":800,"height":533,"url":"https:\/\/www.ringier.com\/wp-content\/uploads\/2021\/09\/Florian_Fels_1.jpg","type":"image\/jpeg"}],"author":"Ringier Corporate Communications","twitter_card":"summary_large_image","twitter_creator":"@ringier_ag","twitter_site":"@ringier_ag","twitter_misc":{"Verfasst von":"Ringier Corporate Communications","Gesch\u00e4tzte Lesezeit":"3 Minuten"},"schema":{"@context":"https:\/\/schema.org","@graph":[{"@type":"Article","@id":"https:\/\/www.ringier.com\/de\/florian-fels-wird-ceo-publishing-der-ringier-ag\/#article","isPartOf":{"@id":"https:\/\/www.ringier.com\/de\/florian-fels-wird-ceo-publishing-der-ringier-ag\/"},"author":{"name":"Ringier Corporate Communications","@id":"https:\/\/www.ringier.com\/de\/#\/schema\/person\/4cf76a308dc4b2bb5121bd1e7b752e52"},"headline":"Florian Fels wird CEO Publishing von Ringier","datePublished":"2013-02-25T21:38:00+00:00","dateModified":"2025-07-18T07:26:19+00:00","mainEntityOfPage":{"@id":"https:\/\/www.ringier.com\/de\/florian-fels-wird-ceo-publishing-der-ringier-ag\/"},"wordCount":365,"publisher":{"@id":"https:\/\/www.ringier.com\/de\/#organization"},"image":{"@id":"https:\/\/www.ringier.com\/de\/florian-fels-wird-ceo-publishing-der-ringier-ag\/#primaryimage"},"thumbnailUrl":"https:\/\/www.ringier.com\/wp-content\/uploads\/2021\/09\/Florian_Fels_1.jpg","articleSection":["Corporate","Media"],"inLanguage":"de-DE"},{"@type":"WebPage","@id":"https:\/\/www.ringier.com\/de\/florian-fels-wird-ceo-publishing-der-ringier-ag\/","url":"https:\/\/www.ringier.com\/de\/florian-fels-wird-ceo-publishing-der-ringier-ag\/","name":"Florian Fels wird CEO Publishing von Ringier - Ringier","isPartOf":{"@id":"https:\/\/www.ringier.com\/de\/#website"},"primaryImageOfPage":{"@id":"https:\/\/www.ringier.com\/de\/florian-fels-wird-ceo-publishing-der-ringier-ag\/#primaryimage"},"image":{"@id":"https:\/\/www.ringier.com\/de\/florian-fels-wird-ceo-publishing-der-ringier-ag\/#primaryimage"},"thumbnailUrl":"https:\/\/www.ringier.com\/wp-content\/uploads\/2021\/09\/Florian_Fels_1.jpg","datePublished":"2013-02-25T21:38:00+00:00","dateModified":"2025-07-18T07:26:19+00:00","breadcrumb":{"@id":"https:\/\/www.ringier.com\/de\/florian-fels-wird-ceo-publishing-der-ringier-ag\/#breadcrumb"},"inLanguage":"de-DE","potentialAction":[{"@type":"ReadAction","target":["https:\/\/www.ringier.com\/de\/florian-fels-wird-ceo-publishing-der-ringier-ag\/"]}]},{"@type":"ImageObject","inLanguage":"de-DE","@id":"https:\/\/www.ringier.com\/de\/florian-fels-wird-ceo-publishing-der-ringier-ag\/#primaryimage","url":"https:\/\/www.ringier.com\/wp-content\/uploads\/2021\/09\/Florian_Fels_1.jpg","contentUrl":"https:\/\/www.ringier.com\/wp-content\/uploads\/2021\/09\/Florian_Fels_1.jpg","width":800,"height":533},{"@type":"BreadcrumbList","@id":"https:\/\/www.ringier.com\/de\/florian-fels-wird-ceo-publishing-der-ringier-ag\/#breadcrumb","itemListElement":[{"@type":"ListItem","position":1,"name":"Home","item":"https:\/\/www.ringier.com\/de\/"},{"@type":"ListItem","position":2,"name":"Florian Fels wird CEO Publishing von Ringier"}]},{"@type":"WebSite","@id":"https:\/\/www.ringier.com\/de\/#website","url":"https:\/\/www.ringier.com\/de\/","name":"Ringier","description":"We inform. We entertain. We connect","publisher":{"@id":"https:\/\/www.ringier.com\/de\/#organization"},"potentialAction":[{"@type":"SearchAction","target":{"@type":"EntryPoint","urlTemplate":"https:\/\/www.ringier.com\/de\/?s={search_term_string}"},"query-input":{"@type":"PropertyValueSpecification","valueRequired":true,"valueName":"search_term_string"}}],"inLanguage":"de-DE"},{"@type":"Organization","@id":"https:\/\/www.ringier.com\/de\/#organization","name":"Ringier","url":"https:\/\/www.ringier.com\/de\/","logo":{"@type":"ImageObject","inLanguage":"de-DE","@id":"https:\/\/www.ringier.com\/de\/#\/schema\/logo\/image\/","url":"https:\/\/www.ringier.com\/wp-content\/uploads\/2021\/10\/ringier_logo_2.jpg","contentUrl":"https:\/\/www.ringier.com\/wp-content\/uploads\/2021\/10\/ringier_logo_2.jpg","width":750,"height":550,"caption":"Ringier"},"image":{"@id":"https:\/\/www.ringier.com\/de\/#\/schema\/logo\/image\/"},"sameAs":["https:\/\/www.facebook.com\/ringierag\/","https:\/\/x.com\/ringier_ag","https:\/\/www.instagram.com\/ringier_ag\/","https:\/\/www.linkedin.com\/company\/ringier\/","https:\/\/www.youtube.com\/user\/RingierComm","https:\/\/en.wikipedia.org\/wiki\/Ringier","https:\/\/de.wikipedia.org\/wiki\/Ringier","https:\/\/fr.wikipedia.org\/wiki\/Ringier","https:\/\/www.crunchbase.com\/organization\/ringier-ag"]},{"@type":"Person","@id":"https:\/\/www.ringier.com\/de\/#\/schema\/person\/4cf76a308dc4b2bb5121bd1e7b752e52","name":"Ringier Corporate Communications","image":{"@type":"ImageObject","inLanguage":"de-DE","@id":"https:\/\/www.ringier.com\/de\/#\/schema\/person\/image\/","url":"https:\/\/secure.gravatar.com\/avatar\/9391e20481368d5df4fe3e1e476c13b27786347489822ec1ed07e532bb41f587?s=96&d=mm&r=g","contentUrl":"https:\/\/secure.gravatar.com\/avatar\/9391e20481368d5df4fe3e1e476c13b27786347489822ec1ed07e532bb41f587?s=96&d=mm&r=g","caption":"Ringier Corporate Communications"},"sameAs":["https:\/\/www.ringier.com"]}]}},"_links":{"self":[{"href":"https:\/\/www.ringier.com\/de\/wp-json\/wp\/v2\/posts\/8976","targetHints":{"allow":["GET"]}}],"collection":[{"href":"https:\/\/www.ringier.com\/de\/wp-json\/wp\/v2\/posts"}],"about":[{"href":"https:\/\/www.ringier.com\/de\/wp-json\/wp\/v2\/types\/post"}],"author":[{"embeddable":true,"href":"https:\/\/www.ringier.com\/de\/wp-json\/wp\/v2\/users\/23"}],"replies":[{"embeddable":true,"href":"https:\/\/www.ringier.com\/de\/wp-json\/wp\/v2\/comments?post=8976"}],"version-history":[{"count":0,"href":"https:\/\/www.ringier.com\/de\/wp-json\/wp\/v2\/posts\/8976\/revisions"}],"wp:featuredmedia":[{"embeddable":true,"href":"https:\/\/www.ringier.com\/de\/wp-json\/wp\/v2\/media\/8951"}],"wp:attachment":[{"href":"https:\/\/www.ringier.com\/de\/wp-json\/wp\/v2\/media?parent=8976"}],"wp:term":[{"taxonomy":"category","embeddable":true,"href":"https:\/\/www.ringier.com\/de\/wp-json\/wp\/v2\/categories?post=8976"},{"taxonomy":"post_tag","embeddable":true,"href":"https:\/\/www.ringier.com\/de\/wp-json\/wp\/v2\/tags?post=8976"}],"curies":[{"name":"wp","href":"https:\/\/api.w.org\/{rel}","templated":true}]}}