{"id":8959,"date":"2013-03-14T22:17:00","date_gmt":"2013-03-14T21:17:00","guid":{"rendered":"https:\/\/www.ringier.com\/?p=8959"},"modified":"2025-07-28T13:28:03","modified_gmt":"2025-07-28T11:28:03","slug":"esquire-kreativdirektor-gestaltet-titelbild-des-ringier-unternehmensmagazins-domo","status":"publish","type":"post","link":"https:\/\/www.ringier.com\/de\/esquire-kreativdirektor-gestaltet-titelbild-des-ringier-unternehmensmagazins-domo\/","title":{"rendered":"Esquire Kreativdirektor gestaltet Titelbild des Ringier Unternehmensmagazins DOMO"},"content":{"rendered":"\n<p>Das Ringier Unternehmensmagazin&nbsp;<em>DOMO<\/em>&nbsp;hat das US-Magazin&nbsp;<em>Esquire<\/em>&nbsp;in New York besucht. Weil&nbsp;<em>Esquire<\/em>&nbsp;f\u00fcr seine Titelbilder legend\u00e4r ist, bat die&nbsp;<em>DOMO<\/em>-Redaktion dessen Kreativdirektor David Curcurito, das Cover f\u00fcr die&nbsp;<em>Esquire<\/em>-Titelgeschichte im&nbsp;<em>DOMO<\/em>&nbsp;zu entwerfen. Dieses Titelbild ist einmalig und exklusiv. Curcurito hat es von Hand geschrieben. Es erscheint daher ausschliesslich in Englisch und nicht wie sonst beim&nbsp;<em>DOMO<\/em>&nbsp;\u00fcblich \u00fcbersetzt in die f\u00fcnf Publikationssprachen Franz\u00f6sisch, Deutsch, Chinesisch, Ungarisch und Rum\u00e4nisch.<\/p>\n\n\n\n<p>David Granger, Chefredaktor&nbsp;<em>Esquire<\/em>, und David Curcurito, Kreativdirektor&nbsp;<em>Esquire<\/em>, erz\u00e4hlten im&nbsp;<em>DOMO<\/em>, wie die Redaktion arbeitet, warum sie auf Print schw\u00f6ren, wie wichtig Titelbilder sind und wie sich in Zukunft das gedruckte Heft und die Online-Welt kongenial erg\u00e4nzen k\u00f6nnen.<\/p>\n\n\n\n<p>Weitere Topstorys im neuen&nbsp;<em>DOMO:<\/em><\/p>\n\n\n\n<ul class=\"wp-block-list\">\n<li>Gastautor Alexander von Streit, Chefredaktor\u00a0<em>Wired Magazine<\/em>, fragt in seinem Essay wie die Unterhaltung der Zukunft mit Augmented Reality aussieht.<\/li>\n\n\n\n<li><em>DOMO<\/em>-Autor Peter Hossli beschreibt, wie Pressesprecher zensieren unter dem Vorwand das \u00abGut zum Druck\u00bb geben zu wollen.<\/li>\n\n\n\n<li><em>DOMO<\/em>-Autor Helmut Maria Glogger hat den deutschen Hirnforscher Ernst P\u00f6ppel in seinem Institut in M\u00fcnchen besucht und mit ihm \u00fcber gehirnoptimierten Journalismus gesprochen. In seinem zweiten Text erinnert sich Glogger an eine aufregende Oscar-Nacht in Hollywood mit Veronica Ferres.<\/li>\n<\/ul>\n\n\n\n<p>Das Heft erscheint am 15. M\u00e4rz 2013 und kann \u00fcber Ringier Corporate Communications (media@ringier.com) bezogen werden.<\/p>\n\n\n\n<p><strong><em>DOMO<\/em><\/strong><em>, das Unternehmensmagazin von Ringier,\u00a0erscheint viermal j\u00e4hrlich mit anspruchsvollen Hintergrundberichten, Interviews und Reportagen \u00fcber relevante Medienthemen in insgesamt sechs Sprachen (Deutsch, Englisch, Franz\u00f6sisch, Rum\u00e4nisch, Ungarisch und Chinesisch) und wird in 12 Ringier-L\u00e4ndern intern an die Mitarbeitenden sowie extern an alle Opinion-Leaders, Medienschaffenden, Anzeigenkunden und Gesch\u00e4ftspartnern von Ringier verteilt.<\/em><\/p>\n\n\n\n<p><\/p>\n\n\n\n<figure class=\"wp-block-image size-large\"><img loading=\"lazy\" decoding=\"async\" width=\"1024\" height=\"538\" src=\"https:\/\/www.ringier.com\/wp-content\/uploads\/2021\/09\/DOMO-1-2013-1024x538.png\" alt=\"\" class=\"wp-image-7263\" srcset=\"https:\/\/www.ringier.com\/wp-content\/uploads\/2021\/09\/DOMO-1-2013-1024x538.png 1024w, https:\/\/www.ringier.com\/wp-content\/uploads\/2021\/09\/DOMO-1-2013-300x158.png 300w, https:\/\/www.ringier.com\/wp-content\/uploads\/2021\/09\/DOMO-1-2013-768x403.png 768w, https:\/\/www.ringier.com\/wp-content\/uploads\/2021\/09\/DOMO-1-2013.png 1200w\" sizes=\"auto, (max-width: 1024px) 100vw, 1024px\" \/><\/figure>\n","protected":false},"excerpt":{"rendered":"<p>David Curcurito, Kreativdirektor des Esquire, hat das Titelbild der M\u00e4rzausgabe des Ringier Unternehmensmagazins DOMO gestaltet. DOMO hat der Redaktion des US-Magazins einen Besuch abgestattet.<\/p>\n","protected":false},"author":23,"featured_media":7263,"comment_status":"closed","ping_status":"open","sticky":false,"template":"","format":"standard","meta":{"inline_featured_image":false,"footnotes":""},"categories":[44],"tags":[],"class_list":["post-8959","post","type-post","status-publish","format-standard","has-post-thumbnail","hentry","category-corporate-de"],"yoast_head":"<!-- This site is optimized with the Yoast SEO Premium plugin v27.0 (Yoast SEO v27.0) - https:\/\/yoast.com\/product\/yoast-seo-premium-wordpress\/ -->\n<title>Esquire Kreativdirektor gestaltet Titelbild des Ringier Unternehmensmagazins DOMO - Ringier<\/title>\n<meta name=\"robots\" content=\"index, follow, max-snippet:-1, max-image-preview:large, max-video-preview:-1\" \/>\n<link rel=\"canonical\" href=\"https:\/\/www.ringier.com\/de\/esquire-kreativdirektor-gestaltet-titelbild-des-ringier-unternehmensmagazins-domo\/\" \/>\n<meta property=\"og:locale\" content=\"de_DE\" \/>\n<meta property=\"og:type\" content=\"article\" \/>\n<meta property=\"og:title\" content=\"Esquire Kreativdirektor gestaltet Titelbild des Ringier Unternehmensmagazins DOMO\" \/>\n<meta property=\"og:description\" content=\"David Curcurito, Kreativdirektor des Esquire, hat das Titelbild der M\u00e4rzausgabe des Ringier Unternehmensmagazins DOMO gestaltet. DOMO hat der Redaktion des US-Magazins einen Besuch abgestattet.\" \/>\n<meta property=\"og:url\" content=\"https:\/\/www.ringier.com\/de\/esquire-kreativdirektor-gestaltet-titelbild-des-ringier-unternehmensmagazins-domo\/\" \/>\n<meta property=\"og:site_name\" content=\"Ringier\" \/>\n<meta property=\"article:publisher\" content=\"https:\/\/www.facebook.com\/ringierag\/\" \/>\n<meta property=\"article:published_time\" content=\"2013-03-14T21:17:00+00:00\" \/>\n<meta property=\"article:modified_time\" content=\"2025-07-28T11:28:03+00:00\" \/>\n<meta property=\"og:image\" content=\"https:\/\/www.ringier.com\/wp-content\/uploads\/2021\/09\/DOMO-1-2013.png\" \/>\n\t<meta property=\"og:image:width\" content=\"1200\" \/>\n\t<meta property=\"og:image:height\" content=\"630\" \/>\n\t<meta property=\"og:image:type\" content=\"image\/png\" \/>\n<meta name=\"author\" content=\"Ringier Corporate Communications\" \/>\n<meta name=\"twitter:card\" content=\"summary_large_image\" \/>\n<meta name=\"twitter:creator\" content=\"@ringier_ag\" \/>\n<meta name=\"twitter:site\" content=\"@ringier_ag\" \/>\n<meta name=\"twitter:label1\" content=\"Verfasst von\" \/>\n\t<meta name=\"twitter:data1\" content=\"Ringier Corporate Communications\" \/>\n\t<meta name=\"twitter:label2\" content=\"Gesch\u00e4tzte Lesezeit\" \/>\n\t<meta name=\"twitter:data2\" content=\"2 Minuten\" \/>\n<script type=\"application\/ld+json\" class=\"yoast-schema-graph\">{\"@context\":\"https:\/\/schema.org\",\"@graph\":[{\"@type\":\"Article\",\"@id\":\"https:\/\/www.ringier.com\/de\/esquire-kreativdirektor-gestaltet-titelbild-des-ringier-unternehmensmagazins-domo\/#article\",\"isPartOf\":{\"@id\":\"https:\/\/www.ringier.com\/de\/esquire-kreativdirektor-gestaltet-titelbild-des-ringier-unternehmensmagazins-domo\/\"},\"author\":{\"name\":\"Ringier Corporate Communications\",\"@id\":\"https:\/\/www.ringier.com\/de\/#\/schema\/person\/4cf76a308dc4b2bb5121bd1e7b752e52\"},\"headline\":\"Esquire Kreativdirektor gestaltet Titelbild des Ringier Unternehmensmagazins DOMO\",\"datePublished\":\"2013-03-14T21:17:00+00:00\",\"dateModified\":\"2025-07-28T11:28:03+00:00\",\"mainEntityOfPage\":{\"@id\":\"https:\/\/www.ringier.com\/de\/esquire-kreativdirektor-gestaltet-titelbild-des-ringier-unternehmensmagazins-domo\/\"},\"wordCount\":297,\"publisher\":{\"@id\":\"https:\/\/www.ringier.com\/de\/#organization\"},\"image\":{\"@id\":\"https:\/\/www.ringier.com\/de\/esquire-kreativdirektor-gestaltet-titelbild-des-ringier-unternehmensmagazins-domo\/#primaryimage\"},\"thumbnailUrl\":\"https:\/\/www.ringier.com\/wp-content\/uploads\/2021\/09\/DOMO-1-2013.png\",\"articleSection\":[\"Corporate\"],\"inLanguage\":\"de-DE\"},{\"@type\":\"WebPage\",\"@id\":\"https:\/\/www.ringier.com\/de\/esquire-kreativdirektor-gestaltet-titelbild-des-ringier-unternehmensmagazins-domo\/\",\"url\":\"https:\/\/www.ringier.com\/de\/esquire-kreativdirektor-gestaltet-titelbild-des-ringier-unternehmensmagazins-domo\/\",\"name\":\"Esquire Kreativdirektor gestaltet Titelbild des Ringier Unternehmensmagazins DOMO - Ringier\",\"isPartOf\":{\"@id\":\"https:\/\/www.ringier.com\/de\/#website\"},\"primaryImageOfPage\":{\"@id\":\"https:\/\/www.ringier.com\/de\/esquire-kreativdirektor-gestaltet-titelbild-des-ringier-unternehmensmagazins-domo\/#primaryimage\"},\"image\":{\"@id\":\"https:\/\/www.ringier.com\/de\/esquire-kreativdirektor-gestaltet-titelbild-des-ringier-unternehmensmagazins-domo\/#primaryimage\"},\"thumbnailUrl\":\"https:\/\/www.ringier.com\/wp-content\/uploads\/2021\/09\/DOMO-1-2013.png\",\"datePublished\":\"2013-03-14T21:17:00+00:00\",\"dateModified\":\"2025-07-28T11:28:03+00:00\",\"breadcrumb\":{\"@id\":\"https:\/\/www.ringier.com\/de\/esquire-kreativdirektor-gestaltet-titelbild-des-ringier-unternehmensmagazins-domo\/#breadcrumb\"},\"inLanguage\":\"de-DE\",\"potentialAction\":[{\"@type\":\"ReadAction\",\"target\":[\"https:\/\/www.ringier.com\/de\/esquire-kreativdirektor-gestaltet-titelbild-des-ringier-unternehmensmagazins-domo\/\"]}]},{\"@type\":\"ImageObject\",\"inLanguage\":\"de-DE\",\"@id\":\"https:\/\/www.ringier.com\/de\/esquire-kreativdirektor-gestaltet-titelbild-des-ringier-unternehmensmagazins-domo\/#primaryimage\",\"url\":\"https:\/\/www.ringier.com\/wp-content\/uploads\/2021\/09\/DOMO-1-2013.png\",\"contentUrl\":\"https:\/\/www.ringier.com\/wp-content\/uploads\/2021\/09\/DOMO-1-2013.png\",\"width\":1200,\"height\":630},{\"@type\":\"BreadcrumbList\",\"@id\":\"https:\/\/www.ringier.com\/de\/esquire-kreativdirektor-gestaltet-titelbild-des-ringier-unternehmensmagazins-domo\/#breadcrumb\",\"itemListElement\":[{\"@type\":\"ListItem\",\"position\":1,\"name\":\"Home\",\"item\":\"https:\/\/www.ringier.com\/de\/\"},{\"@type\":\"ListItem\",\"position\":2,\"name\":\"Esquire Kreativdirektor gestaltet Titelbild des Ringier Unternehmensmagazins DOMO\"}]},{\"@type\":\"WebSite\",\"@id\":\"https:\/\/www.ringier.com\/de\/#website\",\"url\":\"https:\/\/www.ringier.com\/de\/\",\"name\":\"Ringier\",\"description\":\"We inform. We entertain. We connect\",\"publisher\":{\"@id\":\"https:\/\/www.ringier.com\/de\/#organization\"},\"potentialAction\":[{\"@type\":\"SearchAction\",\"target\":{\"@type\":\"EntryPoint\",\"urlTemplate\":\"https:\/\/www.ringier.com\/de\/?s={search_term_string}\"},\"query-input\":{\"@type\":\"PropertyValueSpecification\",\"valueRequired\":true,\"valueName\":\"search_term_string\"}}],\"inLanguage\":\"de-DE\"},{\"@type\":\"Organization\",\"@id\":\"https:\/\/www.ringier.com\/de\/#organization\",\"name\":\"Ringier\",\"url\":\"https:\/\/www.ringier.com\/de\/\",\"logo\":{\"@type\":\"ImageObject\",\"inLanguage\":\"de-DE\",\"@id\":\"https:\/\/www.ringier.com\/de\/#\/schema\/logo\/image\/\",\"url\":\"https:\/\/www.ringier.com\/wp-content\/uploads\/2021\/10\/ringier_logo_2.jpg\",\"contentUrl\":\"https:\/\/www.ringier.com\/wp-content\/uploads\/2021\/10\/ringier_logo_2.jpg\",\"width\":750,\"height\":550,\"caption\":\"Ringier\"},\"image\":{\"@id\":\"https:\/\/www.ringier.com\/de\/#\/schema\/logo\/image\/\"},\"sameAs\":[\"https:\/\/www.facebook.com\/ringierag\/\",\"https:\/\/x.com\/ringier_ag\",\"https:\/\/www.instagram.com\/ringier_ag\/\",\"https:\/\/www.linkedin.com\/company\/ringier\/\",\"https:\/\/www.youtube.com\/user\/RingierComm\",\"https:\/\/en.wikipedia.org\/wiki\/Ringier\",\"https:\/\/de.wikipedia.org\/wiki\/Ringier\",\"https:\/\/fr.wikipedia.org\/wiki\/Ringier\",\"https:\/\/www.crunchbase.com\/organization\/ringier-ag\"]},{\"@type\":\"Person\",\"@id\":\"https:\/\/www.ringier.com\/de\/#\/schema\/person\/4cf76a308dc4b2bb5121bd1e7b752e52\",\"name\":\"Ringier Corporate Communications\",\"image\":{\"@type\":\"ImageObject\",\"inLanguage\":\"de-DE\",\"@id\":\"https:\/\/www.ringier.com\/de\/#\/schema\/person\/image\/\",\"url\":\"https:\/\/secure.gravatar.com\/avatar\/9391e20481368d5df4fe3e1e476c13b27786347489822ec1ed07e532bb41f587?s=96&d=mm&r=g\",\"contentUrl\":\"https:\/\/secure.gravatar.com\/avatar\/9391e20481368d5df4fe3e1e476c13b27786347489822ec1ed07e532bb41f587?s=96&d=mm&r=g\",\"caption\":\"Ringier Corporate Communications\"},\"sameAs\":[\"https:\/\/www.ringier.com\"]}]}<\/script>\n<!-- \/ Yoast SEO Premium plugin. -->","yoast_head_json":{"title":"Esquire Kreativdirektor gestaltet Titelbild des Ringier Unternehmensmagazins DOMO - Ringier","robots":{"index":"index","follow":"follow","max-snippet":"max-snippet:-1","max-image-preview":"max-image-preview:large","max-video-preview":"max-video-preview:-1"},"canonical":"https:\/\/www.ringier.com\/de\/esquire-kreativdirektor-gestaltet-titelbild-des-ringier-unternehmensmagazins-domo\/","og_locale":"de_DE","og_type":"article","og_title":"Esquire Kreativdirektor gestaltet Titelbild des Ringier Unternehmensmagazins DOMO","og_description":"David Curcurito, Kreativdirektor des Esquire, hat das Titelbild der M\u00e4rzausgabe des Ringier Unternehmensmagazins DOMO gestaltet. DOMO hat der Redaktion des US-Magazins einen Besuch abgestattet.","og_url":"https:\/\/www.ringier.com\/de\/esquire-kreativdirektor-gestaltet-titelbild-des-ringier-unternehmensmagazins-domo\/","og_site_name":"Ringier","article_publisher":"https:\/\/www.facebook.com\/ringierag\/","article_published_time":"2013-03-14T21:17:00+00:00","article_modified_time":"2025-07-28T11:28:03+00:00","og_image":[{"width":1200,"height":630,"url":"https:\/\/www.ringier.com\/wp-content\/uploads\/2021\/09\/DOMO-1-2013.png","type":"image\/png"}],"author":"Ringier Corporate Communications","twitter_card":"summary_large_image","twitter_creator":"@ringier_ag","twitter_site":"@ringier_ag","twitter_misc":{"Verfasst von":"Ringier Corporate Communications","Gesch\u00e4tzte Lesezeit":"2 Minuten"},"schema":{"@context":"https:\/\/schema.org","@graph":[{"@type":"Article","@id":"https:\/\/www.ringier.com\/de\/esquire-kreativdirektor-gestaltet-titelbild-des-ringier-unternehmensmagazins-domo\/#article","isPartOf":{"@id":"https:\/\/www.ringier.com\/de\/esquire-kreativdirektor-gestaltet-titelbild-des-ringier-unternehmensmagazins-domo\/"},"author":{"name":"Ringier Corporate Communications","@id":"https:\/\/www.ringier.com\/de\/#\/schema\/person\/4cf76a308dc4b2bb5121bd1e7b752e52"},"headline":"Esquire Kreativdirektor gestaltet Titelbild des Ringier Unternehmensmagazins DOMO","datePublished":"2013-03-14T21:17:00+00:00","dateModified":"2025-07-28T11:28:03+00:00","mainEntityOfPage":{"@id":"https:\/\/www.ringier.com\/de\/esquire-kreativdirektor-gestaltet-titelbild-des-ringier-unternehmensmagazins-domo\/"},"wordCount":297,"publisher":{"@id":"https:\/\/www.ringier.com\/de\/#organization"},"image":{"@id":"https:\/\/www.ringier.com\/de\/esquire-kreativdirektor-gestaltet-titelbild-des-ringier-unternehmensmagazins-domo\/#primaryimage"},"thumbnailUrl":"https:\/\/www.ringier.com\/wp-content\/uploads\/2021\/09\/DOMO-1-2013.png","articleSection":["Corporate"],"inLanguage":"de-DE"},{"@type":"WebPage","@id":"https:\/\/www.ringier.com\/de\/esquire-kreativdirektor-gestaltet-titelbild-des-ringier-unternehmensmagazins-domo\/","url":"https:\/\/www.ringier.com\/de\/esquire-kreativdirektor-gestaltet-titelbild-des-ringier-unternehmensmagazins-domo\/","name":"Esquire Kreativdirektor gestaltet Titelbild des Ringier Unternehmensmagazins DOMO - Ringier","isPartOf":{"@id":"https:\/\/www.ringier.com\/de\/#website"},"primaryImageOfPage":{"@id":"https:\/\/www.ringier.com\/de\/esquire-kreativdirektor-gestaltet-titelbild-des-ringier-unternehmensmagazins-domo\/#primaryimage"},"image":{"@id":"https:\/\/www.ringier.com\/de\/esquire-kreativdirektor-gestaltet-titelbild-des-ringier-unternehmensmagazins-domo\/#primaryimage"},"thumbnailUrl":"https:\/\/www.ringier.com\/wp-content\/uploads\/2021\/09\/DOMO-1-2013.png","datePublished":"2013-03-14T21:17:00+00:00","dateModified":"2025-07-28T11:28:03+00:00","breadcrumb":{"@id":"https:\/\/www.ringier.com\/de\/esquire-kreativdirektor-gestaltet-titelbild-des-ringier-unternehmensmagazins-domo\/#breadcrumb"},"inLanguage":"de-DE","potentialAction":[{"@type":"ReadAction","target":["https:\/\/www.ringier.com\/de\/esquire-kreativdirektor-gestaltet-titelbild-des-ringier-unternehmensmagazins-domo\/"]}]},{"@type":"ImageObject","inLanguage":"de-DE","@id":"https:\/\/www.ringier.com\/de\/esquire-kreativdirektor-gestaltet-titelbild-des-ringier-unternehmensmagazins-domo\/#primaryimage","url":"https:\/\/www.ringier.com\/wp-content\/uploads\/2021\/09\/DOMO-1-2013.png","contentUrl":"https:\/\/www.ringier.com\/wp-content\/uploads\/2021\/09\/DOMO-1-2013.png","width":1200,"height":630},{"@type":"BreadcrumbList","@id":"https:\/\/www.ringier.com\/de\/esquire-kreativdirektor-gestaltet-titelbild-des-ringier-unternehmensmagazins-domo\/#breadcrumb","itemListElement":[{"@type":"ListItem","position":1,"name":"Home","item":"https:\/\/www.ringier.com\/de\/"},{"@type":"ListItem","position":2,"name":"Esquire Kreativdirektor gestaltet Titelbild des Ringier Unternehmensmagazins DOMO"}]},{"@type":"WebSite","@id":"https:\/\/www.ringier.com\/de\/#website","url":"https:\/\/www.ringier.com\/de\/","name":"Ringier","description":"We inform. We entertain. We connect","publisher":{"@id":"https:\/\/www.ringier.com\/de\/#organization"},"potentialAction":[{"@type":"SearchAction","target":{"@type":"EntryPoint","urlTemplate":"https:\/\/www.ringier.com\/de\/?s={search_term_string}"},"query-input":{"@type":"PropertyValueSpecification","valueRequired":true,"valueName":"search_term_string"}}],"inLanguage":"de-DE"},{"@type":"Organization","@id":"https:\/\/www.ringier.com\/de\/#organization","name":"Ringier","url":"https:\/\/www.ringier.com\/de\/","logo":{"@type":"ImageObject","inLanguage":"de-DE","@id":"https:\/\/www.ringier.com\/de\/#\/schema\/logo\/image\/","url":"https:\/\/www.ringier.com\/wp-content\/uploads\/2021\/10\/ringier_logo_2.jpg","contentUrl":"https:\/\/www.ringier.com\/wp-content\/uploads\/2021\/10\/ringier_logo_2.jpg","width":750,"height":550,"caption":"Ringier"},"image":{"@id":"https:\/\/www.ringier.com\/de\/#\/schema\/logo\/image\/"},"sameAs":["https:\/\/www.facebook.com\/ringierag\/","https:\/\/x.com\/ringier_ag","https:\/\/www.instagram.com\/ringier_ag\/","https:\/\/www.linkedin.com\/company\/ringier\/","https:\/\/www.youtube.com\/user\/RingierComm","https:\/\/en.wikipedia.org\/wiki\/Ringier","https:\/\/de.wikipedia.org\/wiki\/Ringier","https:\/\/fr.wikipedia.org\/wiki\/Ringier","https:\/\/www.crunchbase.com\/organization\/ringier-ag"]},{"@type":"Person","@id":"https:\/\/www.ringier.com\/de\/#\/schema\/person\/4cf76a308dc4b2bb5121bd1e7b752e52","name":"Ringier Corporate Communications","image":{"@type":"ImageObject","inLanguage":"de-DE","@id":"https:\/\/www.ringier.com\/de\/#\/schema\/person\/image\/","url":"https:\/\/secure.gravatar.com\/avatar\/9391e20481368d5df4fe3e1e476c13b27786347489822ec1ed07e532bb41f587?s=96&d=mm&r=g","contentUrl":"https:\/\/secure.gravatar.com\/avatar\/9391e20481368d5df4fe3e1e476c13b27786347489822ec1ed07e532bb41f587?s=96&d=mm&r=g","caption":"Ringier Corporate Communications"},"sameAs":["https:\/\/www.ringier.com"]}]}},"_links":{"self":[{"href":"https:\/\/www.ringier.com\/de\/wp-json\/wp\/v2\/posts\/8959","targetHints":{"allow":["GET"]}}],"collection":[{"href":"https:\/\/www.ringier.com\/de\/wp-json\/wp\/v2\/posts"}],"about":[{"href":"https:\/\/www.ringier.com\/de\/wp-json\/wp\/v2\/types\/post"}],"author":[{"embeddable":true,"href":"https:\/\/www.ringier.com\/de\/wp-json\/wp\/v2\/users\/23"}],"replies":[{"embeddable":true,"href":"https:\/\/www.ringier.com\/de\/wp-json\/wp\/v2\/comments?post=8959"}],"version-history":[{"count":0,"href":"https:\/\/www.ringier.com\/de\/wp-json\/wp\/v2\/posts\/8959\/revisions"}],"wp:featuredmedia":[{"embeddable":true,"href":"https:\/\/www.ringier.com\/de\/wp-json\/wp\/v2\/media\/7263"}],"wp:attachment":[{"href":"https:\/\/www.ringier.com\/de\/wp-json\/wp\/v2\/media?parent=8959"}],"wp:term":[{"taxonomy":"category","embeddable":true,"href":"https:\/\/www.ringier.com\/de\/wp-json\/wp\/v2\/categories?post=8959"},{"taxonomy":"post_tag","embeddable":true,"href":"https:\/\/www.ringier.com\/de\/wp-json\/wp\/v2\/tags?post=8959"}],"curies":[{"name":"wp","href":"https:\/\/api.w.org\/{rel}","templated":true}]}}