{"id":8915,"date":"2013-04-10T21:52:00","date_gmt":"2013-04-10T19:52:00","guid":{"rendered":"https:\/\/www.ringier.com\/?p=8915"},"modified":"2024-11-27T14:27:06","modified_gmt":"2024-11-27T13:27:06","slug":"christine-zwygart-uebernimmt-co-redaktionsleitung-der-schweizer-landliebe","status":"publish","type":"post","link":"https:\/\/www.ringier.com\/de\/christine-zwygart-uebernimmt-co-redaktionsleitung-der-schweizer-landliebe\/","title":{"rendered":"Christine Zwygart \u00fcbernimmt Co-Redaktionsleitung der Schweizer LandLiebe"},"content":{"rendered":"\n<p>Nach drei Jahren in der Unternehmenskommunikation der Schweizer Paraplegiker-Stiftung ist Christine Zwygart (39) seit Februar zur\u00fcck bei Ringier und \u00fcbernahm per 1. April 2013 die Co-Redaktionsleitung der&nbsp;<em>Schweizer LandLiebe<\/em>. Zusammen mit Art Director Andr\u00e9 Frensch f\u00fchrt sie das f\u00fcnfk\u00f6pfige Kern-Team der erfolgreichen Land-Zeitschrift. Frensch ist seit der Lancierung im April 2011 im Team und war massgeblich an der Entwicklung der&nbsp;<em>Schweizer LandLiebe<\/em>&nbsp;beteiligt.<\/p>\n\n\n\n<p>Von 2000 bis 2009 war Christine Zwygart unter anderem als Bundeshauschefin und Stellvertretende Nachrichtenchefin der&nbsp;<em>Schweizer Illustrierten<\/em>&nbsp;f\u00fcr Ringier t\u00e4tig. \u00abChristine Zwygart ist eine hervorragende Journalistin, ein Magazin-Profi und eine souver\u00e4ne Teamleiterin. Sie wird zusammen mit Art Director Andr\u00e9 Frensch und der Redaktion die Erfolgsgeschichte der&nbsp;<em>Schweizer LandLiebe<\/em>&nbsp;weiterschreiben\u00bb, sagt Urs Heller, Leiter der Ringier Zeitschriften und Stellvertretender CEO Publishing der Ringier AG.<\/p>\n\n\n\n<p>Die bisherige Co-Redaktionsleiterin Ingrid Schindler, am Starterfolg der&nbsp;<em>Schweizer LandLiebe<\/em>&nbsp;massgeblich beteiligt, konzentriert sich auf eigenen Wunsch voll und ganz auf das Schreiben. Sie amtet neu als Chefreporterin der&nbsp;<em>Schweizer LandLiebe<\/em>&nbsp;und verantwortet zwei der wichtigsten Themen: K\u00fcche und Garten.<\/p>\n\n\n\n<p>Die&nbsp;<em>Schweizer LandLiebe<\/em>&nbsp;erscheint sechsmal j\u00e4hrlich mit Geschichten aus der Schweiz \u00fcber authentische Menschen, faszinierende Orte, besondere G\u00e4rten und die hiesige Fauna. Die aktuelle Auflage betr\u00e4gt 205&#8217;000. Die Ausgabe Mai\/Juni erscheint am 11. April 2013. Mehr dazu unter www.schweizer-landliebe.ch.<\/p>\n\n\n\n<p>Kommunikation Ringier Schweiz<\/p>\n\n\n\n<p><\/p>\n\n\n\n<figure class=\"wp-block-image size-full is-resized\"><img loading=\"lazy\" decoding=\"async\" src=\"https:\/\/www.ringier.com\/wp-content\/uploads\/2021\/09\/Christine_Zwygart.jpg\" alt=\"\" class=\"wp-image-8919\" width=\"492\" height=\"311\" srcset=\"https:\/\/www.ringier.com\/wp-content\/uploads\/2021\/09\/Christine_Zwygart.jpg 706w, https:\/\/www.ringier.com\/wp-content\/uploads\/2021\/09\/Christine_Zwygart-300x190.jpg 300w\" sizes=\"auto, (max-width: 492px) 100vw, 492px\" \/><\/figure>\n\n\n\n<figure class=\"wp-block-image size-full is-resized\"><img loading=\"lazy\" decoding=\"async\" src=\"https:\/\/www.ringier.com\/wp-content\/uploads\/2021\/09\/Andre_Frensch.jpg\" alt=\"\" class=\"wp-image-8916\" width=\"492\" height=\"311\" srcset=\"https:\/\/www.ringier.com\/wp-content\/uploads\/2021\/09\/Andre_Frensch.jpg 706w, https:\/\/www.ringier.com\/wp-content\/uploads\/2021\/09\/Andre_Frensch-300x190.jpg 300w\" sizes=\"auto, (max-width: 492px) 100vw, 492px\" \/><\/figure>\n","protected":false},"excerpt":{"rendered":"<p>Christine Zwygart kehrt zu Ringier zur\u00fcck und wird neue Co-Redaktionsleiterin der Schweizer LandLiebe. Sie f\u00fchrt das Team zusammen mit Art Director Andr\u00e9 Frensch.<\/p>\n","protected":false},"author":23,"featured_media":8919,"comment_status":"closed","ping_status":"open","sticky":false,"template":"","format":"standard","meta":{"inline_featured_image":false,"footnotes":""},"categories":[371,361],"tags":[],"class_list":["post-8915","post","type-post","status-publish","format-standard","has-post-thumbnail","hentry","category-media-de","category-ringier-medien-schweiz"],"yoast_head":"<!-- This site is optimized with the Yoast SEO Premium plugin v27.0 (Yoast SEO v27.0) - https:\/\/yoast.com\/product\/yoast-seo-premium-wordpress\/ -->\n<title>Christine Zwygart \u00fcbernimmt Co-Redaktionsleitung der Schweizer LandLiebe - Ringier<\/title>\n<meta name=\"robots\" content=\"index, follow, max-snippet:-1, max-image-preview:large, max-video-preview:-1\" \/>\n<link rel=\"canonical\" href=\"https:\/\/www.ringier.com\/de\/christine-zwygart-uebernimmt-co-redaktionsleitung-der-schweizer-landliebe\/\" \/>\n<meta property=\"og:locale\" content=\"de_DE\" \/>\n<meta property=\"og:type\" content=\"article\" \/>\n<meta property=\"og:title\" content=\"Christine Zwygart \u00fcbernimmt Co-Redaktionsleitung der Schweizer LandLiebe\" \/>\n<meta property=\"og:description\" content=\"Christine Zwygart kehrt zu Ringier zur\u00fcck und wird neue Co-Redaktionsleiterin der Schweizer LandLiebe. Sie f\u00fchrt das Team zusammen mit Art Director Andr\u00e9 Frensch.\" \/>\n<meta property=\"og:url\" content=\"https:\/\/www.ringier.com\/de\/christine-zwygart-uebernimmt-co-redaktionsleitung-der-schweizer-landliebe\/\" \/>\n<meta property=\"og:site_name\" content=\"Ringier\" \/>\n<meta property=\"article:publisher\" content=\"https:\/\/www.facebook.com\/ringierag\/\" \/>\n<meta property=\"article:published_time\" content=\"2013-04-10T19:52:00+00:00\" \/>\n<meta property=\"article:modified_time\" content=\"2024-11-27T13:27:06+00:00\" \/>\n<meta property=\"og:image\" content=\"https:\/\/www.ringier.com\/wp-content\/uploads\/2021\/09\/Christine_Zwygart.jpg\" \/>\n\t<meta property=\"og:image:width\" content=\"706\" \/>\n\t<meta property=\"og:image:height\" content=\"446\" \/>\n\t<meta property=\"og:image:type\" content=\"image\/jpeg\" \/>\n<meta name=\"author\" content=\"Ringier Corporate Communications\" \/>\n<meta name=\"twitter:card\" content=\"summary_large_image\" \/>\n<meta name=\"twitter:creator\" content=\"@ringier_ag\" \/>\n<meta name=\"twitter:site\" content=\"@ringier_ag\" \/>\n<meta name=\"twitter:label1\" content=\"Verfasst von\" \/>\n\t<meta name=\"twitter:data1\" content=\"Ringier Corporate Communications\" \/>\n\t<meta name=\"twitter:label2\" content=\"Gesch\u00e4tzte Lesezeit\" \/>\n\t<meta name=\"twitter:data2\" content=\"2 Minuten\" \/>\n<script type=\"application\/ld+json\" class=\"yoast-schema-graph\">{\"@context\":\"https:\/\/schema.org\",\"@graph\":[{\"@type\":\"Article\",\"@id\":\"https:\/\/www.ringier.com\/de\/christine-zwygart-uebernimmt-co-redaktionsleitung-der-schweizer-landliebe\/#article\",\"isPartOf\":{\"@id\":\"https:\/\/www.ringier.com\/de\/christine-zwygart-uebernimmt-co-redaktionsleitung-der-schweizer-landliebe\/\"},\"author\":{\"name\":\"Ringier Corporate Communications\",\"@id\":\"https:\/\/www.ringier.com\/de\/#\/schema\/person\/4cf76a308dc4b2bb5121bd1e7b752e52\"},\"headline\":\"Christine Zwygart \u00fcbernimmt Co-Redaktionsleitung der Schweizer LandLiebe\",\"datePublished\":\"2013-04-10T19:52:00+00:00\",\"dateModified\":\"2024-11-27T13:27:06+00:00\",\"mainEntityOfPage\":{\"@id\":\"https:\/\/www.ringier.com\/de\/christine-zwygart-uebernimmt-co-redaktionsleitung-der-schweizer-landliebe\/\"},\"wordCount\":233,\"publisher\":{\"@id\":\"https:\/\/www.ringier.com\/de\/#organization\"},\"image\":{\"@id\":\"https:\/\/www.ringier.com\/de\/christine-zwygart-uebernimmt-co-redaktionsleitung-der-schweizer-landliebe\/#primaryimage\"},\"thumbnailUrl\":\"https:\/\/www.ringier.com\/wp-content\/uploads\/2021\/09\/Christine_Zwygart.jpg\",\"articleSection\":[\"Media\",\"Ringier Medien Schweiz\"],\"inLanguage\":\"de-DE\"},{\"@type\":\"WebPage\",\"@id\":\"https:\/\/www.ringier.com\/de\/christine-zwygart-uebernimmt-co-redaktionsleitung-der-schweizer-landliebe\/\",\"url\":\"https:\/\/www.ringier.com\/de\/christine-zwygart-uebernimmt-co-redaktionsleitung-der-schweizer-landliebe\/\",\"name\":\"Christine Zwygart \u00fcbernimmt Co-Redaktionsleitung der Schweizer LandLiebe - Ringier\",\"isPartOf\":{\"@id\":\"https:\/\/www.ringier.com\/de\/#website\"},\"primaryImageOfPage\":{\"@id\":\"https:\/\/www.ringier.com\/de\/christine-zwygart-uebernimmt-co-redaktionsleitung-der-schweizer-landliebe\/#primaryimage\"},\"image\":{\"@id\":\"https:\/\/www.ringier.com\/de\/christine-zwygart-uebernimmt-co-redaktionsleitung-der-schweizer-landliebe\/#primaryimage\"},\"thumbnailUrl\":\"https:\/\/www.ringier.com\/wp-content\/uploads\/2021\/09\/Christine_Zwygart.jpg\",\"datePublished\":\"2013-04-10T19:52:00+00:00\",\"dateModified\":\"2024-11-27T13:27:06+00:00\",\"breadcrumb\":{\"@id\":\"https:\/\/www.ringier.com\/de\/christine-zwygart-uebernimmt-co-redaktionsleitung-der-schweizer-landliebe\/#breadcrumb\"},\"inLanguage\":\"de-DE\",\"potentialAction\":[{\"@type\":\"ReadAction\",\"target\":[\"https:\/\/www.ringier.com\/de\/christine-zwygart-uebernimmt-co-redaktionsleitung-der-schweizer-landliebe\/\"]}]},{\"@type\":\"ImageObject\",\"inLanguage\":\"de-DE\",\"@id\":\"https:\/\/www.ringier.com\/de\/christine-zwygart-uebernimmt-co-redaktionsleitung-der-schweizer-landliebe\/#primaryimage\",\"url\":\"https:\/\/www.ringier.com\/wp-content\/uploads\/2021\/09\/Christine_Zwygart.jpg\",\"contentUrl\":\"https:\/\/www.ringier.com\/wp-content\/uploads\/2021\/09\/Christine_Zwygart.jpg\",\"width\":706,\"height\":446},{\"@type\":\"BreadcrumbList\",\"@id\":\"https:\/\/www.ringier.com\/de\/christine-zwygart-uebernimmt-co-redaktionsleitung-der-schweizer-landliebe\/#breadcrumb\",\"itemListElement\":[{\"@type\":\"ListItem\",\"position\":1,\"name\":\"Home\",\"item\":\"https:\/\/www.ringier.com\/de\/\"},{\"@type\":\"ListItem\",\"position\":2,\"name\":\"Christine Zwygart \u00fcbernimmt Co-Redaktionsleitung der Schweizer LandLiebe\"}]},{\"@type\":\"WebSite\",\"@id\":\"https:\/\/www.ringier.com\/de\/#website\",\"url\":\"https:\/\/www.ringier.com\/de\/\",\"name\":\"Ringier\",\"description\":\"We inform. We entertain. We connect\",\"publisher\":{\"@id\":\"https:\/\/www.ringier.com\/de\/#organization\"},\"potentialAction\":[{\"@type\":\"SearchAction\",\"target\":{\"@type\":\"EntryPoint\",\"urlTemplate\":\"https:\/\/www.ringier.com\/de\/?s={search_term_string}\"},\"query-input\":{\"@type\":\"PropertyValueSpecification\",\"valueRequired\":true,\"valueName\":\"search_term_string\"}}],\"inLanguage\":\"de-DE\"},{\"@type\":\"Organization\",\"@id\":\"https:\/\/www.ringier.com\/de\/#organization\",\"name\":\"Ringier\",\"url\":\"https:\/\/www.ringier.com\/de\/\",\"logo\":{\"@type\":\"ImageObject\",\"inLanguage\":\"de-DE\",\"@id\":\"https:\/\/www.ringier.com\/de\/#\/schema\/logo\/image\/\",\"url\":\"https:\/\/www.ringier.com\/wp-content\/uploads\/2021\/10\/ringier_logo_2.jpg\",\"contentUrl\":\"https:\/\/www.ringier.com\/wp-content\/uploads\/2021\/10\/ringier_logo_2.jpg\",\"width\":750,\"height\":550,\"caption\":\"Ringier\"},\"image\":{\"@id\":\"https:\/\/www.ringier.com\/de\/#\/schema\/logo\/image\/\"},\"sameAs\":[\"https:\/\/www.facebook.com\/ringierag\/\",\"https:\/\/x.com\/ringier_ag\",\"https:\/\/www.instagram.com\/ringier_ag\/\",\"https:\/\/www.linkedin.com\/company\/ringier\/\",\"https:\/\/www.youtube.com\/user\/RingierComm\",\"https:\/\/en.wikipedia.org\/wiki\/Ringier\",\"https:\/\/de.wikipedia.org\/wiki\/Ringier\",\"https:\/\/fr.wikipedia.org\/wiki\/Ringier\",\"https:\/\/www.crunchbase.com\/organization\/ringier-ag\"]},{\"@type\":\"Person\",\"@id\":\"https:\/\/www.ringier.com\/de\/#\/schema\/person\/4cf76a308dc4b2bb5121bd1e7b752e52\",\"name\":\"Ringier Corporate Communications\",\"image\":{\"@type\":\"ImageObject\",\"inLanguage\":\"de-DE\",\"@id\":\"https:\/\/www.ringier.com\/de\/#\/schema\/person\/image\/\",\"url\":\"https:\/\/secure.gravatar.com\/avatar\/9391e20481368d5df4fe3e1e476c13b27786347489822ec1ed07e532bb41f587?s=96&d=mm&r=g\",\"contentUrl\":\"https:\/\/secure.gravatar.com\/avatar\/9391e20481368d5df4fe3e1e476c13b27786347489822ec1ed07e532bb41f587?s=96&d=mm&r=g\",\"caption\":\"Ringier Corporate Communications\"},\"sameAs\":[\"https:\/\/www.ringier.com\"]}]}<\/script>\n<!-- \/ Yoast SEO Premium plugin. -->","yoast_head_json":{"title":"Christine Zwygart \u00fcbernimmt Co-Redaktionsleitung der Schweizer LandLiebe - Ringier","robots":{"index":"index","follow":"follow","max-snippet":"max-snippet:-1","max-image-preview":"max-image-preview:large","max-video-preview":"max-video-preview:-1"},"canonical":"https:\/\/www.ringier.com\/de\/christine-zwygart-uebernimmt-co-redaktionsleitung-der-schweizer-landliebe\/","og_locale":"de_DE","og_type":"article","og_title":"Christine Zwygart \u00fcbernimmt Co-Redaktionsleitung der Schweizer LandLiebe","og_description":"Christine Zwygart kehrt zu Ringier zur\u00fcck und wird neue Co-Redaktionsleiterin der Schweizer LandLiebe. Sie f\u00fchrt das Team zusammen mit Art Director Andr\u00e9 Frensch.","og_url":"https:\/\/www.ringier.com\/de\/christine-zwygart-uebernimmt-co-redaktionsleitung-der-schweizer-landliebe\/","og_site_name":"Ringier","article_publisher":"https:\/\/www.facebook.com\/ringierag\/","article_published_time":"2013-04-10T19:52:00+00:00","article_modified_time":"2024-11-27T13:27:06+00:00","og_image":[{"width":706,"height":446,"url":"https:\/\/www.ringier.com\/wp-content\/uploads\/2021\/09\/Christine_Zwygart.jpg","type":"image\/jpeg"}],"author":"Ringier Corporate Communications","twitter_card":"summary_large_image","twitter_creator":"@ringier_ag","twitter_site":"@ringier_ag","twitter_misc":{"Verfasst von":"Ringier Corporate Communications","Gesch\u00e4tzte Lesezeit":"2 Minuten"},"schema":{"@context":"https:\/\/schema.org","@graph":[{"@type":"Article","@id":"https:\/\/www.ringier.com\/de\/christine-zwygart-uebernimmt-co-redaktionsleitung-der-schweizer-landliebe\/#article","isPartOf":{"@id":"https:\/\/www.ringier.com\/de\/christine-zwygart-uebernimmt-co-redaktionsleitung-der-schweizer-landliebe\/"},"author":{"name":"Ringier Corporate Communications","@id":"https:\/\/www.ringier.com\/de\/#\/schema\/person\/4cf76a308dc4b2bb5121bd1e7b752e52"},"headline":"Christine Zwygart \u00fcbernimmt Co-Redaktionsleitung der Schweizer LandLiebe","datePublished":"2013-04-10T19:52:00+00:00","dateModified":"2024-11-27T13:27:06+00:00","mainEntityOfPage":{"@id":"https:\/\/www.ringier.com\/de\/christine-zwygart-uebernimmt-co-redaktionsleitung-der-schweizer-landliebe\/"},"wordCount":233,"publisher":{"@id":"https:\/\/www.ringier.com\/de\/#organization"},"image":{"@id":"https:\/\/www.ringier.com\/de\/christine-zwygart-uebernimmt-co-redaktionsleitung-der-schweizer-landliebe\/#primaryimage"},"thumbnailUrl":"https:\/\/www.ringier.com\/wp-content\/uploads\/2021\/09\/Christine_Zwygart.jpg","articleSection":["Media","Ringier Medien Schweiz"],"inLanguage":"de-DE"},{"@type":"WebPage","@id":"https:\/\/www.ringier.com\/de\/christine-zwygart-uebernimmt-co-redaktionsleitung-der-schweizer-landliebe\/","url":"https:\/\/www.ringier.com\/de\/christine-zwygart-uebernimmt-co-redaktionsleitung-der-schweizer-landliebe\/","name":"Christine Zwygart \u00fcbernimmt Co-Redaktionsleitung der Schweizer LandLiebe - Ringier","isPartOf":{"@id":"https:\/\/www.ringier.com\/de\/#website"},"primaryImageOfPage":{"@id":"https:\/\/www.ringier.com\/de\/christine-zwygart-uebernimmt-co-redaktionsleitung-der-schweizer-landliebe\/#primaryimage"},"image":{"@id":"https:\/\/www.ringier.com\/de\/christine-zwygart-uebernimmt-co-redaktionsleitung-der-schweizer-landliebe\/#primaryimage"},"thumbnailUrl":"https:\/\/www.ringier.com\/wp-content\/uploads\/2021\/09\/Christine_Zwygart.jpg","datePublished":"2013-04-10T19:52:00+00:00","dateModified":"2024-11-27T13:27:06+00:00","breadcrumb":{"@id":"https:\/\/www.ringier.com\/de\/christine-zwygart-uebernimmt-co-redaktionsleitung-der-schweizer-landliebe\/#breadcrumb"},"inLanguage":"de-DE","potentialAction":[{"@type":"ReadAction","target":["https:\/\/www.ringier.com\/de\/christine-zwygart-uebernimmt-co-redaktionsleitung-der-schweizer-landliebe\/"]}]},{"@type":"ImageObject","inLanguage":"de-DE","@id":"https:\/\/www.ringier.com\/de\/christine-zwygart-uebernimmt-co-redaktionsleitung-der-schweizer-landliebe\/#primaryimage","url":"https:\/\/www.ringier.com\/wp-content\/uploads\/2021\/09\/Christine_Zwygart.jpg","contentUrl":"https:\/\/www.ringier.com\/wp-content\/uploads\/2021\/09\/Christine_Zwygart.jpg","width":706,"height":446},{"@type":"BreadcrumbList","@id":"https:\/\/www.ringier.com\/de\/christine-zwygart-uebernimmt-co-redaktionsleitung-der-schweizer-landliebe\/#breadcrumb","itemListElement":[{"@type":"ListItem","position":1,"name":"Home","item":"https:\/\/www.ringier.com\/de\/"},{"@type":"ListItem","position":2,"name":"Christine Zwygart \u00fcbernimmt Co-Redaktionsleitung der Schweizer LandLiebe"}]},{"@type":"WebSite","@id":"https:\/\/www.ringier.com\/de\/#website","url":"https:\/\/www.ringier.com\/de\/","name":"Ringier","description":"We inform. We entertain. We connect","publisher":{"@id":"https:\/\/www.ringier.com\/de\/#organization"},"potentialAction":[{"@type":"SearchAction","target":{"@type":"EntryPoint","urlTemplate":"https:\/\/www.ringier.com\/de\/?s={search_term_string}"},"query-input":{"@type":"PropertyValueSpecification","valueRequired":true,"valueName":"search_term_string"}}],"inLanguage":"de-DE"},{"@type":"Organization","@id":"https:\/\/www.ringier.com\/de\/#organization","name":"Ringier","url":"https:\/\/www.ringier.com\/de\/","logo":{"@type":"ImageObject","inLanguage":"de-DE","@id":"https:\/\/www.ringier.com\/de\/#\/schema\/logo\/image\/","url":"https:\/\/www.ringier.com\/wp-content\/uploads\/2021\/10\/ringier_logo_2.jpg","contentUrl":"https:\/\/www.ringier.com\/wp-content\/uploads\/2021\/10\/ringier_logo_2.jpg","width":750,"height":550,"caption":"Ringier"},"image":{"@id":"https:\/\/www.ringier.com\/de\/#\/schema\/logo\/image\/"},"sameAs":["https:\/\/www.facebook.com\/ringierag\/","https:\/\/x.com\/ringier_ag","https:\/\/www.instagram.com\/ringier_ag\/","https:\/\/www.linkedin.com\/company\/ringier\/","https:\/\/www.youtube.com\/user\/RingierComm","https:\/\/en.wikipedia.org\/wiki\/Ringier","https:\/\/de.wikipedia.org\/wiki\/Ringier","https:\/\/fr.wikipedia.org\/wiki\/Ringier","https:\/\/www.crunchbase.com\/organization\/ringier-ag"]},{"@type":"Person","@id":"https:\/\/www.ringier.com\/de\/#\/schema\/person\/4cf76a308dc4b2bb5121bd1e7b752e52","name":"Ringier Corporate Communications","image":{"@type":"ImageObject","inLanguage":"de-DE","@id":"https:\/\/www.ringier.com\/de\/#\/schema\/person\/image\/","url":"https:\/\/secure.gravatar.com\/avatar\/9391e20481368d5df4fe3e1e476c13b27786347489822ec1ed07e532bb41f587?s=96&d=mm&r=g","contentUrl":"https:\/\/secure.gravatar.com\/avatar\/9391e20481368d5df4fe3e1e476c13b27786347489822ec1ed07e532bb41f587?s=96&d=mm&r=g","caption":"Ringier Corporate Communications"},"sameAs":["https:\/\/www.ringier.com"]}]}},"_links":{"self":[{"href":"https:\/\/www.ringier.com\/de\/wp-json\/wp\/v2\/posts\/8915","targetHints":{"allow":["GET"]}}],"collection":[{"href":"https:\/\/www.ringier.com\/de\/wp-json\/wp\/v2\/posts"}],"about":[{"href":"https:\/\/www.ringier.com\/de\/wp-json\/wp\/v2\/types\/post"}],"author":[{"embeddable":true,"href":"https:\/\/www.ringier.com\/de\/wp-json\/wp\/v2\/users\/23"}],"replies":[{"embeddable":true,"href":"https:\/\/www.ringier.com\/de\/wp-json\/wp\/v2\/comments?post=8915"}],"version-history":[{"count":0,"href":"https:\/\/www.ringier.com\/de\/wp-json\/wp\/v2\/posts\/8915\/revisions"}],"wp:featuredmedia":[{"embeddable":true,"href":"https:\/\/www.ringier.com\/de\/wp-json\/wp\/v2\/media\/8919"}],"wp:attachment":[{"href":"https:\/\/www.ringier.com\/de\/wp-json\/wp\/v2\/media?parent=8915"}],"wp:term":[{"taxonomy":"category","embeddable":true,"href":"https:\/\/www.ringier.com\/de\/wp-json\/wp\/v2\/categories?post=8915"},{"taxonomy":"post_tag","embeddable":true,"href":"https:\/\/www.ringier.com\/de\/wp-json\/wp\/v2\/tags?post=8915"}],"curies":[{"name":"wp","href":"https:\/\/api.w.org\/{rel}","templated":true}]}}