{"id":8852,"date":"2010-08-09T09:24:00","date_gmt":"2010-08-09T07:24:00","guid":{"rendered":"https:\/\/www.ringier.com\/?p=8852"},"modified":"2021-09-28T09:28:12","modified_gmt":"2021-09-28T07:28:12","slug":"rolf-cavalli-wird-interimistischer-sportchef-der-blick-gruppe","status":"publish","type":"post","link":"https:\/\/www.ringier.com\/de\/rolf-cavalli-wird-interimistischer-sportchef-der-blick-gruppe\/","title":{"rendered":"Rolf Cavalli wird interimistischer Sportchef der Blick-Gruppe"},"content":{"rendered":"\n<p>Der bisherige Blick-Sportchef Ilja Kaenzig, 37, wird neuer Delegierter des Verwaltungsrates der Sport &amp; Event Holding AG mit Sitz in Luzern. Das Unternehmen ist Besitzerin des Stade de Suisse in Bern und des Fussballclubs BSC Young Boys.\u00a0<\/p>\n\n\n\n<p>Kaenzig leitete das Sport-Ressort der Blick-Gruppe seit dem 18. Januar 2010. Er \u00fcberf\u00fchrte das 30-k\u00f6pfige Team ab M\u00e4rz 2010 erfolgreich in den neu geschaffenen Newsroom. Kaenzig war zuvor als Manager von Bayern 04 Leverkusen t\u00e4tig und danach Gesch\u00e4ftsf\u00fchrer und Sportdirektor bei Hannover 96, bevor er seine T\u00e4tigkeit bei Ringier aufnahm.\u00a0<\/p>\n\n\n\n<p>Bis die Nachfolge geregelt ist, \u00fcbernimmt Blick.ch-Chefredaktor Rolf Cavalli per 23. August zus\u00e4tzlich zu seiner T\u00e4tigkeit die Leitung des Sportressorts der Blick-Gruppe.\u00a0<\/p>\n\n\n\n<p>Kommunikation Ringier Schweiz<\/p>\n","protected":false},"excerpt":{"rendered":"<p>Z\u00fcrich: <\/p>\n<p>Sportchef Ilja Kaenzig verl\u00e4sst die Blick-Gruppe. Die Leitung des Sportressorts \u00fcbernimmt interimistisch und zus\u00e4tzlich zu seiner Funktion Blick.ch-Chefredaktor Rolf Cavalli.<\/p>\n","protected":false},"author":23,"featured_media":8853,"comment_status":"closed","ping_status":"open","sticky":false,"template":"","format":"standard","meta":{"inline_featured_image":false,"footnotes":""},"categories":[3],"tags":[],"class_list":["post-8852","post","type-post","status-publish","format-standard","has-post-thumbnail","hentry","category-unkategorisiert"],"yoast_head":"<!-- This site is optimized with the Yoast SEO Premium plugin v27.0 (Yoast SEO v27.0) - https:\/\/yoast.com\/product\/yoast-seo-premium-wordpress\/ -->\n<title>Rolf Cavalli wird interimistischer Sportchef der Blick-Gruppe - Ringier<\/title>\n<meta name=\"robots\" content=\"index, follow, max-snippet:-1, max-image-preview:large, max-video-preview:-1\" \/>\n<link rel=\"canonical\" href=\"https:\/\/www.ringier.com\/de\/rolf-cavalli-wird-interimistischer-sportchef-der-blick-gruppe\/\" \/>\n<meta property=\"og:locale\" content=\"de_DE\" \/>\n<meta property=\"og:type\" content=\"article\" \/>\n<meta property=\"og:title\" content=\"Rolf Cavalli wird interimistischer Sportchef der Blick-Gruppe\" \/>\n<meta property=\"og:description\" content=\"Z\u00fcrich:  Sportchef Ilja Kaenzig verl\u00e4sst die Blick-Gruppe. Die Leitung des Sportressorts \u00fcbernimmt interimistisch und zus\u00e4tzlich zu seiner Funktion Blick.ch-Chefredaktor Rolf Cavalli.\" \/>\n<meta property=\"og:url\" content=\"https:\/\/www.ringier.com\/de\/rolf-cavalli-wird-interimistischer-sportchef-der-blick-gruppe\/\" \/>\n<meta property=\"og:site_name\" content=\"Ringier\" \/>\n<meta property=\"article:publisher\" content=\"https:\/\/www.facebook.com\/ringierag\/\" \/>\n<meta property=\"article:published_time\" content=\"2010-08-09T07:24:00+00:00\" \/>\n<meta property=\"article:modified_time\" content=\"2021-09-28T07:28:12+00:00\" \/>\n<meta property=\"og:image\" content=\"https:\/\/www.ringier.com\/wp-content\/uploads\/2021\/09\/rolf_cavalli-August-2010-scaled.jpg\" \/>\n\t<meta property=\"og:image:width\" content=\"2560\" \/>\n\t<meta property=\"og:image:height\" content=\"1707\" \/>\n\t<meta property=\"og:image:type\" content=\"image\/jpeg\" \/>\n<meta name=\"author\" content=\"Ringier Corporate Communications\" \/>\n<meta name=\"twitter:card\" content=\"summary_large_image\" \/>\n<meta name=\"twitter:creator\" content=\"@ringier_ag\" \/>\n<meta name=\"twitter:site\" content=\"@ringier_ag\" \/>\n<meta name=\"twitter:label1\" content=\"Verfasst von\" \/>\n\t<meta name=\"twitter:data1\" content=\"Ringier Corporate Communications\" \/>\n\t<meta name=\"twitter:label2\" content=\"Gesch\u00e4tzte Lesezeit\" \/>\n\t<meta name=\"twitter:data2\" content=\"1 Minute\" \/>\n<script type=\"application\/ld+json\" class=\"yoast-schema-graph\">{\"@context\":\"https:\/\/schema.org\",\"@graph\":[{\"@type\":\"Article\",\"@id\":\"https:\/\/www.ringier.com\/de\/rolf-cavalli-wird-interimistischer-sportchef-der-blick-gruppe\/#article\",\"isPartOf\":{\"@id\":\"https:\/\/www.ringier.com\/de\/rolf-cavalli-wird-interimistischer-sportchef-der-blick-gruppe\/\"},\"author\":{\"name\":\"Ringier Corporate Communications\",\"@id\":\"https:\/\/www.ringier.com\/de\/#\/schema\/person\/4cf76a308dc4b2bb5121bd1e7b752e52\"},\"headline\":\"Rolf Cavalli wird interimistischer Sportchef der Blick-Gruppe\",\"datePublished\":\"2010-08-09T07:24:00+00:00\",\"dateModified\":\"2021-09-28T07:28:12+00:00\",\"mainEntityOfPage\":{\"@id\":\"https:\/\/www.ringier.com\/de\/rolf-cavalli-wird-interimistischer-sportchef-der-blick-gruppe\/\"},\"wordCount\":122,\"publisher\":{\"@id\":\"https:\/\/www.ringier.com\/de\/#organization\"},\"image\":{\"@id\":\"https:\/\/www.ringier.com\/de\/rolf-cavalli-wird-interimistischer-sportchef-der-blick-gruppe\/#primaryimage\"},\"thumbnailUrl\":\"https:\/\/www.ringier.com\/wp-content\/uploads\/2021\/09\/rolf_cavalli-August-2010-scaled.jpg\",\"articleSection\":[\"Unkategorisiert\"],\"inLanguage\":\"de-DE\"},{\"@type\":\"WebPage\",\"@id\":\"https:\/\/www.ringier.com\/de\/rolf-cavalli-wird-interimistischer-sportchef-der-blick-gruppe\/\",\"url\":\"https:\/\/www.ringier.com\/de\/rolf-cavalli-wird-interimistischer-sportchef-der-blick-gruppe\/\",\"name\":\"Rolf Cavalli wird interimistischer Sportchef der Blick-Gruppe - Ringier\",\"isPartOf\":{\"@id\":\"https:\/\/www.ringier.com\/de\/#website\"},\"primaryImageOfPage\":{\"@id\":\"https:\/\/www.ringier.com\/de\/rolf-cavalli-wird-interimistischer-sportchef-der-blick-gruppe\/#primaryimage\"},\"image\":{\"@id\":\"https:\/\/www.ringier.com\/de\/rolf-cavalli-wird-interimistischer-sportchef-der-blick-gruppe\/#primaryimage\"},\"thumbnailUrl\":\"https:\/\/www.ringier.com\/wp-content\/uploads\/2021\/09\/rolf_cavalli-August-2010-scaled.jpg\",\"datePublished\":\"2010-08-09T07:24:00+00:00\",\"dateModified\":\"2021-09-28T07:28:12+00:00\",\"breadcrumb\":{\"@id\":\"https:\/\/www.ringier.com\/de\/rolf-cavalli-wird-interimistischer-sportchef-der-blick-gruppe\/#breadcrumb\"},\"inLanguage\":\"de-DE\",\"potentialAction\":[{\"@type\":\"ReadAction\",\"target\":[\"https:\/\/www.ringier.com\/de\/rolf-cavalli-wird-interimistischer-sportchef-der-blick-gruppe\/\"]}]},{\"@type\":\"ImageObject\",\"inLanguage\":\"de-DE\",\"@id\":\"https:\/\/www.ringier.com\/de\/rolf-cavalli-wird-interimistischer-sportchef-der-blick-gruppe\/#primaryimage\",\"url\":\"https:\/\/www.ringier.com\/wp-content\/uploads\/2021\/09\/rolf_cavalli-August-2010-scaled.jpg\",\"contentUrl\":\"https:\/\/www.ringier.com\/wp-content\/uploads\/2021\/09\/rolf_cavalli-August-2010-scaled.jpg\",\"width\":2560,\"height\":1707,\"caption\":\"FOTO: PHILIPPE ROSSIER, 10.9.2008, ZUERICH: BLICK UND BLICK-ONLINE MITARBEITER BILD: ROLF CAVALLI\"},{\"@type\":\"BreadcrumbList\",\"@id\":\"https:\/\/www.ringier.com\/de\/rolf-cavalli-wird-interimistischer-sportchef-der-blick-gruppe\/#breadcrumb\",\"itemListElement\":[{\"@type\":\"ListItem\",\"position\":1,\"name\":\"Home\",\"item\":\"https:\/\/www.ringier.com\/de\/\"},{\"@type\":\"ListItem\",\"position\":2,\"name\":\"Rolf Cavalli wird interimistischer Sportchef der Blick-Gruppe\"}]},{\"@type\":\"WebSite\",\"@id\":\"https:\/\/www.ringier.com\/de\/#website\",\"url\":\"https:\/\/www.ringier.com\/de\/\",\"name\":\"Ringier\",\"description\":\"We inform. We entertain. We connect\",\"publisher\":{\"@id\":\"https:\/\/www.ringier.com\/de\/#organization\"},\"potentialAction\":[{\"@type\":\"SearchAction\",\"target\":{\"@type\":\"EntryPoint\",\"urlTemplate\":\"https:\/\/www.ringier.com\/de\/?s={search_term_string}\"},\"query-input\":{\"@type\":\"PropertyValueSpecification\",\"valueRequired\":true,\"valueName\":\"search_term_string\"}}],\"inLanguage\":\"de-DE\"},{\"@type\":\"Organization\",\"@id\":\"https:\/\/www.ringier.com\/de\/#organization\",\"name\":\"Ringier\",\"url\":\"https:\/\/www.ringier.com\/de\/\",\"logo\":{\"@type\":\"ImageObject\",\"inLanguage\":\"de-DE\",\"@id\":\"https:\/\/www.ringier.com\/de\/#\/schema\/logo\/image\/\",\"url\":\"https:\/\/www.ringier.com\/wp-content\/uploads\/2021\/10\/ringier_logo_2.jpg\",\"contentUrl\":\"https:\/\/www.ringier.com\/wp-content\/uploads\/2021\/10\/ringier_logo_2.jpg\",\"width\":750,\"height\":550,\"caption\":\"Ringier\"},\"image\":{\"@id\":\"https:\/\/www.ringier.com\/de\/#\/schema\/logo\/image\/\"},\"sameAs\":[\"https:\/\/www.facebook.com\/ringierag\/\",\"https:\/\/x.com\/ringier_ag\",\"https:\/\/www.instagram.com\/ringier_ag\/\",\"https:\/\/www.linkedin.com\/company\/ringier\/\",\"https:\/\/www.youtube.com\/user\/RingierComm\",\"https:\/\/en.wikipedia.org\/wiki\/Ringier\",\"https:\/\/de.wikipedia.org\/wiki\/Ringier\",\"https:\/\/fr.wikipedia.org\/wiki\/Ringier\",\"https:\/\/www.crunchbase.com\/organization\/ringier-ag\"]},{\"@type\":\"Person\",\"@id\":\"https:\/\/www.ringier.com\/de\/#\/schema\/person\/4cf76a308dc4b2bb5121bd1e7b752e52\",\"name\":\"Ringier Corporate Communications\",\"image\":{\"@type\":\"ImageObject\",\"inLanguage\":\"de-DE\",\"@id\":\"https:\/\/www.ringier.com\/de\/#\/schema\/person\/image\/\",\"url\":\"https:\/\/secure.gravatar.com\/avatar\/9391e20481368d5df4fe3e1e476c13b27786347489822ec1ed07e532bb41f587?s=96&d=mm&r=g\",\"contentUrl\":\"https:\/\/secure.gravatar.com\/avatar\/9391e20481368d5df4fe3e1e476c13b27786347489822ec1ed07e532bb41f587?s=96&d=mm&r=g\",\"caption\":\"Ringier Corporate Communications\"},\"sameAs\":[\"https:\/\/www.ringier.com\"]}]}<\/script>\n<!-- \/ Yoast SEO Premium plugin. -->","yoast_head_json":{"title":"Rolf Cavalli wird interimistischer Sportchef der Blick-Gruppe - Ringier","robots":{"index":"index","follow":"follow","max-snippet":"max-snippet:-1","max-image-preview":"max-image-preview:large","max-video-preview":"max-video-preview:-1"},"canonical":"https:\/\/www.ringier.com\/de\/rolf-cavalli-wird-interimistischer-sportchef-der-blick-gruppe\/","og_locale":"de_DE","og_type":"article","og_title":"Rolf Cavalli wird interimistischer Sportchef der Blick-Gruppe","og_description":"Z\u00fcrich:  Sportchef Ilja Kaenzig verl\u00e4sst die Blick-Gruppe. Die Leitung des Sportressorts \u00fcbernimmt interimistisch und zus\u00e4tzlich zu seiner Funktion Blick.ch-Chefredaktor Rolf Cavalli.","og_url":"https:\/\/www.ringier.com\/de\/rolf-cavalli-wird-interimistischer-sportchef-der-blick-gruppe\/","og_site_name":"Ringier","article_publisher":"https:\/\/www.facebook.com\/ringierag\/","article_published_time":"2010-08-09T07:24:00+00:00","article_modified_time":"2021-09-28T07:28:12+00:00","og_image":[{"width":2560,"height":1707,"url":"https:\/\/www.ringier.com\/wp-content\/uploads\/2021\/09\/rolf_cavalli-August-2010-scaled.jpg","type":"image\/jpeg"}],"author":"Ringier Corporate Communications","twitter_card":"summary_large_image","twitter_creator":"@ringier_ag","twitter_site":"@ringier_ag","twitter_misc":{"Verfasst von":"Ringier Corporate Communications","Gesch\u00e4tzte Lesezeit":"1 Minute"},"schema":{"@context":"https:\/\/schema.org","@graph":[{"@type":"Article","@id":"https:\/\/www.ringier.com\/de\/rolf-cavalli-wird-interimistischer-sportchef-der-blick-gruppe\/#article","isPartOf":{"@id":"https:\/\/www.ringier.com\/de\/rolf-cavalli-wird-interimistischer-sportchef-der-blick-gruppe\/"},"author":{"name":"Ringier Corporate Communications","@id":"https:\/\/www.ringier.com\/de\/#\/schema\/person\/4cf76a308dc4b2bb5121bd1e7b752e52"},"headline":"Rolf Cavalli wird interimistischer Sportchef der Blick-Gruppe","datePublished":"2010-08-09T07:24:00+00:00","dateModified":"2021-09-28T07:28:12+00:00","mainEntityOfPage":{"@id":"https:\/\/www.ringier.com\/de\/rolf-cavalli-wird-interimistischer-sportchef-der-blick-gruppe\/"},"wordCount":122,"publisher":{"@id":"https:\/\/www.ringier.com\/de\/#organization"},"image":{"@id":"https:\/\/www.ringier.com\/de\/rolf-cavalli-wird-interimistischer-sportchef-der-blick-gruppe\/#primaryimage"},"thumbnailUrl":"https:\/\/www.ringier.com\/wp-content\/uploads\/2021\/09\/rolf_cavalli-August-2010-scaled.jpg","articleSection":["Unkategorisiert"],"inLanguage":"de-DE"},{"@type":"WebPage","@id":"https:\/\/www.ringier.com\/de\/rolf-cavalli-wird-interimistischer-sportchef-der-blick-gruppe\/","url":"https:\/\/www.ringier.com\/de\/rolf-cavalli-wird-interimistischer-sportchef-der-blick-gruppe\/","name":"Rolf Cavalli wird interimistischer Sportchef der Blick-Gruppe - Ringier","isPartOf":{"@id":"https:\/\/www.ringier.com\/de\/#website"},"primaryImageOfPage":{"@id":"https:\/\/www.ringier.com\/de\/rolf-cavalli-wird-interimistischer-sportchef-der-blick-gruppe\/#primaryimage"},"image":{"@id":"https:\/\/www.ringier.com\/de\/rolf-cavalli-wird-interimistischer-sportchef-der-blick-gruppe\/#primaryimage"},"thumbnailUrl":"https:\/\/www.ringier.com\/wp-content\/uploads\/2021\/09\/rolf_cavalli-August-2010-scaled.jpg","datePublished":"2010-08-09T07:24:00+00:00","dateModified":"2021-09-28T07:28:12+00:00","breadcrumb":{"@id":"https:\/\/www.ringier.com\/de\/rolf-cavalli-wird-interimistischer-sportchef-der-blick-gruppe\/#breadcrumb"},"inLanguage":"de-DE","potentialAction":[{"@type":"ReadAction","target":["https:\/\/www.ringier.com\/de\/rolf-cavalli-wird-interimistischer-sportchef-der-blick-gruppe\/"]}]},{"@type":"ImageObject","inLanguage":"de-DE","@id":"https:\/\/www.ringier.com\/de\/rolf-cavalli-wird-interimistischer-sportchef-der-blick-gruppe\/#primaryimage","url":"https:\/\/www.ringier.com\/wp-content\/uploads\/2021\/09\/rolf_cavalli-August-2010-scaled.jpg","contentUrl":"https:\/\/www.ringier.com\/wp-content\/uploads\/2021\/09\/rolf_cavalli-August-2010-scaled.jpg","width":2560,"height":1707,"caption":"FOTO: PHILIPPE ROSSIER, 10.9.2008, ZUERICH: BLICK UND BLICK-ONLINE MITARBEITER BILD: ROLF CAVALLI"},{"@type":"BreadcrumbList","@id":"https:\/\/www.ringier.com\/de\/rolf-cavalli-wird-interimistischer-sportchef-der-blick-gruppe\/#breadcrumb","itemListElement":[{"@type":"ListItem","position":1,"name":"Home","item":"https:\/\/www.ringier.com\/de\/"},{"@type":"ListItem","position":2,"name":"Rolf Cavalli wird interimistischer Sportchef der Blick-Gruppe"}]},{"@type":"WebSite","@id":"https:\/\/www.ringier.com\/de\/#website","url":"https:\/\/www.ringier.com\/de\/","name":"Ringier","description":"We inform. We entertain. We connect","publisher":{"@id":"https:\/\/www.ringier.com\/de\/#organization"},"potentialAction":[{"@type":"SearchAction","target":{"@type":"EntryPoint","urlTemplate":"https:\/\/www.ringier.com\/de\/?s={search_term_string}"},"query-input":{"@type":"PropertyValueSpecification","valueRequired":true,"valueName":"search_term_string"}}],"inLanguage":"de-DE"},{"@type":"Organization","@id":"https:\/\/www.ringier.com\/de\/#organization","name":"Ringier","url":"https:\/\/www.ringier.com\/de\/","logo":{"@type":"ImageObject","inLanguage":"de-DE","@id":"https:\/\/www.ringier.com\/de\/#\/schema\/logo\/image\/","url":"https:\/\/www.ringier.com\/wp-content\/uploads\/2021\/10\/ringier_logo_2.jpg","contentUrl":"https:\/\/www.ringier.com\/wp-content\/uploads\/2021\/10\/ringier_logo_2.jpg","width":750,"height":550,"caption":"Ringier"},"image":{"@id":"https:\/\/www.ringier.com\/de\/#\/schema\/logo\/image\/"},"sameAs":["https:\/\/www.facebook.com\/ringierag\/","https:\/\/x.com\/ringier_ag","https:\/\/www.instagram.com\/ringier_ag\/","https:\/\/www.linkedin.com\/company\/ringier\/","https:\/\/www.youtube.com\/user\/RingierComm","https:\/\/en.wikipedia.org\/wiki\/Ringier","https:\/\/de.wikipedia.org\/wiki\/Ringier","https:\/\/fr.wikipedia.org\/wiki\/Ringier","https:\/\/www.crunchbase.com\/organization\/ringier-ag"]},{"@type":"Person","@id":"https:\/\/www.ringier.com\/de\/#\/schema\/person\/4cf76a308dc4b2bb5121bd1e7b752e52","name":"Ringier Corporate Communications","image":{"@type":"ImageObject","inLanguage":"de-DE","@id":"https:\/\/www.ringier.com\/de\/#\/schema\/person\/image\/","url":"https:\/\/secure.gravatar.com\/avatar\/9391e20481368d5df4fe3e1e476c13b27786347489822ec1ed07e532bb41f587?s=96&d=mm&r=g","contentUrl":"https:\/\/secure.gravatar.com\/avatar\/9391e20481368d5df4fe3e1e476c13b27786347489822ec1ed07e532bb41f587?s=96&d=mm&r=g","caption":"Ringier Corporate Communications"},"sameAs":["https:\/\/www.ringier.com"]}]}},"_links":{"self":[{"href":"https:\/\/www.ringier.com\/de\/wp-json\/wp\/v2\/posts\/8852","targetHints":{"allow":["GET"]}}],"collection":[{"href":"https:\/\/www.ringier.com\/de\/wp-json\/wp\/v2\/posts"}],"about":[{"href":"https:\/\/www.ringier.com\/de\/wp-json\/wp\/v2\/types\/post"}],"author":[{"embeddable":true,"href":"https:\/\/www.ringier.com\/de\/wp-json\/wp\/v2\/users\/23"}],"replies":[{"embeddable":true,"href":"https:\/\/www.ringier.com\/de\/wp-json\/wp\/v2\/comments?post=8852"}],"version-history":[{"count":0,"href":"https:\/\/www.ringier.com\/de\/wp-json\/wp\/v2\/posts\/8852\/revisions"}],"wp:featuredmedia":[{"embeddable":true,"href":"https:\/\/www.ringier.com\/de\/wp-json\/wp\/v2\/media\/8853"}],"wp:attachment":[{"href":"https:\/\/www.ringier.com\/de\/wp-json\/wp\/v2\/media?parent=8852"}],"wp:term":[{"taxonomy":"category","embeddable":true,"href":"https:\/\/www.ringier.com\/de\/wp-json\/wp\/v2\/categories?post=8852"},{"taxonomy":"post_tag","embeddable":true,"href":"https:\/\/www.ringier.com\/de\/wp-json\/wp\/v2\/tags?post=8852"}],"curies":[{"name":"wp","href":"https:\/\/api.w.org\/{rel}","templated":true}]}}