{"id":8797,"date":"2009-04-24T16:56:00","date_gmt":"2009-04-24T14:56:00","guid":{"rendered":"https:\/\/www.ringier.com\/josh-smith-creates-the-ringier-annual-report-2008\/"},"modified":"2024-11-29T17:00:53","modified_gmt":"2024-11-29T16:00:53","slug":"josh-smith-gestaltete-den-ringier-jahresbericht-2008","status":"publish","type":"post","link":"https:\/\/www.ringier.com\/de\/josh-smith-gestaltete-den-ringier-jahresbericht-2008\/","title":{"rendered":"Josh Smith gestaltete den Ringier Jahresbericht 2008"},"content":{"rendered":"\n<p>Josh Smith wurde 1976 in Okinawa geboren und ist in Knoxville, Tennessee, aufgewachsen. Er lebt und arbeitet in New York. Seine viel versprechende Karriere umfasst Einzelaus-stellungen in Paris, Oslo, Br\u00fcssel, New York und Chicago sowie erst k\u00fcrzlich im Wiener Museum Moderner Kunst. \u00abIch bin ein K\u00fcnstler, der mit einem vielfaltigen Repertoire von Symbolen arbeitet. Mein Ziel war es, f\u00fcr den Ringier Jahresbericht 2008 den optimalen gestalterischen Rahmen f\u00fcr klare und offene Berichterstattungen zu schaffen\u00bb, sagt Smith.<\/p>\n\n\n\n<p>Beatrix Ruf, Kuratorin der Ringier Sammlung und Direktorin der Kunsthalle Z\u00fcrich, schreibt \u00fcber den K\u00fcnstler: \u00abDas Werk von Josh Smith aktualisiert das Medium der Malerei und des &#8222;handgemachten&#8220; Bildes mit grossartiger Leichtigkeit und irritierender Ernsthaftigkeit. Josh Smith riskiert Subjektivit\u00e4t angesichts ebenso konventioneller wie arbitr\u00e4rer Konventionen sowohl des Bildes wie dessen, was wir von seinem Autor erwarten. Unpr\u00e4tenti\u00f6s und unspektakul\u00e4r macht er so den Weg zu einem Bild frei.\u00bb<\/p>\n\n\n\n<p>Jahresbericht 2007 unter sch\u00f6nsten B\u00fcchern der Schweiz. Traditionsgem\u00e4ss sind die Ringier Jahresberichte eine Mischung aus Zahlen und Kunst. Den letztj\u00e4hrigen Ringier Jahresbericht (2007), welcher von den Schweizer K\u00fcnstlern Peter Fischli und David Weiss gestaltet wurde, hat das Schweizer Bundesamt f\u00fcr Kultur zu einem der sch\u00f6nsten B\u00fccher des Jahres ausgezeichnet.<\/p>\n\n\n\n<p>Der Ringier Jahresbericht ist in den Sprachen Deutsch, Englisch und Franz\u00f6sisch erh\u00e4ltlich.<\/p>\n\n\n\n<p>Ringier Group Communications<\/p>\n","protected":false},"excerpt":{"rendered":"<p>Mit Josh Smith gestaltete zum zw\u00f6lften Mal ein K\u00fcnstler den Ringier Jahresbericht.<\/p>\n","protected":false},"author":23,"featured_media":5763,"comment_status":"closed","ping_status":"open","sticky":false,"template":"","format":"standard","meta":{"inline_featured_image":false,"footnotes":""},"categories":[44,376,371,378],"tags":[],"class_list":["post-8797","post","type-post","status-publish","format-standard","has-post-thumbnail","hentry","category-corporate-de","category-marketplaces-de","category-media-de","category-technology-de"],"yoast_head":"<!-- This site is optimized with the Yoast SEO Premium plugin v27.0 (Yoast SEO v27.0) - https:\/\/yoast.com\/product\/yoast-seo-premium-wordpress\/ -->\n<title>Josh Smith gestaltete den Ringier Jahresbericht 2008 - Ringier<\/title>\n<meta name=\"robots\" content=\"index, follow, max-snippet:-1, max-image-preview:large, max-video-preview:-1\" \/>\n<link rel=\"canonical\" href=\"https:\/\/www.ringier.com\/de\/josh-smith-gestaltete-den-ringier-jahresbericht-2008\/\" \/>\n<meta property=\"og:locale\" content=\"de_DE\" \/>\n<meta property=\"og:type\" content=\"article\" \/>\n<meta property=\"og:title\" content=\"Josh Smith gestaltete den Ringier Jahresbericht 2008\" \/>\n<meta property=\"og:description\" content=\"Mit Josh Smith gestaltete zum zw\u00f6lften Mal ein K\u00fcnstler den Ringier Jahresbericht.\" \/>\n<meta property=\"og:url\" content=\"https:\/\/www.ringier.com\/de\/josh-smith-gestaltete-den-ringier-jahresbericht-2008\/\" \/>\n<meta property=\"og:site_name\" content=\"Ringier\" \/>\n<meta property=\"article:publisher\" content=\"https:\/\/www.facebook.com\/ringierag\/\" \/>\n<meta property=\"article:published_time\" content=\"2009-04-24T14:56:00+00:00\" \/>\n<meta property=\"article:modified_time\" content=\"2024-11-29T16:00:53+00:00\" \/>\n<meta property=\"og:image\" content=\"https:\/\/www.ringier.com\/wp-content\/uploads\/2013\/03\/Press-Release-Default.png\" \/>\n\t<meta property=\"og:image:width\" content=\"8001\" \/>\n\t<meta property=\"og:image:height\" content=\"4201\" \/>\n\t<meta property=\"og:image:type\" content=\"image\/png\" \/>\n<meta name=\"author\" content=\"Ringier Corporate Communications\" \/>\n<meta name=\"twitter:card\" content=\"summary_large_image\" \/>\n<meta name=\"twitter:creator\" content=\"@ringier_ag\" \/>\n<meta name=\"twitter:site\" content=\"@ringier_ag\" \/>\n<meta name=\"twitter:label1\" content=\"Verfasst von\" \/>\n\t<meta name=\"twitter:data1\" content=\"Ringier Corporate Communications\" \/>\n\t<meta name=\"twitter:label2\" content=\"Gesch\u00e4tzte Lesezeit\" \/>\n\t<meta name=\"twitter:data2\" content=\"2 Minuten\" \/>\n<script type=\"application\/ld+json\" class=\"yoast-schema-graph\">{\"@context\":\"https:\/\/schema.org\",\"@graph\":[{\"@type\":\"Article\",\"@id\":\"https:\/\/www.ringier.com\/de\/josh-smith-gestaltete-den-ringier-jahresbericht-2008\/#article\",\"isPartOf\":{\"@id\":\"https:\/\/www.ringier.com\/de\/josh-smith-gestaltete-den-ringier-jahresbericht-2008\/\"},\"author\":{\"name\":\"Ringier Corporate Communications\",\"@id\":\"https:\/\/www.ringier.com\/de\/#\/schema\/person\/4cf76a308dc4b2bb5121bd1e7b752e52\"},\"headline\":\"Josh Smith gestaltete den Ringier Jahresbericht 2008\",\"datePublished\":\"2009-04-24T14:56:00+00:00\",\"dateModified\":\"2024-11-29T16:00:53+00:00\",\"mainEntityOfPage\":{\"@id\":\"https:\/\/www.ringier.com\/de\/josh-smith-gestaltete-den-ringier-jahresbericht-2008\/\"},\"wordCount\":232,\"publisher\":{\"@id\":\"https:\/\/www.ringier.com\/de\/#organization\"},\"image\":{\"@id\":\"https:\/\/www.ringier.com\/de\/josh-smith-gestaltete-den-ringier-jahresbericht-2008\/#primaryimage\"},\"thumbnailUrl\":\"https:\/\/www.ringier.com\/wp-content\/uploads\/2013\/03\/Press-Release-Default.png\",\"articleSection\":[\"Corporate\",\"Marketplaces\",\"Media\",\"Technology\"],\"inLanguage\":\"de-DE\"},{\"@type\":\"WebPage\",\"@id\":\"https:\/\/www.ringier.com\/de\/josh-smith-gestaltete-den-ringier-jahresbericht-2008\/\",\"url\":\"https:\/\/www.ringier.com\/de\/josh-smith-gestaltete-den-ringier-jahresbericht-2008\/\",\"name\":\"Josh Smith gestaltete den Ringier Jahresbericht 2008 - Ringier\",\"isPartOf\":{\"@id\":\"https:\/\/www.ringier.com\/de\/#website\"},\"primaryImageOfPage\":{\"@id\":\"https:\/\/www.ringier.com\/de\/josh-smith-gestaltete-den-ringier-jahresbericht-2008\/#primaryimage\"},\"image\":{\"@id\":\"https:\/\/www.ringier.com\/de\/josh-smith-gestaltete-den-ringier-jahresbericht-2008\/#primaryimage\"},\"thumbnailUrl\":\"https:\/\/www.ringier.com\/wp-content\/uploads\/2013\/03\/Press-Release-Default.png\",\"datePublished\":\"2009-04-24T14:56:00+00:00\",\"dateModified\":\"2024-11-29T16:00:53+00:00\",\"breadcrumb\":{\"@id\":\"https:\/\/www.ringier.com\/de\/josh-smith-gestaltete-den-ringier-jahresbericht-2008\/#breadcrumb\"},\"inLanguage\":\"de-DE\",\"potentialAction\":[{\"@type\":\"ReadAction\",\"target\":[\"https:\/\/www.ringier.com\/de\/josh-smith-gestaltete-den-ringier-jahresbericht-2008\/\"]}]},{\"@type\":\"ImageObject\",\"inLanguage\":\"de-DE\",\"@id\":\"https:\/\/www.ringier.com\/de\/josh-smith-gestaltete-den-ringier-jahresbericht-2008\/#primaryimage\",\"url\":\"https:\/\/www.ringier.com\/wp-content\/uploads\/2013\/03\/Press-Release-Default.png\",\"contentUrl\":\"https:\/\/www.ringier.com\/wp-content\/uploads\/2013\/03\/Press-Release-Default.png\",\"width\":8001,\"height\":4201},{\"@type\":\"BreadcrumbList\",\"@id\":\"https:\/\/www.ringier.com\/de\/josh-smith-gestaltete-den-ringier-jahresbericht-2008\/#breadcrumb\",\"itemListElement\":[{\"@type\":\"ListItem\",\"position\":1,\"name\":\"Home\",\"item\":\"https:\/\/www.ringier.com\/de\/\"},{\"@type\":\"ListItem\",\"position\":2,\"name\":\"Josh Smith gestaltete den Ringier Jahresbericht 2008\"}]},{\"@type\":\"WebSite\",\"@id\":\"https:\/\/www.ringier.com\/de\/#website\",\"url\":\"https:\/\/www.ringier.com\/de\/\",\"name\":\"Ringier\",\"description\":\"We inform. We entertain. We connect\",\"publisher\":{\"@id\":\"https:\/\/www.ringier.com\/de\/#organization\"},\"potentialAction\":[{\"@type\":\"SearchAction\",\"target\":{\"@type\":\"EntryPoint\",\"urlTemplate\":\"https:\/\/www.ringier.com\/de\/?s={search_term_string}\"},\"query-input\":{\"@type\":\"PropertyValueSpecification\",\"valueRequired\":true,\"valueName\":\"search_term_string\"}}],\"inLanguage\":\"de-DE\"},{\"@type\":\"Organization\",\"@id\":\"https:\/\/www.ringier.com\/de\/#organization\",\"name\":\"Ringier\",\"url\":\"https:\/\/www.ringier.com\/de\/\",\"logo\":{\"@type\":\"ImageObject\",\"inLanguage\":\"de-DE\",\"@id\":\"https:\/\/www.ringier.com\/de\/#\/schema\/logo\/image\/\",\"url\":\"https:\/\/www.ringier.com\/wp-content\/uploads\/2021\/10\/ringier_logo_2.jpg\",\"contentUrl\":\"https:\/\/www.ringier.com\/wp-content\/uploads\/2021\/10\/ringier_logo_2.jpg\",\"width\":750,\"height\":550,\"caption\":\"Ringier\"},\"image\":{\"@id\":\"https:\/\/www.ringier.com\/de\/#\/schema\/logo\/image\/\"},\"sameAs\":[\"https:\/\/www.facebook.com\/ringierag\/\",\"https:\/\/x.com\/ringier_ag\",\"https:\/\/www.instagram.com\/ringier_ag\/\",\"https:\/\/www.linkedin.com\/company\/ringier\/\",\"https:\/\/www.youtube.com\/user\/RingierComm\",\"https:\/\/en.wikipedia.org\/wiki\/Ringier\",\"https:\/\/de.wikipedia.org\/wiki\/Ringier\",\"https:\/\/fr.wikipedia.org\/wiki\/Ringier\",\"https:\/\/www.crunchbase.com\/organization\/ringier-ag\"]},{\"@type\":\"Person\",\"@id\":\"https:\/\/www.ringier.com\/de\/#\/schema\/person\/4cf76a308dc4b2bb5121bd1e7b752e52\",\"name\":\"Ringier Corporate Communications\",\"image\":{\"@type\":\"ImageObject\",\"inLanguage\":\"de-DE\",\"@id\":\"https:\/\/www.ringier.com\/de\/#\/schema\/person\/image\/\",\"url\":\"https:\/\/secure.gravatar.com\/avatar\/9391e20481368d5df4fe3e1e476c13b27786347489822ec1ed07e532bb41f587?s=96&d=mm&r=g\",\"contentUrl\":\"https:\/\/secure.gravatar.com\/avatar\/9391e20481368d5df4fe3e1e476c13b27786347489822ec1ed07e532bb41f587?s=96&d=mm&r=g\",\"caption\":\"Ringier Corporate Communications\"},\"sameAs\":[\"https:\/\/www.ringier.com\"]}]}<\/script>\n<!-- \/ Yoast SEO Premium plugin. -->","yoast_head_json":{"title":"Josh Smith gestaltete den Ringier Jahresbericht 2008 - Ringier","robots":{"index":"index","follow":"follow","max-snippet":"max-snippet:-1","max-image-preview":"max-image-preview:large","max-video-preview":"max-video-preview:-1"},"canonical":"https:\/\/www.ringier.com\/de\/josh-smith-gestaltete-den-ringier-jahresbericht-2008\/","og_locale":"de_DE","og_type":"article","og_title":"Josh Smith gestaltete den Ringier Jahresbericht 2008","og_description":"Mit Josh Smith gestaltete zum zw\u00f6lften Mal ein K\u00fcnstler den Ringier Jahresbericht.","og_url":"https:\/\/www.ringier.com\/de\/josh-smith-gestaltete-den-ringier-jahresbericht-2008\/","og_site_name":"Ringier","article_publisher":"https:\/\/www.facebook.com\/ringierag\/","article_published_time":"2009-04-24T14:56:00+00:00","article_modified_time":"2024-11-29T16:00:53+00:00","og_image":[{"width":8001,"height":4201,"url":"https:\/\/www.ringier.com\/wp-content\/uploads\/2013\/03\/Press-Release-Default.png","type":"image\/png"}],"author":"Ringier Corporate Communications","twitter_card":"summary_large_image","twitter_creator":"@ringier_ag","twitter_site":"@ringier_ag","twitter_misc":{"Verfasst von":"Ringier Corporate Communications","Gesch\u00e4tzte Lesezeit":"2 Minuten"},"schema":{"@context":"https:\/\/schema.org","@graph":[{"@type":"Article","@id":"https:\/\/www.ringier.com\/de\/josh-smith-gestaltete-den-ringier-jahresbericht-2008\/#article","isPartOf":{"@id":"https:\/\/www.ringier.com\/de\/josh-smith-gestaltete-den-ringier-jahresbericht-2008\/"},"author":{"name":"Ringier Corporate Communications","@id":"https:\/\/www.ringier.com\/de\/#\/schema\/person\/4cf76a308dc4b2bb5121bd1e7b752e52"},"headline":"Josh Smith gestaltete den Ringier Jahresbericht 2008","datePublished":"2009-04-24T14:56:00+00:00","dateModified":"2024-11-29T16:00:53+00:00","mainEntityOfPage":{"@id":"https:\/\/www.ringier.com\/de\/josh-smith-gestaltete-den-ringier-jahresbericht-2008\/"},"wordCount":232,"publisher":{"@id":"https:\/\/www.ringier.com\/de\/#organization"},"image":{"@id":"https:\/\/www.ringier.com\/de\/josh-smith-gestaltete-den-ringier-jahresbericht-2008\/#primaryimage"},"thumbnailUrl":"https:\/\/www.ringier.com\/wp-content\/uploads\/2013\/03\/Press-Release-Default.png","articleSection":["Corporate","Marketplaces","Media","Technology"],"inLanguage":"de-DE"},{"@type":"WebPage","@id":"https:\/\/www.ringier.com\/de\/josh-smith-gestaltete-den-ringier-jahresbericht-2008\/","url":"https:\/\/www.ringier.com\/de\/josh-smith-gestaltete-den-ringier-jahresbericht-2008\/","name":"Josh Smith gestaltete den Ringier Jahresbericht 2008 - Ringier","isPartOf":{"@id":"https:\/\/www.ringier.com\/de\/#website"},"primaryImageOfPage":{"@id":"https:\/\/www.ringier.com\/de\/josh-smith-gestaltete-den-ringier-jahresbericht-2008\/#primaryimage"},"image":{"@id":"https:\/\/www.ringier.com\/de\/josh-smith-gestaltete-den-ringier-jahresbericht-2008\/#primaryimage"},"thumbnailUrl":"https:\/\/www.ringier.com\/wp-content\/uploads\/2013\/03\/Press-Release-Default.png","datePublished":"2009-04-24T14:56:00+00:00","dateModified":"2024-11-29T16:00:53+00:00","breadcrumb":{"@id":"https:\/\/www.ringier.com\/de\/josh-smith-gestaltete-den-ringier-jahresbericht-2008\/#breadcrumb"},"inLanguage":"de-DE","potentialAction":[{"@type":"ReadAction","target":["https:\/\/www.ringier.com\/de\/josh-smith-gestaltete-den-ringier-jahresbericht-2008\/"]}]},{"@type":"ImageObject","inLanguage":"de-DE","@id":"https:\/\/www.ringier.com\/de\/josh-smith-gestaltete-den-ringier-jahresbericht-2008\/#primaryimage","url":"https:\/\/www.ringier.com\/wp-content\/uploads\/2013\/03\/Press-Release-Default.png","contentUrl":"https:\/\/www.ringier.com\/wp-content\/uploads\/2013\/03\/Press-Release-Default.png","width":8001,"height":4201},{"@type":"BreadcrumbList","@id":"https:\/\/www.ringier.com\/de\/josh-smith-gestaltete-den-ringier-jahresbericht-2008\/#breadcrumb","itemListElement":[{"@type":"ListItem","position":1,"name":"Home","item":"https:\/\/www.ringier.com\/de\/"},{"@type":"ListItem","position":2,"name":"Josh Smith gestaltete den Ringier Jahresbericht 2008"}]},{"@type":"WebSite","@id":"https:\/\/www.ringier.com\/de\/#website","url":"https:\/\/www.ringier.com\/de\/","name":"Ringier","description":"We inform. We entertain. We connect","publisher":{"@id":"https:\/\/www.ringier.com\/de\/#organization"},"potentialAction":[{"@type":"SearchAction","target":{"@type":"EntryPoint","urlTemplate":"https:\/\/www.ringier.com\/de\/?s={search_term_string}"},"query-input":{"@type":"PropertyValueSpecification","valueRequired":true,"valueName":"search_term_string"}}],"inLanguage":"de-DE"},{"@type":"Organization","@id":"https:\/\/www.ringier.com\/de\/#organization","name":"Ringier","url":"https:\/\/www.ringier.com\/de\/","logo":{"@type":"ImageObject","inLanguage":"de-DE","@id":"https:\/\/www.ringier.com\/de\/#\/schema\/logo\/image\/","url":"https:\/\/www.ringier.com\/wp-content\/uploads\/2021\/10\/ringier_logo_2.jpg","contentUrl":"https:\/\/www.ringier.com\/wp-content\/uploads\/2021\/10\/ringier_logo_2.jpg","width":750,"height":550,"caption":"Ringier"},"image":{"@id":"https:\/\/www.ringier.com\/de\/#\/schema\/logo\/image\/"},"sameAs":["https:\/\/www.facebook.com\/ringierag\/","https:\/\/x.com\/ringier_ag","https:\/\/www.instagram.com\/ringier_ag\/","https:\/\/www.linkedin.com\/company\/ringier\/","https:\/\/www.youtube.com\/user\/RingierComm","https:\/\/en.wikipedia.org\/wiki\/Ringier","https:\/\/de.wikipedia.org\/wiki\/Ringier","https:\/\/fr.wikipedia.org\/wiki\/Ringier","https:\/\/www.crunchbase.com\/organization\/ringier-ag"]},{"@type":"Person","@id":"https:\/\/www.ringier.com\/de\/#\/schema\/person\/4cf76a308dc4b2bb5121bd1e7b752e52","name":"Ringier Corporate Communications","image":{"@type":"ImageObject","inLanguage":"de-DE","@id":"https:\/\/www.ringier.com\/de\/#\/schema\/person\/image\/","url":"https:\/\/secure.gravatar.com\/avatar\/9391e20481368d5df4fe3e1e476c13b27786347489822ec1ed07e532bb41f587?s=96&d=mm&r=g","contentUrl":"https:\/\/secure.gravatar.com\/avatar\/9391e20481368d5df4fe3e1e476c13b27786347489822ec1ed07e532bb41f587?s=96&d=mm&r=g","caption":"Ringier Corporate Communications"},"sameAs":["https:\/\/www.ringier.com"]}]}},"_links":{"self":[{"href":"https:\/\/www.ringier.com\/de\/wp-json\/wp\/v2\/posts\/8797","targetHints":{"allow":["GET"]}}],"collection":[{"href":"https:\/\/www.ringier.com\/de\/wp-json\/wp\/v2\/posts"}],"about":[{"href":"https:\/\/www.ringier.com\/de\/wp-json\/wp\/v2\/types\/post"}],"author":[{"embeddable":true,"href":"https:\/\/www.ringier.com\/de\/wp-json\/wp\/v2\/users\/23"}],"replies":[{"embeddable":true,"href":"https:\/\/www.ringier.com\/de\/wp-json\/wp\/v2\/comments?post=8797"}],"version-history":[{"count":0,"href":"https:\/\/www.ringier.com\/de\/wp-json\/wp\/v2\/posts\/8797\/revisions"}],"wp:featuredmedia":[{"embeddable":true,"href":"https:\/\/www.ringier.com\/de\/wp-json\/wp\/v2\/media\/5763"}],"wp:attachment":[{"href":"https:\/\/www.ringier.com\/de\/wp-json\/wp\/v2\/media?parent=8797"}],"wp:term":[{"taxonomy":"category","embeddable":true,"href":"https:\/\/www.ringier.com\/de\/wp-json\/wp\/v2\/categories?post=8797"},{"taxonomy":"post_tag","embeddable":true,"href":"https:\/\/www.ringier.com\/de\/wp-json\/wp\/v2\/tags?post=8797"}],"curies":[{"name":"wp","href":"https:\/\/api.w.org\/{rel}","templated":true}]}}