{"id":8767,"date":"2010-08-23T15:47:00","date_gmt":"2010-08-23T13:47:00","guid":{"rendered":"https:\/\/www.ringier.com\/rose-dor-comedy-night-with-international-stars\/"},"modified":"2021-09-27T15:57:02","modified_gmt":"2021-09-27T13:57:02","slug":"rose-dor-comedy-night-mit-internationalen-stars","status":"publish","type":"post","link":"https:\/\/www.ringier.com\/de\/rose-dor-comedy-night-mit-internationalen-stars\/","title":{"rendered":"Rose d&#8217;Or: Comedy Night mit internationalen Stars"},"content":{"rendered":"\n<p>Er freut sich auf das Rose d&#8217;Or Festival, der deutsche Comedy-Star Thomas Hermanns. \u00abVor allem auf den Kontakt mit den internationalen Humorfachkr\u00e4ften. Wir in Deutschland sind durch den starken und reichen Markt im Blick oft zu beschr\u00e4nkt auf die deutschen Sichtweisen und den deutschen Geschmack. Ein internationales Festival \u00f6ffnet uns immer wieder die Augen\u00bb, begr\u00fcndet Hermanns seine Vorfreude, nach Luzern zu reisen und dort die Comedy Night zu moderieren.\u00a0<\/p>\n\n\n\n<p>Hermanns Vorfreude ist berechtigt. F\u00fcr das Festival im Allgemeinen &#8211; und f\u00fcr die Comedy Night im Speziellen. Denn an der traditionellen Comedy Night am Dienstag, 21. September, werden auf der B\u00fchne des Zeugheer-Saals im Hotel Schweizerhof Luzern Comedians aus vier verschiedenen L\u00e4ndern auftreten: Schweiz, Australien, Deutschland und England.\u00a0<\/p>\n\n\n\n<p>F\u00fcr die Schweiz steht Michel Gammenthaler auf der B\u00fchne, der die Zuschauer im wahrsten Sinne des Wortes verzaubert und zum Lachen bringt. Der K\u00fcnstler verbindet bei seinen Auftritten Komik und Zauberei. Nicht ganz so einfach l\u00e4sst sich beschreiben, was der zweite K\u00fcnstler, Australier und Wahl-Schweizer, dem Publikum bietet. Denn Rob Spence ist Clown, Pantomime, Parodist, K\u00f6rperakrobat, Possenreisser und Stand-up Comedian in einer Person. Auf ganz andere Weise vielf\u00e4ltig ist das vielfach preisgekr\u00f6nte Musik- und Comedy-Duo Carrington-Brown aus England. Zusammen mit \u00abJoe\u00bb, dem Cello aus dem 18. Jahrhundert, parodieren Rebecca Carrington und Colin Brown so ziemlich jedes Genre &#8211; von Pop bis Oper, von Jazz bis Bollywood. Und der in England lebende deutsche Stand-up-Comedian Henning Wehn macht sich Klischee zu Nutze, die in England \u00fcber Deutsche herrschen, und ist politisch v\u00f6llig unkorrekt. Wehn ist regelm\u00e4ssig im britischen Comedy-Format \u00abFAQ U\u00bb auf Channel 4 zu Gast.\u00a0<\/p>\n\n\n\n<p>Mit diesen vier hochkar\u00e4tigen Acts und Thomas Hermanns als Moderator verspricht die Comedy Night des Rose d&#8217;Or Festivals eine unvergessliche Nacht zu werden, in der kein Auge trocken bleibt. Die Comedy Night ist \u00f6ffentlich. Tickets sind an der Abendkasse oder im Vorverkauf ab jetzt unter www.ticketcorner.ch erh\u00e4ltlich.\u00a0<\/p>\n\n\n\n<p><strong>Comedy Night\u00a0<\/strong><\/p>\n\n\n\n<p>Dienstag, 21. September 2010, 20 Uhr (T\u00fcr\u00f6ffnung: 19.30)<\/p>\n\n\n\n<p>Hotel Schweizerhof Luzern, Zeugheer Saal<\/p>\n\n\n\n<p>Ticketpreis: 40 Franken<\/p>\n\n\n\n<p>Abendkasse: ab 19 Uhr<\/p>\n\n\n\n<p>Vorverkauf: www.ticketcorner.ch\u00a0<\/p>\n\n\n\n<p><\/p>\n\n\n\n<p><strong>Michel Gammenthaler<\/strong><\/p>\n\n\n\n<p>Der K\u00fcnstler Michel Gammenthaler steht seit \u00fcber zehn Jahren auf Schweizer B\u00fchnen. Was mit einer fast schon manischen Liebe zur Zauberei angefangen hat, vermischte sich mit der Zeit mit Schauspiel und einer ganz eigenen Art der Stand-Up-Comedy. Sein Stil l\u00e4sst sich inzwischen mit einem Wort beschreiben: Gammenthaler. Er ist als bisher einziger Schweizer mit dem \u00abSchneestern\u00bb des Humor- Festivals Arosa ausgezeichnet worden. 2004 erh\u00e4lt er den \u00abZentraleurop\u00e4ischen Kleinkunstpreis\u00bb. 2009 gewinnt er am nationalen Kongress des Magischen Ringes Schweiz den Publikumspreis \u00abBaden Magisch\u00bb. 2010 wird er mit dem renommierten Kabarettpreis \u00abSalzburger Stier\u00bb geehrt.\u00a0<\/p>\n\n\n\n<p><strong>Rob Spence<\/strong><\/p>\n\n\n\n<p>Seit bereits 25 Jahren bringt Rob Spence die Leute zum Lachen. Er ist Clown, Pantomime, Parodist, K\u00f6rperakrobat, Possenreisser und Stand-up Comedian in einer Person. Rob Spence verbiegt seinen K\u00f6rper, bis man seekrank wird. Mit seinem K\u00f6rper als Zeichenstift karikiert er italienische Machos, tanzt den Travolta, dass die Kids ohnm\u00e4chtig werden, zeigt Dirty Dancer und als todesk\u00fchner Matador k\u00e4mpft er gegen ein blutr\u00fcnstiges Schaf. Er marschiert den Moonwalk, als h\u00e4tte Michael Jackson Sieben-Meilen-Stiefel angehabt, und braust auf der B\u00fchne mit 200 Sachen auf der Harley umher. Alles echt, ohne Spiegel und ohne doppelten Boden.\u00a0<\/p>\n\n\n\n<p><strong>Carrington-Brown\u00a0<\/strong><\/p>\n\n\n\n<p>Das vielfach preisgekr\u00f6nte Musik- und Comedy-Duo Carrington-Brown ist wohl eines der ungew\u00f6hnlichsten Paare der Welt. Zusammen mit \u00abJoe\u00bb, Rebecca Carringtons Cello aus dem 18. Jahrhundert, parodieren sie so ziemlich jedes Genre &#8211; von Pop bis Oper, von Jazz bis Bollywood. Sowohl durch weltweite Live- als auch durch Radio- und TV-Auftritte haben sie sich in k\u00fcrzester Zeit international einen hervorragenden Ruf in der Comedy- und Kabarett-Szene erworben.\u00a0<\/p>\n\n\n\n<p><strong>Henning Wehn<\/strong><\/p>\n\n\n\n<p>Engl\u00e4nder erz\u00e4hlen gern diesen Witz: \u00abWas ist das kleinste Buch der Welt?\u00bb Antwort: \u00abDie Geschichte des deutschen Humors.\u00bb Deutsche haben keinen Humor, meinen die Engl\u00e4nder. \u00dcber den Stand-up-Komiker Henning Wehn aus Hagen lachen sie trotzdem &#8211; denn er hat sich dieses Klischee zu Nutze gemacht und ist politisch v\u00f6llig unkorrekt. Wehn nennt sich \u00abGerman Comedy Ambassador\u00bb, der deutsche Comedy-Botschafter. Und damit erweist er dem Image der Deutschen wom\u00f6glich einen gr\u00f6sseren Dienst als mancher Diplomat.<\/p>\n","protected":false},"excerpt":{"rendered":"<p>Luzern<\/p>\n<p>Dass Michel Gammenthaler, Rob Spence, Carrington &#038; Brown und Henning Wehn an der Comedy Night des 50. Rose d&#8217;Or Festivals alle auf der B\u00fchne stehen, verheisst in erster Linie eins: es wird eine anstrengende Nacht f\u00fcr die Lachmuskeln werden. Tickets f\u00fcr den traditionellen Unterhaltungsabend am Dienstag, 21. September, sind ab jetzt erh\u00e4ltlich.<\/p>\n","protected":false},"author":23,"featured_media":5763,"comment_status":"closed","ping_status":"open","sticky":false,"template":"","format":"standard","meta":{"inline_featured_image":false,"footnotes":""},"categories":[376,371],"tags":[],"class_list":["post-8767","post","type-post","status-publish","format-standard","has-post-thumbnail","hentry","category-marketplaces-de","category-media-de"],"yoast_head":"<!-- This site is optimized with the Yoast SEO Premium plugin v27.0 (Yoast SEO v27.0) - https:\/\/yoast.com\/product\/yoast-seo-premium-wordpress\/ -->\n<title>Rose d&#039;Or: Comedy Night mit internationalen Stars - Ringier<\/title>\n<meta name=\"robots\" content=\"index, follow, max-snippet:-1, max-image-preview:large, max-video-preview:-1\" \/>\n<link rel=\"canonical\" href=\"https:\/\/www.ringier.com\/de\/rose-dor-comedy-night-mit-internationalen-stars\/\" \/>\n<meta property=\"og:locale\" content=\"de_DE\" \/>\n<meta property=\"og:type\" content=\"article\" \/>\n<meta property=\"og:title\" content=\"Rose d&#039;Or: Comedy Night mit internationalen Stars\" \/>\n<meta property=\"og:description\" content=\"Luzern Dass Michel Gammenthaler, Rob Spence, Carrington &amp; Brown und Henning Wehn an der Comedy Night des 50. Rose d&#039;Or Festivals alle auf der B\u00fchne stehen, verheisst in erster Linie eins: es wird eine anstrengende Nacht f\u00fcr die Lachmuskeln werden. Tickets f\u00fcr den traditionellen Unterhaltungsabend am Dienstag, 21. September, sind ab jetzt erh\u00e4ltlich.\" \/>\n<meta property=\"og:url\" content=\"https:\/\/www.ringier.com\/de\/rose-dor-comedy-night-mit-internationalen-stars\/\" \/>\n<meta property=\"og:site_name\" content=\"Ringier\" \/>\n<meta property=\"article:publisher\" content=\"https:\/\/www.facebook.com\/ringierag\/\" \/>\n<meta property=\"article:published_time\" content=\"2010-08-23T13:47:00+00:00\" \/>\n<meta property=\"article:modified_time\" content=\"2021-09-27T13:57:02+00:00\" \/>\n<meta property=\"og:image\" content=\"https:\/\/www.ringier.com\/wp-content\/uploads\/2013\/03\/Press-Release-Default-1024x538.png\" \/>\n\t<meta property=\"og:image:width\" content=\"1024\" \/>\n\t<meta property=\"og:image:height\" content=\"538\" \/>\n\t<meta property=\"og:image:type\" content=\"image\/png\" \/>\n<meta name=\"author\" content=\"Ringier Corporate Communications\" \/>\n<meta name=\"twitter:card\" content=\"summary_large_image\" \/>\n<meta name=\"twitter:creator\" content=\"@ringier_ag\" \/>\n<meta name=\"twitter:site\" content=\"@ringier_ag\" \/>\n<meta name=\"twitter:label1\" content=\"Verfasst von\" \/>\n\t<meta name=\"twitter:data1\" content=\"Ringier Corporate Communications\" \/>\n\t<meta name=\"twitter:label2\" content=\"Gesch\u00e4tzte Lesezeit\" \/>\n\t<meta name=\"twitter:data2\" content=\"3 Minuten\" \/>\n<script type=\"application\/ld+json\" class=\"yoast-schema-graph\">{\"@context\":\"https:\/\/schema.org\",\"@graph\":[{\"@type\":\"Article\",\"@id\":\"https:\/\/www.ringier.com\/de\/rose-dor-comedy-night-mit-internationalen-stars\/#article\",\"isPartOf\":{\"@id\":\"https:\/\/www.ringier.com\/de\/rose-dor-comedy-night-mit-internationalen-stars\/\"},\"author\":{\"name\":\"Ringier Corporate Communications\",\"@id\":\"https:\/\/www.ringier.com\/de\/#\/schema\/person\/4cf76a308dc4b2bb5121bd1e7b752e52\"},\"headline\":\"Rose d&#8217;Or: Comedy Night mit internationalen Stars\",\"datePublished\":\"2010-08-23T13:47:00+00:00\",\"dateModified\":\"2021-09-27T13:57:02+00:00\",\"mainEntityOfPage\":{\"@id\":\"https:\/\/www.ringier.com\/de\/rose-dor-comedy-night-mit-internationalen-stars\/\"},\"wordCount\":707,\"publisher\":{\"@id\":\"https:\/\/www.ringier.com\/de\/#organization\"},\"image\":{\"@id\":\"https:\/\/www.ringier.com\/de\/rose-dor-comedy-night-mit-internationalen-stars\/#primaryimage\"},\"thumbnailUrl\":\"https:\/\/www.ringier.com\/wp-content\/uploads\/2013\/03\/Press-Release-Default.png\",\"articleSection\":[\"Marketplaces\",\"Media\"],\"inLanguage\":\"de-DE\"},{\"@type\":\"WebPage\",\"@id\":\"https:\/\/www.ringier.com\/de\/rose-dor-comedy-night-mit-internationalen-stars\/\",\"url\":\"https:\/\/www.ringier.com\/de\/rose-dor-comedy-night-mit-internationalen-stars\/\",\"name\":\"Rose d'Or: Comedy Night mit internationalen Stars - Ringier\",\"isPartOf\":{\"@id\":\"https:\/\/www.ringier.com\/de\/#website\"},\"primaryImageOfPage\":{\"@id\":\"https:\/\/www.ringier.com\/de\/rose-dor-comedy-night-mit-internationalen-stars\/#primaryimage\"},\"image\":{\"@id\":\"https:\/\/www.ringier.com\/de\/rose-dor-comedy-night-mit-internationalen-stars\/#primaryimage\"},\"thumbnailUrl\":\"https:\/\/www.ringier.com\/wp-content\/uploads\/2013\/03\/Press-Release-Default.png\",\"datePublished\":\"2010-08-23T13:47:00+00:00\",\"dateModified\":\"2021-09-27T13:57:02+00:00\",\"breadcrumb\":{\"@id\":\"https:\/\/www.ringier.com\/de\/rose-dor-comedy-night-mit-internationalen-stars\/#breadcrumb\"},\"inLanguage\":\"de-DE\",\"potentialAction\":[{\"@type\":\"ReadAction\",\"target\":[\"https:\/\/www.ringier.com\/de\/rose-dor-comedy-night-mit-internationalen-stars\/\"]}]},{\"@type\":\"ImageObject\",\"inLanguage\":\"de-DE\",\"@id\":\"https:\/\/www.ringier.com\/de\/rose-dor-comedy-night-mit-internationalen-stars\/#primaryimage\",\"url\":\"https:\/\/www.ringier.com\/wp-content\/uploads\/2013\/03\/Press-Release-Default.png\",\"contentUrl\":\"https:\/\/www.ringier.com\/wp-content\/uploads\/2013\/03\/Press-Release-Default.png\",\"width\":8001,\"height\":4201},{\"@type\":\"BreadcrumbList\",\"@id\":\"https:\/\/www.ringier.com\/de\/rose-dor-comedy-night-mit-internationalen-stars\/#breadcrumb\",\"itemListElement\":[{\"@type\":\"ListItem\",\"position\":1,\"name\":\"Home\",\"item\":\"https:\/\/www.ringier.com\/de\/\"},{\"@type\":\"ListItem\",\"position\":2,\"name\":\"Rose d&#8217;Or: Comedy Night mit internationalen Stars\"}]},{\"@type\":\"WebSite\",\"@id\":\"https:\/\/www.ringier.com\/de\/#website\",\"url\":\"https:\/\/www.ringier.com\/de\/\",\"name\":\"Ringier\",\"description\":\"We inform. We entertain. We connect\",\"publisher\":{\"@id\":\"https:\/\/www.ringier.com\/de\/#organization\"},\"potentialAction\":[{\"@type\":\"SearchAction\",\"target\":{\"@type\":\"EntryPoint\",\"urlTemplate\":\"https:\/\/www.ringier.com\/de\/?s={search_term_string}\"},\"query-input\":{\"@type\":\"PropertyValueSpecification\",\"valueRequired\":true,\"valueName\":\"search_term_string\"}}],\"inLanguage\":\"de-DE\"},{\"@type\":\"Organization\",\"@id\":\"https:\/\/www.ringier.com\/de\/#organization\",\"name\":\"Ringier\",\"url\":\"https:\/\/www.ringier.com\/de\/\",\"logo\":{\"@type\":\"ImageObject\",\"inLanguage\":\"de-DE\",\"@id\":\"https:\/\/www.ringier.com\/de\/#\/schema\/logo\/image\/\",\"url\":\"https:\/\/www.ringier.com\/wp-content\/uploads\/2021\/10\/ringier_logo_2.jpg\",\"contentUrl\":\"https:\/\/www.ringier.com\/wp-content\/uploads\/2021\/10\/ringier_logo_2.jpg\",\"width\":750,\"height\":550,\"caption\":\"Ringier\"},\"image\":{\"@id\":\"https:\/\/www.ringier.com\/de\/#\/schema\/logo\/image\/\"},\"sameAs\":[\"https:\/\/www.facebook.com\/ringierag\/\",\"https:\/\/x.com\/ringier_ag\",\"https:\/\/www.instagram.com\/ringier_ag\/\",\"https:\/\/www.linkedin.com\/company\/ringier\/\",\"https:\/\/www.youtube.com\/user\/RingierComm\",\"https:\/\/en.wikipedia.org\/wiki\/Ringier\",\"https:\/\/de.wikipedia.org\/wiki\/Ringier\",\"https:\/\/fr.wikipedia.org\/wiki\/Ringier\",\"https:\/\/www.crunchbase.com\/organization\/ringier-ag\"]},{\"@type\":\"Person\",\"@id\":\"https:\/\/www.ringier.com\/de\/#\/schema\/person\/4cf76a308dc4b2bb5121bd1e7b752e52\",\"name\":\"Ringier Corporate Communications\",\"image\":{\"@type\":\"ImageObject\",\"inLanguage\":\"de-DE\",\"@id\":\"https:\/\/www.ringier.com\/de\/#\/schema\/person\/image\/\",\"url\":\"https:\/\/secure.gravatar.com\/avatar\/9391e20481368d5df4fe3e1e476c13b27786347489822ec1ed07e532bb41f587?s=96&d=mm&r=g\",\"contentUrl\":\"https:\/\/secure.gravatar.com\/avatar\/9391e20481368d5df4fe3e1e476c13b27786347489822ec1ed07e532bb41f587?s=96&d=mm&r=g\",\"caption\":\"Ringier Corporate Communications\"},\"sameAs\":[\"https:\/\/www.ringier.com\"]}]}<\/script>\n<!-- \/ Yoast SEO Premium plugin. -->","yoast_head_json":{"title":"Rose d'Or: Comedy Night mit internationalen Stars - Ringier","robots":{"index":"index","follow":"follow","max-snippet":"max-snippet:-1","max-image-preview":"max-image-preview:large","max-video-preview":"max-video-preview:-1"},"canonical":"https:\/\/www.ringier.com\/de\/rose-dor-comedy-night-mit-internationalen-stars\/","og_locale":"de_DE","og_type":"article","og_title":"Rose d'Or: Comedy Night mit internationalen Stars","og_description":"Luzern Dass Michel Gammenthaler, Rob Spence, Carrington & Brown und Henning Wehn an der Comedy Night des 50. Rose d'Or Festivals alle auf der B\u00fchne stehen, verheisst in erster Linie eins: es wird eine anstrengende Nacht f\u00fcr die Lachmuskeln werden. Tickets f\u00fcr den traditionellen Unterhaltungsabend am Dienstag, 21. September, sind ab jetzt erh\u00e4ltlich.","og_url":"https:\/\/www.ringier.com\/de\/rose-dor-comedy-night-mit-internationalen-stars\/","og_site_name":"Ringier","article_publisher":"https:\/\/www.facebook.com\/ringierag\/","article_published_time":"2010-08-23T13:47:00+00:00","article_modified_time":"2021-09-27T13:57:02+00:00","og_image":[{"width":1024,"height":538,"url":"https:\/\/www.ringier.com\/wp-content\/uploads\/2013\/03\/Press-Release-Default-1024x538.png","type":"image\/png"}],"author":"Ringier Corporate Communications","twitter_card":"summary_large_image","twitter_creator":"@ringier_ag","twitter_site":"@ringier_ag","twitter_misc":{"Verfasst von":"Ringier Corporate Communications","Gesch\u00e4tzte Lesezeit":"3 Minuten"},"schema":{"@context":"https:\/\/schema.org","@graph":[{"@type":"Article","@id":"https:\/\/www.ringier.com\/de\/rose-dor-comedy-night-mit-internationalen-stars\/#article","isPartOf":{"@id":"https:\/\/www.ringier.com\/de\/rose-dor-comedy-night-mit-internationalen-stars\/"},"author":{"name":"Ringier Corporate Communications","@id":"https:\/\/www.ringier.com\/de\/#\/schema\/person\/4cf76a308dc4b2bb5121bd1e7b752e52"},"headline":"Rose d&#8217;Or: Comedy Night mit internationalen Stars","datePublished":"2010-08-23T13:47:00+00:00","dateModified":"2021-09-27T13:57:02+00:00","mainEntityOfPage":{"@id":"https:\/\/www.ringier.com\/de\/rose-dor-comedy-night-mit-internationalen-stars\/"},"wordCount":707,"publisher":{"@id":"https:\/\/www.ringier.com\/de\/#organization"},"image":{"@id":"https:\/\/www.ringier.com\/de\/rose-dor-comedy-night-mit-internationalen-stars\/#primaryimage"},"thumbnailUrl":"https:\/\/www.ringier.com\/wp-content\/uploads\/2013\/03\/Press-Release-Default.png","articleSection":["Marketplaces","Media"],"inLanguage":"de-DE"},{"@type":"WebPage","@id":"https:\/\/www.ringier.com\/de\/rose-dor-comedy-night-mit-internationalen-stars\/","url":"https:\/\/www.ringier.com\/de\/rose-dor-comedy-night-mit-internationalen-stars\/","name":"Rose d'Or: Comedy Night mit internationalen Stars - Ringier","isPartOf":{"@id":"https:\/\/www.ringier.com\/de\/#website"},"primaryImageOfPage":{"@id":"https:\/\/www.ringier.com\/de\/rose-dor-comedy-night-mit-internationalen-stars\/#primaryimage"},"image":{"@id":"https:\/\/www.ringier.com\/de\/rose-dor-comedy-night-mit-internationalen-stars\/#primaryimage"},"thumbnailUrl":"https:\/\/www.ringier.com\/wp-content\/uploads\/2013\/03\/Press-Release-Default.png","datePublished":"2010-08-23T13:47:00+00:00","dateModified":"2021-09-27T13:57:02+00:00","breadcrumb":{"@id":"https:\/\/www.ringier.com\/de\/rose-dor-comedy-night-mit-internationalen-stars\/#breadcrumb"},"inLanguage":"de-DE","potentialAction":[{"@type":"ReadAction","target":["https:\/\/www.ringier.com\/de\/rose-dor-comedy-night-mit-internationalen-stars\/"]}]},{"@type":"ImageObject","inLanguage":"de-DE","@id":"https:\/\/www.ringier.com\/de\/rose-dor-comedy-night-mit-internationalen-stars\/#primaryimage","url":"https:\/\/www.ringier.com\/wp-content\/uploads\/2013\/03\/Press-Release-Default.png","contentUrl":"https:\/\/www.ringier.com\/wp-content\/uploads\/2013\/03\/Press-Release-Default.png","width":8001,"height":4201},{"@type":"BreadcrumbList","@id":"https:\/\/www.ringier.com\/de\/rose-dor-comedy-night-mit-internationalen-stars\/#breadcrumb","itemListElement":[{"@type":"ListItem","position":1,"name":"Home","item":"https:\/\/www.ringier.com\/de\/"},{"@type":"ListItem","position":2,"name":"Rose d&#8217;Or: Comedy Night mit internationalen Stars"}]},{"@type":"WebSite","@id":"https:\/\/www.ringier.com\/de\/#website","url":"https:\/\/www.ringier.com\/de\/","name":"Ringier","description":"We inform. We entertain. We connect","publisher":{"@id":"https:\/\/www.ringier.com\/de\/#organization"},"potentialAction":[{"@type":"SearchAction","target":{"@type":"EntryPoint","urlTemplate":"https:\/\/www.ringier.com\/de\/?s={search_term_string}"},"query-input":{"@type":"PropertyValueSpecification","valueRequired":true,"valueName":"search_term_string"}}],"inLanguage":"de-DE"},{"@type":"Organization","@id":"https:\/\/www.ringier.com\/de\/#organization","name":"Ringier","url":"https:\/\/www.ringier.com\/de\/","logo":{"@type":"ImageObject","inLanguage":"de-DE","@id":"https:\/\/www.ringier.com\/de\/#\/schema\/logo\/image\/","url":"https:\/\/www.ringier.com\/wp-content\/uploads\/2021\/10\/ringier_logo_2.jpg","contentUrl":"https:\/\/www.ringier.com\/wp-content\/uploads\/2021\/10\/ringier_logo_2.jpg","width":750,"height":550,"caption":"Ringier"},"image":{"@id":"https:\/\/www.ringier.com\/de\/#\/schema\/logo\/image\/"},"sameAs":["https:\/\/www.facebook.com\/ringierag\/","https:\/\/x.com\/ringier_ag","https:\/\/www.instagram.com\/ringier_ag\/","https:\/\/www.linkedin.com\/company\/ringier\/","https:\/\/www.youtube.com\/user\/RingierComm","https:\/\/en.wikipedia.org\/wiki\/Ringier","https:\/\/de.wikipedia.org\/wiki\/Ringier","https:\/\/fr.wikipedia.org\/wiki\/Ringier","https:\/\/www.crunchbase.com\/organization\/ringier-ag"]},{"@type":"Person","@id":"https:\/\/www.ringier.com\/de\/#\/schema\/person\/4cf76a308dc4b2bb5121bd1e7b752e52","name":"Ringier Corporate Communications","image":{"@type":"ImageObject","inLanguage":"de-DE","@id":"https:\/\/www.ringier.com\/de\/#\/schema\/person\/image\/","url":"https:\/\/secure.gravatar.com\/avatar\/9391e20481368d5df4fe3e1e476c13b27786347489822ec1ed07e532bb41f587?s=96&d=mm&r=g","contentUrl":"https:\/\/secure.gravatar.com\/avatar\/9391e20481368d5df4fe3e1e476c13b27786347489822ec1ed07e532bb41f587?s=96&d=mm&r=g","caption":"Ringier Corporate Communications"},"sameAs":["https:\/\/www.ringier.com"]}]}},"_links":{"self":[{"href":"https:\/\/www.ringier.com\/de\/wp-json\/wp\/v2\/posts\/8767","targetHints":{"allow":["GET"]}}],"collection":[{"href":"https:\/\/www.ringier.com\/de\/wp-json\/wp\/v2\/posts"}],"about":[{"href":"https:\/\/www.ringier.com\/de\/wp-json\/wp\/v2\/types\/post"}],"author":[{"embeddable":true,"href":"https:\/\/www.ringier.com\/de\/wp-json\/wp\/v2\/users\/23"}],"replies":[{"embeddable":true,"href":"https:\/\/www.ringier.com\/de\/wp-json\/wp\/v2\/comments?post=8767"}],"version-history":[{"count":0,"href":"https:\/\/www.ringier.com\/de\/wp-json\/wp\/v2\/posts\/8767\/revisions"}],"wp:featuredmedia":[{"embeddable":true,"href":"https:\/\/www.ringier.com\/de\/wp-json\/wp\/v2\/media\/5763"}],"wp:attachment":[{"href":"https:\/\/www.ringier.com\/de\/wp-json\/wp\/v2\/media?parent=8767"}],"wp:term":[{"taxonomy":"category","embeddable":true,"href":"https:\/\/www.ringier.com\/de\/wp-json\/wp\/v2\/categories?post=8767"},{"taxonomy":"post_tag","embeddable":true,"href":"https:\/\/www.ringier.com\/de\/wp-json\/wp\/v2\/tags?post=8767"}],"curies":[{"name":"wp","href":"https:\/\/api.w.org\/{rel}","templated":true}]}}