{"id":8755,"date":"2017-02-09T14:49:00","date_gmt":"2017-02-09T13:49:00","guid":{"rendered":"https:\/\/www.ringier.com\/?p=8755"},"modified":"2024-11-22T13:49:52","modified_gmt":"2024-11-22T12:49:52","slug":"ringier-startet-zusammenarbeit-mit-der-srg-ssr-im-bereich-video","status":"publish","type":"post","link":"https:\/\/www.ringier.com\/de\/ringier-startet-zusammenarbeit-mit-der-srg-ssr-im-bereich-video\/","title":{"rendered":"Ringier startet Zusammenarbeit mit der SRG SSR im Bereich Video"},"content":{"rendered":"\n<p>In der Testphase bis Ende M\u00e4rz 2017 stellt die SRG-Unternehmenseinheit SRF Ringier bis zu acht Videos pro Tag f\u00fcr alle digitalen Kan\u00e4le zur Verf\u00fcgung. Es handelt sich dabei um Videos zu tagesaktuellen In- und Auslandsthemen, die entsprechend der Corporate Identity der verschiedenen Kan\u00e4le produziert werden. Zurzeit kommen die Videos auf&nbsp;<em><a href=\"http:\/\/www.blick.ch\/\">Blick.ch<\/a><\/em>,&nbsp;<em><a href=\"http:\/\/www.blickamabend.ch\/\">Blickamabend.ch<\/a><\/em>,&nbsp;<em><a href=\"http:\/\/www.energy.ch\/\">Energy.ch<\/a><\/em>&nbsp;und den entsprechenden Social-Media-Kan\u00e4len zum Einsatz.<\/p>\n\n\n\n<p>Video ist bereits jetzt ein Erfolg f\u00fcr die&nbsp;<em>Blick<\/em>-Gruppe: Allein in den vergangenen beiden Jahren steigerte die&nbsp;<em>Blick<\/em>-Gruppe die Video-Views von j\u00e4hrlich 60 auf \u00fcber 340 Millionen in 2016.<\/p>\n\n\n\n<p>Ringier erhofft sich durch die Zusammenarbeit mit der SRG eine quantitative Aufwertung des Angebots, wie Sebastian Pfotenhauer, Head of Video der&nbsp;<em>Blick<\/em>-Gruppe, erkl\u00e4rt: \u00abWir sind immer auf der Suche nach guten Videoinhalten, die auch auf Social-Media-Kan\u00e4len funktionieren. Dar\u00fcber hinaus f\u00fcllt das SRF mit seinen Beitr\u00e4gen eine L\u00fccke, denn das Angebot an Agenturvideos mit Schweizer Themen beziehungsweise Schweizer Fokus ist immer noch sehr bescheiden.\u00bb<\/p>\n\n\n\n<p>Ringier AG, Corporate Communications&nbsp;<\/p>\n","protected":false},"excerpt":{"rendered":"<p>Ringier und das Schweizer Radio und Fernsehen (SRF) starten per sofort testweise eine Zusammenarbeit im Bereich tagesaktueller Videoinhalte. Dabei werden Nachrichtenvideos des SRF auf den Ringier-Plattformen integriert und tragen so dem st\u00e4ndig wachsenden Nutzerbed\u00fcrfnis an Videoinhalten Rechnung.<\/p>\n","protected":false},"author":23,"featured_media":6232,"comment_status":"closed","ping_status":"open","sticky":false,"template":"","format":"standard","meta":{"inline_featured_image":false,"footnotes":""},"categories":[371,361],"tags":[],"class_list":["post-8755","post","type-post","status-publish","format-standard","has-post-thumbnail","hentry","category-media-de","category-ringier-medien-schweiz"],"yoast_head":"<!-- This site is optimized with the Yoast SEO Premium plugin v27.0 (Yoast SEO v27.0) - https:\/\/yoast.com\/product\/yoast-seo-premium-wordpress\/ -->\n<title>Ringier startet Zusammenarbeit mit der SRG SSR im Bereich Video - Ringier<\/title>\n<meta name=\"robots\" content=\"index, follow, max-snippet:-1, max-image-preview:large, max-video-preview:-1\" \/>\n<link rel=\"canonical\" href=\"https:\/\/www.ringier.com\/de\/ringier-startet-zusammenarbeit-mit-der-srg-ssr-im-bereich-video\/\" \/>\n<meta property=\"og:locale\" content=\"de_DE\" \/>\n<meta property=\"og:type\" content=\"article\" \/>\n<meta property=\"og:title\" content=\"Ringier startet Zusammenarbeit mit der SRG SSR im Bereich Video\" \/>\n<meta property=\"og:description\" content=\"Ringier und das Schweizer Radio und Fernsehen (SRF) starten per sofort testweise eine Zusammenarbeit im Bereich tagesaktueller Videoinhalte. Dabei werden Nachrichtenvideos des SRF auf den Ringier-Plattformen integriert und tragen so dem st\u00e4ndig wachsenden Nutzerbed\u00fcrfnis an Videoinhalten Rechnung.\" \/>\n<meta property=\"og:url\" content=\"https:\/\/www.ringier.com\/de\/ringier-startet-zusammenarbeit-mit-der-srg-ssr-im-bereich-video\/\" \/>\n<meta property=\"og:site_name\" content=\"Ringier\" \/>\n<meta property=\"article:publisher\" content=\"https:\/\/www.facebook.com\/ringierag\/\" \/>\n<meta property=\"article:published_time\" content=\"2017-02-09T13:49:00+00:00\" \/>\n<meta property=\"article:modified_time\" content=\"2024-11-22T12:49:52+00:00\" \/>\n<meta property=\"og:image\" content=\"https:\/\/www.ringier.com\/wp-content\/uploads\/2021\/09\/Press-Release-Default.png\" \/>\n\t<meta property=\"og:image:width\" content=\"8001\" \/>\n\t<meta property=\"og:image:height\" content=\"4201\" \/>\n\t<meta property=\"og:image:type\" content=\"image\/png\" \/>\n<meta name=\"author\" content=\"Ringier Corporate Communications\" \/>\n<meta name=\"twitter:card\" content=\"summary_large_image\" \/>\n<meta name=\"twitter:creator\" content=\"@ringier_ag\" \/>\n<meta name=\"twitter:site\" content=\"@ringier_ag\" \/>\n<meta name=\"twitter:label1\" content=\"Verfasst von\" \/>\n\t<meta name=\"twitter:data1\" content=\"Ringier Corporate Communications\" \/>\n\t<meta name=\"twitter:label2\" content=\"Gesch\u00e4tzte Lesezeit\" \/>\n\t<meta name=\"twitter:data2\" content=\"2 Minuten\" \/>\n<script type=\"application\/ld+json\" class=\"yoast-schema-graph\">{\"@context\":\"https:\/\/schema.org\",\"@graph\":[{\"@type\":\"Article\",\"@id\":\"https:\/\/www.ringier.com\/de\/ringier-startet-zusammenarbeit-mit-der-srg-ssr-im-bereich-video\/#article\",\"isPartOf\":{\"@id\":\"https:\/\/www.ringier.com\/de\/ringier-startet-zusammenarbeit-mit-der-srg-ssr-im-bereich-video\/\"},\"author\":{\"name\":\"Ringier Corporate Communications\",\"@id\":\"https:\/\/www.ringier.com\/de\/#\/schema\/person\/4cf76a308dc4b2bb5121bd1e7b752e52\"},\"headline\":\"Ringier startet Zusammenarbeit mit der SRG SSR im Bereich Video\",\"datePublished\":\"2017-02-09T13:49:00+00:00\",\"dateModified\":\"2024-11-22T12:49:52+00:00\",\"mainEntityOfPage\":{\"@id\":\"https:\/\/www.ringier.com\/de\/ringier-startet-zusammenarbeit-mit-der-srg-ssr-im-bereich-video\/\"},\"wordCount\":186,\"publisher\":{\"@id\":\"https:\/\/www.ringier.com\/de\/#organization\"},\"image\":{\"@id\":\"https:\/\/www.ringier.com\/de\/ringier-startet-zusammenarbeit-mit-der-srg-ssr-im-bereich-video\/#primaryimage\"},\"thumbnailUrl\":\"https:\/\/www.ringier.com\/wp-content\/uploads\/2021\/09\/Press-Release-Default.png\",\"articleSection\":[\"Media\",\"Ringier Medien Schweiz\"],\"inLanguage\":\"de-DE\"},{\"@type\":\"WebPage\",\"@id\":\"https:\/\/www.ringier.com\/de\/ringier-startet-zusammenarbeit-mit-der-srg-ssr-im-bereich-video\/\",\"url\":\"https:\/\/www.ringier.com\/de\/ringier-startet-zusammenarbeit-mit-der-srg-ssr-im-bereich-video\/\",\"name\":\"Ringier startet Zusammenarbeit mit der SRG SSR im Bereich Video - Ringier\",\"isPartOf\":{\"@id\":\"https:\/\/www.ringier.com\/de\/#website\"},\"primaryImageOfPage\":{\"@id\":\"https:\/\/www.ringier.com\/de\/ringier-startet-zusammenarbeit-mit-der-srg-ssr-im-bereich-video\/#primaryimage\"},\"image\":{\"@id\":\"https:\/\/www.ringier.com\/de\/ringier-startet-zusammenarbeit-mit-der-srg-ssr-im-bereich-video\/#primaryimage\"},\"thumbnailUrl\":\"https:\/\/www.ringier.com\/wp-content\/uploads\/2021\/09\/Press-Release-Default.png\",\"datePublished\":\"2017-02-09T13:49:00+00:00\",\"dateModified\":\"2024-11-22T12:49:52+00:00\",\"breadcrumb\":{\"@id\":\"https:\/\/www.ringier.com\/de\/ringier-startet-zusammenarbeit-mit-der-srg-ssr-im-bereich-video\/#breadcrumb\"},\"inLanguage\":\"de-DE\",\"potentialAction\":[{\"@type\":\"ReadAction\",\"target\":[\"https:\/\/www.ringier.com\/de\/ringier-startet-zusammenarbeit-mit-der-srg-ssr-im-bereich-video\/\"]}]},{\"@type\":\"ImageObject\",\"inLanguage\":\"de-DE\",\"@id\":\"https:\/\/www.ringier.com\/de\/ringier-startet-zusammenarbeit-mit-der-srg-ssr-im-bereich-video\/#primaryimage\",\"url\":\"https:\/\/www.ringier.com\/wp-content\/uploads\/2021\/09\/Press-Release-Default.png\",\"contentUrl\":\"https:\/\/www.ringier.com\/wp-content\/uploads\/2021\/09\/Press-Release-Default.png\",\"width\":8001,\"height\":4201},{\"@type\":\"BreadcrumbList\",\"@id\":\"https:\/\/www.ringier.com\/de\/ringier-startet-zusammenarbeit-mit-der-srg-ssr-im-bereich-video\/#breadcrumb\",\"itemListElement\":[{\"@type\":\"ListItem\",\"position\":1,\"name\":\"Home\",\"item\":\"https:\/\/www.ringier.com\/de\/\"},{\"@type\":\"ListItem\",\"position\":2,\"name\":\"Ringier startet Zusammenarbeit mit der SRG SSR im Bereich Video\"}]},{\"@type\":\"WebSite\",\"@id\":\"https:\/\/www.ringier.com\/de\/#website\",\"url\":\"https:\/\/www.ringier.com\/de\/\",\"name\":\"Ringier\",\"description\":\"We inform. We entertain. We connect\",\"publisher\":{\"@id\":\"https:\/\/www.ringier.com\/de\/#organization\"},\"potentialAction\":[{\"@type\":\"SearchAction\",\"target\":{\"@type\":\"EntryPoint\",\"urlTemplate\":\"https:\/\/www.ringier.com\/de\/?s={search_term_string}\"},\"query-input\":{\"@type\":\"PropertyValueSpecification\",\"valueRequired\":true,\"valueName\":\"search_term_string\"}}],\"inLanguage\":\"de-DE\"},{\"@type\":\"Organization\",\"@id\":\"https:\/\/www.ringier.com\/de\/#organization\",\"name\":\"Ringier\",\"url\":\"https:\/\/www.ringier.com\/de\/\",\"logo\":{\"@type\":\"ImageObject\",\"inLanguage\":\"de-DE\",\"@id\":\"https:\/\/www.ringier.com\/de\/#\/schema\/logo\/image\/\",\"url\":\"https:\/\/www.ringier.com\/wp-content\/uploads\/2021\/10\/ringier_logo_2.jpg\",\"contentUrl\":\"https:\/\/www.ringier.com\/wp-content\/uploads\/2021\/10\/ringier_logo_2.jpg\",\"width\":750,\"height\":550,\"caption\":\"Ringier\"},\"image\":{\"@id\":\"https:\/\/www.ringier.com\/de\/#\/schema\/logo\/image\/\"},\"sameAs\":[\"https:\/\/www.facebook.com\/ringierag\/\",\"https:\/\/x.com\/ringier_ag\",\"https:\/\/www.instagram.com\/ringier_ag\/\",\"https:\/\/www.linkedin.com\/company\/ringier\/\",\"https:\/\/www.youtube.com\/user\/RingierComm\",\"https:\/\/en.wikipedia.org\/wiki\/Ringier\",\"https:\/\/de.wikipedia.org\/wiki\/Ringier\",\"https:\/\/fr.wikipedia.org\/wiki\/Ringier\",\"https:\/\/www.crunchbase.com\/organization\/ringier-ag\"]},{\"@type\":\"Person\",\"@id\":\"https:\/\/www.ringier.com\/de\/#\/schema\/person\/4cf76a308dc4b2bb5121bd1e7b752e52\",\"name\":\"Ringier Corporate Communications\",\"image\":{\"@type\":\"ImageObject\",\"inLanguage\":\"de-DE\",\"@id\":\"https:\/\/www.ringier.com\/de\/#\/schema\/person\/image\/\",\"url\":\"https:\/\/secure.gravatar.com\/avatar\/9391e20481368d5df4fe3e1e476c13b27786347489822ec1ed07e532bb41f587?s=96&d=mm&r=g\",\"contentUrl\":\"https:\/\/secure.gravatar.com\/avatar\/9391e20481368d5df4fe3e1e476c13b27786347489822ec1ed07e532bb41f587?s=96&d=mm&r=g\",\"caption\":\"Ringier Corporate Communications\"},\"sameAs\":[\"https:\/\/www.ringier.com\"]}]}<\/script>\n<!-- \/ Yoast SEO Premium plugin. -->","yoast_head_json":{"title":"Ringier startet Zusammenarbeit mit der SRG SSR im Bereich Video - Ringier","robots":{"index":"index","follow":"follow","max-snippet":"max-snippet:-1","max-image-preview":"max-image-preview:large","max-video-preview":"max-video-preview:-1"},"canonical":"https:\/\/www.ringier.com\/de\/ringier-startet-zusammenarbeit-mit-der-srg-ssr-im-bereich-video\/","og_locale":"de_DE","og_type":"article","og_title":"Ringier startet Zusammenarbeit mit der SRG SSR im Bereich Video","og_description":"Ringier und das Schweizer Radio und Fernsehen (SRF) starten per sofort testweise eine Zusammenarbeit im Bereich tagesaktueller Videoinhalte. Dabei werden Nachrichtenvideos des SRF auf den Ringier-Plattformen integriert und tragen so dem st\u00e4ndig wachsenden Nutzerbed\u00fcrfnis an Videoinhalten Rechnung.","og_url":"https:\/\/www.ringier.com\/de\/ringier-startet-zusammenarbeit-mit-der-srg-ssr-im-bereich-video\/","og_site_name":"Ringier","article_publisher":"https:\/\/www.facebook.com\/ringierag\/","article_published_time":"2017-02-09T13:49:00+00:00","article_modified_time":"2024-11-22T12:49:52+00:00","og_image":[{"width":8001,"height":4201,"url":"https:\/\/www.ringier.com\/wp-content\/uploads\/2021\/09\/Press-Release-Default.png","type":"image\/png"}],"author":"Ringier Corporate Communications","twitter_card":"summary_large_image","twitter_creator":"@ringier_ag","twitter_site":"@ringier_ag","twitter_misc":{"Verfasst von":"Ringier Corporate Communications","Gesch\u00e4tzte Lesezeit":"2 Minuten"},"schema":{"@context":"https:\/\/schema.org","@graph":[{"@type":"Article","@id":"https:\/\/www.ringier.com\/de\/ringier-startet-zusammenarbeit-mit-der-srg-ssr-im-bereich-video\/#article","isPartOf":{"@id":"https:\/\/www.ringier.com\/de\/ringier-startet-zusammenarbeit-mit-der-srg-ssr-im-bereich-video\/"},"author":{"name":"Ringier Corporate Communications","@id":"https:\/\/www.ringier.com\/de\/#\/schema\/person\/4cf76a308dc4b2bb5121bd1e7b752e52"},"headline":"Ringier startet Zusammenarbeit mit der SRG SSR im Bereich Video","datePublished":"2017-02-09T13:49:00+00:00","dateModified":"2024-11-22T12:49:52+00:00","mainEntityOfPage":{"@id":"https:\/\/www.ringier.com\/de\/ringier-startet-zusammenarbeit-mit-der-srg-ssr-im-bereich-video\/"},"wordCount":186,"publisher":{"@id":"https:\/\/www.ringier.com\/de\/#organization"},"image":{"@id":"https:\/\/www.ringier.com\/de\/ringier-startet-zusammenarbeit-mit-der-srg-ssr-im-bereich-video\/#primaryimage"},"thumbnailUrl":"https:\/\/www.ringier.com\/wp-content\/uploads\/2021\/09\/Press-Release-Default.png","articleSection":["Media","Ringier Medien Schweiz"],"inLanguage":"de-DE"},{"@type":"WebPage","@id":"https:\/\/www.ringier.com\/de\/ringier-startet-zusammenarbeit-mit-der-srg-ssr-im-bereich-video\/","url":"https:\/\/www.ringier.com\/de\/ringier-startet-zusammenarbeit-mit-der-srg-ssr-im-bereich-video\/","name":"Ringier startet Zusammenarbeit mit der SRG SSR im Bereich Video - Ringier","isPartOf":{"@id":"https:\/\/www.ringier.com\/de\/#website"},"primaryImageOfPage":{"@id":"https:\/\/www.ringier.com\/de\/ringier-startet-zusammenarbeit-mit-der-srg-ssr-im-bereich-video\/#primaryimage"},"image":{"@id":"https:\/\/www.ringier.com\/de\/ringier-startet-zusammenarbeit-mit-der-srg-ssr-im-bereich-video\/#primaryimage"},"thumbnailUrl":"https:\/\/www.ringier.com\/wp-content\/uploads\/2021\/09\/Press-Release-Default.png","datePublished":"2017-02-09T13:49:00+00:00","dateModified":"2024-11-22T12:49:52+00:00","breadcrumb":{"@id":"https:\/\/www.ringier.com\/de\/ringier-startet-zusammenarbeit-mit-der-srg-ssr-im-bereich-video\/#breadcrumb"},"inLanguage":"de-DE","potentialAction":[{"@type":"ReadAction","target":["https:\/\/www.ringier.com\/de\/ringier-startet-zusammenarbeit-mit-der-srg-ssr-im-bereich-video\/"]}]},{"@type":"ImageObject","inLanguage":"de-DE","@id":"https:\/\/www.ringier.com\/de\/ringier-startet-zusammenarbeit-mit-der-srg-ssr-im-bereich-video\/#primaryimage","url":"https:\/\/www.ringier.com\/wp-content\/uploads\/2021\/09\/Press-Release-Default.png","contentUrl":"https:\/\/www.ringier.com\/wp-content\/uploads\/2021\/09\/Press-Release-Default.png","width":8001,"height":4201},{"@type":"BreadcrumbList","@id":"https:\/\/www.ringier.com\/de\/ringier-startet-zusammenarbeit-mit-der-srg-ssr-im-bereich-video\/#breadcrumb","itemListElement":[{"@type":"ListItem","position":1,"name":"Home","item":"https:\/\/www.ringier.com\/de\/"},{"@type":"ListItem","position":2,"name":"Ringier startet Zusammenarbeit mit der SRG SSR im Bereich Video"}]},{"@type":"WebSite","@id":"https:\/\/www.ringier.com\/de\/#website","url":"https:\/\/www.ringier.com\/de\/","name":"Ringier","description":"We inform. We entertain. We connect","publisher":{"@id":"https:\/\/www.ringier.com\/de\/#organization"},"potentialAction":[{"@type":"SearchAction","target":{"@type":"EntryPoint","urlTemplate":"https:\/\/www.ringier.com\/de\/?s={search_term_string}"},"query-input":{"@type":"PropertyValueSpecification","valueRequired":true,"valueName":"search_term_string"}}],"inLanguage":"de-DE"},{"@type":"Organization","@id":"https:\/\/www.ringier.com\/de\/#organization","name":"Ringier","url":"https:\/\/www.ringier.com\/de\/","logo":{"@type":"ImageObject","inLanguage":"de-DE","@id":"https:\/\/www.ringier.com\/de\/#\/schema\/logo\/image\/","url":"https:\/\/www.ringier.com\/wp-content\/uploads\/2021\/10\/ringier_logo_2.jpg","contentUrl":"https:\/\/www.ringier.com\/wp-content\/uploads\/2021\/10\/ringier_logo_2.jpg","width":750,"height":550,"caption":"Ringier"},"image":{"@id":"https:\/\/www.ringier.com\/de\/#\/schema\/logo\/image\/"},"sameAs":["https:\/\/www.facebook.com\/ringierag\/","https:\/\/x.com\/ringier_ag","https:\/\/www.instagram.com\/ringier_ag\/","https:\/\/www.linkedin.com\/company\/ringier\/","https:\/\/www.youtube.com\/user\/RingierComm","https:\/\/en.wikipedia.org\/wiki\/Ringier","https:\/\/de.wikipedia.org\/wiki\/Ringier","https:\/\/fr.wikipedia.org\/wiki\/Ringier","https:\/\/www.crunchbase.com\/organization\/ringier-ag"]},{"@type":"Person","@id":"https:\/\/www.ringier.com\/de\/#\/schema\/person\/4cf76a308dc4b2bb5121bd1e7b752e52","name":"Ringier Corporate Communications","image":{"@type":"ImageObject","inLanguage":"de-DE","@id":"https:\/\/www.ringier.com\/de\/#\/schema\/person\/image\/","url":"https:\/\/secure.gravatar.com\/avatar\/9391e20481368d5df4fe3e1e476c13b27786347489822ec1ed07e532bb41f587?s=96&d=mm&r=g","contentUrl":"https:\/\/secure.gravatar.com\/avatar\/9391e20481368d5df4fe3e1e476c13b27786347489822ec1ed07e532bb41f587?s=96&d=mm&r=g","caption":"Ringier Corporate Communications"},"sameAs":["https:\/\/www.ringier.com"]}]}},"_links":{"self":[{"href":"https:\/\/www.ringier.com\/de\/wp-json\/wp\/v2\/posts\/8755","targetHints":{"allow":["GET"]}}],"collection":[{"href":"https:\/\/www.ringier.com\/de\/wp-json\/wp\/v2\/posts"}],"about":[{"href":"https:\/\/www.ringier.com\/de\/wp-json\/wp\/v2\/types\/post"}],"author":[{"embeddable":true,"href":"https:\/\/www.ringier.com\/de\/wp-json\/wp\/v2\/users\/23"}],"replies":[{"embeddable":true,"href":"https:\/\/www.ringier.com\/de\/wp-json\/wp\/v2\/comments?post=8755"}],"version-history":[{"count":0,"href":"https:\/\/www.ringier.com\/de\/wp-json\/wp\/v2\/posts\/8755\/revisions"}],"wp:featuredmedia":[{"embeddable":true,"href":"https:\/\/www.ringier.com\/de\/wp-json\/wp\/v2\/media\/6232"}],"wp:attachment":[{"href":"https:\/\/www.ringier.com\/de\/wp-json\/wp\/v2\/media?parent=8755"}],"wp:term":[{"taxonomy":"category","embeddable":true,"href":"https:\/\/www.ringier.com\/de\/wp-json\/wp\/v2\/categories?post=8755"},{"taxonomy":"post_tag","embeddable":true,"href":"https:\/\/www.ringier.com\/de\/wp-json\/wp\/v2\/tags?post=8755"}],"curies":[{"name":"wp","href":"https:\/\/api.w.org\/{rel}","templated":true}]}}