{"id":8679,"date":"2018-03-29T10:41:00","date_gmt":"2018-03-29T08:41:00","guid":{"rendered":"https:\/\/www.ringier.com\/?p=8679"},"modified":"2024-11-19T15:34:35","modified_gmt":"2024-11-19T14:34:35","slug":"thomas-passen-baut-das-content-marketing-geschaeft-fuer-ringier-publishing-schweiz-auf-koordination-mit-admeira-sichergestellt","status":"publish","type":"post","link":"https:\/\/www.ringier.com\/de\/thomas-passen-baut-das-content-marketing-geschaeft-fuer-ringier-publishing-schweiz-auf-koordination-mit-admeira-sichergestellt\/","title":{"rendered":"Thomas Passen baut das Content Marketing Gesch\u00e4ft f\u00fcr Ringier Publishing Schweiz auf \u2013 Koordination mit Admeira sichergestellt"},"content":{"rendered":"\n<p>Mit seinem Start als Chief Revenue Officer Ringier Publishing Schweiz wird Thomas Passen ab 1. April 2018 den Bereich Content Marketing aufbauen. Damit wird er in enger Absprache mit Admeira direkter Ansprechpartner f\u00fcr Werbekunden in diesem rasch wachsenden Segment des Werbemarktes. Zu seinen Hauptaufgaben z\u00e4hlt die Beratung von Kunden bei der Konzeption, Erstellung und Verbreitung inhaltsbasierter Kommunikationskonzepte \u00fcber die Print- und Digitalmedien von Ringier und Ringier Axel Springer Schweiz. In seiner neuen Funktion berichtet er direkt an Alexander Theobald, COO Ringier Schweiz.<\/p>\n\n\n\n<p>F\u00fcr die Umsetzung der individuellen Werbekonzepte wird der Bereich von Thomas Passen mit dem Brand Studio der&nbsp;<em>Blick<\/em>-Gruppe und mit Ringier Axel Springer Schweiz zusammenarbeiten. Die Ansprache des Werbemarktes erfolgt in Zusammenarbeit mit Admeira, die unver\u00e4ndert f\u00fcr die Werbevermarktung aller Titel von Ringier und Ringier Axel Springer Schweiz zust\u00e4ndig sein wird. Zu den weiteren Aufgaben von Thomas Passen f\u00fcr Ringier z\u00e4hlt auch die Beratung in Marketing, Strategie und Portfoliobewirtschaftung und deren Gesch\u00e4ftsbereiche sowie die Entwicklung neuer und auch medien\u00fcbergreifender Gesch\u00e4ftsideen.<\/p>\n\n\n\n<p>Alexander Theobald, COO Ringier Schweiz: \u00abWir freuen uns, dass Thomas Passen zu Ringier zur\u00fcckkehrt. Dank seines grossen Netzwerks und langj\u00e4hriger Erfahrung ist Thomas Passen eine Bereicherung sowohl f\u00fcr Ringier als auch f\u00fcr Admeira. Wir sind \u00fcberzeugt, dass er unsere Position im Markt mit zukunftstr\u00e4chtigen Ideen, den richtigen Gef\u00e4ssen und kreativen Umsetzungen weiter st\u00e4rken wird.\u00bb<\/p>\n\n\n\n<p>Thomas Passen war die letzten zwei Jahre mit seiner Vermarktungs- und Kommunikationsagentur Stilwerk GmbH f\u00fcr Ringier und Ringier Axel Springer Schweiz t\u00e4tig, seine Geschichte bei Ringier reicht aber weiter zur\u00fcck: Seit 1997 hatte er mehrere Funktionen im Unternehmen inne, unter anderem als Bereichsleiter&nbsp;<em>Blick<\/em>-Gruppe und Leiter Leser- und Werbemarkt Zeitschriften. Seit 2013 war er Head of Sales and Marketing.<\/p>\n\n\n\n<p>Ringier AG, Corporate Communications<\/p>\n","protected":false},"excerpt":{"rendered":"<p>Nachdem Thomas Passen die letzten zwei Jahre auf selbst\u00e4ndiger Basis mit seinem Unternehmen Stilwerk GmbH f\u00fcr Ringier und Ringier Axel Springer Schweiz t\u00e4tig war, wird er zum 1. April 2018 Chief Revenue Officer Ringier Publishing Schweiz.<\/p>\n","protected":false},"author":7,"featured_media":8680,"comment_status":"closed","ping_status":"open","sticky":false,"template":"","format":"standard","meta":{"inline_featured_image":false,"footnotes":""},"categories":[371,361],"tags":[],"class_list":["post-8679","post","type-post","status-publish","format-standard","has-post-thumbnail","hentry","category-media-de","category-ringier-medien-schweiz"],"yoast_head":"<!-- This site is optimized with the Yoast SEO Premium plugin v27.0 (Yoast SEO v27.0) - https:\/\/yoast.com\/product\/yoast-seo-premium-wordpress\/ -->\n<title>Thomas Passen baut das Content Marketing Gesch\u00e4ft f\u00fcr Ringier Publishing Schweiz auf \u2013 Koordination mit Admeira sichergestellt - Ringier<\/title>\n<meta name=\"robots\" content=\"index, follow, max-snippet:-1, max-image-preview:large, max-video-preview:-1\" \/>\n<link rel=\"canonical\" href=\"https:\/\/www.ringier.com\/de\/thomas-passen-baut-das-content-marketing-geschaeft-fuer-ringier-publishing-schweiz-auf-koordination-mit-admeira-sichergestellt\/\" \/>\n<meta property=\"og:locale\" content=\"de_DE\" \/>\n<meta property=\"og:type\" content=\"article\" \/>\n<meta property=\"og:title\" content=\"Thomas Passen baut das Content Marketing Gesch\u00e4ft f\u00fcr Ringier Publishing Schweiz auf \u2013 Koordination mit Admeira sichergestellt\" \/>\n<meta property=\"og:description\" content=\"Nachdem Thomas Passen die letzten zwei Jahre auf selbst\u00e4ndiger Basis mit seinem Unternehmen Stilwerk GmbH f\u00fcr Ringier und Ringier Axel Springer Schweiz t\u00e4tig war, wird er zum 1. April 2018 Chief Revenue Officer Ringier Publishing Schweiz.\" \/>\n<meta property=\"og:url\" content=\"https:\/\/www.ringier.com\/de\/thomas-passen-baut-das-content-marketing-geschaeft-fuer-ringier-publishing-schweiz-auf-koordination-mit-admeira-sichergestellt\/\" \/>\n<meta property=\"og:site_name\" content=\"Ringier\" \/>\n<meta property=\"article:publisher\" content=\"https:\/\/www.facebook.com\/ringierag\/\" \/>\n<meta property=\"article:published_time\" content=\"2018-03-29T08:41:00+00:00\" \/>\n<meta property=\"article:modified_time\" content=\"2024-11-19T14:34:35+00:00\" \/>\n<meta property=\"og:image\" content=\"https:\/\/www.ringier.com\/wp-content\/uploads\/2021\/09\/Thomas-Passen-scaled.jpg\" \/>\n\t<meta property=\"og:image:width\" content=\"2560\" \/>\n\t<meta property=\"og:image:height\" content=\"1707\" \/>\n\t<meta property=\"og:image:type\" content=\"image\/jpeg\" \/>\n<meta name=\"author\" content=\"Marc Liniger\" \/>\n<meta name=\"twitter:card\" content=\"summary_large_image\" \/>\n<meta name=\"twitter:creator\" content=\"@ringier_ag\" \/>\n<meta name=\"twitter:site\" content=\"@ringier_ag\" \/>\n<meta name=\"twitter:label1\" content=\"Verfasst von\" \/>\n\t<meta name=\"twitter:data1\" content=\"Marc Liniger\" \/>\n\t<meta name=\"twitter:label2\" content=\"Gesch\u00e4tzte Lesezeit\" \/>\n\t<meta name=\"twitter:data2\" content=\"2 Minuten\" \/>\n<script type=\"application\/ld+json\" class=\"yoast-schema-graph\">{\"@context\":\"https:\/\/schema.org\",\"@graph\":[{\"@type\":\"Article\",\"@id\":\"https:\/\/www.ringier.com\/de\/thomas-passen-baut-das-content-marketing-geschaeft-fuer-ringier-publishing-schweiz-auf-koordination-mit-admeira-sichergestellt\/#article\",\"isPartOf\":{\"@id\":\"https:\/\/www.ringier.com\/de\/thomas-passen-baut-das-content-marketing-geschaeft-fuer-ringier-publishing-schweiz-auf-koordination-mit-admeira-sichergestellt\/\"},\"author\":{\"name\":\"Marc Liniger\",\"@id\":\"https:\/\/www.ringier.com\/de\/#\/schema\/person\/1e03be3d98efb061d1ca29fef411db66\"},\"headline\":\"Thomas Passen baut das Content Marketing Gesch\u00e4ft f\u00fcr Ringier Publishing Schweiz auf \u2013 Koordination mit Admeira sichergestellt\",\"datePublished\":\"2018-03-29T08:41:00+00:00\",\"dateModified\":\"2024-11-19T14:34:35+00:00\",\"mainEntityOfPage\":{\"@id\":\"https:\/\/www.ringier.com\/de\/thomas-passen-baut-das-content-marketing-geschaeft-fuer-ringier-publishing-schweiz-auf-koordination-mit-admeira-sichergestellt\/\"},\"wordCount\":316,\"publisher\":{\"@id\":\"https:\/\/www.ringier.com\/de\/#organization\"},\"image\":{\"@id\":\"https:\/\/www.ringier.com\/de\/thomas-passen-baut-das-content-marketing-geschaeft-fuer-ringier-publishing-schweiz-auf-koordination-mit-admeira-sichergestellt\/#primaryimage\"},\"thumbnailUrl\":\"https:\/\/www.ringier.com\/wp-content\/uploads\/2021\/09\/Thomas-Passen-scaled.jpg\",\"articleSection\":[\"Media\",\"Ringier Medien Schweiz\"],\"inLanguage\":\"de-DE\"},{\"@type\":\"WebPage\",\"@id\":\"https:\/\/www.ringier.com\/de\/thomas-passen-baut-das-content-marketing-geschaeft-fuer-ringier-publishing-schweiz-auf-koordination-mit-admeira-sichergestellt\/\",\"url\":\"https:\/\/www.ringier.com\/de\/thomas-passen-baut-das-content-marketing-geschaeft-fuer-ringier-publishing-schweiz-auf-koordination-mit-admeira-sichergestellt\/\",\"name\":\"Thomas Passen baut das Content Marketing Gesch\u00e4ft f\u00fcr Ringier Publishing Schweiz auf \u2013 Koordination mit Admeira sichergestellt - Ringier\",\"isPartOf\":{\"@id\":\"https:\/\/www.ringier.com\/de\/#website\"},\"primaryImageOfPage\":{\"@id\":\"https:\/\/www.ringier.com\/de\/thomas-passen-baut-das-content-marketing-geschaeft-fuer-ringier-publishing-schweiz-auf-koordination-mit-admeira-sichergestellt\/#primaryimage\"},\"image\":{\"@id\":\"https:\/\/www.ringier.com\/de\/thomas-passen-baut-das-content-marketing-geschaeft-fuer-ringier-publishing-schweiz-auf-koordination-mit-admeira-sichergestellt\/#primaryimage\"},\"thumbnailUrl\":\"https:\/\/www.ringier.com\/wp-content\/uploads\/2021\/09\/Thomas-Passen-scaled.jpg\",\"datePublished\":\"2018-03-29T08:41:00+00:00\",\"dateModified\":\"2024-11-19T14:34:35+00:00\",\"breadcrumb\":{\"@id\":\"https:\/\/www.ringier.com\/de\/thomas-passen-baut-das-content-marketing-geschaeft-fuer-ringier-publishing-schweiz-auf-koordination-mit-admeira-sichergestellt\/#breadcrumb\"},\"inLanguage\":\"de-DE\",\"potentialAction\":[{\"@type\":\"ReadAction\",\"target\":[\"https:\/\/www.ringier.com\/de\/thomas-passen-baut-das-content-marketing-geschaeft-fuer-ringier-publishing-schweiz-auf-koordination-mit-admeira-sichergestellt\/\"]}]},{\"@type\":\"ImageObject\",\"inLanguage\":\"de-DE\",\"@id\":\"https:\/\/www.ringier.com\/de\/thomas-passen-baut-das-content-marketing-geschaeft-fuer-ringier-publishing-schweiz-auf-koordination-mit-admeira-sichergestellt\/#primaryimage\",\"url\":\"https:\/\/www.ringier.com\/wp-content\/uploads\/2021\/09\/Thomas-Passen-scaled.jpg\",\"contentUrl\":\"https:\/\/www.ringier.com\/wp-content\/uploads\/2021\/09\/Thomas-Passen-scaled.jpg\",\"width\":2560,\"height\":1707},{\"@type\":\"BreadcrumbList\",\"@id\":\"https:\/\/www.ringier.com\/de\/thomas-passen-baut-das-content-marketing-geschaeft-fuer-ringier-publishing-schweiz-auf-koordination-mit-admeira-sichergestellt\/#breadcrumb\",\"itemListElement\":[{\"@type\":\"ListItem\",\"position\":1,\"name\":\"Home\",\"item\":\"https:\/\/www.ringier.com\/de\/\"},{\"@type\":\"ListItem\",\"position\":2,\"name\":\"Thomas Passen baut das Content Marketing Gesch\u00e4ft f\u00fcr Ringier Publishing Schweiz auf \u2013 Koordination mit Admeira sichergestellt\"}]},{\"@type\":\"WebSite\",\"@id\":\"https:\/\/www.ringier.com\/de\/#website\",\"url\":\"https:\/\/www.ringier.com\/de\/\",\"name\":\"Ringier\",\"description\":\"We inform. We entertain. We connect\",\"publisher\":{\"@id\":\"https:\/\/www.ringier.com\/de\/#organization\"},\"potentialAction\":[{\"@type\":\"SearchAction\",\"target\":{\"@type\":\"EntryPoint\",\"urlTemplate\":\"https:\/\/www.ringier.com\/de\/?s={search_term_string}\"},\"query-input\":{\"@type\":\"PropertyValueSpecification\",\"valueRequired\":true,\"valueName\":\"search_term_string\"}}],\"inLanguage\":\"de-DE\"},{\"@type\":\"Organization\",\"@id\":\"https:\/\/www.ringier.com\/de\/#organization\",\"name\":\"Ringier\",\"url\":\"https:\/\/www.ringier.com\/de\/\",\"logo\":{\"@type\":\"ImageObject\",\"inLanguage\":\"de-DE\",\"@id\":\"https:\/\/www.ringier.com\/de\/#\/schema\/logo\/image\/\",\"url\":\"https:\/\/www.ringier.com\/wp-content\/uploads\/2021\/10\/ringier_logo_2.jpg\",\"contentUrl\":\"https:\/\/www.ringier.com\/wp-content\/uploads\/2021\/10\/ringier_logo_2.jpg\",\"width\":750,\"height\":550,\"caption\":\"Ringier\"},\"image\":{\"@id\":\"https:\/\/www.ringier.com\/de\/#\/schema\/logo\/image\/\"},\"sameAs\":[\"https:\/\/www.facebook.com\/ringierag\/\",\"https:\/\/x.com\/ringier_ag\",\"https:\/\/www.instagram.com\/ringier_ag\/\",\"https:\/\/www.linkedin.com\/company\/ringier\/\",\"https:\/\/www.youtube.com\/user\/RingierComm\",\"https:\/\/en.wikipedia.org\/wiki\/Ringier\",\"https:\/\/de.wikipedia.org\/wiki\/Ringier\",\"https:\/\/fr.wikipedia.org\/wiki\/Ringier\",\"https:\/\/www.crunchbase.com\/organization\/ringier-ag\"]},{\"@type\":\"Person\",\"@id\":\"https:\/\/www.ringier.com\/de\/#\/schema\/person\/1e03be3d98efb061d1ca29fef411db66\",\"name\":\"Marc Liniger\",\"image\":{\"@type\":\"ImageObject\",\"inLanguage\":\"de-DE\",\"@id\":\"https:\/\/www.ringier.com\/de\/#\/schema\/person\/image\/\",\"url\":\"https:\/\/secure.gravatar.com\/avatar\/8d184da6aa7bdcc4d1a251ecaf713aa707e2a4c24b859c6360b2b31b83c1020e?s=96&d=mm&r=g\",\"contentUrl\":\"https:\/\/secure.gravatar.com\/avatar\/8d184da6aa7bdcc4d1a251ecaf713aa707e2a4c24b859c6360b2b31b83c1020e?s=96&d=mm&r=g\",\"caption\":\"Marc Liniger\"},\"sameAs\":[\"https:\/\/www.ringier.com\"]}]}<\/script>\n<!-- \/ Yoast SEO Premium plugin. -->","yoast_head_json":{"title":"Thomas Passen baut das Content Marketing Gesch\u00e4ft f\u00fcr Ringier Publishing Schweiz auf \u2013 Koordination mit Admeira sichergestellt - Ringier","robots":{"index":"index","follow":"follow","max-snippet":"max-snippet:-1","max-image-preview":"max-image-preview:large","max-video-preview":"max-video-preview:-1"},"canonical":"https:\/\/www.ringier.com\/de\/thomas-passen-baut-das-content-marketing-geschaeft-fuer-ringier-publishing-schweiz-auf-koordination-mit-admeira-sichergestellt\/","og_locale":"de_DE","og_type":"article","og_title":"Thomas Passen baut das Content Marketing Gesch\u00e4ft f\u00fcr Ringier Publishing Schweiz auf \u2013 Koordination mit Admeira sichergestellt","og_description":"Nachdem Thomas Passen die letzten zwei Jahre auf selbst\u00e4ndiger Basis mit seinem Unternehmen Stilwerk GmbH f\u00fcr Ringier und Ringier Axel Springer Schweiz t\u00e4tig war, wird er zum 1. April 2018 Chief Revenue Officer Ringier Publishing Schweiz.","og_url":"https:\/\/www.ringier.com\/de\/thomas-passen-baut-das-content-marketing-geschaeft-fuer-ringier-publishing-schweiz-auf-koordination-mit-admeira-sichergestellt\/","og_site_name":"Ringier","article_publisher":"https:\/\/www.facebook.com\/ringierag\/","article_published_time":"2018-03-29T08:41:00+00:00","article_modified_time":"2024-11-19T14:34:35+00:00","og_image":[{"width":2560,"height":1707,"url":"https:\/\/www.ringier.com\/wp-content\/uploads\/2021\/09\/Thomas-Passen-scaled.jpg","type":"image\/jpeg"}],"author":"Marc Liniger","twitter_card":"summary_large_image","twitter_creator":"@ringier_ag","twitter_site":"@ringier_ag","twitter_misc":{"Verfasst von":"Marc Liniger","Gesch\u00e4tzte Lesezeit":"2 Minuten"},"schema":{"@context":"https:\/\/schema.org","@graph":[{"@type":"Article","@id":"https:\/\/www.ringier.com\/de\/thomas-passen-baut-das-content-marketing-geschaeft-fuer-ringier-publishing-schweiz-auf-koordination-mit-admeira-sichergestellt\/#article","isPartOf":{"@id":"https:\/\/www.ringier.com\/de\/thomas-passen-baut-das-content-marketing-geschaeft-fuer-ringier-publishing-schweiz-auf-koordination-mit-admeira-sichergestellt\/"},"author":{"name":"Marc Liniger","@id":"https:\/\/www.ringier.com\/de\/#\/schema\/person\/1e03be3d98efb061d1ca29fef411db66"},"headline":"Thomas Passen baut das Content Marketing Gesch\u00e4ft f\u00fcr Ringier Publishing Schweiz auf \u2013 Koordination mit Admeira sichergestellt","datePublished":"2018-03-29T08:41:00+00:00","dateModified":"2024-11-19T14:34:35+00:00","mainEntityOfPage":{"@id":"https:\/\/www.ringier.com\/de\/thomas-passen-baut-das-content-marketing-geschaeft-fuer-ringier-publishing-schweiz-auf-koordination-mit-admeira-sichergestellt\/"},"wordCount":316,"publisher":{"@id":"https:\/\/www.ringier.com\/de\/#organization"},"image":{"@id":"https:\/\/www.ringier.com\/de\/thomas-passen-baut-das-content-marketing-geschaeft-fuer-ringier-publishing-schweiz-auf-koordination-mit-admeira-sichergestellt\/#primaryimage"},"thumbnailUrl":"https:\/\/www.ringier.com\/wp-content\/uploads\/2021\/09\/Thomas-Passen-scaled.jpg","articleSection":["Media","Ringier Medien Schweiz"],"inLanguage":"de-DE"},{"@type":"WebPage","@id":"https:\/\/www.ringier.com\/de\/thomas-passen-baut-das-content-marketing-geschaeft-fuer-ringier-publishing-schweiz-auf-koordination-mit-admeira-sichergestellt\/","url":"https:\/\/www.ringier.com\/de\/thomas-passen-baut-das-content-marketing-geschaeft-fuer-ringier-publishing-schweiz-auf-koordination-mit-admeira-sichergestellt\/","name":"Thomas Passen baut das Content Marketing Gesch\u00e4ft f\u00fcr Ringier Publishing Schweiz auf \u2013 Koordination mit Admeira sichergestellt - Ringier","isPartOf":{"@id":"https:\/\/www.ringier.com\/de\/#website"},"primaryImageOfPage":{"@id":"https:\/\/www.ringier.com\/de\/thomas-passen-baut-das-content-marketing-geschaeft-fuer-ringier-publishing-schweiz-auf-koordination-mit-admeira-sichergestellt\/#primaryimage"},"image":{"@id":"https:\/\/www.ringier.com\/de\/thomas-passen-baut-das-content-marketing-geschaeft-fuer-ringier-publishing-schweiz-auf-koordination-mit-admeira-sichergestellt\/#primaryimage"},"thumbnailUrl":"https:\/\/www.ringier.com\/wp-content\/uploads\/2021\/09\/Thomas-Passen-scaled.jpg","datePublished":"2018-03-29T08:41:00+00:00","dateModified":"2024-11-19T14:34:35+00:00","breadcrumb":{"@id":"https:\/\/www.ringier.com\/de\/thomas-passen-baut-das-content-marketing-geschaeft-fuer-ringier-publishing-schweiz-auf-koordination-mit-admeira-sichergestellt\/#breadcrumb"},"inLanguage":"de-DE","potentialAction":[{"@type":"ReadAction","target":["https:\/\/www.ringier.com\/de\/thomas-passen-baut-das-content-marketing-geschaeft-fuer-ringier-publishing-schweiz-auf-koordination-mit-admeira-sichergestellt\/"]}]},{"@type":"ImageObject","inLanguage":"de-DE","@id":"https:\/\/www.ringier.com\/de\/thomas-passen-baut-das-content-marketing-geschaeft-fuer-ringier-publishing-schweiz-auf-koordination-mit-admeira-sichergestellt\/#primaryimage","url":"https:\/\/www.ringier.com\/wp-content\/uploads\/2021\/09\/Thomas-Passen-scaled.jpg","contentUrl":"https:\/\/www.ringier.com\/wp-content\/uploads\/2021\/09\/Thomas-Passen-scaled.jpg","width":2560,"height":1707},{"@type":"BreadcrumbList","@id":"https:\/\/www.ringier.com\/de\/thomas-passen-baut-das-content-marketing-geschaeft-fuer-ringier-publishing-schweiz-auf-koordination-mit-admeira-sichergestellt\/#breadcrumb","itemListElement":[{"@type":"ListItem","position":1,"name":"Home","item":"https:\/\/www.ringier.com\/de\/"},{"@type":"ListItem","position":2,"name":"Thomas Passen baut das Content Marketing Gesch\u00e4ft f\u00fcr Ringier Publishing Schweiz auf \u2013 Koordination mit Admeira sichergestellt"}]},{"@type":"WebSite","@id":"https:\/\/www.ringier.com\/de\/#website","url":"https:\/\/www.ringier.com\/de\/","name":"Ringier","description":"We inform. We entertain. We connect","publisher":{"@id":"https:\/\/www.ringier.com\/de\/#organization"},"potentialAction":[{"@type":"SearchAction","target":{"@type":"EntryPoint","urlTemplate":"https:\/\/www.ringier.com\/de\/?s={search_term_string}"},"query-input":{"@type":"PropertyValueSpecification","valueRequired":true,"valueName":"search_term_string"}}],"inLanguage":"de-DE"},{"@type":"Organization","@id":"https:\/\/www.ringier.com\/de\/#organization","name":"Ringier","url":"https:\/\/www.ringier.com\/de\/","logo":{"@type":"ImageObject","inLanguage":"de-DE","@id":"https:\/\/www.ringier.com\/de\/#\/schema\/logo\/image\/","url":"https:\/\/www.ringier.com\/wp-content\/uploads\/2021\/10\/ringier_logo_2.jpg","contentUrl":"https:\/\/www.ringier.com\/wp-content\/uploads\/2021\/10\/ringier_logo_2.jpg","width":750,"height":550,"caption":"Ringier"},"image":{"@id":"https:\/\/www.ringier.com\/de\/#\/schema\/logo\/image\/"},"sameAs":["https:\/\/www.facebook.com\/ringierag\/","https:\/\/x.com\/ringier_ag","https:\/\/www.instagram.com\/ringier_ag\/","https:\/\/www.linkedin.com\/company\/ringier\/","https:\/\/www.youtube.com\/user\/RingierComm","https:\/\/en.wikipedia.org\/wiki\/Ringier","https:\/\/de.wikipedia.org\/wiki\/Ringier","https:\/\/fr.wikipedia.org\/wiki\/Ringier","https:\/\/www.crunchbase.com\/organization\/ringier-ag"]},{"@type":"Person","@id":"https:\/\/www.ringier.com\/de\/#\/schema\/person\/1e03be3d98efb061d1ca29fef411db66","name":"Marc Liniger","image":{"@type":"ImageObject","inLanguage":"de-DE","@id":"https:\/\/www.ringier.com\/de\/#\/schema\/person\/image\/","url":"https:\/\/secure.gravatar.com\/avatar\/8d184da6aa7bdcc4d1a251ecaf713aa707e2a4c24b859c6360b2b31b83c1020e?s=96&d=mm&r=g","contentUrl":"https:\/\/secure.gravatar.com\/avatar\/8d184da6aa7bdcc4d1a251ecaf713aa707e2a4c24b859c6360b2b31b83c1020e?s=96&d=mm&r=g","caption":"Marc Liniger"},"sameAs":["https:\/\/www.ringier.com"]}]}},"_links":{"self":[{"href":"https:\/\/www.ringier.com\/de\/wp-json\/wp\/v2\/posts\/8679","targetHints":{"allow":["GET"]}}],"collection":[{"href":"https:\/\/www.ringier.com\/de\/wp-json\/wp\/v2\/posts"}],"about":[{"href":"https:\/\/www.ringier.com\/de\/wp-json\/wp\/v2\/types\/post"}],"author":[{"embeddable":true,"href":"https:\/\/www.ringier.com\/de\/wp-json\/wp\/v2\/users\/7"}],"replies":[{"embeddable":true,"href":"https:\/\/www.ringier.com\/de\/wp-json\/wp\/v2\/comments?post=8679"}],"version-history":[{"count":0,"href":"https:\/\/www.ringier.com\/de\/wp-json\/wp\/v2\/posts\/8679\/revisions"}],"wp:featuredmedia":[{"embeddable":true,"href":"https:\/\/www.ringier.com\/de\/wp-json\/wp\/v2\/media\/8680"}],"wp:attachment":[{"href":"https:\/\/www.ringier.com\/de\/wp-json\/wp\/v2\/media?parent=8679"}],"wp:term":[{"taxonomy":"category","embeddable":true,"href":"https:\/\/www.ringier.com\/de\/wp-json\/wp\/v2\/categories?post=8679"},{"taxonomy":"post_tag","embeddable":true,"href":"https:\/\/www.ringier.com\/de\/wp-json\/wp\/v2\/tags?post=8679"}],"curies":[{"name":"wp","href":"https:\/\/api.w.org\/{rel}","templated":true}]}}