{"id":8664,"date":"2018-05-15T20:35:00","date_gmt":"2018-05-15T18:35:00","guid":{"rendered":"https:\/\/www.ringier.com\/?p=8664"},"modified":"2024-11-19T15:28:25","modified_gmt":"2024-11-19T14:28:25","slug":"wuerdigung-von-zivilcourage-heldinnen-und-helden-des-alltags-zur-auszeichnung-mit-dem-beobachter-prix-courage-gesucht","status":"publish","type":"post","link":"https:\/\/www.ringier.com\/de\/wuerdigung-von-zivilcourage-heldinnen-und-helden-des-alltags-zur-auszeichnung-mit-dem-beobachter-prix-courage-gesucht\/","title":{"rendered":"W\u00fcrdigung von Zivilcourage: Heldinnen und Helden des Alltags zur Auszeichnung mit dem Beobachter \u00abPrix Courage\u00bb gesucht"},"content":{"rendered":"\n<p>Andres B\u00fcchi, Chefredaktor des&nbsp;<em>Beobachter<\/em>s: \u00abDie Schweiz braucht Leute, die handeln, wo Zuwarten andere gef\u00e4hrdet, die laut werden, wo Schweigen Unrecht verdeckt, die ehrlich sind, wo L\u00fcgen leichter fiele\u00bb, umschreibt Chefredaktor Andres B\u00fcchi den Prix Courage.<\/p>\n\n\n\n<p>Jedes Jahr nominiert die&nbsp;<em>Beobachter<\/em>-Redaktion verschiedene Personen oder Organisationen, die ihr Handeln einem h\u00f6heren Ziel unterordnen als dem eigenen Vorw\u00e4rtskommen. Preisw\u00fcrdig sind Projekte und Taten, aber auch langfristiges Engagement oder das Lebenswerk einer Person in oder aus der Schweiz. Der Prix Courage wird seit 1997 verliehen.<\/p>\n\n\n\n<p>Vorschl\u00e4ge f\u00fcr den mit 15&#8217;000 Franken dotierten Preis k\u00f6nnen bis zum 8. Juni 2018 eingereicht werden. Es kommen sowohl Einzelpersonen als auch Organisationen, die sich durch ausserordentlich mutige Taten ausgezeichnet haben, in Betracht. Es gen\u00fcgt, eine kurze Beschreibung der entsprechenden Person und der f\u00fcr preisw\u00fcrdig gehaltenen Tat an die&nbsp;<em>Beobachter<\/em>&nbsp;Redaktion zu senden (<a href=\"mailto:kandidaten@beobachter.ch)\"><em>kandidaten@beobachter.ch<\/em>)<\/a>.<\/p>\n\n\n\n<p>Aus den eingereichten Vorschl\u00e4gen w\u00e4hlt eine fachkundige Jury den Gewinner. Die Voten der Jury und des Publikums z\u00e4hlen je h\u00e4lftig bei der Bestimmung. Erstmals wird dieses Jahr Susanne Hochuli als Nachfolgerin der langj\u00e4hrigen Jury-Pr\u00e4sidentin Pascale Bruderer das Gremium leiten. Bis 2016 war die Aargauerin unter anderem Regierungsr\u00e4tin und Vorsteherin des Departements \u00abGesundheit und Soziales\u00bb. Ende 2016 gab sie ihre s\u00e4mtlichen politischen \u00c4mter ab und begab sich auf eine 1000 Kilometer langen Wanderung an die Ostsee. Zur\u00fcck in der Schweiz amtet Susanne Hochuli seit 2017 als Pr\u00e4sidentin der Stiftung f\u00fcr Patientenschutz.<\/p>\n\n\n\n<p>\u00abZivilcourage ist ganz wichtig f\u00fcr das Zusammenleben in der Gesellschaft \u2013 das geht leider oft etwas unter. Man sollte jeden Tag Menschen auszeichnen, die etwas Aussergew\u00f6hnliches gemacht haben.\u00bb sagt die neue Jury-Pr\u00e4sidentin Susanne Hochuli.<\/p>\n\n\n\n<p>Der&nbsp;<em>Beobachter Prix Courage<\/em>&nbsp;und der dazugeh\u00f6rige Life-Time-Award werden am 2. November 2018 in feierlichem Rahmen in Z\u00fcrich \u00fcbergeben.<\/p>\n\n\n\n<p>S\u00e4mtliche Information \u00fcber den Prix Courage finden sich auf&nbsp;<em><a href=\"http:\/\/www.beobachter.ch\/prix-courage\">www.beobachter.ch\/prix-courage<\/a><\/em><\/p>\n\n\n\n<p>Kandidatenvorschl\u00e4ge bitte an:<\/p>\n\n\n\n<p>Redaktion&nbsp;<em>Beobachter<\/em>, Stichwort: Kandidaten Prix Courage, Postfach, 8021 Z\u00fcrich<\/p>\n\n\n\n<p><em><a href=\"mailto:kandidaten@beobachter.ch\">kandidaten@beobachter.ch<\/a><\/em><\/p>\n\n\n\n<p>Kontakt&nbsp;<em>Beobachter<\/em>:<\/p>\n\n\n\n<p>Andres B\u00fcchi. Chefredaktor, +41 58 269 21 21<\/p>\n\n\n\n<p><em><a href=\"mailto:Andres.buechi@beobachter.ch\">Andres.buechi@beobachter.ch<\/a><\/em><\/p>\n\n\n\n<p>Ringier Axel Springer Schweiz AG<\/p>\n\n\n\n<p>Corporate Communications<\/p>\n","protected":false},"excerpt":{"rendered":"<p>Bereits zum 21. Mal werden in diesem Jahr mutige Menschen mit dem Beobachter \u00abPrix Courage\u00bb ausgezeichnet. Damit will der Beobachter darauf hinwirken, dass wir \u2013 der t\u00e4glichen Reiz\u00fcberflutung zum Trotz \u2013 im Alltag bewusster und aufmerksamer sind und dort handeln, wo beherztes Einschreiten nottut. Wer von kleinen und grossen Helden in seinem Umfeld weiss, die genau diesen Mut hatten, kann diese ab sofort nominieren.<\/p>\n","protected":false},"author":7,"featured_media":18661,"comment_status":"closed","ping_status":"open","sticky":false,"template":"","format":"standard","meta":{"inline_featured_image":false,"footnotes":""},"categories":[371,361],"tags":[],"class_list":["post-8664","post","type-post","status-publish","format-standard","has-post-thumbnail","hentry","category-media-de","category-ringier-medien-schweiz"],"yoast_head":"<!-- This site is optimized with the Yoast SEO Premium plugin v27.0 (Yoast SEO v27.0) - https:\/\/yoast.com\/product\/yoast-seo-premium-wordpress\/ -->\n<title>W\u00fcrdigung von Zivilcourage: Heldinnen und Helden des Alltags zur Auszeichnung mit dem Beobachter \u00abPrix Courage\u00bb gesucht - Ringier<\/title>\n<meta name=\"robots\" content=\"index, follow, max-snippet:-1, max-image-preview:large, max-video-preview:-1\" \/>\n<link rel=\"canonical\" href=\"https:\/\/www.ringier.com\/de\/wuerdigung-von-zivilcourage-heldinnen-und-helden-des-alltags-zur-auszeichnung-mit-dem-beobachter-prix-courage-gesucht\/\" \/>\n<meta property=\"og:locale\" content=\"de_DE\" \/>\n<meta property=\"og:type\" content=\"article\" \/>\n<meta property=\"og:title\" content=\"W\u00fcrdigung von Zivilcourage: Heldinnen und Helden des Alltags zur Auszeichnung mit dem Beobachter \u00abPrix Courage\u00bb gesucht\" \/>\n<meta property=\"og:description\" content=\"Bereits zum 21. Mal werden in diesem Jahr mutige Menschen mit dem Beobachter \u00abPrix Courage\u00bb ausgezeichnet. Damit will der Beobachter darauf hinwirken, dass wir \u2013 der t\u00e4glichen Reiz\u00fcberflutung zum Trotz \u2013 im Alltag bewusster und aufmerksamer sind und dort handeln, wo beherztes Einschreiten nottut. Wer von kleinen und grossen Helden in seinem Umfeld weiss, die genau diesen Mut hatten, kann diese ab sofort nominieren.\" \/>\n<meta property=\"og:url\" content=\"https:\/\/www.ringier.com\/de\/wuerdigung-von-zivilcourage-heldinnen-und-helden-des-alltags-zur-auszeichnung-mit-dem-beobachter-prix-courage-gesucht\/\" \/>\n<meta property=\"og:site_name\" content=\"Ringier\" \/>\n<meta property=\"article:publisher\" content=\"https:\/\/www.facebook.com\/ringierag\/\" \/>\n<meta property=\"article:published_time\" content=\"2018-05-15T18:35:00+00:00\" \/>\n<meta property=\"article:modified_time\" content=\"2024-11-19T14:28:25+00:00\" \/>\n<meta property=\"og:image\" content=\"https:\/\/www.ringier.com\/wp-content\/uploads\/2024\/01\/Prix_Courage__Foto_Alexandra_PAULI_600x400-2048x1365-Kopie.jpg\" \/>\n\t<meta property=\"og:image:width\" content=\"897\" \/>\n\t<meta property=\"og:image:height\" content=\"541\" \/>\n\t<meta property=\"og:image:type\" content=\"image\/jpeg\" \/>\n<meta name=\"author\" content=\"Marc Liniger\" \/>\n<meta name=\"twitter:card\" content=\"summary_large_image\" \/>\n<meta name=\"twitter:creator\" content=\"@ringier_ag\" \/>\n<meta name=\"twitter:site\" content=\"@ringier_ag\" \/>\n<meta name=\"twitter:label1\" content=\"Verfasst von\" \/>\n\t<meta name=\"twitter:data1\" content=\"Marc Liniger\" \/>\n\t<meta name=\"twitter:label2\" content=\"Gesch\u00e4tzte Lesezeit\" \/>\n\t<meta name=\"twitter:data2\" content=\"2 Minuten\" \/>\n<script type=\"application\/ld+json\" class=\"yoast-schema-graph\">{\"@context\":\"https:\/\/schema.org\",\"@graph\":[{\"@type\":\"Article\",\"@id\":\"https:\/\/www.ringier.com\/de\/wuerdigung-von-zivilcourage-heldinnen-und-helden-des-alltags-zur-auszeichnung-mit-dem-beobachter-prix-courage-gesucht\/#article\",\"isPartOf\":{\"@id\":\"https:\/\/www.ringier.com\/de\/wuerdigung-von-zivilcourage-heldinnen-und-helden-des-alltags-zur-auszeichnung-mit-dem-beobachter-prix-courage-gesucht\/\"},\"author\":{\"name\":\"Marc Liniger\",\"@id\":\"https:\/\/www.ringier.com\/de\/#\/schema\/person\/1e03be3d98efb061d1ca29fef411db66\"},\"headline\":\"W\u00fcrdigung von Zivilcourage: Heldinnen und Helden des Alltags zur Auszeichnung mit dem Beobachter \u00abPrix Courage\u00bb gesucht\",\"datePublished\":\"2018-05-15T18:35:00+00:00\",\"dateModified\":\"2024-11-19T14:28:25+00:00\",\"mainEntityOfPage\":{\"@id\":\"https:\/\/www.ringier.com\/de\/wuerdigung-von-zivilcourage-heldinnen-und-helden-des-alltags-zur-auszeichnung-mit-dem-beobachter-prix-courage-gesucht\/\"},\"wordCount\":372,\"publisher\":{\"@id\":\"https:\/\/www.ringier.com\/de\/#organization\"},\"image\":{\"@id\":\"https:\/\/www.ringier.com\/de\/wuerdigung-von-zivilcourage-heldinnen-und-helden-des-alltags-zur-auszeichnung-mit-dem-beobachter-prix-courage-gesucht\/#primaryimage\"},\"thumbnailUrl\":\"https:\/\/www.ringier.com\/wp-content\/uploads\/2024\/01\/Prix_Courage__Foto_Alexandra_PAULI_600x400-2048x1365-Kopie.jpg\",\"articleSection\":[\"Media\",\"Ringier Medien Schweiz\"],\"inLanguage\":\"de-DE\"},{\"@type\":\"WebPage\",\"@id\":\"https:\/\/www.ringier.com\/de\/wuerdigung-von-zivilcourage-heldinnen-und-helden-des-alltags-zur-auszeichnung-mit-dem-beobachter-prix-courage-gesucht\/\",\"url\":\"https:\/\/www.ringier.com\/de\/wuerdigung-von-zivilcourage-heldinnen-und-helden-des-alltags-zur-auszeichnung-mit-dem-beobachter-prix-courage-gesucht\/\",\"name\":\"W\u00fcrdigung von Zivilcourage: Heldinnen und Helden des Alltags zur Auszeichnung mit dem Beobachter \u00abPrix Courage\u00bb gesucht - Ringier\",\"isPartOf\":{\"@id\":\"https:\/\/www.ringier.com\/de\/#website\"},\"primaryImageOfPage\":{\"@id\":\"https:\/\/www.ringier.com\/de\/wuerdigung-von-zivilcourage-heldinnen-und-helden-des-alltags-zur-auszeichnung-mit-dem-beobachter-prix-courage-gesucht\/#primaryimage\"},\"image\":{\"@id\":\"https:\/\/www.ringier.com\/de\/wuerdigung-von-zivilcourage-heldinnen-und-helden-des-alltags-zur-auszeichnung-mit-dem-beobachter-prix-courage-gesucht\/#primaryimage\"},\"thumbnailUrl\":\"https:\/\/www.ringier.com\/wp-content\/uploads\/2024\/01\/Prix_Courage__Foto_Alexandra_PAULI_600x400-2048x1365-Kopie.jpg\",\"datePublished\":\"2018-05-15T18:35:00+00:00\",\"dateModified\":\"2024-11-19T14:28:25+00:00\",\"breadcrumb\":{\"@id\":\"https:\/\/www.ringier.com\/de\/wuerdigung-von-zivilcourage-heldinnen-und-helden-des-alltags-zur-auszeichnung-mit-dem-beobachter-prix-courage-gesucht\/#breadcrumb\"},\"inLanguage\":\"de-DE\",\"potentialAction\":[{\"@type\":\"ReadAction\",\"target\":[\"https:\/\/www.ringier.com\/de\/wuerdigung-von-zivilcourage-heldinnen-und-helden-des-alltags-zur-auszeichnung-mit-dem-beobachter-prix-courage-gesucht\/\"]}]},{\"@type\":\"ImageObject\",\"inLanguage\":\"de-DE\",\"@id\":\"https:\/\/www.ringier.com\/de\/wuerdigung-von-zivilcourage-heldinnen-und-helden-des-alltags-zur-auszeichnung-mit-dem-beobachter-prix-courage-gesucht\/#primaryimage\",\"url\":\"https:\/\/www.ringier.com\/wp-content\/uploads\/2024\/01\/Prix_Courage__Foto_Alexandra_PAULI_600x400-2048x1365-Kopie.jpg\",\"contentUrl\":\"https:\/\/www.ringier.com\/wp-content\/uploads\/2024\/01\/Prix_Courage__Foto_Alexandra_PAULI_600x400-2048x1365-Kopie.jpg\",\"width\":897,\"height\":541,\"caption\":\"Remo Schmid Prix Courage 2017, Medienpark, Z\u00fcrich, 17.07.2017 (c) Alexandra Pauli\"},{\"@type\":\"BreadcrumbList\",\"@id\":\"https:\/\/www.ringier.com\/de\/wuerdigung-von-zivilcourage-heldinnen-und-helden-des-alltags-zur-auszeichnung-mit-dem-beobachter-prix-courage-gesucht\/#breadcrumb\",\"itemListElement\":[{\"@type\":\"ListItem\",\"position\":1,\"name\":\"Home\",\"item\":\"https:\/\/www.ringier.com\/de\/\"},{\"@type\":\"ListItem\",\"position\":2,\"name\":\"W\u00fcrdigung von Zivilcourage: Heldinnen und Helden des Alltags zur Auszeichnung mit dem Beobachter \u00abPrix Courage\u00bb gesucht\"}]},{\"@type\":\"WebSite\",\"@id\":\"https:\/\/www.ringier.com\/de\/#website\",\"url\":\"https:\/\/www.ringier.com\/de\/\",\"name\":\"Ringier\",\"description\":\"We inform. We entertain. We connect\",\"publisher\":{\"@id\":\"https:\/\/www.ringier.com\/de\/#organization\"},\"potentialAction\":[{\"@type\":\"SearchAction\",\"target\":{\"@type\":\"EntryPoint\",\"urlTemplate\":\"https:\/\/www.ringier.com\/de\/?s={search_term_string}\"},\"query-input\":{\"@type\":\"PropertyValueSpecification\",\"valueRequired\":true,\"valueName\":\"search_term_string\"}}],\"inLanguage\":\"de-DE\"},{\"@type\":\"Organization\",\"@id\":\"https:\/\/www.ringier.com\/de\/#organization\",\"name\":\"Ringier\",\"url\":\"https:\/\/www.ringier.com\/de\/\",\"logo\":{\"@type\":\"ImageObject\",\"inLanguage\":\"de-DE\",\"@id\":\"https:\/\/www.ringier.com\/de\/#\/schema\/logo\/image\/\",\"url\":\"https:\/\/www.ringier.com\/wp-content\/uploads\/2021\/10\/ringier_logo_2.jpg\",\"contentUrl\":\"https:\/\/www.ringier.com\/wp-content\/uploads\/2021\/10\/ringier_logo_2.jpg\",\"width\":750,\"height\":550,\"caption\":\"Ringier\"},\"image\":{\"@id\":\"https:\/\/www.ringier.com\/de\/#\/schema\/logo\/image\/\"},\"sameAs\":[\"https:\/\/www.facebook.com\/ringierag\/\",\"https:\/\/x.com\/ringier_ag\",\"https:\/\/www.instagram.com\/ringier_ag\/\",\"https:\/\/www.linkedin.com\/company\/ringier\/\",\"https:\/\/www.youtube.com\/user\/RingierComm\",\"https:\/\/en.wikipedia.org\/wiki\/Ringier\",\"https:\/\/de.wikipedia.org\/wiki\/Ringier\",\"https:\/\/fr.wikipedia.org\/wiki\/Ringier\",\"https:\/\/www.crunchbase.com\/organization\/ringier-ag\"]},{\"@type\":\"Person\",\"@id\":\"https:\/\/www.ringier.com\/de\/#\/schema\/person\/1e03be3d98efb061d1ca29fef411db66\",\"name\":\"Marc Liniger\",\"image\":{\"@type\":\"ImageObject\",\"inLanguage\":\"de-DE\",\"@id\":\"https:\/\/www.ringier.com\/de\/#\/schema\/person\/image\/\",\"url\":\"https:\/\/secure.gravatar.com\/avatar\/8d184da6aa7bdcc4d1a251ecaf713aa707e2a4c24b859c6360b2b31b83c1020e?s=96&d=mm&r=g\",\"contentUrl\":\"https:\/\/secure.gravatar.com\/avatar\/8d184da6aa7bdcc4d1a251ecaf713aa707e2a4c24b859c6360b2b31b83c1020e?s=96&d=mm&r=g\",\"caption\":\"Marc Liniger\"},\"sameAs\":[\"https:\/\/www.ringier.com\"]}]}<\/script>\n<!-- \/ Yoast SEO Premium plugin. -->","yoast_head_json":{"title":"W\u00fcrdigung von Zivilcourage: Heldinnen und Helden des Alltags zur Auszeichnung mit dem Beobachter \u00abPrix Courage\u00bb gesucht - Ringier","robots":{"index":"index","follow":"follow","max-snippet":"max-snippet:-1","max-image-preview":"max-image-preview:large","max-video-preview":"max-video-preview:-1"},"canonical":"https:\/\/www.ringier.com\/de\/wuerdigung-von-zivilcourage-heldinnen-und-helden-des-alltags-zur-auszeichnung-mit-dem-beobachter-prix-courage-gesucht\/","og_locale":"de_DE","og_type":"article","og_title":"W\u00fcrdigung von Zivilcourage: Heldinnen und Helden des Alltags zur Auszeichnung mit dem Beobachter \u00abPrix Courage\u00bb gesucht","og_description":"Bereits zum 21. Mal werden in diesem Jahr mutige Menschen mit dem Beobachter \u00abPrix Courage\u00bb ausgezeichnet. Damit will der Beobachter darauf hinwirken, dass wir \u2013 der t\u00e4glichen Reiz\u00fcberflutung zum Trotz \u2013 im Alltag bewusster und aufmerksamer sind und dort handeln, wo beherztes Einschreiten nottut. Wer von kleinen und grossen Helden in seinem Umfeld weiss, die genau diesen Mut hatten, kann diese ab sofort nominieren.","og_url":"https:\/\/www.ringier.com\/de\/wuerdigung-von-zivilcourage-heldinnen-und-helden-des-alltags-zur-auszeichnung-mit-dem-beobachter-prix-courage-gesucht\/","og_site_name":"Ringier","article_publisher":"https:\/\/www.facebook.com\/ringierag\/","article_published_time":"2018-05-15T18:35:00+00:00","article_modified_time":"2024-11-19T14:28:25+00:00","og_image":[{"width":897,"height":541,"url":"https:\/\/www.ringier.com\/wp-content\/uploads\/2024\/01\/Prix_Courage__Foto_Alexandra_PAULI_600x400-2048x1365-Kopie.jpg","type":"image\/jpeg"}],"author":"Marc Liniger","twitter_card":"summary_large_image","twitter_creator":"@ringier_ag","twitter_site":"@ringier_ag","twitter_misc":{"Verfasst von":"Marc Liniger","Gesch\u00e4tzte Lesezeit":"2 Minuten"},"schema":{"@context":"https:\/\/schema.org","@graph":[{"@type":"Article","@id":"https:\/\/www.ringier.com\/de\/wuerdigung-von-zivilcourage-heldinnen-und-helden-des-alltags-zur-auszeichnung-mit-dem-beobachter-prix-courage-gesucht\/#article","isPartOf":{"@id":"https:\/\/www.ringier.com\/de\/wuerdigung-von-zivilcourage-heldinnen-und-helden-des-alltags-zur-auszeichnung-mit-dem-beobachter-prix-courage-gesucht\/"},"author":{"name":"Marc Liniger","@id":"https:\/\/www.ringier.com\/de\/#\/schema\/person\/1e03be3d98efb061d1ca29fef411db66"},"headline":"W\u00fcrdigung von Zivilcourage: Heldinnen und Helden des Alltags zur Auszeichnung mit dem Beobachter \u00abPrix Courage\u00bb gesucht","datePublished":"2018-05-15T18:35:00+00:00","dateModified":"2024-11-19T14:28:25+00:00","mainEntityOfPage":{"@id":"https:\/\/www.ringier.com\/de\/wuerdigung-von-zivilcourage-heldinnen-und-helden-des-alltags-zur-auszeichnung-mit-dem-beobachter-prix-courage-gesucht\/"},"wordCount":372,"publisher":{"@id":"https:\/\/www.ringier.com\/de\/#organization"},"image":{"@id":"https:\/\/www.ringier.com\/de\/wuerdigung-von-zivilcourage-heldinnen-und-helden-des-alltags-zur-auszeichnung-mit-dem-beobachter-prix-courage-gesucht\/#primaryimage"},"thumbnailUrl":"https:\/\/www.ringier.com\/wp-content\/uploads\/2024\/01\/Prix_Courage__Foto_Alexandra_PAULI_600x400-2048x1365-Kopie.jpg","articleSection":["Media","Ringier Medien Schweiz"],"inLanguage":"de-DE"},{"@type":"WebPage","@id":"https:\/\/www.ringier.com\/de\/wuerdigung-von-zivilcourage-heldinnen-und-helden-des-alltags-zur-auszeichnung-mit-dem-beobachter-prix-courage-gesucht\/","url":"https:\/\/www.ringier.com\/de\/wuerdigung-von-zivilcourage-heldinnen-und-helden-des-alltags-zur-auszeichnung-mit-dem-beobachter-prix-courage-gesucht\/","name":"W\u00fcrdigung von Zivilcourage: Heldinnen und Helden des Alltags zur Auszeichnung mit dem Beobachter \u00abPrix Courage\u00bb gesucht - Ringier","isPartOf":{"@id":"https:\/\/www.ringier.com\/de\/#website"},"primaryImageOfPage":{"@id":"https:\/\/www.ringier.com\/de\/wuerdigung-von-zivilcourage-heldinnen-und-helden-des-alltags-zur-auszeichnung-mit-dem-beobachter-prix-courage-gesucht\/#primaryimage"},"image":{"@id":"https:\/\/www.ringier.com\/de\/wuerdigung-von-zivilcourage-heldinnen-und-helden-des-alltags-zur-auszeichnung-mit-dem-beobachter-prix-courage-gesucht\/#primaryimage"},"thumbnailUrl":"https:\/\/www.ringier.com\/wp-content\/uploads\/2024\/01\/Prix_Courage__Foto_Alexandra_PAULI_600x400-2048x1365-Kopie.jpg","datePublished":"2018-05-15T18:35:00+00:00","dateModified":"2024-11-19T14:28:25+00:00","breadcrumb":{"@id":"https:\/\/www.ringier.com\/de\/wuerdigung-von-zivilcourage-heldinnen-und-helden-des-alltags-zur-auszeichnung-mit-dem-beobachter-prix-courage-gesucht\/#breadcrumb"},"inLanguage":"de-DE","potentialAction":[{"@type":"ReadAction","target":["https:\/\/www.ringier.com\/de\/wuerdigung-von-zivilcourage-heldinnen-und-helden-des-alltags-zur-auszeichnung-mit-dem-beobachter-prix-courage-gesucht\/"]}]},{"@type":"ImageObject","inLanguage":"de-DE","@id":"https:\/\/www.ringier.com\/de\/wuerdigung-von-zivilcourage-heldinnen-und-helden-des-alltags-zur-auszeichnung-mit-dem-beobachter-prix-courage-gesucht\/#primaryimage","url":"https:\/\/www.ringier.com\/wp-content\/uploads\/2024\/01\/Prix_Courage__Foto_Alexandra_PAULI_600x400-2048x1365-Kopie.jpg","contentUrl":"https:\/\/www.ringier.com\/wp-content\/uploads\/2024\/01\/Prix_Courage__Foto_Alexandra_PAULI_600x400-2048x1365-Kopie.jpg","width":897,"height":541,"caption":"Remo Schmid Prix Courage 2017, Medienpark, Z\u00fcrich, 17.07.2017 (c) Alexandra Pauli"},{"@type":"BreadcrumbList","@id":"https:\/\/www.ringier.com\/de\/wuerdigung-von-zivilcourage-heldinnen-und-helden-des-alltags-zur-auszeichnung-mit-dem-beobachter-prix-courage-gesucht\/#breadcrumb","itemListElement":[{"@type":"ListItem","position":1,"name":"Home","item":"https:\/\/www.ringier.com\/de\/"},{"@type":"ListItem","position":2,"name":"W\u00fcrdigung von Zivilcourage: Heldinnen und Helden des Alltags zur Auszeichnung mit dem Beobachter \u00abPrix Courage\u00bb gesucht"}]},{"@type":"WebSite","@id":"https:\/\/www.ringier.com\/de\/#website","url":"https:\/\/www.ringier.com\/de\/","name":"Ringier","description":"We inform. We entertain. We connect","publisher":{"@id":"https:\/\/www.ringier.com\/de\/#organization"},"potentialAction":[{"@type":"SearchAction","target":{"@type":"EntryPoint","urlTemplate":"https:\/\/www.ringier.com\/de\/?s={search_term_string}"},"query-input":{"@type":"PropertyValueSpecification","valueRequired":true,"valueName":"search_term_string"}}],"inLanguage":"de-DE"},{"@type":"Organization","@id":"https:\/\/www.ringier.com\/de\/#organization","name":"Ringier","url":"https:\/\/www.ringier.com\/de\/","logo":{"@type":"ImageObject","inLanguage":"de-DE","@id":"https:\/\/www.ringier.com\/de\/#\/schema\/logo\/image\/","url":"https:\/\/www.ringier.com\/wp-content\/uploads\/2021\/10\/ringier_logo_2.jpg","contentUrl":"https:\/\/www.ringier.com\/wp-content\/uploads\/2021\/10\/ringier_logo_2.jpg","width":750,"height":550,"caption":"Ringier"},"image":{"@id":"https:\/\/www.ringier.com\/de\/#\/schema\/logo\/image\/"},"sameAs":["https:\/\/www.facebook.com\/ringierag\/","https:\/\/x.com\/ringier_ag","https:\/\/www.instagram.com\/ringier_ag\/","https:\/\/www.linkedin.com\/company\/ringier\/","https:\/\/www.youtube.com\/user\/RingierComm","https:\/\/en.wikipedia.org\/wiki\/Ringier","https:\/\/de.wikipedia.org\/wiki\/Ringier","https:\/\/fr.wikipedia.org\/wiki\/Ringier","https:\/\/www.crunchbase.com\/organization\/ringier-ag"]},{"@type":"Person","@id":"https:\/\/www.ringier.com\/de\/#\/schema\/person\/1e03be3d98efb061d1ca29fef411db66","name":"Marc Liniger","image":{"@type":"ImageObject","inLanguage":"de-DE","@id":"https:\/\/www.ringier.com\/de\/#\/schema\/person\/image\/","url":"https:\/\/secure.gravatar.com\/avatar\/8d184da6aa7bdcc4d1a251ecaf713aa707e2a4c24b859c6360b2b31b83c1020e?s=96&d=mm&r=g","contentUrl":"https:\/\/secure.gravatar.com\/avatar\/8d184da6aa7bdcc4d1a251ecaf713aa707e2a4c24b859c6360b2b31b83c1020e?s=96&d=mm&r=g","caption":"Marc Liniger"},"sameAs":["https:\/\/www.ringier.com"]}]}},"_links":{"self":[{"href":"https:\/\/www.ringier.com\/de\/wp-json\/wp\/v2\/posts\/8664","targetHints":{"allow":["GET"]}}],"collection":[{"href":"https:\/\/www.ringier.com\/de\/wp-json\/wp\/v2\/posts"}],"about":[{"href":"https:\/\/www.ringier.com\/de\/wp-json\/wp\/v2\/types\/post"}],"author":[{"embeddable":true,"href":"https:\/\/www.ringier.com\/de\/wp-json\/wp\/v2\/users\/7"}],"replies":[{"embeddable":true,"href":"https:\/\/www.ringier.com\/de\/wp-json\/wp\/v2\/comments?post=8664"}],"version-history":[{"count":0,"href":"https:\/\/www.ringier.com\/de\/wp-json\/wp\/v2\/posts\/8664\/revisions"}],"wp:featuredmedia":[{"embeddable":true,"href":"https:\/\/www.ringier.com\/de\/wp-json\/wp\/v2\/media\/18661"}],"wp:attachment":[{"href":"https:\/\/www.ringier.com\/de\/wp-json\/wp\/v2\/media?parent=8664"}],"wp:term":[{"taxonomy":"category","embeddable":true,"href":"https:\/\/www.ringier.com\/de\/wp-json\/wp\/v2\/categories?post=8664"},{"taxonomy":"post_tag","embeddable":true,"href":"https:\/\/www.ringier.com\/de\/wp-json\/wp\/v2\/tags?post=8664"}],"curies":[{"name":"wp","href":"https:\/\/api.w.org\/{rel}","templated":true}]}}