{"id":8663,"date":"2018-05-24T20:32:00","date_gmt":"2018-05-24T18:32:00","guid":{"rendered":"https:\/\/www.ringier.com\/?p=8663"},"modified":"2024-11-19T15:05:20","modified_gmt":"2024-11-19T14:05:20","slug":"blick-lanciert-den-interaktiven-blick-talk","status":"publish","type":"post","link":"https:\/\/www.ringier.com\/de\/blick-lanciert-den-interaktiven-blick-talk\/","title":{"rendered":"Blick lanciert den interaktiven \u00ab Blick -Talk\u00bb"},"content":{"rendered":"\n<p>Das Thema Waffenrecht verspricht eine heisse Diskussion zu werden \u2013 und ein spannender Auftakt f\u00fcr den neuen \u00ab<em>Blick<\/em>-Talk\u00bb. Das Format findet ab Montag, 28. Mai einmal im Monat von 20 bis 21 Uhr statt. Im&nbsp;<em>Blick<\/em>-Studio an der Dufourstrasse in Z\u00fcrich diskutieren Prominente und&nbsp;<em>Blick<\/em>-Leser, von zuhause aus k\u00f6nnen alle User von&nbsp;<em><a href=\"http:\/\/www.blick.ch\/\">Blick.ch<\/a>&nbsp;<\/em>dank Livestream mitmachen. K\u00fcnftig werden auch Live-Votings m\u00f6glich sein. Moderiert wird der Talk von Christian Dorer, Chefredaktor der&nbsp;<em>Blick<\/em>-Gruppe.<\/p>\n\n\n\n<p>G\u00e4ste der ersten Sendung sind FDP-Pr\u00e4sidentin Petra G\u00f6ssi und SP-Nationalr\u00e4tin Priska Seiler Graf. In einem Aufruf in den Printausgaben der&nbsp;<em>Blick<\/em>-Gruppe, auf den sozialen Medien und auf&nbsp;<em><a href=\"https:\/\/www.blick.ch\/news\/politik\/der-neue-blick-talk-auf-www-blick-ch-diskutieren-sie-mit-petra-goessi-und-priska-seiler-graf-ueber-das-waffenrecht-id8396711.html\">Blick.ch<\/a><\/em>&nbsp;werden zurzeit Leserinnen und Leser gesucht, die gerne im Studio mitdiskutieren m\u00f6chten.<\/p>\n\n\n\n<p>Christian Dorer: \u00ab<em>Blick<\/em>&nbsp;unterst\u00fctzt die Schweizerinnen und Schweizer in ihrer Meinungsbildung. Sie diskutieren leidenschaftlich mit, wie wir bei Veranstaltungen wie den Live-Diskussionsrunden&nbsp;<em>Blick on Tour<\/em>&nbsp;feststellen. Der neue&nbsp;<em>Blick<\/em>-Talk bietet unseren Leserinnen und Lesern die M\u00f6glichkeit, ihre Fragen direkt an die Entscheidungstr\u00e4ger zu richten. Diese Diskussionskultur ist ein wichtiger Pfeiler der direkten Demokratie.\u00bb<\/p>\n\n\n\n<p>Ringier AG, Corporate Communications<\/p>\n","protected":false},"excerpt":{"rendered":"<p>Ab 28. Mai k\u00f6nnen Leserinnen und Leser auf Blick.ch einmal im Monat an einer Live-Debatte zu einem aktuellen Thema teilnehmen. Im ersten Blick-Talk diskutieren Petra G\u00f6ssi und Priska Seiler Graf mit den Usern \u00fcber das Waffenrecht.<\/p>\n","protected":false},"author":7,"featured_media":820,"comment_status":"closed","ping_status":"open","sticky":false,"template":"","format":"standard","meta":{"inline_featured_image":false,"footnotes":""},"categories":[371,361],"tags":[],"class_list":["post-8663","post","type-post","status-publish","format-standard","has-post-thumbnail","hentry","category-media-de","category-ringier-medien-schweiz"],"yoast_head":"<!-- This site is optimized with the Yoast SEO Premium plugin v27.0 (Yoast SEO v27.0) - https:\/\/yoast.com\/product\/yoast-seo-premium-wordpress\/ -->\n<title>Blick lanciert den interaktiven \u00ab Blick -Talk\u00bb - Ringier<\/title>\n<meta name=\"robots\" content=\"index, follow, max-snippet:-1, max-image-preview:large, max-video-preview:-1\" \/>\n<link rel=\"canonical\" href=\"https:\/\/www.ringier.com\/de\/blick-lanciert-den-interaktiven-blick-talk\/\" \/>\n<meta property=\"og:locale\" content=\"de_DE\" \/>\n<meta property=\"og:type\" content=\"article\" \/>\n<meta property=\"og:title\" content=\"Blick lanciert den interaktiven \u00ab Blick -Talk\u00bb\" \/>\n<meta property=\"og:description\" content=\"Ab 28. Mai k\u00f6nnen Leserinnen und Leser auf Blick.ch einmal im Monat an einer Live-Debatte zu einem aktuellen Thema teilnehmen. Im ersten Blick-Talk diskutieren Petra G\u00f6ssi und Priska Seiler Graf mit den Usern \u00fcber das Waffenrecht.\" \/>\n<meta property=\"og:url\" content=\"https:\/\/www.ringier.com\/de\/blick-lanciert-den-interaktiven-blick-talk\/\" \/>\n<meta property=\"og:site_name\" content=\"Ringier\" \/>\n<meta property=\"article:publisher\" content=\"https:\/\/www.facebook.com\/ringierag\/\" \/>\n<meta property=\"article:published_time\" content=\"2018-05-24T18:32:00+00:00\" \/>\n<meta property=\"article:modified_time\" content=\"2024-11-19T14:05:20+00:00\" \/>\n<meta property=\"og:image\" content=\"https:\/\/www.ringier.com\/wp-content\/uploads\/2021\/08\/blick_rgb.jpg\" \/>\n\t<meta property=\"og:image:width\" content=\"1181\" \/>\n\t<meta property=\"og:image:height\" content=\"693\" \/>\n\t<meta property=\"og:image:type\" content=\"image\/jpeg\" \/>\n<meta name=\"author\" content=\"Marc Liniger\" \/>\n<meta name=\"twitter:card\" content=\"summary_large_image\" \/>\n<meta name=\"twitter:creator\" content=\"@ringier_ag\" \/>\n<meta name=\"twitter:site\" content=\"@ringier_ag\" \/>\n<meta name=\"twitter:label1\" content=\"Verfasst von\" \/>\n\t<meta name=\"twitter:data1\" content=\"Marc Liniger\" \/>\n\t<meta name=\"twitter:label2\" content=\"Gesch\u00e4tzte Lesezeit\" \/>\n\t<meta name=\"twitter:data2\" content=\"2 Minuten\" \/>\n<script type=\"application\/ld+json\" class=\"yoast-schema-graph\">{\"@context\":\"https:\/\/schema.org\",\"@graph\":[{\"@type\":\"Article\",\"@id\":\"https:\/\/www.ringier.com\/de\/blick-lanciert-den-interaktiven-blick-talk\/#article\",\"isPartOf\":{\"@id\":\"https:\/\/www.ringier.com\/de\/blick-lanciert-den-interaktiven-blick-talk\/\"},\"author\":{\"name\":\"Marc Liniger\",\"@id\":\"https:\/\/www.ringier.com\/de\/#\/schema\/person\/1e03be3d98efb061d1ca29fef411db66\"},\"headline\":\"Blick lanciert den interaktiven \u00ab Blick -Talk\u00bb\",\"datePublished\":\"2018-05-24T18:32:00+00:00\",\"dateModified\":\"2024-11-19T14:05:20+00:00\",\"mainEntityOfPage\":{\"@id\":\"https:\/\/www.ringier.com\/de\/blick-lanciert-den-interaktiven-blick-talk\/\"},\"wordCount\":198,\"publisher\":{\"@id\":\"https:\/\/www.ringier.com\/de\/#organization\"},\"image\":{\"@id\":\"https:\/\/www.ringier.com\/de\/blick-lanciert-den-interaktiven-blick-talk\/#primaryimage\"},\"thumbnailUrl\":\"https:\/\/www.ringier.com\/wp-content\/uploads\/2021\/08\/blick_rgb.jpg\",\"articleSection\":[\"Media\",\"Ringier Medien Schweiz\"],\"inLanguage\":\"de-DE\"},{\"@type\":\"WebPage\",\"@id\":\"https:\/\/www.ringier.com\/de\/blick-lanciert-den-interaktiven-blick-talk\/\",\"url\":\"https:\/\/www.ringier.com\/de\/blick-lanciert-den-interaktiven-blick-talk\/\",\"name\":\"Blick lanciert den interaktiven \u00ab Blick -Talk\u00bb - Ringier\",\"isPartOf\":{\"@id\":\"https:\/\/www.ringier.com\/de\/#website\"},\"primaryImageOfPage\":{\"@id\":\"https:\/\/www.ringier.com\/de\/blick-lanciert-den-interaktiven-blick-talk\/#primaryimage\"},\"image\":{\"@id\":\"https:\/\/www.ringier.com\/de\/blick-lanciert-den-interaktiven-blick-talk\/#primaryimage\"},\"thumbnailUrl\":\"https:\/\/www.ringier.com\/wp-content\/uploads\/2021\/08\/blick_rgb.jpg\",\"datePublished\":\"2018-05-24T18:32:00+00:00\",\"dateModified\":\"2024-11-19T14:05:20+00:00\",\"breadcrumb\":{\"@id\":\"https:\/\/www.ringier.com\/de\/blick-lanciert-den-interaktiven-blick-talk\/#breadcrumb\"},\"inLanguage\":\"de-DE\",\"potentialAction\":[{\"@type\":\"ReadAction\",\"target\":[\"https:\/\/www.ringier.com\/de\/blick-lanciert-den-interaktiven-blick-talk\/\"]}]},{\"@type\":\"ImageObject\",\"inLanguage\":\"de-DE\",\"@id\":\"https:\/\/www.ringier.com\/de\/blick-lanciert-den-interaktiven-blick-talk\/#primaryimage\",\"url\":\"https:\/\/www.ringier.com\/wp-content\/uploads\/2021\/08\/blick_rgb.jpg\",\"contentUrl\":\"https:\/\/www.ringier.com\/wp-content\/uploads\/2021\/08\/blick_rgb.jpg\",\"width\":1181,\"height\":693},{\"@type\":\"BreadcrumbList\",\"@id\":\"https:\/\/www.ringier.com\/de\/blick-lanciert-den-interaktiven-blick-talk\/#breadcrumb\",\"itemListElement\":[{\"@type\":\"ListItem\",\"position\":1,\"name\":\"Home\",\"item\":\"https:\/\/www.ringier.com\/de\/\"},{\"@type\":\"ListItem\",\"position\":2,\"name\":\"Blick lanciert den interaktiven \u00ab Blick -Talk\u00bb\"}]},{\"@type\":\"WebSite\",\"@id\":\"https:\/\/www.ringier.com\/de\/#website\",\"url\":\"https:\/\/www.ringier.com\/de\/\",\"name\":\"Ringier\",\"description\":\"We inform. We entertain. We connect\",\"publisher\":{\"@id\":\"https:\/\/www.ringier.com\/de\/#organization\"},\"potentialAction\":[{\"@type\":\"SearchAction\",\"target\":{\"@type\":\"EntryPoint\",\"urlTemplate\":\"https:\/\/www.ringier.com\/de\/?s={search_term_string}\"},\"query-input\":{\"@type\":\"PropertyValueSpecification\",\"valueRequired\":true,\"valueName\":\"search_term_string\"}}],\"inLanguage\":\"de-DE\"},{\"@type\":\"Organization\",\"@id\":\"https:\/\/www.ringier.com\/de\/#organization\",\"name\":\"Ringier\",\"url\":\"https:\/\/www.ringier.com\/de\/\",\"logo\":{\"@type\":\"ImageObject\",\"inLanguage\":\"de-DE\",\"@id\":\"https:\/\/www.ringier.com\/de\/#\/schema\/logo\/image\/\",\"url\":\"https:\/\/www.ringier.com\/wp-content\/uploads\/2021\/10\/ringier_logo_2.jpg\",\"contentUrl\":\"https:\/\/www.ringier.com\/wp-content\/uploads\/2021\/10\/ringier_logo_2.jpg\",\"width\":750,\"height\":550,\"caption\":\"Ringier\"},\"image\":{\"@id\":\"https:\/\/www.ringier.com\/de\/#\/schema\/logo\/image\/\"},\"sameAs\":[\"https:\/\/www.facebook.com\/ringierag\/\",\"https:\/\/x.com\/ringier_ag\",\"https:\/\/www.instagram.com\/ringier_ag\/\",\"https:\/\/www.linkedin.com\/company\/ringier\/\",\"https:\/\/www.youtube.com\/user\/RingierComm\",\"https:\/\/en.wikipedia.org\/wiki\/Ringier\",\"https:\/\/de.wikipedia.org\/wiki\/Ringier\",\"https:\/\/fr.wikipedia.org\/wiki\/Ringier\",\"https:\/\/www.crunchbase.com\/organization\/ringier-ag\"]},{\"@type\":\"Person\",\"@id\":\"https:\/\/www.ringier.com\/de\/#\/schema\/person\/1e03be3d98efb061d1ca29fef411db66\",\"name\":\"Marc Liniger\",\"image\":{\"@type\":\"ImageObject\",\"inLanguage\":\"de-DE\",\"@id\":\"https:\/\/www.ringier.com\/de\/#\/schema\/person\/image\/\",\"url\":\"https:\/\/secure.gravatar.com\/avatar\/8d184da6aa7bdcc4d1a251ecaf713aa707e2a4c24b859c6360b2b31b83c1020e?s=96&d=mm&r=g\",\"contentUrl\":\"https:\/\/secure.gravatar.com\/avatar\/8d184da6aa7bdcc4d1a251ecaf713aa707e2a4c24b859c6360b2b31b83c1020e?s=96&d=mm&r=g\",\"caption\":\"Marc Liniger\"},\"sameAs\":[\"https:\/\/www.ringier.com\"]}]}<\/script>\n<!-- \/ Yoast SEO Premium plugin. -->","yoast_head_json":{"title":"Blick lanciert den interaktiven \u00ab Blick -Talk\u00bb - Ringier","robots":{"index":"index","follow":"follow","max-snippet":"max-snippet:-1","max-image-preview":"max-image-preview:large","max-video-preview":"max-video-preview:-1"},"canonical":"https:\/\/www.ringier.com\/de\/blick-lanciert-den-interaktiven-blick-talk\/","og_locale":"de_DE","og_type":"article","og_title":"Blick lanciert den interaktiven \u00ab Blick -Talk\u00bb","og_description":"Ab 28. Mai k\u00f6nnen Leserinnen und Leser auf Blick.ch einmal im Monat an einer Live-Debatte zu einem aktuellen Thema teilnehmen. Im ersten Blick-Talk diskutieren Petra G\u00f6ssi und Priska Seiler Graf mit den Usern \u00fcber das Waffenrecht.","og_url":"https:\/\/www.ringier.com\/de\/blick-lanciert-den-interaktiven-blick-talk\/","og_site_name":"Ringier","article_publisher":"https:\/\/www.facebook.com\/ringierag\/","article_published_time":"2018-05-24T18:32:00+00:00","article_modified_time":"2024-11-19T14:05:20+00:00","og_image":[{"width":1181,"height":693,"url":"https:\/\/www.ringier.com\/wp-content\/uploads\/2021\/08\/blick_rgb.jpg","type":"image\/jpeg"}],"author":"Marc Liniger","twitter_card":"summary_large_image","twitter_creator":"@ringier_ag","twitter_site":"@ringier_ag","twitter_misc":{"Verfasst von":"Marc Liniger","Gesch\u00e4tzte Lesezeit":"2 Minuten"},"schema":{"@context":"https:\/\/schema.org","@graph":[{"@type":"Article","@id":"https:\/\/www.ringier.com\/de\/blick-lanciert-den-interaktiven-blick-talk\/#article","isPartOf":{"@id":"https:\/\/www.ringier.com\/de\/blick-lanciert-den-interaktiven-blick-talk\/"},"author":{"name":"Marc Liniger","@id":"https:\/\/www.ringier.com\/de\/#\/schema\/person\/1e03be3d98efb061d1ca29fef411db66"},"headline":"Blick lanciert den interaktiven \u00ab Blick -Talk\u00bb","datePublished":"2018-05-24T18:32:00+00:00","dateModified":"2024-11-19T14:05:20+00:00","mainEntityOfPage":{"@id":"https:\/\/www.ringier.com\/de\/blick-lanciert-den-interaktiven-blick-talk\/"},"wordCount":198,"publisher":{"@id":"https:\/\/www.ringier.com\/de\/#organization"},"image":{"@id":"https:\/\/www.ringier.com\/de\/blick-lanciert-den-interaktiven-blick-talk\/#primaryimage"},"thumbnailUrl":"https:\/\/www.ringier.com\/wp-content\/uploads\/2021\/08\/blick_rgb.jpg","articleSection":["Media","Ringier Medien Schweiz"],"inLanguage":"de-DE"},{"@type":"WebPage","@id":"https:\/\/www.ringier.com\/de\/blick-lanciert-den-interaktiven-blick-talk\/","url":"https:\/\/www.ringier.com\/de\/blick-lanciert-den-interaktiven-blick-talk\/","name":"Blick lanciert den interaktiven \u00ab Blick -Talk\u00bb - Ringier","isPartOf":{"@id":"https:\/\/www.ringier.com\/de\/#website"},"primaryImageOfPage":{"@id":"https:\/\/www.ringier.com\/de\/blick-lanciert-den-interaktiven-blick-talk\/#primaryimage"},"image":{"@id":"https:\/\/www.ringier.com\/de\/blick-lanciert-den-interaktiven-blick-talk\/#primaryimage"},"thumbnailUrl":"https:\/\/www.ringier.com\/wp-content\/uploads\/2021\/08\/blick_rgb.jpg","datePublished":"2018-05-24T18:32:00+00:00","dateModified":"2024-11-19T14:05:20+00:00","breadcrumb":{"@id":"https:\/\/www.ringier.com\/de\/blick-lanciert-den-interaktiven-blick-talk\/#breadcrumb"},"inLanguage":"de-DE","potentialAction":[{"@type":"ReadAction","target":["https:\/\/www.ringier.com\/de\/blick-lanciert-den-interaktiven-blick-talk\/"]}]},{"@type":"ImageObject","inLanguage":"de-DE","@id":"https:\/\/www.ringier.com\/de\/blick-lanciert-den-interaktiven-blick-talk\/#primaryimage","url":"https:\/\/www.ringier.com\/wp-content\/uploads\/2021\/08\/blick_rgb.jpg","contentUrl":"https:\/\/www.ringier.com\/wp-content\/uploads\/2021\/08\/blick_rgb.jpg","width":1181,"height":693},{"@type":"BreadcrumbList","@id":"https:\/\/www.ringier.com\/de\/blick-lanciert-den-interaktiven-blick-talk\/#breadcrumb","itemListElement":[{"@type":"ListItem","position":1,"name":"Home","item":"https:\/\/www.ringier.com\/de\/"},{"@type":"ListItem","position":2,"name":"Blick lanciert den interaktiven \u00ab Blick -Talk\u00bb"}]},{"@type":"WebSite","@id":"https:\/\/www.ringier.com\/de\/#website","url":"https:\/\/www.ringier.com\/de\/","name":"Ringier","description":"We inform. We entertain. We connect","publisher":{"@id":"https:\/\/www.ringier.com\/de\/#organization"},"potentialAction":[{"@type":"SearchAction","target":{"@type":"EntryPoint","urlTemplate":"https:\/\/www.ringier.com\/de\/?s={search_term_string}"},"query-input":{"@type":"PropertyValueSpecification","valueRequired":true,"valueName":"search_term_string"}}],"inLanguage":"de-DE"},{"@type":"Organization","@id":"https:\/\/www.ringier.com\/de\/#organization","name":"Ringier","url":"https:\/\/www.ringier.com\/de\/","logo":{"@type":"ImageObject","inLanguage":"de-DE","@id":"https:\/\/www.ringier.com\/de\/#\/schema\/logo\/image\/","url":"https:\/\/www.ringier.com\/wp-content\/uploads\/2021\/10\/ringier_logo_2.jpg","contentUrl":"https:\/\/www.ringier.com\/wp-content\/uploads\/2021\/10\/ringier_logo_2.jpg","width":750,"height":550,"caption":"Ringier"},"image":{"@id":"https:\/\/www.ringier.com\/de\/#\/schema\/logo\/image\/"},"sameAs":["https:\/\/www.facebook.com\/ringierag\/","https:\/\/x.com\/ringier_ag","https:\/\/www.instagram.com\/ringier_ag\/","https:\/\/www.linkedin.com\/company\/ringier\/","https:\/\/www.youtube.com\/user\/RingierComm","https:\/\/en.wikipedia.org\/wiki\/Ringier","https:\/\/de.wikipedia.org\/wiki\/Ringier","https:\/\/fr.wikipedia.org\/wiki\/Ringier","https:\/\/www.crunchbase.com\/organization\/ringier-ag"]},{"@type":"Person","@id":"https:\/\/www.ringier.com\/de\/#\/schema\/person\/1e03be3d98efb061d1ca29fef411db66","name":"Marc Liniger","image":{"@type":"ImageObject","inLanguage":"de-DE","@id":"https:\/\/www.ringier.com\/de\/#\/schema\/person\/image\/","url":"https:\/\/secure.gravatar.com\/avatar\/8d184da6aa7bdcc4d1a251ecaf713aa707e2a4c24b859c6360b2b31b83c1020e?s=96&d=mm&r=g","contentUrl":"https:\/\/secure.gravatar.com\/avatar\/8d184da6aa7bdcc4d1a251ecaf713aa707e2a4c24b859c6360b2b31b83c1020e?s=96&d=mm&r=g","caption":"Marc Liniger"},"sameAs":["https:\/\/www.ringier.com"]}]}},"_links":{"self":[{"href":"https:\/\/www.ringier.com\/de\/wp-json\/wp\/v2\/posts\/8663","targetHints":{"allow":["GET"]}}],"collection":[{"href":"https:\/\/www.ringier.com\/de\/wp-json\/wp\/v2\/posts"}],"about":[{"href":"https:\/\/www.ringier.com\/de\/wp-json\/wp\/v2\/types\/post"}],"author":[{"embeddable":true,"href":"https:\/\/www.ringier.com\/de\/wp-json\/wp\/v2\/users\/7"}],"replies":[{"embeddable":true,"href":"https:\/\/www.ringier.com\/de\/wp-json\/wp\/v2\/comments?post=8663"}],"version-history":[{"count":0,"href":"https:\/\/www.ringier.com\/de\/wp-json\/wp\/v2\/posts\/8663\/revisions"}],"wp:featuredmedia":[{"embeddable":true,"href":"https:\/\/www.ringier.com\/de\/wp-json\/wp\/v2\/media\/820"}],"wp:attachment":[{"href":"https:\/\/www.ringier.com\/de\/wp-json\/wp\/v2\/media?parent=8663"}],"wp:term":[{"taxonomy":"category","embeddable":true,"href":"https:\/\/www.ringier.com\/de\/wp-json\/wp\/v2\/categories?post=8663"},{"taxonomy":"post_tag","embeddable":true,"href":"https:\/\/www.ringier.com\/de\/wp-json\/wp\/v2\/tags?post=8663"}],"curies":[{"name":"wp","href":"https:\/\/api.w.org\/{rel}","templated":true}]}}