{"id":8657,"date":"2018-05-28T20:22:00","date_gmt":"2018-05-28T18:22:00","guid":{"rendered":"https:\/\/www.ringier.com\/sascha-hilpert-to-become-head-of-business-development-at-ringier-ag\/"},"modified":"2025-06-18T11:58:06","modified_gmt":"2025-06-18T09:58:06","slug":"sascha-hilpert-wird-leiter-business-development-der-ringier-ag","status":"publish","type":"post","link":"https:\/\/www.ringier.com\/de\/sascha-hilpert-wird-leiter-business-development-der-ringier-ag\/","title":{"rendered":"Sascha Hilpert wird Leiter Business Development bei Ringier"},"content":{"rendered":"\n<p>Der Bereich Business Development wird neu strukturiert. Das Team, das bisher direkt an Alexander Theobald, COO Ringier Schweiz und Gesch\u00e4ftsf\u00fchrer der\u00a0<em>Blick<\/em>-Gruppe, berichtete, wird ab sofort von Sascha Hilpert (35) geleitet. Sascha Hilpert besitzt einen Master of Arts in Information, Media, and Technology Management der Universit\u00e4t St. Gallen und war w\u00e4hrend mehreren Jahren f\u00fcr die Valora Group t\u00e4tig, zuletzt als Head Business Development M&amp;A bei Valora Trade. Hilpert stiess im Herbst 2016 als Project Manager im Bereich Business Development zu Ringier und berichtet weiterhin an Alexander Theobald.<\/p>\n\n\n\n<p>In seiner neuen Funktion wird Sascha Hilpert das internationale Team \u00abInternational Monetization Unit\u00bb in Personalunion leiten. Es handelt sich dabei um eine von drei Units, die letztes Jahr gegr\u00fcndet wurden und aus jeweils rund zehn Ringier Experten aus verschiedenen L\u00e4ndern und Bereichen bestehen. Ihre Aufgabe besteht prim\u00e4r darin, Know-how geb\u00fcndelt aufzubauen und zentrale Initiativen innerhalb der Gruppe voranzutreiben.<\/p>\n\n\n\n<p>Alexander Theobald, COO Ringier Schweiz und Gesch\u00e4ftsf\u00fchrer der&nbsp;<em>Blick<\/em>-Gruppe: \u00abWir freuen uns sehr, dass wir Sascha Hilpert f\u00fcr diese Funktion gewinnen konnten, und sind \u00fcberzeugt, dass er die Bereiche Business Development und International Monetization erfolgreich f\u00fchren und weiterentwickeln wird.\u00bb<\/p>\n\n\n\n<p>Juan Bar\u00f3n, bisher Head of International Monetization Unit, hat sich entschieden, das Unternehmen zu verlassen. Juan Bar\u00f3n war zwischen 2015 und 2017 als Chief Digital Officer&nbsp;<em>Blick<\/em>-Gruppe f\u00fcr Ringier t\u00e4tig und hat sich seither auf strategische und gruppenweite Themen fokussiert.<\/p>\n\n\n\n<p>Alexander Theobald: \u00abWir bedauern Juan Bar\u00f3ns Entscheidung, sich ausserhalb der Ringier-Gruppe neuen Herausforderungen zu widmen, sehr. Er hat in seiner T\u00e4tigkeit f\u00fcr Ringier einen entscheidenden Beitrag zur digitalen Positionierung des Unternehmens und der\u00a0<em>Blick<\/em>-Gruppe beigetragen. F\u00fcr seine berufliche und private Zukunft w\u00fcnschen wir ihm alles Gute.\u00bb<\/p>\n\n\n\n<p>Ringier Corporate Communications<\/p>\n","protected":false},"excerpt":{"rendered":"<p>Sascha Hilpert \u00fcbernimmt neue Funktionen bei Ringier: Als neuer Leiter des Bereichs Business Development f\u00fchrt Hilpert zudem die \u00abInternational Monetization Unit\u00bb auf Gruppenebene. Juan Bar\u00f3n, der diese Funktion bisher innehatte, hat sich entschieden, das Unternehmen zu verlassen.<\/p>\n","protected":false},"author":7,"featured_media":8656,"comment_status":"closed","ping_status":"open","sticky":false,"template":"","format":"standard","meta":{"inline_featured_image":false,"footnotes":""},"categories":[44],"tags":[],"class_list":["post-8657","post","type-post","status-publish","format-standard","has-post-thumbnail","hentry","category-corporate-de"],"yoast_head":"<!-- This site is optimized with the Yoast SEO Premium plugin v27.0 (Yoast SEO v27.0) - https:\/\/yoast.com\/product\/yoast-seo-premium-wordpress\/ -->\n<title>Sascha Hilpert wird Leiter Business Development bei Ringier - Ringier<\/title>\n<meta name=\"robots\" content=\"index, follow, max-snippet:-1, max-image-preview:large, max-video-preview:-1\" \/>\n<link rel=\"canonical\" href=\"https:\/\/www.ringier.com\/de\/sascha-hilpert-wird-leiter-business-development-der-ringier-ag\/\" \/>\n<meta property=\"og:locale\" content=\"de_DE\" \/>\n<meta property=\"og:type\" content=\"article\" \/>\n<meta property=\"og:title\" content=\"Sascha Hilpert wird Leiter Business Development bei Ringier\" \/>\n<meta property=\"og:description\" content=\"Sascha Hilpert \u00fcbernimmt neue Funktionen bei Ringier: Als neuer Leiter des Bereichs Business Development f\u00fchrt Hilpert zudem die \u00abInternational Monetization Unit\u00bb auf Gruppenebene. Juan Bar\u00f3n, der diese Funktion bisher innehatte, hat sich entschieden, das Unternehmen zu verlassen.\" \/>\n<meta property=\"og:url\" content=\"https:\/\/www.ringier.com\/de\/sascha-hilpert-wird-leiter-business-development-der-ringier-ag\/\" \/>\n<meta property=\"og:site_name\" content=\"Ringier\" \/>\n<meta property=\"article:publisher\" content=\"https:\/\/www.facebook.com\/ringierag\/\" \/>\n<meta property=\"article:published_time\" content=\"2018-05-28T18:22:00+00:00\" \/>\n<meta property=\"article:modified_time\" content=\"2025-06-18T09:58:06+00:00\" \/>\n<meta property=\"og:image\" content=\"https:\/\/www.ringier.com\/wp-content\/uploads\/2021\/09\/Sascha_Hilpert-600x400-1.jpg\" \/>\n\t<meta property=\"og:image:width\" content=\"702\" \/>\n\t<meta property=\"og:image:height\" content=\"468\" \/>\n\t<meta property=\"og:image:type\" content=\"image\/jpeg\" \/>\n<meta name=\"author\" content=\"Marc Liniger\" \/>\n<meta name=\"twitter:card\" content=\"summary_large_image\" \/>\n<meta name=\"twitter:creator\" content=\"@ringier_ag\" \/>\n<meta name=\"twitter:site\" content=\"@ringier_ag\" \/>\n<meta name=\"twitter:label1\" content=\"Verfasst von\" \/>\n\t<meta name=\"twitter:data1\" content=\"Marc Liniger\" \/>\n\t<meta name=\"twitter:label2\" content=\"Gesch\u00e4tzte Lesezeit\" \/>\n\t<meta name=\"twitter:data2\" content=\"2 Minuten\" \/>\n<script type=\"application\/ld+json\" class=\"yoast-schema-graph\">{\"@context\":\"https:\/\/schema.org\",\"@graph\":[{\"@type\":\"Article\",\"@id\":\"https:\/\/www.ringier.com\/de\/sascha-hilpert-wird-leiter-business-development-der-ringier-ag\/#article\",\"isPartOf\":{\"@id\":\"https:\/\/www.ringier.com\/de\/sascha-hilpert-wird-leiter-business-development-der-ringier-ag\/\"},\"author\":{\"name\":\"Marc Liniger\",\"@id\":\"https:\/\/www.ringier.com\/de\/#\/schema\/person\/1e03be3d98efb061d1ca29fef411db66\"},\"headline\":\"Sascha Hilpert wird Leiter Business Development bei Ringier\",\"datePublished\":\"2018-05-28T18:22:00+00:00\",\"dateModified\":\"2025-06-18T09:58:06+00:00\",\"mainEntityOfPage\":{\"@id\":\"https:\/\/www.ringier.com\/de\/sascha-hilpert-wird-leiter-business-development-der-ringier-ag\/\"},\"wordCount\":304,\"publisher\":{\"@id\":\"https:\/\/www.ringier.com\/de\/#organization\"},\"image\":{\"@id\":\"https:\/\/www.ringier.com\/de\/sascha-hilpert-wird-leiter-business-development-der-ringier-ag\/#primaryimage\"},\"thumbnailUrl\":\"https:\/\/www.ringier.com\/wp-content\/uploads\/2021\/09\/Sascha_Hilpert-600x400-1.jpg\",\"articleSection\":[\"Corporate\"],\"inLanguage\":\"de-DE\"},{\"@type\":\"WebPage\",\"@id\":\"https:\/\/www.ringier.com\/de\/sascha-hilpert-wird-leiter-business-development-der-ringier-ag\/\",\"url\":\"https:\/\/www.ringier.com\/de\/sascha-hilpert-wird-leiter-business-development-der-ringier-ag\/\",\"name\":\"Sascha Hilpert wird Leiter Business Development bei Ringier - Ringier\",\"isPartOf\":{\"@id\":\"https:\/\/www.ringier.com\/de\/#website\"},\"primaryImageOfPage\":{\"@id\":\"https:\/\/www.ringier.com\/de\/sascha-hilpert-wird-leiter-business-development-der-ringier-ag\/#primaryimage\"},\"image\":{\"@id\":\"https:\/\/www.ringier.com\/de\/sascha-hilpert-wird-leiter-business-development-der-ringier-ag\/#primaryimage\"},\"thumbnailUrl\":\"https:\/\/www.ringier.com\/wp-content\/uploads\/2021\/09\/Sascha_Hilpert-600x400-1.jpg\",\"datePublished\":\"2018-05-28T18:22:00+00:00\",\"dateModified\":\"2025-06-18T09:58:06+00:00\",\"breadcrumb\":{\"@id\":\"https:\/\/www.ringier.com\/de\/sascha-hilpert-wird-leiter-business-development-der-ringier-ag\/#breadcrumb\"},\"inLanguage\":\"de-DE\",\"potentialAction\":[{\"@type\":\"ReadAction\",\"target\":[\"https:\/\/www.ringier.com\/de\/sascha-hilpert-wird-leiter-business-development-der-ringier-ag\/\"]}]},{\"@type\":\"ImageObject\",\"inLanguage\":\"de-DE\",\"@id\":\"https:\/\/www.ringier.com\/de\/sascha-hilpert-wird-leiter-business-development-der-ringier-ag\/#primaryimage\",\"url\":\"https:\/\/www.ringier.com\/wp-content\/uploads\/2021\/09\/Sascha_Hilpert-600x400-1.jpg\",\"contentUrl\":\"https:\/\/www.ringier.com\/wp-content\/uploads\/2021\/09\/Sascha_Hilpert-600x400-1.jpg\",\"width\":702,\"height\":468},{\"@type\":\"BreadcrumbList\",\"@id\":\"https:\/\/www.ringier.com\/de\/sascha-hilpert-wird-leiter-business-development-der-ringier-ag\/#breadcrumb\",\"itemListElement\":[{\"@type\":\"ListItem\",\"position\":1,\"name\":\"Home\",\"item\":\"https:\/\/www.ringier.com\/de\/\"},{\"@type\":\"ListItem\",\"position\":2,\"name\":\"Sascha Hilpert wird Leiter Business Development bei Ringier\"}]},{\"@type\":\"WebSite\",\"@id\":\"https:\/\/www.ringier.com\/de\/#website\",\"url\":\"https:\/\/www.ringier.com\/de\/\",\"name\":\"Ringier\",\"description\":\"We inform. We entertain. We connect\",\"publisher\":{\"@id\":\"https:\/\/www.ringier.com\/de\/#organization\"},\"potentialAction\":[{\"@type\":\"SearchAction\",\"target\":{\"@type\":\"EntryPoint\",\"urlTemplate\":\"https:\/\/www.ringier.com\/de\/?s={search_term_string}\"},\"query-input\":{\"@type\":\"PropertyValueSpecification\",\"valueRequired\":true,\"valueName\":\"search_term_string\"}}],\"inLanguage\":\"de-DE\"},{\"@type\":\"Organization\",\"@id\":\"https:\/\/www.ringier.com\/de\/#organization\",\"name\":\"Ringier\",\"url\":\"https:\/\/www.ringier.com\/de\/\",\"logo\":{\"@type\":\"ImageObject\",\"inLanguage\":\"de-DE\",\"@id\":\"https:\/\/www.ringier.com\/de\/#\/schema\/logo\/image\/\",\"url\":\"https:\/\/www.ringier.com\/wp-content\/uploads\/2021\/10\/ringier_logo_2.jpg\",\"contentUrl\":\"https:\/\/www.ringier.com\/wp-content\/uploads\/2021\/10\/ringier_logo_2.jpg\",\"width\":750,\"height\":550,\"caption\":\"Ringier\"},\"image\":{\"@id\":\"https:\/\/www.ringier.com\/de\/#\/schema\/logo\/image\/\"},\"sameAs\":[\"https:\/\/www.facebook.com\/ringierag\/\",\"https:\/\/x.com\/ringier_ag\",\"https:\/\/www.instagram.com\/ringier_ag\/\",\"https:\/\/www.linkedin.com\/company\/ringier\/\",\"https:\/\/www.youtube.com\/user\/RingierComm\",\"https:\/\/en.wikipedia.org\/wiki\/Ringier\",\"https:\/\/de.wikipedia.org\/wiki\/Ringier\",\"https:\/\/fr.wikipedia.org\/wiki\/Ringier\",\"https:\/\/www.crunchbase.com\/organization\/ringier-ag\"]},{\"@type\":\"Person\",\"@id\":\"https:\/\/www.ringier.com\/de\/#\/schema\/person\/1e03be3d98efb061d1ca29fef411db66\",\"name\":\"Marc Liniger\",\"image\":{\"@type\":\"ImageObject\",\"inLanguage\":\"de-DE\",\"@id\":\"https:\/\/www.ringier.com\/de\/#\/schema\/person\/image\/\",\"url\":\"https:\/\/secure.gravatar.com\/avatar\/8d184da6aa7bdcc4d1a251ecaf713aa707e2a4c24b859c6360b2b31b83c1020e?s=96&d=mm&r=g\",\"contentUrl\":\"https:\/\/secure.gravatar.com\/avatar\/8d184da6aa7bdcc4d1a251ecaf713aa707e2a4c24b859c6360b2b31b83c1020e?s=96&d=mm&r=g\",\"caption\":\"Marc Liniger\"},\"sameAs\":[\"https:\/\/www.ringier.com\"]}]}<\/script>\n<!-- \/ Yoast SEO Premium plugin. -->","yoast_head_json":{"title":"Sascha Hilpert wird Leiter Business Development bei Ringier - Ringier","robots":{"index":"index","follow":"follow","max-snippet":"max-snippet:-1","max-image-preview":"max-image-preview:large","max-video-preview":"max-video-preview:-1"},"canonical":"https:\/\/www.ringier.com\/de\/sascha-hilpert-wird-leiter-business-development-der-ringier-ag\/","og_locale":"de_DE","og_type":"article","og_title":"Sascha Hilpert wird Leiter Business Development bei Ringier","og_description":"Sascha Hilpert \u00fcbernimmt neue Funktionen bei Ringier: Als neuer Leiter des Bereichs Business Development f\u00fchrt Hilpert zudem die \u00abInternational Monetization Unit\u00bb auf Gruppenebene. Juan Bar\u00f3n, der diese Funktion bisher innehatte, hat sich entschieden, das Unternehmen zu verlassen.","og_url":"https:\/\/www.ringier.com\/de\/sascha-hilpert-wird-leiter-business-development-der-ringier-ag\/","og_site_name":"Ringier","article_publisher":"https:\/\/www.facebook.com\/ringierag\/","article_published_time":"2018-05-28T18:22:00+00:00","article_modified_time":"2025-06-18T09:58:06+00:00","og_image":[{"width":702,"height":468,"url":"https:\/\/www.ringier.com\/wp-content\/uploads\/2021\/09\/Sascha_Hilpert-600x400-1.jpg","type":"image\/jpeg"}],"author":"Marc Liniger","twitter_card":"summary_large_image","twitter_creator":"@ringier_ag","twitter_site":"@ringier_ag","twitter_misc":{"Verfasst von":"Marc Liniger","Gesch\u00e4tzte Lesezeit":"2 Minuten"},"schema":{"@context":"https:\/\/schema.org","@graph":[{"@type":"Article","@id":"https:\/\/www.ringier.com\/de\/sascha-hilpert-wird-leiter-business-development-der-ringier-ag\/#article","isPartOf":{"@id":"https:\/\/www.ringier.com\/de\/sascha-hilpert-wird-leiter-business-development-der-ringier-ag\/"},"author":{"name":"Marc Liniger","@id":"https:\/\/www.ringier.com\/de\/#\/schema\/person\/1e03be3d98efb061d1ca29fef411db66"},"headline":"Sascha Hilpert wird Leiter Business Development bei Ringier","datePublished":"2018-05-28T18:22:00+00:00","dateModified":"2025-06-18T09:58:06+00:00","mainEntityOfPage":{"@id":"https:\/\/www.ringier.com\/de\/sascha-hilpert-wird-leiter-business-development-der-ringier-ag\/"},"wordCount":304,"publisher":{"@id":"https:\/\/www.ringier.com\/de\/#organization"},"image":{"@id":"https:\/\/www.ringier.com\/de\/sascha-hilpert-wird-leiter-business-development-der-ringier-ag\/#primaryimage"},"thumbnailUrl":"https:\/\/www.ringier.com\/wp-content\/uploads\/2021\/09\/Sascha_Hilpert-600x400-1.jpg","articleSection":["Corporate"],"inLanguage":"de-DE"},{"@type":"WebPage","@id":"https:\/\/www.ringier.com\/de\/sascha-hilpert-wird-leiter-business-development-der-ringier-ag\/","url":"https:\/\/www.ringier.com\/de\/sascha-hilpert-wird-leiter-business-development-der-ringier-ag\/","name":"Sascha Hilpert wird Leiter Business Development bei Ringier - Ringier","isPartOf":{"@id":"https:\/\/www.ringier.com\/de\/#website"},"primaryImageOfPage":{"@id":"https:\/\/www.ringier.com\/de\/sascha-hilpert-wird-leiter-business-development-der-ringier-ag\/#primaryimage"},"image":{"@id":"https:\/\/www.ringier.com\/de\/sascha-hilpert-wird-leiter-business-development-der-ringier-ag\/#primaryimage"},"thumbnailUrl":"https:\/\/www.ringier.com\/wp-content\/uploads\/2021\/09\/Sascha_Hilpert-600x400-1.jpg","datePublished":"2018-05-28T18:22:00+00:00","dateModified":"2025-06-18T09:58:06+00:00","breadcrumb":{"@id":"https:\/\/www.ringier.com\/de\/sascha-hilpert-wird-leiter-business-development-der-ringier-ag\/#breadcrumb"},"inLanguage":"de-DE","potentialAction":[{"@type":"ReadAction","target":["https:\/\/www.ringier.com\/de\/sascha-hilpert-wird-leiter-business-development-der-ringier-ag\/"]}]},{"@type":"ImageObject","inLanguage":"de-DE","@id":"https:\/\/www.ringier.com\/de\/sascha-hilpert-wird-leiter-business-development-der-ringier-ag\/#primaryimage","url":"https:\/\/www.ringier.com\/wp-content\/uploads\/2021\/09\/Sascha_Hilpert-600x400-1.jpg","contentUrl":"https:\/\/www.ringier.com\/wp-content\/uploads\/2021\/09\/Sascha_Hilpert-600x400-1.jpg","width":702,"height":468},{"@type":"BreadcrumbList","@id":"https:\/\/www.ringier.com\/de\/sascha-hilpert-wird-leiter-business-development-der-ringier-ag\/#breadcrumb","itemListElement":[{"@type":"ListItem","position":1,"name":"Home","item":"https:\/\/www.ringier.com\/de\/"},{"@type":"ListItem","position":2,"name":"Sascha Hilpert wird Leiter Business Development bei Ringier"}]},{"@type":"WebSite","@id":"https:\/\/www.ringier.com\/de\/#website","url":"https:\/\/www.ringier.com\/de\/","name":"Ringier","description":"We inform. We entertain. We connect","publisher":{"@id":"https:\/\/www.ringier.com\/de\/#organization"},"potentialAction":[{"@type":"SearchAction","target":{"@type":"EntryPoint","urlTemplate":"https:\/\/www.ringier.com\/de\/?s={search_term_string}"},"query-input":{"@type":"PropertyValueSpecification","valueRequired":true,"valueName":"search_term_string"}}],"inLanguage":"de-DE"},{"@type":"Organization","@id":"https:\/\/www.ringier.com\/de\/#organization","name":"Ringier","url":"https:\/\/www.ringier.com\/de\/","logo":{"@type":"ImageObject","inLanguage":"de-DE","@id":"https:\/\/www.ringier.com\/de\/#\/schema\/logo\/image\/","url":"https:\/\/www.ringier.com\/wp-content\/uploads\/2021\/10\/ringier_logo_2.jpg","contentUrl":"https:\/\/www.ringier.com\/wp-content\/uploads\/2021\/10\/ringier_logo_2.jpg","width":750,"height":550,"caption":"Ringier"},"image":{"@id":"https:\/\/www.ringier.com\/de\/#\/schema\/logo\/image\/"},"sameAs":["https:\/\/www.facebook.com\/ringierag\/","https:\/\/x.com\/ringier_ag","https:\/\/www.instagram.com\/ringier_ag\/","https:\/\/www.linkedin.com\/company\/ringier\/","https:\/\/www.youtube.com\/user\/RingierComm","https:\/\/en.wikipedia.org\/wiki\/Ringier","https:\/\/de.wikipedia.org\/wiki\/Ringier","https:\/\/fr.wikipedia.org\/wiki\/Ringier","https:\/\/www.crunchbase.com\/organization\/ringier-ag"]},{"@type":"Person","@id":"https:\/\/www.ringier.com\/de\/#\/schema\/person\/1e03be3d98efb061d1ca29fef411db66","name":"Marc Liniger","image":{"@type":"ImageObject","inLanguage":"de-DE","@id":"https:\/\/www.ringier.com\/de\/#\/schema\/person\/image\/","url":"https:\/\/secure.gravatar.com\/avatar\/8d184da6aa7bdcc4d1a251ecaf713aa707e2a4c24b859c6360b2b31b83c1020e?s=96&d=mm&r=g","contentUrl":"https:\/\/secure.gravatar.com\/avatar\/8d184da6aa7bdcc4d1a251ecaf713aa707e2a4c24b859c6360b2b31b83c1020e?s=96&d=mm&r=g","caption":"Marc Liniger"},"sameAs":["https:\/\/www.ringier.com"]}]}},"_links":{"self":[{"href":"https:\/\/www.ringier.com\/de\/wp-json\/wp\/v2\/posts\/8657","targetHints":{"allow":["GET"]}}],"collection":[{"href":"https:\/\/www.ringier.com\/de\/wp-json\/wp\/v2\/posts"}],"about":[{"href":"https:\/\/www.ringier.com\/de\/wp-json\/wp\/v2\/types\/post"}],"author":[{"embeddable":true,"href":"https:\/\/www.ringier.com\/de\/wp-json\/wp\/v2\/users\/7"}],"replies":[{"embeddable":true,"href":"https:\/\/www.ringier.com\/de\/wp-json\/wp\/v2\/comments?post=8657"}],"version-history":[{"count":0,"href":"https:\/\/www.ringier.com\/de\/wp-json\/wp\/v2\/posts\/8657\/revisions"}],"wp:featuredmedia":[{"embeddable":true,"href":"https:\/\/www.ringier.com\/de\/wp-json\/wp\/v2\/media\/8656"}],"wp:attachment":[{"href":"https:\/\/www.ringier.com\/de\/wp-json\/wp\/v2\/media?parent=8657"}],"wp:term":[{"taxonomy":"category","embeddable":true,"href":"https:\/\/www.ringier.com\/de\/wp-json\/wp\/v2\/categories?post=8657"},{"taxonomy":"post_tag","embeddable":true,"href":"https:\/\/www.ringier.com\/de\/wp-json\/wp\/v2\/tags?post=8657"}],"curies":[{"name":"wp","href":"https:\/\/api.w.org\/{rel}","templated":true}]}}