{"id":8645,"date":"2018-06-04T11:52:00","date_gmt":"2018-06-04T09:52:00","guid":{"rendered":"https:\/\/www.ringier.com\/?p=8645"},"modified":"2024-11-19T15:04:36","modified_gmt":"2024-11-19T14:04:36","slug":"blick-und-hotelplan-lancieren-musikkreuzfahrt-stars-auf-see","status":"publish","type":"post","link":"https:\/\/www.ringier.com\/de\/blick-und-hotelplan-lancieren-musikkreuzfahrt-stars-auf-see\/","title":{"rendered":"Blick und Hotelplan lancieren Musikkreuzfahrt \u00abStars auf See\u00bb"},"content":{"rendered":"\n<p>Hotelplan und&nbsp;<em>Blick<\/em>&nbsp;pr\u00e4sentieren die Musikkreuzfahrt \u00abStars auf See\u00bb. Die G\u00e4ste erleben eine Woche gef\u00fcllt mit t\u00e4glichen Konzerten von bekannten Stars und stimmungsvollen Discoabenden, kombiniert mit den Vorz\u00fcgen einer Kreuzfahrt: t\u00e4glich neue Destinationen, Entspannung und Vollpension an Bord. Zu den bekannten Namen, die w\u00e4hrend der Kreuzfahrt mit an Bord sein werden, geh\u00f6ren die Schlager- und Volksrock-Stars Beatrice Egli, Florian Ast, \u00abMiss Helvetia\u00bb, \u00abRebel Tell\u00bb, Vincent Gross, \u00abvoXXclub\u00bb und \u00abDie jungen Zillertaler\u00bb. Weitere K\u00fcnstler werden in den n\u00e4chsten Wochen und Monaten bekannt gegeben.<\/p>\n\n\n\n<p>Los geht es am 5. Oktober 2019, wenn das 4-Sterne-Kreuzfahrtschiff \u00abCosta Victoria\u00bb in Venedig in See sticht. Weiter f\u00fchrt die Route der italienischen Adriak\u00fcste entlang bis nach Argost\u00f3lion in Griechenland. \u00dcber weitere Zwischenstopps an den K\u00fcsten von Albanien, Montenegro und Kroatien kommt die \u00abCosta Victoria\u00bb eine Woche sp\u00e4ter wieder in Venedig an. Sieben N\u00e4chte sind ab 1490 Franken pro Person inklusive Vollpension ab \/ bis Venedig bei Hotelplan buchbar. <\/p>\n\n\n\n<p>Zur Bewerbung der \u00abStars auf See\u00bb nutzt die\u00a0<em>Blick<\/em>-Gruppe eine 360\u00b0-Marketing-Kampagne, die auch einen TV- und Kinospot umfasst. Der Spot wurde erstmals komplett von der\u00a0<em>Blick<\/em>-Videoabteilung kreiert und produziert. <\/p>\n\n\n\n<p>Nicolas Pernet, Leiter Marketing und New Business&nbsp;<em>Blick<\/em>-Gruppe: \u00abWir sind \u00fcberzeugt, mit der Musikkreuzfahrt \u2039Stars auf See\u203a den Geschmack zahlreicher&nbsp;<em>Blick<\/em>-Leserinnen und -Leser zu treffen. Ausserdem sind wir stolz, unsere Partnerschaft mit Hotelplan auf diesem Weg zu vertiefen.\u00bb<\/p>\n\n\n\n<p>\u00abIm April 2018 f\u00fchrte Hotelplan erstmals die Kreuzfahrt \u2039Schlagerwelle\u203a durch, die dank vieler bekannter Namen, aber auch dank der Medienpartnerschaft der&nbsp;<em>Blick<\/em>-Gruppe f\u00fcr uns ein voller Erfolg war. Wir freuen uns sehr, n\u00e4chstes Jahr die \u2039Stars auf See\u203a-Musikkreuzfahrt wiederum gemeinsam mit&nbsp;<em>Blick<\/em>&nbsp;zu veranstalten\u00bb, erg\u00e4nzt Kurt Eberhard, CEO Hotelplan Suisse.<\/p>\n\n\n\n<p>Ringier AG, Corporate Communications<\/p>\n","protected":false},"excerpt":{"rendered":"<p>Am 5. Oktober 2019 sticht die \u00abCosta Victoria\u00bb in See. Mit an Bord sind Schlager- und Volksrock-Fans, die dank Blick und Hotelplan in den Genuss von Sommer, Sonne und Entspannung kommen \u2013 zusammen mit Live-Auftritten von Stars wie Beatrice Egli, Florian Ast, Miss Helvetia oder Vincent Gross.<\/p>\n","protected":false},"author":7,"featured_media":8646,"comment_status":"closed","ping_status":"open","sticky":false,"template":"","format":"standard","meta":{"inline_featured_image":false,"footnotes":""},"categories":[371,361],"tags":[],"class_list":["post-8645","post","type-post","status-publish","format-standard","has-post-thumbnail","hentry","category-media-de","category-ringier-medien-schweiz"],"yoast_head":"<!-- This site is optimized with the Yoast SEO Premium plugin v27.0 (Yoast SEO v27.0) - https:\/\/yoast.com\/product\/yoast-seo-premium-wordpress\/ -->\n<title>Blick und Hotelplan lancieren Musikkreuzfahrt \u00abStars auf See\u00bb - Ringier<\/title>\n<meta name=\"robots\" content=\"index, follow, max-snippet:-1, max-image-preview:large, max-video-preview:-1\" \/>\n<link rel=\"canonical\" href=\"https:\/\/www.ringier.com\/de\/blick-und-hotelplan-lancieren-musikkreuzfahrt-stars-auf-see\/\" \/>\n<meta property=\"og:locale\" content=\"de_DE\" \/>\n<meta property=\"og:type\" content=\"article\" \/>\n<meta property=\"og:title\" content=\"Blick und Hotelplan lancieren Musikkreuzfahrt \u00abStars auf See\u00bb\" \/>\n<meta property=\"og:description\" content=\"Am 5. Oktober 2019 sticht die \u00abCosta Victoria\u00bb in See. Mit an Bord sind Schlager- und Volksrock-Fans, die dank Blick und Hotelplan in den Genuss von Sommer, Sonne und Entspannung kommen \u2013 zusammen mit Live-Auftritten von Stars wie Beatrice Egli, Florian Ast, Miss Helvetia oder Vincent Gross.\" \/>\n<meta property=\"og:url\" content=\"https:\/\/www.ringier.com\/de\/blick-und-hotelplan-lancieren-musikkreuzfahrt-stars-auf-see\/\" \/>\n<meta property=\"og:site_name\" content=\"Ringier\" \/>\n<meta property=\"article:publisher\" content=\"https:\/\/www.facebook.com\/ringierag\/\" \/>\n<meta property=\"article:published_time\" content=\"2018-06-04T09:52:00+00:00\" \/>\n<meta property=\"article:modified_time\" content=\"2024-11-19T14:04:36+00:00\" \/>\n<meta property=\"og:image\" content=\"https:\/\/www.ringier.com\/wp-content\/uploads\/2021\/09\/59-blick-starsaufsee-600x400-1-scaled.jpg\" \/>\n\t<meta property=\"og:image:width\" content=\"2560\" \/>\n\t<meta property=\"og:image:height\" content=\"1707\" \/>\n\t<meta property=\"og:image:type\" content=\"image\/jpeg\" \/>\n<meta name=\"author\" content=\"Marc Liniger\" \/>\n<meta name=\"twitter:card\" content=\"summary_large_image\" \/>\n<meta name=\"twitter:creator\" content=\"@ringier_ag\" \/>\n<meta name=\"twitter:site\" content=\"@ringier_ag\" \/>\n<meta name=\"twitter:label1\" content=\"Verfasst von\" \/>\n\t<meta name=\"twitter:data1\" content=\"Marc Liniger\" \/>\n\t<meta name=\"twitter:label2\" content=\"Gesch\u00e4tzte Lesezeit\" \/>\n\t<meta name=\"twitter:data2\" content=\"2 Minuten\" \/>\n<script type=\"application\/ld+json\" class=\"yoast-schema-graph\">{\"@context\":\"https:\/\/schema.org\",\"@graph\":[{\"@type\":\"Article\",\"@id\":\"https:\/\/www.ringier.com\/de\/blick-und-hotelplan-lancieren-musikkreuzfahrt-stars-auf-see\/#article\",\"isPartOf\":{\"@id\":\"https:\/\/www.ringier.com\/de\/blick-und-hotelplan-lancieren-musikkreuzfahrt-stars-auf-see\/\"},\"author\":{\"name\":\"Marc Liniger\",\"@id\":\"https:\/\/www.ringier.com\/de\/#\/schema\/person\/1e03be3d98efb061d1ca29fef411db66\"},\"headline\":\"Blick und Hotelplan lancieren Musikkreuzfahrt \u00abStars auf See\u00bb\",\"datePublished\":\"2018-06-04T09:52:00+00:00\",\"dateModified\":\"2024-11-19T14:04:36+00:00\",\"mainEntityOfPage\":{\"@id\":\"https:\/\/www.ringier.com\/de\/blick-und-hotelplan-lancieren-musikkreuzfahrt-stars-auf-see\/\"},\"wordCount\":303,\"publisher\":{\"@id\":\"https:\/\/www.ringier.com\/de\/#organization\"},\"image\":{\"@id\":\"https:\/\/www.ringier.com\/de\/blick-und-hotelplan-lancieren-musikkreuzfahrt-stars-auf-see\/#primaryimage\"},\"thumbnailUrl\":\"https:\/\/www.ringier.com\/wp-content\/uploads\/2021\/09\/59-blick-starsaufsee-600x400-1-scaled.jpg\",\"articleSection\":[\"Media\",\"Ringier Medien Schweiz\"],\"inLanguage\":\"de-DE\"},{\"@type\":\"WebPage\",\"@id\":\"https:\/\/www.ringier.com\/de\/blick-und-hotelplan-lancieren-musikkreuzfahrt-stars-auf-see\/\",\"url\":\"https:\/\/www.ringier.com\/de\/blick-und-hotelplan-lancieren-musikkreuzfahrt-stars-auf-see\/\",\"name\":\"Blick und Hotelplan lancieren Musikkreuzfahrt \u00abStars auf See\u00bb - Ringier\",\"isPartOf\":{\"@id\":\"https:\/\/www.ringier.com\/de\/#website\"},\"primaryImageOfPage\":{\"@id\":\"https:\/\/www.ringier.com\/de\/blick-und-hotelplan-lancieren-musikkreuzfahrt-stars-auf-see\/#primaryimage\"},\"image\":{\"@id\":\"https:\/\/www.ringier.com\/de\/blick-und-hotelplan-lancieren-musikkreuzfahrt-stars-auf-see\/#primaryimage\"},\"thumbnailUrl\":\"https:\/\/www.ringier.com\/wp-content\/uploads\/2021\/09\/59-blick-starsaufsee-600x400-1-scaled.jpg\",\"datePublished\":\"2018-06-04T09:52:00+00:00\",\"dateModified\":\"2024-11-19T14:04:36+00:00\",\"breadcrumb\":{\"@id\":\"https:\/\/www.ringier.com\/de\/blick-und-hotelplan-lancieren-musikkreuzfahrt-stars-auf-see\/#breadcrumb\"},\"inLanguage\":\"de-DE\",\"potentialAction\":[{\"@type\":\"ReadAction\",\"target\":[\"https:\/\/www.ringier.com\/de\/blick-und-hotelplan-lancieren-musikkreuzfahrt-stars-auf-see\/\"]}]},{\"@type\":\"ImageObject\",\"inLanguage\":\"de-DE\",\"@id\":\"https:\/\/www.ringier.com\/de\/blick-und-hotelplan-lancieren-musikkreuzfahrt-stars-auf-see\/#primaryimage\",\"url\":\"https:\/\/www.ringier.com\/wp-content\/uploads\/2021\/09\/59-blick-starsaufsee-600x400-1-scaled.jpg\",\"contentUrl\":\"https:\/\/www.ringier.com\/wp-content\/uploads\/2021\/09\/59-blick-starsaufsee-600x400-1-scaled.jpg\",\"width\":2560,\"height\":1707},{\"@type\":\"BreadcrumbList\",\"@id\":\"https:\/\/www.ringier.com\/de\/blick-und-hotelplan-lancieren-musikkreuzfahrt-stars-auf-see\/#breadcrumb\",\"itemListElement\":[{\"@type\":\"ListItem\",\"position\":1,\"name\":\"Home\",\"item\":\"https:\/\/www.ringier.com\/de\/\"},{\"@type\":\"ListItem\",\"position\":2,\"name\":\"Blick und Hotelplan lancieren Musikkreuzfahrt \u00abStars auf See\u00bb\"}]},{\"@type\":\"WebSite\",\"@id\":\"https:\/\/www.ringier.com\/de\/#website\",\"url\":\"https:\/\/www.ringier.com\/de\/\",\"name\":\"Ringier\",\"description\":\"We inform. We entertain. We connect\",\"publisher\":{\"@id\":\"https:\/\/www.ringier.com\/de\/#organization\"},\"potentialAction\":[{\"@type\":\"SearchAction\",\"target\":{\"@type\":\"EntryPoint\",\"urlTemplate\":\"https:\/\/www.ringier.com\/de\/?s={search_term_string}\"},\"query-input\":{\"@type\":\"PropertyValueSpecification\",\"valueRequired\":true,\"valueName\":\"search_term_string\"}}],\"inLanguage\":\"de-DE\"},{\"@type\":\"Organization\",\"@id\":\"https:\/\/www.ringier.com\/de\/#organization\",\"name\":\"Ringier\",\"url\":\"https:\/\/www.ringier.com\/de\/\",\"logo\":{\"@type\":\"ImageObject\",\"inLanguage\":\"de-DE\",\"@id\":\"https:\/\/www.ringier.com\/de\/#\/schema\/logo\/image\/\",\"url\":\"https:\/\/www.ringier.com\/wp-content\/uploads\/2021\/10\/ringier_logo_2.jpg\",\"contentUrl\":\"https:\/\/www.ringier.com\/wp-content\/uploads\/2021\/10\/ringier_logo_2.jpg\",\"width\":750,\"height\":550,\"caption\":\"Ringier\"},\"image\":{\"@id\":\"https:\/\/www.ringier.com\/de\/#\/schema\/logo\/image\/\"},\"sameAs\":[\"https:\/\/www.facebook.com\/ringierag\/\",\"https:\/\/x.com\/ringier_ag\",\"https:\/\/www.instagram.com\/ringier_ag\/\",\"https:\/\/www.linkedin.com\/company\/ringier\/\",\"https:\/\/www.youtube.com\/user\/RingierComm\",\"https:\/\/en.wikipedia.org\/wiki\/Ringier\",\"https:\/\/de.wikipedia.org\/wiki\/Ringier\",\"https:\/\/fr.wikipedia.org\/wiki\/Ringier\",\"https:\/\/www.crunchbase.com\/organization\/ringier-ag\"]},{\"@type\":\"Person\",\"@id\":\"https:\/\/www.ringier.com\/de\/#\/schema\/person\/1e03be3d98efb061d1ca29fef411db66\",\"name\":\"Marc Liniger\",\"image\":{\"@type\":\"ImageObject\",\"inLanguage\":\"de-DE\",\"@id\":\"https:\/\/www.ringier.com\/de\/#\/schema\/person\/image\/\",\"url\":\"https:\/\/secure.gravatar.com\/avatar\/8d184da6aa7bdcc4d1a251ecaf713aa707e2a4c24b859c6360b2b31b83c1020e?s=96&d=mm&r=g\",\"contentUrl\":\"https:\/\/secure.gravatar.com\/avatar\/8d184da6aa7bdcc4d1a251ecaf713aa707e2a4c24b859c6360b2b31b83c1020e?s=96&d=mm&r=g\",\"caption\":\"Marc Liniger\"},\"sameAs\":[\"https:\/\/www.ringier.com\"]}]}<\/script>\n<!-- \/ Yoast SEO Premium plugin. -->","yoast_head_json":{"title":"Blick und Hotelplan lancieren Musikkreuzfahrt \u00abStars auf See\u00bb - Ringier","robots":{"index":"index","follow":"follow","max-snippet":"max-snippet:-1","max-image-preview":"max-image-preview:large","max-video-preview":"max-video-preview:-1"},"canonical":"https:\/\/www.ringier.com\/de\/blick-und-hotelplan-lancieren-musikkreuzfahrt-stars-auf-see\/","og_locale":"de_DE","og_type":"article","og_title":"Blick und Hotelplan lancieren Musikkreuzfahrt \u00abStars auf See\u00bb","og_description":"Am 5. Oktober 2019 sticht die \u00abCosta Victoria\u00bb in See. Mit an Bord sind Schlager- und Volksrock-Fans, die dank Blick und Hotelplan in den Genuss von Sommer, Sonne und Entspannung kommen \u2013 zusammen mit Live-Auftritten von Stars wie Beatrice Egli, Florian Ast, Miss Helvetia oder Vincent Gross.","og_url":"https:\/\/www.ringier.com\/de\/blick-und-hotelplan-lancieren-musikkreuzfahrt-stars-auf-see\/","og_site_name":"Ringier","article_publisher":"https:\/\/www.facebook.com\/ringierag\/","article_published_time":"2018-06-04T09:52:00+00:00","article_modified_time":"2024-11-19T14:04:36+00:00","og_image":[{"width":2560,"height":1707,"url":"https:\/\/www.ringier.com\/wp-content\/uploads\/2021\/09\/59-blick-starsaufsee-600x400-1-scaled.jpg","type":"image\/jpeg"}],"author":"Marc Liniger","twitter_card":"summary_large_image","twitter_creator":"@ringier_ag","twitter_site":"@ringier_ag","twitter_misc":{"Verfasst von":"Marc Liniger","Gesch\u00e4tzte Lesezeit":"2 Minuten"},"schema":{"@context":"https:\/\/schema.org","@graph":[{"@type":"Article","@id":"https:\/\/www.ringier.com\/de\/blick-und-hotelplan-lancieren-musikkreuzfahrt-stars-auf-see\/#article","isPartOf":{"@id":"https:\/\/www.ringier.com\/de\/blick-und-hotelplan-lancieren-musikkreuzfahrt-stars-auf-see\/"},"author":{"name":"Marc Liniger","@id":"https:\/\/www.ringier.com\/de\/#\/schema\/person\/1e03be3d98efb061d1ca29fef411db66"},"headline":"Blick und Hotelplan lancieren Musikkreuzfahrt \u00abStars auf See\u00bb","datePublished":"2018-06-04T09:52:00+00:00","dateModified":"2024-11-19T14:04:36+00:00","mainEntityOfPage":{"@id":"https:\/\/www.ringier.com\/de\/blick-und-hotelplan-lancieren-musikkreuzfahrt-stars-auf-see\/"},"wordCount":303,"publisher":{"@id":"https:\/\/www.ringier.com\/de\/#organization"},"image":{"@id":"https:\/\/www.ringier.com\/de\/blick-und-hotelplan-lancieren-musikkreuzfahrt-stars-auf-see\/#primaryimage"},"thumbnailUrl":"https:\/\/www.ringier.com\/wp-content\/uploads\/2021\/09\/59-blick-starsaufsee-600x400-1-scaled.jpg","articleSection":["Media","Ringier Medien Schweiz"],"inLanguage":"de-DE"},{"@type":"WebPage","@id":"https:\/\/www.ringier.com\/de\/blick-und-hotelplan-lancieren-musikkreuzfahrt-stars-auf-see\/","url":"https:\/\/www.ringier.com\/de\/blick-und-hotelplan-lancieren-musikkreuzfahrt-stars-auf-see\/","name":"Blick und Hotelplan lancieren Musikkreuzfahrt \u00abStars auf See\u00bb - Ringier","isPartOf":{"@id":"https:\/\/www.ringier.com\/de\/#website"},"primaryImageOfPage":{"@id":"https:\/\/www.ringier.com\/de\/blick-und-hotelplan-lancieren-musikkreuzfahrt-stars-auf-see\/#primaryimage"},"image":{"@id":"https:\/\/www.ringier.com\/de\/blick-und-hotelplan-lancieren-musikkreuzfahrt-stars-auf-see\/#primaryimage"},"thumbnailUrl":"https:\/\/www.ringier.com\/wp-content\/uploads\/2021\/09\/59-blick-starsaufsee-600x400-1-scaled.jpg","datePublished":"2018-06-04T09:52:00+00:00","dateModified":"2024-11-19T14:04:36+00:00","breadcrumb":{"@id":"https:\/\/www.ringier.com\/de\/blick-und-hotelplan-lancieren-musikkreuzfahrt-stars-auf-see\/#breadcrumb"},"inLanguage":"de-DE","potentialAction":[{"@type":"ReadAction","target":["https:\/\/www.ringier.com\/de\/blick-und-hotelplan-lancieren-musikkreuzfahrt-stars-auf-see\/"]}]},{"@type":"ImageObject","inLanguage":"de-DE","@id":"https:\/\/www.ringier.com\/de\/blick-und-hotelplan-lancieren-musikkreuzfahrt-stars-auf-see\/#primaryimage","url":"https:\/\/www.ringier.com\/wp-content\/uploads\/2021\/09\/59-blick-starsaufsee-600x400-1-scaled.jpg","contentUrl":"https:\/\/www.ringier.com\/wp-content\/uploads\/2021\/09\/59-blick-starsaufsee-600x400-1-scaled.jpg","width":2560,"height":1707},{"@type":"BreadcrumbList","@id":"https:\/\/www.ringier.com\/de\/blick-und-hotelplan-lancieren-musikkreuzfahrt-stars-auf-see\/#breadcrumb","itemListElement":[{"@type":"ListItem","position":1,"name":"Home","item":"https:\/\/www.ringier.com\/de\/"},{"@type":"ListItem","position":2,"name":"Blick und Hotelplan lancieren Musikkreuzfahrt \u00abStars auf See\u00bb"}]},{"@type":"WebSite","@id":"https:\/\/www.ringier.com\/de\/#website","url":"https:\/\/www.ringier.com\/de\/","name":"Ringier","description":"We inform. We entertain. We connect","publisher":{"@id":"https:\/\/www.ringier.com\/de\/#organization"},"potentialAction":[{"@type":"SearchAction","target":{"@type":"EntryPoint","urlTemplate":"https:\/\/www.ringier.com\/de\/?s={search_term_string}"},"query-input":{"@type":"PropertyValueSpecification","valueRequired":true,"valueName":"search_term_string"}}],"inLanguage":"de-DE"},{"@type":"Organization","@id":"https:\/\/www.ringier.com\/de\/#organization","name":"Ringier","url":"https:\/\/www.ringier.com\/de\/","logo":{"@type":"ImageObject","inLanguage":"de-DE","@id":"https:\/\/www.ringier.com\/de\/#\/schema\/logo\/image\/","url":"https:\/\/www.ringier.com\/wp-content\/uploads\/2021\/10\/ringier_logo_2.jpg","contentUrl":"https:\/\/www.ringier.com\/wp-content\/uploads\/2021\/10\/ringier_logo_2.jpg","width":750,"height":550,"caption":"Ringier"},"image":{"@id":"https:\/\/www.ringier.com\/de\/#\/schema\/logo\/image\/"},"sameAs":["https:\/\/www.facebook.com\/ringierag\/","https:\/\/x.com\/ringier_ag","https:\/\/www.instagram.com\/ringier_ag\/","https:\/\/www.linkedin.com\/company\/ringier\/","https:\/\/www.youtube.com\/user\/RingierComm","https:\/\/en.wikipedia.org\/wiki\/Ringier","https:\/\/de.wikipedia.org\/wiki\/Ringier","https:\/\/fr.wikipedia.org\/wiki\/Ringier","https:\/\/www.crunchbase.com\/organization\/ringier-ag"]},{"@type":"Person","@id":"https:\/\/www.ringier.com\/de\/#\/schema\/person\/1e03be3d98efb061d1ca29fef411db66","name":"Marc Liniger","image":{"@type":"ImageObject","inLanguage":"de-DE","@id":"https:\/\/www.ringier.com\/de\/#\/schema\/person\/image\/","url":"https:\/\/secure.gravatar.com\/avatar\/8d184da6aa7bdcc4d1a251ecaf713aa707e2a4c24b859c6360b2b31b83c1020e?s=96&d=mm&r=g","contentUrl":"https:\/\/secure.gravatar.com\/avatar\/8d184da6aa7bdcc4d1a251ecaf713aa707e2a4c24b859c6360b2b31b83c1020e?s=96&d=mm&r=g","caption":"Marc Liniger"},"sameAs":["https:\/\/www.ringier.com"]}]}},"_links":{"self":[{"href":"https:\/\/www.ringier.com\/de\/wp-json\/wp\/v2\/posts\/8645","targetHints":{"allow":["GET"]}}],"collection":[{"href":"https:\/\/www.ringier.com\/de\/wp-json\/wp\/v2\/posts"}],"about":[{"href":"https:\/\/www.ringier.com\/de\/wp-json\/wp\/v2\/types\/post"}],"author":[{"embeddable":true,"href":"https:\/\/www.ringier.com\/de\/wp-json\/wp\/v2\/users\/7"}],"replies":[{"embeddable":true,"href":"https:\/\/www.ringier.com\/de\/wp-json\/wp\/v2\/comments?post=8645"}],"version-history":[{"count":0,"href":"https:\/\/www.ringier.com\/de\/wp-json\/wp\/v2\/posts\/8645\/revisions"}],"wp:featuredmedia":[{"embeddable":true,"href":"https:\/\/www.ringier.com\/de\/wp-json\/wp\/v2\/media\/8646"}],"wp:attachment":[{"href":"https:\/\/www.ringier.com\/de\/wp-json\/wp\/v2\/media?parent=8645"}],"wp:term":[{"taxonomy":"category","embeddable":true,"href":"https:\/\/www.ringier.com\/de\/wp-json\/wp\/v2\/categories?post=8645"},{"taxonomy":"post_tag","embeddable":true,"href":"https:\/\/www.ringier.com\/de\/wp-json\/wp\/v2\/tags?post=8645"}],"curies":[{"name":"wp","href":"https:\/\/api.w.org\/{rel}","templated":true}]}}