{"id":8322,"date":"2015-03-17T14:17:00","date_gmt":"2015-03-17T13:17:00","guid":{"rendered":"https:\/\/www.ringier.com\/?p=8322"},"modified":"2024-11-27T10:40:36","modified_gmt":"2024-11-27T09:40:36","slug":"brueder-im-geiste-deutschland-und-israel-gesehen-von-zwei-kuenstlern","status":"publish","type":"post","link":"https:\/\/www.ringier.com\/de\/brueder-im-geiste-deutschland-und-israel-gesehen-von-zwei-kuenstlern\/","title":{"rendered":"Br\u00fcder im Geiste? Deutschland und Israel \u2013 gesehen von zwei K\u00fcnstlern"},"content":{"rendered":"\n<p>Am Anfang stand ein Ateliertausch zwischen Tel Aviv und Berlin. Die beiden K\u00fcnstler kannten sich nicht \u2013 in der Aprilausgabe von\u00a0<em>Monopol<\/em>\u00a0pr\u00e4sentieren sie eine aussergew\u00f6hnliche Zusammenarbeit: Collagen \u00fcber das Leben und die Politik in Deutschland und Israel, 50 Jahre nach Wiederaufnahme der diplomatischen Beziehungen zwischen beiden L\u00e4ndern.<br><br>Die grossz\u00fcgige K\u00fcnstlerstrecke in\u00a0<em>Monopol<\/em>, ein Kunstwerk f\u00fcr alle Leser, besteht aus Symbolbildern einer so ungew\u00f6hnlichen wie schwierigen Freundschaft zwischen zwei Staaten. Und scheut dabei von provokanten Motiven nicht zur\u00fcck: Soldaten der Wehrmacht und schwule Jungs \u2013 nackt allesamt. Ein Bataillon von VW-K\u00e4fern und das Symbol der Ausstellung \u00abEntartete Kunst\u00bb. Die j\u00fcdische Menora und Meister Proper als Skin, das brennende Tel Aviv und eine Reihe von Goldz\u00e4hnen \u2013 nein, leicht verdaulich sind die Collagen, \u00fcber Monate entstanden, nicht.<br><br>Warum auch? Das Thema l\u00e4sst keinen kalt, die Debatte um den Nahostkonflikt und die deutsche Verantwortung wird erhitzt gef\u00fchrt. Es ist nicht an den K\u00fcnstlern, das alles in Watte zu packen. Im Gegenteil. Wer, wenn nicht ein K\u00fcnstler, k\u00f6nnte einen Blick auf Alltag und Geschichte in Israel und Deutschland werfen, der quer zum Konsens steht, der Klischees und Tabus aufnimmt und zuspitzt und dabei an Sch\u00e4rfe gewinnt?<br><br>Ausserdem in\u00a0<em>Monopol<\/em>: Ein Portr\u00e4t des angesagten New Yorker Architekturb\u00fcros Diller, Scofidio und Renfro, bekannt durch die High Line in Manhattan, und ihre aufregenden neuen Projekte. Die Wiederentdeckung des legend\u00e4ren, charismatischen James Lee Byars, der mit Joseph Beuys befreundet war und seinen eigenen Tod als Kunstwerk inszenierte. Ein Essay zur Frage, ob die ber\u00fchmte Street-Photography im Selfie-Zeitalter noch eine Chance hat \u2013 und ein Special \u00fcber die gr\u00f6sste deutsche Kunstmesse, die Art Cologne, die im April stattfindet. Dazu: Interviews mit Julia Stoschek und Siri Hustvedt. Sowie: Antworten auf die Frage, was den Popstar Madonna mit der Kunstgeschichte verbindet.<br><br>Ringier AG, Corporate Communications<\/p>\n\n\n\n<figure class=\"wp-block-image\"><img decoding=\"async\" src=\"https:\/\/www.ringier.ch\/sites\/default\/files\/styles\/full-page\/public\/images\/cover_monopol_april_2015_web.jpg?itok=HgpE5lpM\" alt=\"Cover Monopol April 2015\" title=\"Cover Monopol April 2015\"\/><\/figure>\n","protected":false},"excerpt":{"rendered":"<p>Norbert Bisky und Erez Israeli: Ein Gemeinschaftskunstwerk in Monopol<\/p>\n","protected":false},"author":23,"featured_media":8323,"comment_status":"closed","ping_status":"open","sticky":false,"template":"","format":"standard","meta":{"inline_featured_image":false,"footnotes":""},"categories":[371],"tags":[],"class_list":["post-8322","post","type-post","status-publish","format-standard","has-post-thumbnail","hentry","category-media-de"],"yoast_head":"<!-- This site is optimized with the Yoast SEO Premium plugin v27.0 (Yoast SEO v27.0) - https:\/\/yoast.com\/product\/yoast-seo-premium-wordpress\/ -->\n<title>Br\u00fcder im Geiste? Deutschland und Israel \u2013 gesehen von zwei K\u00fcnstlern - Ringier<\/title>\n<meta name=\"robots\" content=\"index, follow, max-snippet:-1, max-image-preview:large, max-video-preview:-1\" \/>\n<link rel=\"canonical\" href=\"https:\/\/www.ringier.com\/de\/brueder-im-geiste-deutschland-und-israel-gesehen-von-zwei-kuenstlern\/\" \/>\n<meta property=\"og:locale\" content=\"de_DE\" \/>\n<meta property=\"og:type\" content=\"article\" \/>\n<meta property=\"og:title\" content=\"Br\u00fcder im Geiste? Deutschland und Israel \u2013 gesehen von zwei K\u00fcnstlern\" \/>\n<meta property=\"og:description\" content=\"Norbert Bisky und Erez Israeli: Ein Gemeinschaftskunstwerk in Monopol\" \/>\n<meta property=\"og:url\" content=\"https:\/\/www.ringier.com\/de\/brueder-im-geiste-deutschland-und-israel-gesehen-von-zwei-kuenstlern\/\" \/>\n<meta property=\"og:site_name\" content=\"Ringier\" \/>\n<meta property=\"article:publisher\" content=\"https:\/\/www.facebook.com\/ringierag\/\" \/>\n<meta property=\"article:published_time\" content=\"2015-03-17T13:17:00+00:00\" \/>\n<meta property=\"article:modified_time\" content=\"2024-11-27T09:40:36+00:00\" \/>\n<meta property=\"og:image\" content=\"https:\/\/www.ringier.com\/wp-content\/uploads\/2021\/09\/cover_monopol_april_2015_web.jpg\" \/>\n\t<meta property=\"og:image:width\" content=\"750\" \/>\n\t<meta property=\"og:image:height\" content=\"500\" \/>\n\t<meta property=\"og:image:type\" content=\"image\/jpeg\" \/>\n<meta name=\"author\" content=\"Ringier Corporate Communications\" \/>\n<meta name=\"twitter:card\" content=\"summary_large_image\" \/>\n<meta name=\"twitter:creator\" content=\"@ringier_ag\" \/>\n<meta name=\"twitter:site\" content=\"@ringier_ag\" \/>\n<meta name=\"twitter:label1\" content=\"Verfasst von\" \/>\n\t<meta name=\"twitter:data1\" content=\"Ringier Corporate Communications\" \/>\n\t<meta name=\"twitter:label2\" content=\"Gesch\u00e4tzte Lesezeit\" \/>\n\t<meta name=\"twitter:data2\" content=\"3 Minuten\" \/>\n<script type=\"application\/ld+json\" class=\"yoast-schema-graph\">{\"@context\":\"https:\/\/schema.org\",\"@graph\":[{\"@type\":\"Article\",\"@id\":\"https:\/\/www.ringier.com\/de\/brueder-im-geiste-deutschland-und-israel-gesehen-von-zwei-kuenstlern\/#article\",\"isPartOf\":{\"@id\":\"https:\/\/www.ringier.com\/de\/brueder-im-geiste-deutschland-und-israel-gesehen-von-zwei-kuenstlern\/\"},\"author\":{\"name\":\"Ringier Corporate Communications\",\"@id\":\"https:\/\/www.ringier.com\/de\/#\/schema\/person\/4cf76a308dc4b2bb5121bd1e7b752e52\"},\"headline\":\"Br\u00fcder im Geiste? Deutschland und Israel \u2013 gesehen von zwei K\u00fcnstlern\",\"datePublished\":\"2015-03-17T13:17:00+00:00\",\"dateModified\":\"2024-11-27T09:40:36+00:00\",\"mainEntityOfPage\":{\"@id\":\"https:\/\/www.ringier.com\/de\/brueder-im-geiste-deutschland-und-israel-gesehen-von-zwei-kuenstlern\/\"},\"wordCount\":325,\"publisher\":{\"@id\":\"https:\/\/www.ringier.com\/de\/#organization\"},\"image\":{\"@id\":\"https:\/\/www.ringier.com\/de\/brueder-im-geiste-deutschland-und-israel-gesehen-von-zwei-kuenstlern\/#primaryimage\"},\"thumbnailUrl\":\"https:\/\/www.ringier.com\/wp-content\/uploads\/2021\/09\/cover_monopol_april_2015_web.jpg\",\"articleSection\":[\"Media\"],\"inLanguage\":\"de-DE\"},{\"@type\":\"WebPage\",\"@id\":\"https:\/\/www.ringier.com\/de\/brueder-im-geiste-deutschland-und-israel-gesehen-von-zwei-kuenstlern\/\",\"url\":\"https:\/\/www.ringier.com\/de\/brueder-im-geiste-deutschland-und-israel-gesehen-von-zwei-kuenstlern\/\",\"name\":\"Br\u00fcder im Geiste? Deutschland und Israel \u2013 gesehen von zwei K\u00fcnstlern - Ringier\",\"isPartOf\":{\"@id\":\"https:\/\/www.ringier.com\/de\/#website\"},\"primaryImageOfPage\":{\"@id\":\"https:\/\/www.ringier.com\/de\/brueder-im-geiste-deutschland-und-israel-gesehen-von-zwei-kuenstlern\/#primaryimage\"},\"image\":{\"@id\":\"https:\/\/www.ringier.com\/de\/brueder-im-geiste-deutschland-und-israel-gesehen-von-zwei-kuenstlern\/#primaryimage\"},\"thumbnailUrl\":\"https:\/\/www.ringier.com\/wp-content\/uploads\/2021\/09\/cover_monopol_april_2015_web.jpg\",\"datePublished\":\"2015-03-17T13:17:00+00:00\",\"dateModified\":\"2024-11-27T09:40:36+00:00\",\"breadcrumb\":{\"@id\":\"https:\/\/www.ringier.com\/de\/brueder-im-geiste-deutschland-und-israel-gesehen-von-zwei-kuenstlern\/#breadcrumb\"},\"inLanguage\":\"de-DE\",\"potentialAction\":[{\"@type\":\"ReadAction\",\"target\":[\"https:\/\/www.ringier.com\/de\/brueder-im-geiste-deutschland-und-israel-gesehen-von-zwei-kuenstlern\/\"]}]},{\"@type\":\"ImageObject\",\"inLanguage\":\"de-DE\",\"@id\":\"https:\/\/www.ringier.com\/de\/brueder-im-geiste-deutschland-und-israel-gesehen-von-zwei-kuenstlern\/#primaryimage\",\"url\":\"https:\/\/www.ringier.com\/wp-content\/uploads\/2021\/09\/cover_monopol_april_2015_web.jpg\",\"contentUrl\":\"https:\/\/www.ringier.com\/wp-content\/uploads\/2021\/09\/cover_monopol_april_2015_web.jpg\",\"width\":750,\"height\":500},{\"@type\":\"BreadcrumbList\",\"@id\":\"https:\/\/www.ringier.com\/de\/brueder-im-geiste-deutschland-und-israel-gesehen-von-zwei-kuenstlern\/#breadcrumb\",\"itemListElement\":[{\"@type\":\"ListItem\",\"position\":1,\"name\":\"Home\",\"item\":\"https:\/\/www.ringier.com\/de\/\"},{\"@type\":\"ListItem\",\"position\":2,\"name\":\"Br\u00fcder im Geiste? Deutschland und Israel \u2013 gesehen von zwei K\u00fcnstlern\"}]},{\"@type\":\"WebSite\",\"@id\":\"https:\/\/www.ringier.com\/de\/#website\",\"url\":\"https:\/\/www.ringier.com\/de\/\",\"name\":\"Ringier\",\"description\":\"We inform. We entertain. We connect\",\"publisher\":{\"@id\":\"https:\/\/www.ringier.com\/de\/#organization\"},\"potentialAction\":[{\"@type\":\"SearchAction\",\"target\":{\"@type\":\"EntryPoint\",\"urlTemplate\":\"https:\/\/www.ringier.com\/de\/?s={search_term_string}\"},\"query-input\":{\"@type\":\"PropertyValueSpecification\",\"valueRequired\":true,\"valueName\":\"search_term_string\"}}],\"inLanguage\":\"de-DE\"},{\"@type\":\"Organization\",\"@id\":\"https:\/\/www.ringier.com\/de\/#organization\",\"name\":\"Ringier\",\"url\":\"https:\/\/www.ringier.com\/de\/\",\"logo\":{\"@type\":\"ImageObject\",\"inLanguage\":\"de-DE\",\"@id\":\"https:\/\/www.ringier.com\/de\/#\/schema\/logo\/image\/\",\"url\":\"https:\/\/www.ringier.com\/wp-content\/uploads\/2021\/10\/ringier_logo_2.jpg\",\"contentUrl\":\"https:\/\/www.ringier.com\/wp-content\/uploads\/2021\/10\/ringier_logo_2.jpg\",\"width\":750,\"height\":550,\"caption\":\"Ringier\"},\"image\":{\"@id\":\"https:\/\/www.ringier.com\/de\/#\/schema\/logo\/image\/\"},\"sameAs\":[\"https:\/\/www.facebook.com\/ringierag\/\",\"https:\/\/x.com\/ringier_ag\",\"https:\/\/www.instagram.com\/ringier_ag\/\",\"https:\/\/www.linkedin.com\/company\/ringier\/\",\"https:\/\/www.youtube.com\/user\/RingierComm\",\"https:\/\/en.wikipedia.org\/wiki\/Ringier\",\"https:\/\/de.wikipedia.org\/wiki\/Ringier\",\"https:\/\/fr.wikipedia.org\/wiki\/Ringier\",\"https:\/\/www.crunchbase.com\/organization\/ringier-ag\"]},{\"@type\":\"Person\",\"@id\":\"https:\/\/www.ringier.com\/de\/#\/schema\/person\/4cf76a308dc4b2bb5121bd1e7b752e52\",\"name\":\"Ringier Corporate Communications\",\"image\":{\"@type\":\"ImageObject\",\"inLanguage\":\"de-DE\",\"@id\":\"https:\/\/www.ringier.com\/de\/#\/schema\/person\/image\/\",\"url\":\"https:\/\/secure.gravatar.com\/avatar\/9391e20481368d5df4fe3e1e476c13b27786347489822ec1ed07e532bb41f587?s=96&d=mm&r=g\",\"contentUrl\":\"https:\/\/secure.gravatar.com\/avatar\/9391e20481368d5df4fe3e1e476c13b27786347489822ec1ed07e532bb41f587?s=96&d=mm&r=g\",\"caption\":\"Ringier Corporate Communications\"},\"sameAs\":[\"https:\/\/www.ringier.com\"]}]}<\/script>\n<!-- \/ Yoast SEO Premium plugin. -->","yoast_head_json":{"title":"Br\u00fcder im Geiste? Deutschland und Israel \u2013 gesehen von zwei K\u00fcnstlern - Ringier","robots":{"index":"index","follow":"follow","max-snippet":"max-snippet:-1","max-image-preview":"max-image-preview:large","max-video-preview":"max-video-preview:-1"},"canonical":"https:\/\/www.ringier.com\/de\/brueder-im-geiste-deutschland-und-israel-gesehen-von-zwei-kuenstlern\/","og_locale":"de_DE","og_type":"article","og_title":"Br\u00fcder im Geiste? Deutschland und Israel \u2013 gesehen von zwei K\u00fcnstlern","og_description":"Norbert Bisky und Erez Israeli: Ein Gemeinschaftskunstwerk in Monopol","og_url":"https:\/\/www.ringier.com\/de\/brueder-im-geiste-deutschland-und-israel-gesehen-von-zwei-kuenstlern\/","og_site_name":"Ringier","article_publisher":"https:\/\/www.facebook.com\/ringierag\/","article_published_time":"2015-03-17T13:17:00+00:00","article_modified_time":"2024-11-27T09:40:36+00:00","og_image":[{"width":750,"height":500,"url":"https:\/\/www.ringier.com\/wp-content\/uploads\/2021\/09\/cover_monopol_april_2015_web.jpg","type":"image\/jpeg"}],"author":"Ringier Corporate Communications","twitter_card":"summary_large_image","twitter_creator":"@ringier_ag","twitter_site":"@ringier_ag","twitter_misc":{"Verfasst von":"Ringier Corporate Communications","Gesch\u00e4tzte Lesezeit":"3 Minuten"},"schema":{"@context":"https:\/\/schema.org","@graph":[{"@type":"Article","@id":"https:\/\/www.ringier.com\/de\/brueder-im-geiste-deutschland-und-israel-gesehen-von-zwei-kuenstlern\/#article","isPartOf":{"@id":"https:\/\/www.ringier.com\/de\/brueder-im-geiste-deutschland-und-israel-gesehen-von-zwei-kuenstlern\/"},"author":{"name":"Ringier Corporate Communications","@id":"https:\/\/www.ringier.com\/de\/#\/schema\/person\/4cf76a308dc4b2bb5121bd1e7b752e52"},"headline":"Br\u00fcder im Geiste? Deutschland und Israel \u2013 gesehen von zwei K\u00fcnstlern","datePublished":"2015-03-17T13:17:00+00:00","dateModified":"2024-11-27T09:40:36+00:00","mainEntityOfPage":{"@id":"https:\/\/www.ringier.com\/de\/brueder-im-geiste-deutschland-und-israel-gesehen-von-zwei-kuenstlern\/"},"wordCount":325,"publisher":{"@id":"https:\/\/www.ringier.com\/de\/#organization"},"image":{"@id":"https:\/\/www.ringier.com\/de\/brueder-im-geiste-deutschland-und-israel-gesehen-von-zwei-kuenstlern\/#primaryimage"},"thumbnailUrl":"https:\/\/www.ringier.com\/wp-content\/uploads\/2021\/09\/cover_monopol_april_2015_web.jpg","articleSection":["Media"],"inLanguage":"de-DE"},{"@type":"WebPage","@id":"https:\/\/www.ringier.com\/de\/brueder-im-geiste-deutschland-und-israel-gesehen-von-zwei-kuenstlern\/","url":"https:\/\/www.ringier.com\/de\/brueder-im-geiste-deutschland-und-israel-gesehen-von-zwei-kuenstlern\/","name":"Br\u00fcder im Geiste? Deutschland und Israel \u2013 gesehen von zwei K\u00fcnstlern - Ringier","isPartOf":{"@id":"https:\/\/www.ringier.com\/de\/#website"},"primaryImageOfPage":{"@id":"https:\/\/www.ringier.com\/de\/brueder-im-geiste-deutschland-und-israel-gesehen-von-zwei-kuenstlern\/#primaryimage"},"image":{"@id":"https:\/\/www.ringier.com\/de\/brueder-im-geiste-deutschland-und-israel-gesehen-von-zwei-kuenstlern\/#primaryimage"},"thumbnailUrl":"https:\/\/www.ringier.com\/wp-content\/uploads\/2021\/09\/cover_monopol_april_2015_web.jpg","datePublished":"2015-03-17T13:17:00+00:00","dateModified":"2024-11-27T09:40:36+00:00","breadcrumb":{"@id":"https:\/\/www.ringier.com\/de\/brueder-im-geiste-deutschland-und-israel-gesehen-von-zwei-kuenstlern\/#breadcrumb"},"inLanguage":"de-DE","potentialAction":[{"@type":"ReadAction","target":["https:\/\/www.ringier.com\/de\/brueder-im-geiste-deutschland-und-israel-gesehen-von-zwei-kuenstlern\/"]}]},{"@type":"ImageObject","inLanguage":"de-DE","@id":"https:\/\/www.ringier.com\/de\/brueder-im-geiste-deutschland-und-israel-gesehen-von-zwei-kuenstlern\/#primaryimage","url":"https:\/\/www.ringier.com\/wp-content\/uploads\/2021\/09\/cover_monopol_april_2015_web.jpg","contentUrl":"https:\/\/www.ringier.com\/wp-content\/uploads\/2021\/09\/cover_monopol_april_2015_web.jpg","width":750,"height":500},{"@type":"BreadcrumbList","@id":"https:\/\/www.ringier.com\/de\/brueder-im-geiste-deutschland-und-israel-gesehen-von-zwei-kuenstlern\/#breadcrumb","itemListElement":[{"@type":"ListItem","position":1,"name":"Home","item":"https:\/\/www.ringier.com\/de\/"},{"@type":"ListItem","position":2,"name":"Br\u00fcder im Geiste? Deutschland und Israel \u2013 gesehen von zwei K\u00fcnstlern"}]},{"@type":"WebSite","@id":"https:\/\/www.ringier.com\/de\/#website","url":"https:\/\/www.ringier.com\/de\/","name":"Ringier","description":"We inform. We entertain. We connect","publisher":{"@id":"https:\/\/www.ringier.com\/de\/#organization"},"potentialAction":[{"@type":"SearchAction","target":{"@type":"EntryPoint","urlTemplate":"https:\/\/www.ringier.com\/de\/?s={search_term_string}"},"query-input":{"@type":"PropertyValueSpecification","valueRequired":true,"valueName":"search_term_string"}}],"inLanguage":"de-DE"},{"@type":"Organization","@id":"https:\/\/www.ringier.com\/de\/#organization","name":"Ringier","url":"https:\/\/www.ringier.com\/de\/","logo":{"@type":"ImageObject","inLanguage":"de-DE","@id":"https:\/\/www.ringier.com\/de\/#\/schema\/logo\/image\/","url":"https:\/\/www.ringier.com\/wp-content\/uploads\/2021\/10\/ringier_logo_2.jpg","contentUrl":"https:\/\/www.ringier.com\/wp-content\/uploads\/2021\/10\/ringier_logo_2.jpg","width":750,"height":550,"caption":"Ringier"},"image":{"@id":"https:\/\/www.ringier.com\/de\/#\/schema\/logo\/image\/"},"sameAs":["https:\/\/www.facebook.com\/ringierag\/","https:\/\/x.com\/ringier_ag","https:\/\/www.instagram.com\/ringier_ag\/","https:\/\/www.linkedin.com\/company\/ringier\/","https:\/\/www.youtube.com\/user\/RingierComm","https:\/\/en.wikipedia.org\/wiki\/Ringier","https:\/\/de.wikipedia.org\/wiki\/Ringier","https:\/\/fr.wikipedia.org\/wiki\/Ringier","https:\/\/www.crunchbase.com\/organization\/ringier-ag"]},{"@type":"Person","@id":"https:\/\/www.ringier.com\/de\/#\/schema\/person\/4cf76a308dc4b2bb5121bd1e7b752e52","name":"Ringier Corporate Communications","image":{"@type":"ImageObject","inLanguage":"de-DE","@id":"https:\/\/www.ringier.com\/de\/#\/schema\/person\/image\/","url":"https:\/\/secure.gravatar.com\/avatar\/9391e20481368d5df4fe3e1e476c13b27786347489822ec1ed07e532bb41f587?s=96&d=mm&r=g","contentUrl":"https:\/\/secure.gravatar.com\/avatar\/9391e20481368d5df4fe3e1e476c13b27786347489822ec1ed07e532bb41f587?s=96&d=mm&r=g","caption":"Ringier Corporate Communications"},"sameAs":["https:\/\/www.ringier.com"]}]}},"_links":{"self":[{"href":"https:\/\/www.ringier.com\/de\/wp-json\/wp\/v2\/posts\/8322","targetHints":{"allow":["GET"]}}],"collection":[{"href":"https:\/\/www.ringier.com\/de\/wp-json\/wp\/v2\/posts"}],"about":[{"href":"https:\/\/www.ringier.com\/de\/wp-json\/wp\/v2\/types\/post"}],"author":[{"embeddable":true,"href":"https:\/\/www.ringier.com\/de\/wp-json\/wp\/v2\/users\/23"}],"replies":[{"embeddable":true,"href":"https:\/\/www.ringier.com\/de\/wp-json\/wp\/v2\/comments?post=8322"}],"version-history":[{"count":0,"href":"https:\/\/www.ringier.com\/de\/wp-json\/wp\/v2\/posts\/8322\/revisions"}],"wp:featuredmedia":[{"embeddable":true,"href":"https:\/\/www.ringier.com\/de\/wp-json\/wp\/v2\/media\/8323"}],"wp:attachment":[{"href":"https:\/\/www.ringier.com\/de\/wp-json\/wp\/v2\/media?parent=8322"}],"wp:term":[{"taxonomy":"category","embeddable":true,"href":"https:\/\/www.ringier.com\/de\/wp-json\/wp\/v2\/categories?post=8322"},{"taxonomy":"post_tag","embeddable":true,"href":"https:\/\/www.ringier.com\/de\/wp-json\/wp\/v2\/tags?post=8322"}],"curies":[{"name":"wp","href":"https:\/\/api.w.org\/{rel}","templated":true}]}}