{"id":8246,"date":"2012-05-05T14:03:00","date_gmt":"2012-05-05T12:03:00","guid":{"rendered":"https:\/\/www.ringier.com\/?p=8246"},"modified":"2024-11-29T16:12:00","modified_gmt":"2024-11-29T15:12:00","slug":"das-rose-dor-festival-ist-eroeffnet","status":"publish","type":"post","link":"https:\/\/www.ringier.com\/de\/das-rose-dor-festival-ist-eroeffnet\/","title":{"rendered":"Das Rose d\u2019Or Festival ist er\u00f6ffnet"},"content":{"rendered":"\n<p>Am Sonntagabend wird im KKL Luzern von Blick und TELE der&nbsp;<strong>Schweizer Fernsehpreis<\/strong>&nbsp;in den Kategorien Sendung, Film, Innovation und Star verliehen. Zudem wird jedes Jahr eine Pers\u00f6nlichkeit der TV-Branche mit dem Lifetime Award geehrt. Die Gala-Show mit viel Schweizer Prominenz sorgt f\u00fcr den ersten H\u00f6hepunkt beim Rose d\u2019Or Festival. Am Sonntag um 22 Uhr werden die Preistr\u00e4ger bekannt gegeben. Sicher ist, dass Michelle Hunziker in der Kategorie Star ausgezeichnet wird und den Preis pers\u00f6nlich in Empfang nimmt.<br><br>Vom 7. bis 10. Mai findet f\u00fcr TV-Profis das&nbsp;<strong>Rose d\u2019Or Forum<\/strong>&nbsp;statt. Markus Sch\u00e4chter, langj\u00e4hriger ZDF-Intendant und Vorsitzender des Rose d\u2019Or Strategie Komitees wird zum Auftakt die internationalen G\u00e4ste aus TV, Medien und Kommunikation begr\u00fcssen (Programm im Anhang).<br><br>Zwei Konzerte im Rahmen von&nbsp;<strong>Rose d\u2019Or Live Music<\/strong>&nbsp;mit Alain Clark (7. Mai, Grand Casino Luzern) und dem 21st Century Symphony Orchestra (9. Mai, KKL) sowie zwei&nbsp;<strong>Comedy-Abende<\/strong>&nbsp;im Hotel Schweizerhof Luzern mit Kaya Yanar und dem Montreux Comedy Club (8. Mai, Zeugheersaal) und Rob Spence (10. Mai, Zeugheersaal) sind \u00f6ffentlich (Festival-Programm im Anhang; weitere Informationen auf www.rosedor.ch).<br><br>Am Montag, 7. Mai, \u00f6ffnet das&nbsp;<strong>Festivalhotel Schweizerhof Luzern<\/strong>&nbsp;seine Tore. Ab 13 Uhr ist das Festival-Komitee vor Ort und wird auch die Medien bedienen. Um 19 Uhr findet dann der&nbsp;<strong>Welcome Cocktail<\/strong>&nbsp;in der Festival-Bar des Hotel Schweizerhof statt. Bei dieser Gelegenheit wird auch die Fotoausstellung von Michel Comte er\u00f6ffnet.<br><br>Von Dienstag, 8. Mai, bis Donnerstag, 10. Mai, laden die Medienverantwortlichen Claudia Sp\u00f6rri und Heier L\u00e4mmler jeweils um 8.30 Uhr zum&nbsp;<strong>Medien-Kaffee<\/strong>&nbsp;und informieren dabei \u00fcber die wichtigsten Anl\u00e4sse und Medientermine des Tages.<br><br><strong>Medienstelle:<\/strong><br>Claudia Sp\u00f6rri, Manager Communications, Tel. +41 41 242 09 08,&nbsp;<a href=\"mailto:claudia.spoerri@rosedor.ch\">claudia.spoerri@rosedor.ch<\/a><br><br><strong>Externe Pressestelle:<\/strong><br>Heier L\u00e4mmler, Tel. +41 44 726 01 16,&nbsp;<a href=\"mailto:heier.laemmler@promotionag.ch\">heier.laemmler@promotionag.ch<\/a><br><br><strong><em>Rose d\u2019Or \u2013 Festival und Fernsehpreis<\/em><\/strong><br><em>Das Rose d\u2019Or Festival in Luzern ist eines der weltweit bedeutendsten Festivals der Fernsehunterhaltung. Es wurde 1961 in Montreux gegr\u00fcndet. Heute nehmen Fernsehschaffende, Produzenten, Verantwortliche von privaten und \u00f6ffentlich-rechtlichen Fernsehstationen und Leiter von Produktionsfirmen aus \u00fcber 40 L\u00e4ndern daran teil. Seit seiner Gr\u00fcndung ist das Festival der Fernsehunterhaltungs-Industrie eine wichtige Netzwerk-Plattform und ein Marktplatz der Ideen. Den H\u00f6hepunkt des Rose d\u2019Or Festivals bildet die glanzvolle Awards Night, bei der die Goldenen Rosen f\u00fcr die besten Fernsehunterhaltungs-Programme und -Formate verliehen werden. Mit den begehrten Awards zeichnet das Rose d\u2019Or Festival Originalit\u00e4t, Qualit\u00e4t und Kreativit\u00e4t aus und setzt Standards in der Fernsehunterhaltung.<\/em><\/p>\n\n\n\n<figure class=\"wp-block-image\"><img decoding=\"async\" src=\"https:\/\/www.ringier.ch\/sites\/default\/files\/styles\/full-page\/public\/images\/rose_d_or.jpg?itok=_GJG8WJm\" alt=\"Rose d'Or\" title=\"Rose d'Or\"\/><\/figure>\n","protected":false},"excerpt":{"rendered":"<p>Was f\u00fcr ein Auf\u00adtakt zur Rose d\u2019Or-Festivalwo\u00adche: Urs W. Studer, Luzerner Stadt\u00adpr\u00e4sident, und Hollywood-Sch\u00f6nheit Isa\u00adbel Lucas er\u00f6ffnen zu\u00adsammen mit Festival\u00adpr\u00e4sident Marco Ca\u00adstel\u00adlaneta und Festivaldirek\u00adtor Markus Helbling das 51. Rose d\u2019Or Festival. Vom 6. bis 10. Mai gibt es in Luzern f\u00fcr die in\u00adternatio\u00adnale Fach\u00adwelt der TV-Un\u00adterhal\u00adtungs\u00adindus\u00adtrie sowie f\u00fcr die \u00d6ff\u00adentlichkeit zahlrei\u00adche Anl\u00e4sse der Spitzen\u00adklasse zu besu\u00adchen.<\/p>\n","protected":false},"author":23,"featured_media":8252,"comment_status":"closed","ping_status":"open","sticky":false,"template":"","format":"standard","meta":{"inline_featured_image":false,"footnotes":""},"categories":[371,361],"tags":[],"class_list":["post-8246","post","type-post","status-publish","format-standard","has-post-thumbnail","hentry","category-media-de","category-ringier-medien-schweiz"],"yoast_head":"<!-- This site is optimized with the Yoast SEO Premium plugin v27.0 (Yoast SEO v27.0) - https:\/\/yoast.com\/product\/yoast-seo-premium-wordpress\/ -->\n<title>Das Rose d\u2019Or Festival ist er\u00f6ffnet - Ringier<\/title>\n<meta name=\"robots\" content=\"index, follow, max-snippet:-1, max-image-preview:large, max-video-preview:-1\" \/>\n<link rel=\"canonical\" href=\"https:\/\/www.ringier.com\/de\/das-rose-dor-festival-ist-eroeffnet\/\" \/>\n<meta property=\"og:locale\" content=\"de_DE\" \/>\n<meta property=\"og:type\" content=\"article\" \/>\n<meta property=\"og:title\" content=\"Das Rose d\u2019Or Festival ist er\u00f6ffnet\" \/>\n<meta property=\"og:description\" content=\"Was f\u00fcr ein Auf\u00adtakt zur Rose d\u2019Or-Festivalwo\u00adche: Urs W. Studer, Luzerner Stadt\u00adpr\u00e4sident, und Hollywood-Sch\u00f6nheit Isa\u00adbel Lucas er\u00f6ffnen zu\u00adsammen mit Festival\u00adpr\u00e4sident Marco Ca\u00adstel\u00adlaneta und Festivaldirek\u00adtor Markus Helbling das 51. Rose d\u2019Or Festival. Vom 6. bis 10. Mai gibt es in Luzern f\u00fcr die in\u00adternatio\u00adnale Fach\u00adwelt der TV-Un\u00adterhal\u00adtungs\u00adindus\u00adtrie sowie f\u00fcr die \u00d6ff\u00adentlichkeit zahlrei\u00adche Anl\u00e4sse der Spitzen\u00adklasse zu besu\u00adchen.\" \/>\n<meta property=\"og:url\" content=\"https:\/\/www.ringier.com\/de\/das-rose-dor-festival-ist-eroeffnet\/\" \/>\n<meta property=\"og:site_name\" content=\"Ringier\" \/>\n<meta property=\"article:publisher\" content=\"https:\/\/www.facebook.com\/ringierag\/\" \/>\n<meta property=\"article:published_time\" content=\"2012-05-05T12:03:00+00:00\" \/>\n<meta property=\"article:modified_time\" content=\"2024-11-29T15:12:00+00:00\" \/>\n<meta property=\"og:image\" content=\"https:\/\/www.ringier.com\/wp-content\/uploads\/2021\/09\/rose_d_or-scaled.jpg\" \/>\n\t<meta property=\"og:image:width\" content=\"2560\" \/>\n\t<meta property=\"og:image:height\" content=\"1707\" \/>\n\t<meta property=\"og:image:type\" content=\"image\/jpeg\" \/>\n<meta name=\"author\" content=\"Ringier Corporate Communications\" \/>\n<meta name=\"twitter:card\" content=\"summary_large_image\" \/>\n<meta name=\"twitter:creator\" content=\"@ringier_ag\" \/>\n<meta name=\"twitter:site\" content=\"@ringier_ag\" \/>\n<meta name=\"twitter:label1\" content=\"Verfasst von\" \/>\n\t<meta name=\"twitter:data1\" content=\"Ringier Corporate Communications\" \/>\n\t<meta name=\"twitter:label2\" content=\"Gesch\u00e4tzte Lesezeit\" \/>\n\t<meta name=\"twitter:data2\" content=\"3 Minuten\" \/>\n<script type=\"application\/ld+json\" class=\"yoast-schema-graph\">{\"@context\":\"https:\/\/schema.org\",\"@graph\":[{\"@type\":\"Article\",\"@id\":\"https:\/\/www.ringier.com\/de\/das-rose-dor-festival-ist-eroeffnet\/#article\",\"isPartOf\":{\"@id\":\"https:\/\/www.ringier.com\/de\/das-rose-dor-festival-ist-eroeffnet\/\"},\"author\":{\"name\":\"Ringier Corporate Communications\",\"@id\":\"https:\/\/www.ringier.com\/de\/#\/schema\/person\/4cf76a308dc4b2bb5121bd1e7b752e52\"},\"headline\":\"Das Rose d\u2019Or Festival ist er\u00f6ffnet\",\"datePublished\":\"2012-05-05T12:03:00+00:00\",\"dateModified\":\"2024-11-29T15:12:00+00:00\",\"mainEntityOfPage\":{\"@id\":\"https:\/\/www.ringier.com\/de\/das-rose-dor-festival-ist-eroeffnet\/\"},\"wordCount\":427,\"publisher\":{\"@id\":\"https:\/\/www.ringier.com\/de\/#organization\"},\"image\":{\"@id\":\"https:\/\/www.ringier.com\/de\/das-rose-dor-festival-ist-eroeffnet\/#primaryimage\"},\"thumbnailUrl\":\"https:\/\/www.ringier.com\/wp-content\/uploads\/2021\/09\/rose_d_or-scaled.jpg\",\"articleSection\":[\"Media\",\"Ringier Medien Schweiz\"],\"inLanguage\":\"de-DE\"},{\"@type\":\"WebPage\",\"@id\":\"https:\/\/www.ringier.com\/de\/das-rose-dor-festival-ist-eroeffnet\/\",\"url\":\"https:\/\/www.ringier.com\/de\/das-rose-dor-festival-ist-eroeffnet\/\",\"name\":\"Das Rose d\u2019Or Festival ist er\u00f6ffnet - Ringier\",\"isPartOf\":{\"@id\":\"https:\/\/www.ringier.com\/de\/#website\"},\"primaryImageOfPage\":{\"@id\":\"https:\/\/www.ringier.com\/de\/das-rose-dor-festival-ist-eroeffnet\/#primaryimage\"},\"image\":{\"@id\":\"https:\/\/www.ringier.com\/de\/das-rose-dor-festival-ist-eroeffnet\/#primaryimage\"},\"thumbnailUrl\":\"https:\/\/www.ringier.com\/wp-content\/uploads\/2021\/09\/rose_d_or-scaled.jpg\",\"datePublished\":\"2012-05-05T12:03:00+00:00\",\"dateModified\":\"2024-11-29T15:12:00+00:00\",\"breadcrumb\":{\"@id\":\"https:\/\/www.ringier.com\/de\/das-rose-dor-festival-ist-eroeffnet\/#breadcrumb\"},\"inLanguage\":\"de-DE\",\"potentialAction\":[{\"@type\":\"ReadAction\",\"target\":[\"https:\/\/www.ringier.com\/de\/das-rose-dor-festival-ist-eroeffnet\/\"]}]},{\"@type\":\"ImageObject\",\"inLanguage\":\"de-DE\",\"@id\":\"https:\/\/www.ringier.com\/de\/das-rose-dor-festival-ist-eroeffnet\/#primaryimage\",\"url\":\"https:\/\/www.ringier.com\/wp-content\/uploads\/2021\/09\/rose_d_or-scaled.jpg\",\"contentUrl\":\"https:\/\/www.ringier.com\/wp-content\/uploads\/2021\/09\/rose_d_or-scaled.jpg\",\"width\":2560,\"height\":1707},{\"@type\":\"BreadcrumbList\",\"@id\":\"https:\/\/www.ringier.com\/de\/das-rose-dor-festival-ist-eroeffnet\/#breadcrumb\",\"itemListElement\":[{\"@type\":\"ListItem\",\"position\":1,\"name\":\"Home\",\"item\":\"https:\/\/www.ringier.com\/de\/\"},{\"@type\":\"ListItem\",\"position\":2,\"name\":\"Das Rose d\u2019Or Festival ist er\u00f6ffnet\"}]},{\"@type\":\"WebSite\",\"@id\":\"https:\/\/www.ringier.com\/de\/#website\",\"url\":\"https:\/\/www.ringier.com\/de\/\",\"name\":\"Ringier\",\"description\":\"We inform. We entertain. We connect\",\"publisher\":{\"@id\":\"https:\/\/www.ringier.com\/de\/#organization\"},\"potentialAction\":[{\"@type\":\"SearchAction\",\"target\":{\"@type\":\"EntryPoint\",\"urlTemplate\":\"https:\/\/www.ringier.com\/de\/?s={search_term_string}\"},\"query-input\":{\"@type\":\"PropertyValueSpecification\",\"valueRequired\":true,\"valueName\":\"search_term_string\"}}],\"inLanguage\":\"de-DE\"},{\"@type\":\"Organization\",\"@id\":\"https:\/\/www.ringier.com\/de\/#organization\",\"name\":\"Ringier\",\"url\":\"https:\/\/www.ringier.com\/de\/\",\"logo\":{\"@type\":\"ImageObject\",\"inLanguage\":\"de-DE\",\"@id\":\"https:\/\/www.ringier.com\/de\/#\/schema\/logo\/image\/\",\"url\":\"https:\/\/www.ringier.com\/wp-content\/uploads\/2021\/10\/ringier_logo_2.jpg\",\"contentUrl\":\"https:\/\/www.ringier.com\/wp-content\/uploads\/2021\/10\/ringier_logo_2.jpg\",\"width\":750,\"height\":550,\"caption\":\"Ringier\"},\"image\":{\"@id\":\"https:\/\/www.ringier.com\/de\/#\/schema\/logo\/image\/\"},\"sameAs\":[\"https:\/\/www.facebook.com\/ringierag\/\",\"https:\/\/x.com\/ringier_ag\",\"https:\/\/www.instagram.com\/ringier_ag\/\",\"https:\/\/www.linkedin.com\/company\/ringier\/\",\"https:\/\/www.youtube.com\/user\/RingierComm\",\"https:\/\/en.wikipedia.org\/wiki\/Ringier\",\"https:\/\/de.wikipedia.org\/wiki\/Ringier\",\"https:\/\/fr.wikipedia.org\/wiki\/Ringier\",\"https:\/\/www.crunchbase.com\/organization\/ringier-ag\"]},{\"@type\":\"Person\",\"@id\":\"https:\/\/www.ringier.com\/de\/#\/schema\/person\/4cf76a308dc4b2bb5121bd1e7b752e52\",\"name\":\"Ringier Corporate Communications\",\"image\":{\"@type\":\"ImageObject\",\"inLanguage\":\"de-DE\",\"@id\":\"https:\/\/www.ringier.com\/de\/#\/schema\/person\/image\/\",\"url\":\"https:\/\/secure.gravatar.com\/avatar\/9391e20481368d5df4fe3e1e476c13b27786347489822ec1ed07e532bb41f587?s=96&d=mm&r=g\",\"contentUrl\":\"https:\/\/secure.gravatar.com\/avatar\/9391e20481368d5df4fe3e1e476c13b27786347489822ec1ed07e532bb41f587?s=96&d=mm&r=g\",\"caption\":\"Ringier Corporate Communications\"},\"sameAs\":[\"https:\/\/www.ringier.com\"]}]}<\/script>\n<!-- \/ Yoast SEO Premium plugin. -->","yoast_head_json":{"title":"Das Rose d\u2019Or Festival ist er\u00f6ffnet - Ringier","robots":{"index":"index","follow":"follow","max-snippet":"max-snippet:-1","max-image-preview":"max-image-preview:large","max-video-preview":"max-video-preview:-1"},"canonical":"https:\/\/www.ringier.com\/de\/das-rose-dor-festival-ist-eroeffnet\/","og_locale":"de_DE","og_type":"article","og_title":"Das Rose d\u2019Or Festival ist er\u00f6ffnet","og_description":"Was f\u00fcr ein Auf\u00adtakt zur Rose d\u2019Or-Festivalwo\u00adche: Urs W. Studer, Luzerner Stadt\u00adpr\u00e4sident, und Hollywood-Sch\u00f6nheit Isa\u00adbel Lucas er\u00f6ffnen zu\u00adsammen mit Festival\u00adpr\u00e4sident Marco Ca\u00adstel\u00adlaneta und Festivaldirek\u00adtor Markus Helbling das 51. Rose d\u2019Or Festival. Vom 6. bis 10. Mai gibt es in Luzern f\u00fcr die in\u00adternatio\u00adnale Fach\u00adwelt der TV-Un\u00adterhal\u00adtungs\u00adindus\u00adtrie sowie f\u00fcr die \u00d6ff\u00adentlichkeit zahlrei\u00adche Anl\u00e4sse der Spitzen\u00adklasse zu besu\u00adchen.","og_url":"https:\/\/www.ringier.com\/de\/das-rose-dor-festival-ist-eroeffnet\/","og_site_name":"Ringier","article_publisher":"https:\/\/www.facebook.com\/ringierag\/","article_published_time":"2012-05-05T12:03:00+00:00","article_modified_time":"2024-11-29T15:12:00+00:00","og_image":[{"width":2560,"height":1707,"url":"https:\/\/www.ringier.com\/wp-content\/uploads\/2021\/09\/rose_d_or-scaled.jpg","type":"image\/jpeg"}],"author":"Ringier Corporate Communications","twitter_card":"summary_large_image","twitter_creator":"@ringier_ag","twitter_site":"@ringier_ag","twitter_misc":{"Verfasst von":"Ringier Corporate Communications","Gesch\u00e4tzte Lesezeit":"3 Minuten"},"schema":{"@context":"https:\/\/schema.org","@graph":[{"@type":"Article","@id":"https:\/\/www.ringier.com\/de\/das-rose-dor-festival-ist-eroeffnet\/#article","isPartOf":{"@id":"https:\/\/www.ringier.com\/de\/das-rose-dor-festival-ist-eroeffnet\/"},"author":{"name":"Ringier Corporate Communications","@id":"https:\/\/www.ringier.com\/de\/#\/schema\/person\/4cf76a308dc4b2bb5121bd1e7b752e52"},"headline":"Das Rose d\u2019Or Festival ist er\u00f6ffnet","datePublished":"2012-05-05T12:03:00+00:00","dateModified":"2024-11-29T15:12:00+00:00","mainEntityOfPage":{"@id":"https:\/\/www.ringier.com\/de\/das-rose-dor-festival-ist-eroeffnet\/"},"wordCount":427,"publisher":{"@id":"https:\/\/www.ringier.com\/de\/#organization"},"image":{"@id":"https:\/\/www.ringier.com\/de\/das-rose-dor-festival-ist-eroeffnet\/#primaryimage"},"thumbnailUrl":"https:\/\/www.ringier.com\/wp-content\/uploads\/2021\/09\/rose_d_or-scaled.jpg","articleSection":["Media","Ringier Medien Schweiz"],"inLanguage":"de-DE"},{"@type":"WebPage","@id":"https:\/\/www.ringier.com\/de\/das-rose-dor-festival-ist-eroeffnet\/","url":"https:\/\/www.ringier.com\/de\/das-rose-dor-festival-ist-eroeffnet\/","name":"Das Rose d\u2019Or Festival ist er\u00f6ffnet - Ringier","isPartOf":{"@id":"https:\/\/www.ringier.com\/de\/#website"},"primaryImageOfPage":{"@id":"https:\/\/www.ringier.com\/de\/das-rose-dor-festival-ist-eroeffnet\/#primaryimage"},"image":{"@id":"https:\/\/www.ringier.com\/de\/das-rose-dor-festival-ist-eroeffnet\/#primaryimage"},"thumbnailUrl":"https:\/\/www.ringier.com\/wp-content\/uploads\/2021\/09\/rose_d_or-scaled.jpg","datePublished":"2012-05-05T12:03:00+00:00","dateModified":"2024-11-29T15:12:00+00:00","breadcrumb":{"@id":"https:\/\/www.ringier.com\/de\/das-rose-dor-festival-ist-eroeffnet\/#breadcrumb"},"inLanguage":"de-DE","potentialAction":[{"@type":"ReadAction","target":["https:\/\/www.ringier.com\/de\/das-rose-dor-festival-ist-eroeffnet\/"]}]},{"@type":"ImageObject","inLanguage":"de-DE","@id":"https:\/\/www.ringier.com\/de\/das-rose-dor-festival-ist-eroeffnet\/#primaryimage","url":"https:\/\/www.ringier.com\/wp-content\/uploads\/2021\/09\/rose_d_or-scaled.jpg","contentUrl":"https:\/\/www.ringier.com\/wp-content\/uploads\/2021\/09\/rose_d_or-scaled.jpg","width":2560,"height":1707},{"@type":"BreadcrumbList","@id":"https:\/\/www.ringier.com\/de\/das-rose-dor-festival-ist-eroeffnet\/#breadcrumb","itemListElement":[{"@type":"ListItem","position":1,"name":"Home","item":"https:\/\/www.ringier.com\/de\/"},{"@type":"ListItem","position":2,"name":"Das Rose d\u2019Or Festival ist er\u00f6ffnet"}]},{"@type":"WebSite","@id":"https:\/\/www.ringier.com\/de\/#website","url":"https:\/\/www.ringier.com\/de\/","name":"Ringier","description":"We inform. We entertain. We connect","publisher":{"@id":"https:\/\/www.ringier.com\/de\/#organization"},"potentialAction":[{"@type":"SearchAction","target":{"@type":"EntryPoint","urlTemplate":"https:\/\/www.ringier.com\/de\/?s={search_term_string}"},"query-input":{"@type":"PropertyValueSpecification","valueRequired":true,"valueName":"search_term_string"}}],"inLanguage":"de-DE"},{"@type":"Organization","@id":"https:\/\/www.ringier.com\/de\/#organization","name":"Ringier","url":"https:\/\/www.ringier.com\/de\/","logo":{"@type":"ImageObject","inLanguage":"de-DE","@id":"https:\/\/www.ringier.com\/de\/#\/schema\/logo\/image\/","url":"https:\/\/www.ringier.com\/wp-content\/uploads\/2021\/10\/ringier_logo_2.jpg","contentUrl":"https:\/\/www.ringier.com\/wp-content\/uploads\/2021\/10\/ringier_logo_2.jpg","width":750,"height":550,"caption":"Ringier"},"image":{"@id":"https:\/\/www.ringier.com\/de\/#\/schema\/logo\/image\/"},"sameAs":["https:\/\/www.facebook.com\/ringierag\/","https:\/\/x.com\/ringier_ag","https:\/\/www.instagram.com\/ringier_ag\/","https:\/\/www.linkedin.com\/company\/ringier\/","https:\/\/www.youtube.com\/user\/RingierComm","https:\/\/en.wikipedia.org\/wiki\/Ringier","https:\/\/de.wikipedia.org\/wiki\/Ringier","https:\/\/fr.wikipedia.org\/wiki\/Ringier","https:\/\/www.crunchbase.com\/organization\/ringier-ag"]},{"@type":"Person","@id":"https:\/\/www.ringier.com\/de\/#\/schema\/person\/4cf76a308dc4b2bb5121bd1e7b752e52","name":"Ringier Corporate Communications","image":{"@type":"ImageObject","inLanguage":"de-DE","@id":"https:\/\/www.ringier.com\/de\/#\/schema\/person\/image\/","url":"https:\/\/secure.gravatar.com\/avatar\/9391e20481368d5df4fe3e1e476c13b27786347489822ec1ed07e532bb41f587?s=96&d=mm&r=g","contentUrl":"https:\/\/secure.gravatar.com\/avatar\/9391e20481368d5df4fe3e1e476c13b27786347489822ec1ed07e532bb41f587?s=96&d=mm&r=g","caption":"Ringier Corporate Communications"},"sameAs":["https:\/\/www.ringier.com"]}]}},"_links":{"self":[{"href":"https:\/\/www.ringier.com\/de\/wp-json\/wp\/v2\/posts\/8246","targetHints":{"allow":["GET"]}}],"collection":[{"href":"https:\/\/www.ringier.com\/de\/wp-json\/wp\/v2\/posts"}],"about":[{"href":"https:\/\/www.ringier.com\/de\/wp-json\/wp\/v2\/types\/post"}],"author":[{"embeddable":true,"href":"https:\/\/www.ringier.com\/de\/wp-json\/wp\/v2\/users\/23"}],"replies":[{"embeddable":true,"href":"https:\/\/www.ringier.com\/de\/wp-json\/wp\/v2\/comments?post=8246"}],"version-history":[{"count":0,"href":"https:\/\/www.ringier.com\/de\/wp-json\/wp\/v2\/posts\/8246\/revisions"}],"wp:featuredmedia":[{"embeddable":true,"href":"https:\/\/www.ringier.com\/de\/wp-json\/wp\/v2\/media\/8252"}],"wp:attachment":[{"href":"https:\/\/www.ringier.com\/de\/wp-json\/wp\/v2\/media?parent=8246"}],"wp:term":[{"taxonomy":"category","embeddable":true,"href":"https:\/\/www.ringier.com\/de\/wp-json\/wp\/v2\/categories?post=8246"},{"taxonomy":"post_tag","embeddable":true,"href":"https:\/\/www.ringier.com\/de\/wp-json\/wp\/v2\/tags?post=8246"}],"curies":[{"name":"wp","href":"https:\/\/api.w.org\/{rel}","templated":true}]}}