{"id":7800,"date":"2015-05-13T07:46:00","date_gmt":"2015-05-13T05:46:00","guid":{"rendered":"https:\/\/www.ringier.com\/?p=7800"},"modified":"2024-11-27T10:33:07","modified_gmt":"2024-11-27T09:33:07","slug":"preise-fuer-wohneigentum-die-ruhe-vor-dem-sturm","status":"publish","type":"post","link":"https:\/\/www.ringier.com\/de\/preise-fuer-wohneigentum-die-ruhe-vor-dem-sturm\/","title":{"rendered":"Preise f\u00fcr Wohneigentum: Die Ruhe vor dem Sturm?"},"content":{"rendered":"\n<p>Auf Jahresbasis verzeichnen die Angebotspreise f\u00fcr Eigentumswohnungen ein Plus von 1,6 Prozent. Im gleichen Zeitraum ist der Index f\u00fcr Einfamilienh\u00e4user um 1,2 Prozent gestiegen.<\/p>\n\n\n\n<p>Angesichts dieser geringen Bewegungen bleibt die Frage spannend, wie sich die Aufhebung des Mindestkurses von 1,20 Franken pro Euro und die Einf\u00fchrung von Negativzinsen auswirken werden. Martin Waeber, Director ImmoScout24: \u00abVieles h\u00e4ngt davon ab, wie sich die Schweizer Unternehmen auf das ver\u00e4nderte Umfeld einstellen.\u00bb Sollte die Wirtschaft ins Trudeln geraten, k\u00f6nnte sich das mit einer gewissen Verz\u00f6gerung auch auf die Zuwanderung auswirken, was wiederum die Nachfrage nach Wohnraum beeinflussen w\u00fcrde. \u00abEs bleibt abzuwarten, in welche Richtung die Entwicklung geht\u00bb, so Waeber.<\/p>\n\n\n\n<p>Vergleicht man die Indizes mit dem Stand vor vier Jahren (1.1.2011), zeigt sich eine deutliche Steigerung. W\u00e4hrend die Angebotspreise f\u00fcr Einfamilienh\u00e4user um 9,7 Prozent zugenommen haben, sind diejenigen f\u00fcr Eigentumswohnungen in derselben Periode um 18,5 Prozent gestiegen.<\/p>\n\n\n\n<p><em>Der ImmoScout24 IAZI Immobilienindex wird auf den Websites von ImmoScout24 und der IAZI AG publiziert (siehe Links).<\/em><\/p>\n","protected":false},"excerpt":{"rendered":"<p>ImmoScout24 IAZI Immobilienindex<\/p>\n<p>Wenig Bewegung beim ImmoScout24 IAZI Real Estate Immobilienindex: Im April sind die Angebotspreise f\u00fcr Einfamilienh\u00e4user gleich geblieben. Bei den Eigentumswohnungen hat der Index um 0,3 Prozent zugelegt. Noch haben die Entscheidungen der Nationalbank keine Auswirkungen auf den Immobilienmarkt.<\/p>\n","protected":false},"author":23,"featured_media":7801,"comment_status":"closed","ping_status":"open","sticky":false,"template":"","format":"standard","meta":{"inline_featured_image":false,"footnotes":""},"categories":[376],"tags":[],"class_list":["post-7800","post","type-post","status-publish","format-standard","has-post-thumbnail","hentry","category-marketplaces-de"],"yoast_head":"<!-- This site is optimized with the Yoast SEO Premium plugin v27.0 (Yoast SEO v27.0) - https:\/\/yoast.com\/product\/yoast-seo-premium-wordpress\/ -->\n<title>Preise f\u00fcr Wohneigentum: Die Ruhe vor dem Sturm? - Ringier<\/title>\n<meta name=\"robots\" content=\"index, follow, max-snippet:-1, max-image-preview:large, max-video-preview:-1\" \/>\n<link rel=\"canonical\" href=\"https:\/\/www.ringier.com\/de\/preise-fuer-wohneigentum-die-ruhe-vor-dem-sturm\/\" \/>\n<meta property=\"og:locale\" content=\"de_DE\" \/>\n<meta property=\"og:type\" content=\"article\" \/>\n<meta property=\"og:title\" content=\"Preise f\u00fcr Wohneigentum: Die Ruhe vor dem Sturm?\" \/>\n<meta property=\"og:description\" content=\"ImmoScout24 IAZI Immobilienindex Wenig Bewegung beim ImmoScout24 IAZI Real Estate Immobilienindex: Im April sind die Angebotspreise f\u00fcr Einfamilienh\u00e4user gleich geblieben. Bei den Eigentumswohnungen hat der Index um 0,3 Prozent zugelegt. Noch haben die Entscheidungen der Nationalbank keine Auswirkungen auf den Immobilienmarkt.\" \/>\n<meta property=\"og:url\" content=\"https:\/\/www.ringier.com\/de\/preise-fuer-wohneigentum-die-ruhe-vor-dem-sturm\/\" \/>\n<meta property=\"og:site_name\" content=\"Ringier\" \/>\n<meta property=\"article:publisher\" content=\"https:\/\/www.facebook.com\/ringierag\/\" \/>\n<meta property=\"article:published_time\" content=\"2015-05-13T05:46:00+00:00\" \/>\n<meta property=\"article:modified_time\" content=\"2024-11-27T09:33:07+00:00\" \/>\n<meta property=\"og:image\" content=\"https:\/\/www.ringier.com\/wp-content\/uploads\/2021\/09\/logo-nabhome_web.gif\" \/>\n\t<meta property=\"og:image:width\" content=\"700\" \/>\n\t<meta property=\"og:image:height\" content=\"400\" \/>\n\t<meta property=\"og:image:type\" content=\"image\/gif\" \/>\n<meta name=\"author\" content=\"Ringier Corporate Communications\" \/>\n<meta name=\"twitter:card\" content=\"summary_large_image\" \/>\n<meta name=\"twitter:creator\" content=\"@ringier_ag\" \/>\n<meta name=\"twitter:site\" content=\"@ringier_ag\" \/>\n<meta name=\"twitter:label1\" content=\"Verfasst von\" \/>\n\t<meta name=\"twitter:data1\" content=\"Ringier Corporate Communications\" \/>\n\t<meta name=\"twitter:label2\" content=\"Gesch\u00e4tzte Lesezeit\" \/>\n\t<meta name=\"twitter:data2\" content=\"2 Minuten\" \/>\n<script type=\"application\/ld+json\" class=\"yoast-schema-graph\">{\"@context\":\"https:\/\/schema.org\",\"@graph\":[{\"@type\":\"Article\",\"@id\":\"https:\/\/www.ringier.com\/de\/preise-fuer-wohneigentum-die-ruhe-vor-dem-sturm\/#article\",\"isPartOf\":{\"@id\":\"https:\/\/www.ringier.com\/de\/preise-fuer-wohneigentum-die-ruhe-vor-dem-sturm\/\"},\"author\":{\"name\":\"Ringier Corporate Communications\",\"@id\":\"https:\/\/www.ringier.com\/de\/#\/schema\/person\/4cf76a308dc4b2bb5121bd1e7b752e52\"},\"headline\":\"Preise f\u00fcr Wohneigentum: Die Ruhe vor dem Sturm?\",\"datePublished\":\"2015-05-13T05:46:00+00:00\",\"dateModified\":\"2024-11-27T09:33:07+00:00\",\"mainEntityOfPage\":{\"@id\":\"https:\/\/www.ringier.com\/de\/preise-fuer-wohneigentum-die-ruhe-vor-dem-sturm\/\"},\"wordCount\":175,\"publisher\":{\"@id\":\"https:\/\/www.ringier.com\/de\/#organization\"},\"image\":{\"@id\":\"https:\/\/www.ringier.com\/de\/preise-fuer-wohneigentum-die-ruhe-vor-dem-sturm\/#primaryimage\"},\"thumbnailUrl\":\"https:\/\/www.ringier.com\/wp-content\/uploads\/2021\/09\/logo-nabhome_web.gif\",\"articleSection\":[\"Marketplaces\"],\"inLanguage\":\"de-DE\"},{\"@type\":\"WebPage\",\"@id\":\"https:\/\/www.ringier.com\/de\/preise-fuer-wohneigentum-die-ruhe-vor-dem-sturm\/\",\"url\":\"https:\/\/www.ringier.com\/de\/preise-fuer-wohneigentum-die-ruhe-vor-dem-sturm\/\",\"name\":\"Preise f\u00fcr Wohneigentum: Die Ruhe vor dem Sturm? - Ringier\",\"isPartOf\":{\"@id\":\"https:\/\/www.ringier.com\/de\/#website\"},\"primaryImageOfPage\":{\"@id\":\"https:\/\/www.ringier.com\/de\/preise-fuer-wohneigentum-die-ruhe-vor-dem-sturm\/#primaryimage\"},\"image\":{\"@id\":\"https:\/\/www.ringier.com\/de\/preise-fuer-wohneigentum-die-ruhe-vor-dem-sturm\/#primaryimage\"},\"thumbnailUrl\":\"https:\/\/www.ringier.com\/wp-content\/uploads\/2021\/09\/logo-nabhome_web.gif\",\"datePublished\":\"2015-05-13T05:46:00+00:00\",\"dateModified\":\"2024-11-27T09:33:07+00:00\",\"breadcrumb\":{\"@id\":\"https:\/\/www.ringier.com\/de\/preise-fuer-wohneigentum-die-ruhe-vor-dem-sturm\/#breadcrumb\"},\"inLanguage\":\"de-DE\",\"potentialAction\":[{\"@type\":\"ReadAction\",\"target\":[\"https:\/\/www.ringier.com\/de\/preise-fuer-wohneigentum-die-ruhe-vor-dem-sturm\/\"]}]},{\"@type\":\"ImageObject\",\"inLanguage\":\"de-DE\",\"@id\":\"https:\/\/www.ringier.com\/de\/preise-fuer-wohneigentum-die-ruhe-vor-dem-sturm\/#primaryimage\",\"url\":\"https:\/\/www.ringier.com\/wp-content\/uploads\/2021\/09\/logo-nabhome_web.gif\",\"contentUrl\":\"https:\/\/www.ringier.com\/wp-content\/uploads\/2021\/09\/logo-nabhome_web.gif\",\"width\":700,\"height\":400},{\"@type\":\"BreadcrumbList\",\"@id\":\"https:\/\/www.ringier.com\/de\/preise-fuer-wohneigentum-die-ruhe-vor-dem-sturm\/#breadcrumb\",\"itemListElement\":[{\"@type\":\"ListItem\",\"position\":1,\"name\":\"Home\",\"item\":\"https:\/\/www.ringier.com\/de\/\"},{\"@type\":\"ListItem\",\"position\":2,\"name\":\"Preise f\u00fcr Wohneigentum: Die Ruhe vor dem Sturm?\"}]},{\"@type\":\"WebSite\",\"@id\":\"https:\/\/www.ringier.com\/de\/#website\",\"url\":\"https:\/\/www.ringier.com\/de\/\",\"name\":\"Ringier\",\"description\":\"We inform. We entertain. We connect\",\"publisher\":{\"@id\":\"https:\/\/www.ringier.com\/de\/#organization\"},\"potentialAction\":[{\"@type\":\"SearchAction\",\"target\":{\"@type\":\"EntryPoint\",\"urlTemplate\":\"https:\/\/www.ringier.com\/de\/?s={search_term_string}\"},\"query-input\":{\"@type\":\"PropertyValueSpecification\",\"valueRequired\":true,\"valueName\":\"search_term_string\"}}],\"inLanguage\":\"de-DE\"},{\"@type\":\"Organization\",\"@id\":\"https:\/\/www.ringier.com\/de\/#organization\",\"name\":\"Ringier\",\"url\":\"https:\/\/www.ringier.com\/de\/\",\"logo\":{\"@type\":\"ImageObject\",\"inLanguage\":\"de-DE\",\"@id\":\"https:\/\/www.ringier.com\/de\/#\/schema\/logo\/image\/\",\"url\":\"https:\/\/www.ringier.com\/wp-content\/uploads\/2021\/10\/ringier_logo_2.jpg\",\"contentUrl\":\"https:\/\/www.ringier.com\/wp-content\/uploads\/2021\/10\/ringier_logo_2.jpg\",\"width\":750,\"height\":550,\"caption\":\"Ringier\"},\"image\":{\"@id\":\"https:\/\/www.ringier.com\/de\/#\/schema\/logo\/image\/\"},\"sameAs\":[\"https:\/\/www.facebook.com\/ringierag\/\",\"https:\/\/x.com\/ringier_ag\",\"https:\/\/www.instagram.com\/ringier_ag\/\",\"https:\/\/www.linkedin.com\/company\/ringier\/\",\"https:\/\/www.youtube.com\/user\/RingierComm\",\"https:\/\/en.wikipedia.org\/wiki\/Ringier\",\"https:\/\/de.wikipedia.org\/wiki\/Ringier\",\"https:\/\/fr.wikipedia.org\/wiki\/Ringier\",\"https:\/\/www.crunchbase.com\/organization\/ringier-ag\"]},{\"@type\":\"Person\",\"@id\":\"https:\/\/www.ringier.com\/de\/#\/schema\/person\/4cf76a308dc4b2bb5121bd1e7b752e52\",\"name\":\"Ringier Corporate Communications\",\"image\":{\"@type\":\"ImageObject\",\"inLanguage\":\"de-DE\",\"@id\":\"https:\/\/www.ringier.com\/de\/#\/schema\/person\/image\/\",\"url\":\"https:\/\/secure.gravatar.com\/avatar\/9391e20481368d5df4fe3e1e476c13b27786347489822ec1ed07e532bb41f587?s=96&d=mm&r=g\",\"contentUrl\":\"https:\/\/secure.gravatar.com\/avatar\/9391e20481368d5df4fe3e1e476c13b27786347489822ec1ed07e532bb41f587?s=96&d=mm&r=g\",\"caption\":\"Ringier Corporate Communications\"},\"sameAs\":[\"https:\/\/www.ringier.com\"]}]}<\/script>\n<!-- \/ Yoast SEO Premium plugin. -->","yoast_head_json":{"title":"Preise f\u00fcr Wohneigentum: Die Ruhe vor dem Sturm? - Ringier","robots":{"index":"index","follow":"follow","max-snippet":"max-snippet:-1","max-image-preview":"max-image-preview:large","max-video-preview":"max-video-preview:-1"},"canonical":"https:\/\/www.ringier.com\/de\/preise-fuer-wohneigentum-die-ruhe-vor-dem-sturm\/","og_locale":"de_DE","og_type":"article","og_title":"Preise f\u00fcr Wohneigentum: Die Ruhe vor dem Sturm?","og_description":"ImmoScout24 IAZI Immobilienindex Wenig Bewegung beim ImmoScout24 IAZI Real Estate Immobilienindex: Im April sind die Angebotspreise f\u00fcr Einfamilienh\u00e4user gleich geblieben. Bei den Eigentumswohnungen hat der Index um 0,3 Prozent zugelegt. Noch haben die Entscheidungen der Nationalbank keine Auswirkungen auf den Immobilienmarkt.","og_url":"https:\/\/www.ringier.com\/de\/preise-fuer-wohneigentum-die-ruhe-vor-dem-sturm\/","og_site_name":"Ringier","article_publisher":"https:\/\/www.facebook.com\/ringierag\/","article_published_time":"2015-05-13T05:46:00+00:00","article_modified_time":"2024-11-27T09:33:07+00:00","og_image":[{"width":700,"height":400,"url":"https:\/\/www.ringier.com\/wp-content\/uploads\/2021\/09\/logo-nabhome_web.gif","type":"image\/gif"}],"author":"Ringier Corporate Communications","twitter_card":"summary_large_image","twitter_creator":"@ringier_ag","twitter_site":"@ringier_ag","twitter_misc":{"Verfasst von":"Ringier Corporate Communications","Gesch\u00e4tzte Lesezeit":"2 Minuten"},"schema":{"@context":"https:\/\/schema.org","@graph":[{"@type":"Article","@id":"https:\/\/www.ringier.com\/de\/preise-fuer-wohneigentum-die-ruhe-vor-dem-sturm\/#article","isPartOf":{"@id":"https:\/\/www.ringier.com\/de\/preise-fuer-wohneigentum-die-ruhe-vor-dem-sturm\/"},"author":{"name":"Ringier Corporate Communications","@id":"https:\/\/www.ringier.com\/de\/#\/schema\/person\/4cf76a308dc4b2bb5121bd1e7b752e52"},"headline":"Preise f\u00fcr Wohneigentum: Die Ruhe vor dem Sturm?","datePublished":"2015-05-13T05:46:00+00:00","dateModified":"2024-11-27T09:33:07+00:00","mainEntityOfPage":{"@id":"https:\/\/www.ringier.com\/de\/preise-fuer-wohneigentum-die-ruhe-vor-dem-sturm\/"},"wordCount":175,"publisher":{"@id":"https:\/\/www.ringier.com\/de\/#organization"},"image":{"@id":"https:\/\/www.ringier.com\/de\/preise-fuer-wohneigentum-die-ruhe-vor-dem-sturm\/#primaryimage"},"thumbnailUrl":"https:\/\/www.ringier.com\/wp-content\/uploads\/2021\/09\/logo-nabhome_web.gif","articleSection":["Marketplaces"],"inLanguage":"de-DE"},{"@type":"WebPage","@id":"https:\/\/www.ringier.com\/de\/preise-fuer-wohneigentum-die-ruhe-vor-dem-sturm\/","url":"https:\/\/www.ringier.com\/de\/preise-fuer-wohneigentum-die-ruhe-vor-dem-sturm\/","name":"Preise f\u00fcr Wohneigentum: Die Ruhe vor dem Sturm? - Ringier","isPartOf":{"@id":"https:\/\/www.ringier.com\/de\/#website"},"primaryImageOfPage":{"@id":"https:\/\/www.ringier.com\/de\/preise-fuer-wohneigentum-die-ruhe-vor-dem-sturm\/#primaryimage"},"image":{"@id":"https:\/\/www.ringier.com\/de\/preise-fuer-wohneigentum-die-ruhe-vor-dem-sturm\/#primaryimage"},"thumbnailUrl":"https:\/\/www.ringier.com\/wp-content\/uploads\/2021\/09\/logo-nabhome_web.gif","datePublished":"2015-05-13T05:46:00+00:00","dateModified":"2024-11-27T09:33:07+00:00","breadcrumb":{"@id":"https:\/\/www.ringier.com\/de\/preise-fuer-wohneigentum-die-ruhe-vor-dem-sturm\/#breadcrumb"},"inLanguage":"de-DE","potentialAction":[{"@type":"ReadAction","target":["https:\/\/www.ringier.com\/de\/preise-fuer-wohneigentum-die-ruhe-vor-dem-sturm\/"]}]},{"@type":"ImageObject","inLanguage":"de-DE","@id":"https:\/\/www.ringier.com\/de\/preise-fuer-wohneigentum-die-ruhe-vor-dem-sturm\/#primaryimage","url":"https:\/\/www.ringier.com\/wp-content\/uploads\/2021\/09\/logo-nabhome_web.gif","contentUrl":"https:\/\/www.ringier.com\/wp-content\/uploads\/2021\/09\/logo-nabhome_web.gif","width":700,"height":400},{"@type":"BreadcrumbList","@id":"https:\/\/www.ringier.com\/de\/preise-fuer-wohneigentum-die-ruhe-vor-dem-sturm\/#breadcrumb","itemListElement":[{"@type":"ListItem","position":1,"name":"Home","item":"https:\/\/www.ringier.com\/de\/"},{"@type":"ListItem","position":2,"name":"Preise f\u00fcr Wohneigentum: Die Ruhe vor dem Sturm?"}]},{"@type":"WebSite","@id":"https:\/\/www.ringier.com\/de\/#website","url":"https:\/\/www.ringier.com\/de\/","name":"Ringier","description":"We inform. We entertain. We connect","publisher":{"@id":"https:\/\/www.ringier.com\/de\/#organization"},"potentialAction":[{"@type":"SearchAction","target":{"@type":"EntryPoint","urlTemplate":"https:\/\/www.ringier.com\/de\/?s={search_term_string}"},"query-input":{"@type":"PropertyValueSpecification","valueRequired":true,"valueName":"search_term_string"}}],"inLanguage":"de-DE"},{"@type":"Organization","@id":"https:\/\/www.ringier.com\/de\/#organization","name":"Ringier","url":"https:\/\/www.ringier.com\/de\/","logo":{"@type":"ImageObject","inLanguage":"de-DE","@id":"https:\/\/www.ringier.com\/de\/#\/schema\/logo\/image\/","url":"https:\/\/www.ringier.com\/wp-content\/uploads\/2021\/10\/ringier_logo_2.jpg","contentUrl":"https:\/\/www.ringier.com\/wp-content\/uploads\/2021\/10\/ringier_logo_2.jpg","width":750,"height":550,"caption":"Ringier"},"image":{"@id":"https:\/\/www.ringier.com\/de\/#\/schema\/logo\/image\/"},"sameAs":["https:\/\/www.facebook.com\/ringierag\/","https:\/\/x.com\/ringier_ag","https:\/\/www.instagram.com\/ringier_ag\/","https:\/\/www.linkedin.com\/company\/ringier\/","https:\/\/www.youtube.com\/user\/RingierComm","https:\/\/en.wikipedia.org\/wiki\/Ringier","https:\/\/de.wikipedia.org\/wiki\/Ringier","https:\/\/fr.wikipedia.org\/wiki\/Ringier","https:\/\/www.crunchbase.com\/organization\/ringier-ag"]},{"@type":"Person","@id":"https:\/\/www.ringier.com\/de\/#\/schema\/person\/4cf76a308dc4b2bb5121bd1e7b752e52","name":"Ringier Corporate Communications","image":{"@type":"ImageObject","inLanguage":"de-DE","@id":"https:\/\/www.ringier.com\/de\/#\/schema\/person\/image\/","url":"https:\/\/secure.gravatar.com\/avatar\/9391e20481368d5df4fe3e1e476c13b27786347489822ec1ed07e532bb41f587?s=96&d=mm&r=g","contentUrl":"https:\/\/secure.gravatar.com\/avatar\/9391e20481368d5df4fe3e1e476c13b27786347489822ec1ed07e532bb41f587?s=96&d=mm&r=g","caption":"Ringier Corporate Communications"},"sameAs":["https:\/\/www.ringier.com"]}]}},"_links":{"self":[{"href":"https:\/\/www.ringier.com\/de\/wp-json\/wp\/v2\/posts\/7800","targetHints":{"allow":["GET"]}}],"collection":[{"href":"https:\/\/www.ringier.com\/de\/wp-json\/wp\/v2\/posts"}],"about":[{"href":"https:\/\/www.ringier.com\/de\/wp-json\/wp\/v2\/types\/post"}],"author":[{"embeddable":true,"href":"https:\/\/www.ringier.com\/de\/wp-json\/wp\/v2\/users\/23"}],"replies":[{"embeddable":true,"href":"https:\/\/www.ringier.com\/de\/wp-json\/wp\/v2\/comments?post=7800"}],"version-history":[{"count":0,"href":"https:\/\/www.ringier.com\/de\/wp-json\/wp\/v2\/posts\/7800\/revisions"}],"wp:featuredmedia":[{"embeddable":true,"href":"https:\/\/www.ringier.com\/de\/wp-json\/wp\/v2\/media\/7801"}],"wp:attachment":[{"href":"https:\/\/www.ringier.com\/de\/wp-json\/wp\/v2\/media?parent=7800"}],"wp:term":[{"taxonomy":"category","embeddable":true,"href":"https:\/\/www.ringier.com\/de\/wp-json\/wp\/v2\/categories?post=7800"},{"taxonomy":"post_tag","embeddable":true,"href":"https:\/\/www.ringier.com\/de\/wp-json\/wp\/v2\/tags?post=7800"}],"curies":[{"name":"wp","href":"https:\/\/api.w.org\/{rel}","templated":true}]}}