{"id":776,"date":"2021-08-07T22:15:00","date_gmt":"2021-08-07T20:15:00","guid":{"rendered":"https:\/\/www.ringier.com\/?p=776"},"modified":"2024-11-14T13:58:22","modified_gmt":"2024-11-14T12:58:22","slug":"hans-ringier-stiftung-peter-sloterdijk-mit-dem-europapreis-fuer-politische-kultur-2021-ausgezeichnet","status":"publish","type":"post","link":"https:\/\/www.ringier.com\/de\/hans-ringier-stiftung-peter-sloterdijk-mit-dem-europapreis-fuer-politische-kultur-2021-ausgezeichnet\/","title":{"rendered":"Hans Ringier Stiftung: Peter Sloterdijk mit dem \u00abEuropapreis f\u00fcr politische Kultur 2021\u00bb ausgezeichnet"},"content":{"rendered":"\n<p>Peter Sloterdijk ist heute in Ascona mit dem \u00abEuropapreis f\u00fcr politische Kultur\u00bb der Hans Ringier Stiftung ausgezeichnet worden. \u00abDer deutsche Philosoph bewegt mit seinem provokativen Denken das Bewusstsein der Zeitgenossen, nicht zuletzt immer wieder der Politik. Er ist im besten b\u00fcrgerlich-republikanischen Sinne ein unabl\u00e4ssiger Weiterdenker. Peter Sloterdijk begleitet unsere westlich-aufkl\u00e4rerische Zivilisation mit Widerspruch und Zuspruch\u00bb, kommentiert Frank A. Meyer, Pr\u00e4sident der Hans Ringier Stiftung, die Wahl des diesj\u00e4hrigen Preistr\u00e4gers.<\/p>\n\n\n\n<p>Christian Lindner, Bundesvorsitzender der Freien Demokraten und Mitglied des Deutschen Bundestages, w\u00fcrdigte den Preistr\u00e4ger in seiner Laudatio: \u00abPeter Sloterdijk ist der Meister der intellektuellen Provokation. Seine Gedanken zur Politik erscheinen als Experimente, bei denen es mitunter auch darum geht, die emp\u00f6rten Gegenstimmen bei ihren Reflexen zu beobachten. F\u00fcr die Belebung und Selbstreflexion der politischen Kultur leistet er damit exklusive Beitr\u00e4ge. Seine Wortsch\u00f6pfungen bringen nicht nur Beobachtungen zur Sprache, sondern zeugen auch von feinsinnigem Humor. Kein Intellektueller der Gegenwart formuliert zugleich so gelehrt und unterhaltsam wie er\u00bb.<\/p>\n\n\n\n<p>Die Auszeichnung fand im Rahmen des traditionellen \u00abD\u00eener R\u00e9publicain\u00bb statt, das allj\u00e4hrlich auf Einladung von Frank A. Meyer im Hotel Castello del Sole in Ascona stattfindet.<\/p>\n\n\n\n<p>Ringier AG, Corporate Communications<\/p>\n\n\n\n<div class=\"wp-block-media-text alignwide is-stacked-on-mobile\"><figure class=\"wp-block-media-text__media\"><img loading=\"lazy\" decoding=\"async\" width=\"1024\" height=\"683\" src=\"https:\/\/www.ringier.com\/wp-content\/uploads\/2021\/08\/Europapreis-2021-1024x683.jpg\" alt=\"\" class=\"wp-image-777 size-full\" srcset=\"https:\/\/www.ringier.com\/wp-content\/uploads\/2021\/08\/Europapreis-2021-1024x683.jpg 1024w, https:\/\/www.ringier.com\/wp-content\/uploads\/2021\/08\/Europapreis-2021-300x200.jpg 300w, https:\/\/www.ringier.com\/wp-content\/uploads\/2021\/08\/Europapreis-2021-768x512.jpg 768w, https:\/\/www.ringier.com\/wp-content\/uploads\/2021\/08\/Europapreis-2021-1536x1024.jpg 1536w, https:\/\/www.ringier.com\/wp-content\/uploads\/2021\/08\/Europapreis-2021-2048x1365.jpg 2048w\" sizes=\"auto, (max-width: 1024px) 100vw, 1024px\" \/><\/figure><div class=\"wp-block-media-text__content\">\n<p class=\"has-normal-font-size\">Frank A. Meyer | Christian Lindner&nbsp;| Peter Sloterdijk<\/p>\n\n\n\n<p class=\"has-normal-font-size\"><br>K\u00fcnstlerin:&nbsp;Tania Jacobi<\/p>\n<\/div><\/div>\n\n\n\n<hr class=\"wp-block-separator\"\/>\n\n\n\n<div class=\"wp-block-file\"><a href=\"https:\/\/www.ringier.com\/wp-content\/uploads\/2021\/08\/Europapreis-2021-scaled.jpg\">Diner Republicain 2021<\/a><a href=\"https:\/\/www.ringier.com\/wp-content\/uploads\/2021\/08\/Europapreis-2021-scaled.jpg\" class=\"wp-block-file__button\" download>Download<\/a><\/div>\n","protected":false},"excerpt":{"rendered":"<p>Der mit 50&#8217;000 Euro dotierte \u00abEuropapreis f\u00fcr politische Kultur\u00bb der Hans Ringier Stiftung geht 2021 an den Philosophen Peter Sloterdijk. Mit ihm wird ein grosser europ\u00e4ischer Denker ausgezeichnet. Der \u00abEuropapreis f\u00fcr politische Kultur\u00bb wird zum f\u00fcnfzehnten Mal verliehen und ging zuvor an Jean-Claude Juncker, Boris Tadi\u0107, J\u00fcrgen Habermas, Pascal Lamy, Jean-Claude Trichet, Hans-Dietrich Genscher, Donald Tusk, Wolfgang Sch\u00e4uble, Heinrich August Winkler, Mario Draghi, Frank-Walter Steinmeier, Margrethe Vestager, Sir Christopher Munro Clark und Zuzana Caputov\u00e1.<\/p>\n","protected":false},"author":23,"featured_media":10324,"comment_status":"closed","ping_status":"open","sticky":false,"template":"","format":"standard","meta":{"inline_featured_image":false,"footnotes":""},"categories":[44],"tags":[],"class_list":["post-776","post","type-post","status-publish","format-standard","has-post-thumbnail","hentry","category-corporate-de"],"yoast_head":"<!-- This site is optimized with the Yoast SEO Premium plugin v27.0 (Yoast SEO v27.0) - https:\/\/yoast.com\/product\/yoast-seo-premium-wordpress\/ -->\n<title>Hans Ringier Stiftung: Peter Sloterdijk mit dem \u00abEuropapreis f\u00fcr politische Kultur 2021\u00bb ausgezeichnet - Ringier<\/title>\n<meta name=\"robots\" content=\"index, follow, max-snippet:-1, max-image-preview:large, max-video-preview:-1\" \/>\n<link rel=\"canonical\" href=\"https:\/\/www.ringier.com\/de\/hans-ringier-stiftung-peter-sloterdijk-mit-dem-europapreis-fuer-politische-kultur-2021-ausgezeichnet\/\" \/>\n<meta property=\"og:locale\" content=\"de_DE\" \/>\n<meta property=\"og:type\" content=\"article\" \/>\n<meta property=\"og:title\" content=\"Hans Ringier Stiftung: Peter Sloterdijk mit dem \u00abEuropapreis f\u00fcr politische Kultur 2021\u00bb ausgezeichnet\" \/>\n<meta property=\"og:description\" content=\"Der mit 50&#039;000 Euro dotierte \u00abEuropapreis f\u00fcr politische Kultur\u00bb der Hans Ringier Stiftung geht 2021 an den Philosophen Peter Sloterdijk. Mit ihm wird ein grosser europ\u00e4ischer Denker ausgezeichnet. Der \u00abEuropapreis f\u00fcr politische Kultur\u00bb wird zum f\u00fcnfzehnten Mal verliehen und ging zuvor an Jean-Claude Juncker, Boris Tadi\u0107, J\u00fcrgen Habermas, Pascal Lamy, Jean-Claude Trichet, Hans-Dietrich Genscher, Donald Tusk, Wolfgang Sch\u00e4uble, Heinrich August Winkler, Mario Draghi, Frank-Walter Steinmeier, Margrethe Vestager, Sir Christopher Munro Clark und Zuzana Caputov\u00e1.\" \/>\n<meta property=\"og:url\" content=\"https:\/\/www.ringier.com\/de\/hans-ringier-stiftung-peter-sloterdijk-mit-dem-europapreis-fuer-politische-kultur-2021-ausgezeichnet\/\" \/>\n<meta property=\"og:site_name\" content=\"Ringier\" \/>\n<meta property=\"article:publisher\" content=\"https:\/\/www.facebook.com\/ringierag\/\" \/>\n<meta property=\"article:published_time\" content=\"2021-08-07T20:15:00+00:00\" \/>\n<meta property=\"article:modified_time\" content=\"2024-11-14T12:58:22+00:00\" \/>\n<meta property=\"og:image\" content=\"https:\/\/www.ringier.com\/wp-content\/uploads\/2021\/08\/Europapreis-2021-1-scaled.jpg\" \/>\n\t<meta property=\"og:image:width\" content=\"2560\" \/>\n\t<meta property=\"og:image:height\" content=\"1339\" \/>\n\t<meta property=\"og:image:type\" content=\"image\/jpeg\" \/>\n<meta name=\"author\" content=\"Ringier Corporate Communications\" \/>\n<meta name=\"twitter:card\" content=\"summary_large_image\" \/>\n<meta name=\"twitter:creator\" content=\"@ringier_ag\" \/>\n<meta name=\"twitter:site\" content=\"@ringier_ag\" \/>\n<meta name=\"twitter:label1\" content=\"Verfasst von\" \/>\n\t<meta name=\"twitter:data1\" content=\"Ringier Corporate Communications\" \/>\n\t<meta name=\"twitter:label2\" content=\"Gesch\u00e4tzte Lesezeit\" \/>\n\t<meta name=\"twitter:data2\" content=\"2 Minuten\" \/>\n<script type=\"application\/ld+json\" class=\"yoast-schema-graph\">{\"@context\":\"https:\/\/schema.org\",\"@graph\":[{\"@type\":\"Article\",\"@id\":\"https:\/\/www.ringier.com\/de\/hans-ringier-stiftung-peter-sloterdijk-mit-dem-europapreis-fuer-politische-kultur-2021-ausgezeichnet\/#article\",\"isPartOf\":{\"@id\":\"https:\/\/www.ringier.com\/de\/hans-ringier-stiftung-peter-sloterdijk-mit-dem-europapreis-fuer-politische-kultur-2021-ausgezeichnet\/\"},\"author\":{\"name\":\"Ringier Corporate Communications\",\"@id\":\"https:\/\/www.ringier.com\/de\/#\/schema\/person\/4cf76a308dc4b2bb5121bd1e7b752e52\"},\"headline\":\"Hans Ringier Stiftung: Peter Sloterdijk mit dem \u00abEuropapreis f\u00fcr politische Kultur 2021\u00bb ausgezeichnet\",\"datePublished\":\"2021-08-07T20:15:00+00:00\",\"dateModified\":\"2024-11-14T12:58:22+00:00\",\"mainEntityOfPage\":{\"@id\":\"https:\/\/www.ringier.com\/de\/hans-ringier-stiftung-peter-sloterdijk-mit-dem-europapreis-fuer-politische-kultur-2021-ausgezeichnet\/\"},\"wordCount\":230,\"publisher\":{\"@id\":\"https:\/\/www.ringier.com\/de\/#organization\"},\"image\":{\"@id\":\"https:\/\/www.ringier.com\/de\/hans-ringier-stiftung-peter-sloterdijk-mit-dem-europapreis-fuer-politische-kultur-2021-ausgezeichnet\/#primaryimage\"},\"thumbnailUrl\":\"https:\/\/www.ringier.com\/wp-content\/uploads\/2021\/08\/Europapreis-2021-1-scaled.jpg\",\"articleSection\":[\"Corporate\"],\"inLanguage\":\"de-DE\"},{\"@type\":\"WebPage\",\"@id\":\"https:\/\/www.ringier.com\/de\/hans-ringier-stiftung-peter-sloterdijk-mit-dem-europapreis-fuer-politische-kultur-2021-ausgezeichnet\/\",\"url\":\"https:\/\/www.ringier.com\/de\/hans-ringier-stiftung-peter-sloterdijk-mit-dem-europapreis-fuer-politische-kultur-2021-ausgezeichnet\/\",\"name\":\"Hans Ringier Stiftung: Peter Sloterdijk mit dem \u00abEuropapreis f\u00fcr politische Kultur 2021\u00bb ausgezeichnet - Ringier\",\"isPartOf\":{\"@id\":\"https:\/\/www.ringier.com\/de\/#website\"},\"primaryImageOfPage\":{\"@id\":\"https:\/\/www.ringier.com\/de\/hans-ringier-stiftung-peter-sloterdijk-mit-dem-europapreis-fuer-politische-kultur-2021-ausgezeichnet\/#primaryimage\"},\"image\":{\"@id\":\"https:\/\/www.ringier.com\/de\/hans-ringier-stiftung-peter-sloterdijk-mit-dem-europapreis-fuer-politische-kultur-2021-ausgezeichnet\/#primaryimage\"},\"thumbnailUrl\":\"https:\/\/www.ringier.com\/wp-content\/uploads\/2021\/08\/Europapreis-2021-1-scaled.jpg\",\"datePublished\":\"2021-08-07T20:15:00+00:00\",\"dateModified\":\"2024-11-14T12:58:22+00:00\",\"breadcrumb\":{\"@id\":\"https:\/\/www.ringier.com\/de\/hans-ringier-stiftung-peter-sloterdijk-mit-dem-europapreis-fuer-politische-kultur-2021-ausgezeichnet\/#breadcrumb\"},\"inLanguage\":\"de-DE\",\"potentialAction\":[{\"@type\":\"ReadAction\",\"target\":[\"https:\/\/www.ringier.com\/de\/hans-ringier-stiftung-peter-sloterdijk-mit-dem-europapreis-fuer-politische-kultur-2021-ausgezeichnet\/\"]}]},{\"@type\":\"ImageObject\",\"inLanguage\":\"de-DE\",\"@id\":\"https:\/\/www.ringier.com\/de\/hans-ringier-stiftung-peter-sloterdijk-mit-dem-europapreis-fuer-politische-kultur-2021-ausgezeichnet\/#primaryimage\",\"url\":\"https:\/\/www.ringier.com\/wp-content\/uploads\/2021\/08\/Europapreis-2021-1-scaled.jpg\",\"contentUrl\":\"https:\/\/www.ringier.com\/wp-content\/uploads\/2021\/08\/Europapreis-2021-1-scaled.jpg\",\"width\":2560,\"height\":1339,\"caption\":\"Ascona, Castello del Sole (TI), 7.8.2021 -- Europapreis geht an Peter Sloterdijk. Bild vlnr: Frank A. Meyer, Gastgeber, Christian Lindner, Bundesvorsitzender der Freien Demokraten, Peter Sloterdijk, Preistr\u00e4ger. Foto: Karl-Heinz Hug\"},{\"@type\":\"BreadcrumbList\",\"@id\":\"https:\/\/www.ringier.com\/de\/hans-ringier-stiftung-peter-sloterdijk-mit-dem-europapreis-fuer-politische-kultur-2021-ausgezeichnet\/#breadcrumb\",\"itemListElement\":[{\"@type\":\"ListItem\",\"position\":1,\"name\":\"Home\",\"item\":\"https:\/\/www.ringier.com\/de\/\"},{\"@type\":\"ListItem\",\"position\":2,\"name\":\"Hans Ringier Stiftung: Peter Sloterdijk mit dem \u00abEuropapreis f\u00fcr politische Kultur 2021\u00bb ausgezeichnet\"}]},{\"@type\":\"WebSite\",\"@id\":\"https:\/\/www.ringier.com\/de\/#website\",\"url\":\"https:\/\/www.ringier.com\/de\/\",\"name\":\"Ringier\",\"description\":\"We inform. We entertain. We connect\",\"publisher\":{\"@id\":\"https:\/\/www.ringier.com\/de\/#organization\"},\"potentialAction\":[{\"@type\":\"SearchAction\",\"target\":{\"@type\":\"EntryPoint\",\"urlTemplate\":\"https:\/\/www.ringier.com\/de\/?s={search_term_string}\"},\"query-input\":{\"@type\":\"PropertyValueSpecification\",\"valueRequired\":true,\"valueName\":\"search_term_string\"}}],\"inLanguage\":\"de-DE\"},{\"@type\":\"Organization\",\"@id\":\"https:\/\/www.ringier.com\/de\/#organization\",\"name\":\"Ringier\",\"url\":\"https:\/\/www.ringier.com\/de\/\",\"logo\":{\"@type\":\"ImageObject\",\"inLanguage\":\"de-DE\",\"@id\":\"https:\/\/www.ringier.com\/de\/#\/schema\/logo\/image\/\",\"url\":\"https:\/\/www.ringier.com\/wp-content\/uploads\/2021\/10\/ringier_logo_2.jpg\",\"contentUrl\":\"https:\/\/www.ringier.com\/wp-content\/uploads\/2021\/10\/ringier_logo_2.jpg\",\"width\":750,\"height\":550,\"caption\":\"Ringier\"},\"image\":{\"@id\":\"https:\/\/www.ringier.com\/de\/#\/schema\/logo\/image\/\"},\"sameAs\":[\"https:\/\/www.facebook.com\/ringierag\/\",\"https:\/\/x.com\/ringier_ag\",\"https:\/\/www.instagram.com\/ringier_ag\/\",\"https:\/\/www.linkedin.com\/company\/ringier\/\",\"https:\/\/www.youtube.com\/user\/RingierComm\",\"https:\/\/en.wikipedia.org\/wiki\/Ringier\",\"https:\/\/de.wikipedia.org\/wiki\/Ringier\",\"https:\/\/fr.wikipedia.org\/wiki\/Ringier\",\"https:\/\/www.crunchbase.com\/organization\/ringier-ag\"]},{\"@type\":\"Person\",\"@id\":\"https:\/\/www.ringier.com\/de\/#\/schema\/person\/4cf76a308dc4b2bb5121bd1e7b752e52\",\"name\":\"Ringier Corporate Communications\",\"image\":{\"@type\":\"ImageObject\",\"inLanguage\":\"de-DE\",\"@id\":\"https:\/\/www.ringier.com\/de\/#\/schema\/person\/image\/\",\"url\":\"https:\/\/secure.gravatar.com\/avatar\/9391e20481368d5df4fe3e1e476c13b27786347489822ec1ed07e532bb41f587?s=96&d=mm&r=g\",\"contentUrl\":\"https:\/\/secure.gravatar.com\/avatar\/9391e20481368d5df4fe3e1e476c13b27786347489822ec1ed07e532bb41f587?s=96&d=mm&r=g\",\"caption\":\"Ringier Corporate Communications\"},\"sameAs\":[\"https:\/\/www.ringier.com\"]}]}<\/script>\n<!-- \/ Yoast SEO Premium plugin. -->","yoast_head_json":{"title":"Hans Ringier Stiftung: Peter Sloterdijk mit dem \u00abEuropapreis f\u00fcr politische Kultur 2021\u00bb ausgezeichnet - Ringier","robots":{"index":"index","follow":"follow","max-snippet":"max-snippet:-1","max-image-preview":"max-image-preview:large","max-video-preview":"max-video-preview:-1"},"canonical":"https:\/\/www.ringier.com\/de\/hans-ringier-stiftung-peter-sloterdijk-mit-dem-europapreis-fuer-politische-kultur-2021-ausgezeichnet\/","og_locale":"de_DE","og_type":"article","og_title":"Hans Ringier Stiftung: Peter Sloterdijk mit dem \u00abEuropapreis f\u00fcr politische Kultur 2021\u00bb ausgezeichnet","og_description":"Der mit 50'000 Euro dotierte \u00abEuropapreis f\u00fcr politische Kultur\u00bb der Hans Ringier Stiftung geht 2021 an den Philosophen Peter Sloterdijk. Mit ihm wird ein grosser europ\u00e4ischer Denker ausgezeichnet. Der \u00abEuropapreis f\u00fcr politische Kultur\u00bb wird zum f\u00fcnfzehnten Mal verliehen und ging zuvor an Jean-Claude Juncker, Boris Tadi\u0107, J\u00fcrgen Habermas, Pascal Lamy, Jean-Claude Trichet, Hans-Dietrich Genscher, Donald Tusk, Wolfgang Sch\u00e4uble, Heinrich August Winkler, Mario Draghi, Frank-Walter Steinmeier, Margrethe Vestager, Sir Christopher Munro Clark und Zuzana Caputov\u00e1.","og_url":"https:\/\/www.ringier.com\/de\/hans-ringier-stiftung-peter-sloterdijk-mit-dem-europapreis-fuer-politische-kultur-2021-ausgezeichnet\/","og_site_name":"Ringier","article_publisher":"https:\/\/www.facebook.com\/ringierag\/","article_published_time":"2021-08-07T20:15:00+00:00","article_modified_time":"2024-11-14T12:58:22+00:00","og_image":[{"width":2560,"height":1339,"url":"https:\/\/www.ringier.com\/wp-content\/uploads\/2021\/08\/Europapreis-2021-1-scaled.jpg","type":"image\/jpeg"}],"author":"Ringier Corporate Communications","twitter_card":"summary_large_image","twitter_creator":"@ringier_ag","twitter_site":"@ringier_ag","twitter_misc":{"Verfasst von":"Ringier Corporate Communications","Gesch\u00e4tzte Lesezeit":"2 Minuten"},"schema":{"@context":"https:\/\/schema.org","@graph":[{"@type":"Article","@id":"https:\/\/www.ringier.com\/de\/hans-ringier-stiftung-peter-sloterdijk-mit-dem-europapreis-fuer-politische-kultur-2021-ausgezeichnet\/#article","isPartOf":{"@id":"https:\/\/www.ringier.com\/de\/hans-ringier-stiftung-peter-sloterdijk-mit-dem-europapreis-fuer-politische-kultur-2021-ausgezeichnet\/"},"author":{"name":"Ringier Corporate Communications","@id":"https:\/\/www.ringier.com\/de\/#\/schema\/person\/4cf76a308dc4b2bb5121bd1e7b752e52"},"headline":"Hans Ringier Stiftung: Peter Sloterdijk mit dem \u00abEuropapreis f\u00fcr politische Kultur 2021\u00bb ausgezeichnet","datePublished":"2021-08-07T20:15:00+00:00","dateModified":"2024-11-14T12:58:22+00:00","mainEntityOfPage":{"@id":"https:\/\/www.ringier.com\/de\/hans-ringier-stiftung-peter-sloterdijk-mit-dem-europapreis-fuer-politische-kultur-2021-ausgezeichnet\/"},"wordCount":230,"publisher":{"@id":"https:\/\/www.ringier.com\/de\/#organization"},"image":{"@id":"https:\/\/www.ringier.com\/de\/hans-ringier-stiftung-peter-sloterdijk-mit-dem-europapreis-fuer-politische-kultur-2021-ausgezeichnet\/#primaryimage"},"thumbnailUrl":"https:\/\/www.ringier.com\/wp-content\/uploads\/2021\/08\/Europapreis-2021-1-scaled.jpg","articleSection":["Corporate"],"inLanguage":"de-DE"},{"@type":"WebPage","@id":"https:\/\/www.ringier.com\/de\/hans-ringier-stiftung-peter-sloterdijk-mit-dem-europapreis-fuer-politische-kultur-2021-ausgezeichnet\/","url":"https:\/\/www.ringier.com\/de\/hans-ringier-stiftung-peter-sloterdijk-mit-dem-europapreis-fuer-politische-kultur-2021-ausgezeichnet\/","name":"Hans Ringier Stiftung: Peter Sloterdijk mit dem \u00abEuropapreis f\u00fcr politische Kultur 2021\u00bb ausgezeichnet - Ringier","isPartOf":{"@id":"https:\/\/www.ringier.com\/de\/#website"},"primaryImageOfPage":{"@id":"https:\/\/www.ringier.com\/de\/hans-ringier-stiftung-peter-sloterdijk-mit-dem-europapreis-fuer-politische-kultur-2021-ausgezeichnet\/#primaryimage"},"image":{"@id":"https:\/\/www.ringier.com\/de\/hans-ringier-stiftung-peter-sloterdijk-mit-dem-europapreis-fuer-politische-kultur-2021-ausgezeichnet\/#primaryimage"},"thumbnailUrl":"https:\/\/www.ringier.com\/wp-content\/uploads\/2021\/08\/Europapreis-2021-1-scaled.jpg","datePublished":"2021-08-07T20:15:00+00:00","dateModified":"2024-11-14T12:58:22+00:00","breadcrumb":{"@id":"https:\/\/www.ringier.com\/de\/hans-ringier-stiftung-peter-sloterdijk-mit-dem-europapreis-fuer-politische-kultur-2021-ausgezeichnet\/#breadcrumb"},"inLanguage":"de-DE","potentialAction":[{"@type":"ReadAction","target":["https:\/\/www.ringier.com\/de\/hans-ringier-stiftung-peter-sloterdijk-mit-dem-europapreis-fuer-politische-kultur-2021-ausgezeichnet\/"]}]},{"@type":"ImageObject","inLanguage":"de-DE","@id":"https:\/\/www.ringier.com\/de\/hans-ringier-stiftung-peter-sloterdijk-mit-dem-europapreis-fuer-politische-kultur-2021-ausgezeichnet\/#primaryimage","url":"https:\/\/www.ringier.com\/wp-content\/uploads\/2021\/08\/Europapreis-2021-1-scaled.jpg","contentUrl":"https:\/\/www.ringier.com\/wp-content\/uploads\/2021\/08\/Europapreis-2021-1-scaled.jpg","width":2560,"height":1339,"caption":"Ascona, Castello del Sole (TI), 7.8.2021 -- Europapreis geht an Peter Sloterdijk. Bild vlnr: Frank A. Meyer, Gastgeber, Christian Lindner, Bundesvorsitzender der Freien Demokraten, Peter Sloterdijk, Preistr\u00e4ger. Foto: Karl-Heinz Hug"},{"@type":"BreadcrumbList","@id":"https:\/\/www.ringier.com\/de\/hans-ringier-stiftung-peter-sloterdijk-mit-dem-europapreis-fuer-politische-kultur-2021-ausgezeichnet\/#breadcrumb","itemListElement":[{"@type":"ListItem","position":1,"name":"Home","item":"https:\/\/www.ringier.com\/de\/"},{"@type":"ListItem","position":2,"name":"Hans Ringier Stiftung: Peter Sloterdijk mit dem \u00abEuropapreis f\u00fcr politische Kultur 2021\u00bb ausgezeichnet"}]},{"@type":"WebSite","@id":"https:\/\/www.ringier.com\/de\/#website","url":"https:\/\/www.ringier.com\/de\/","name":"Ringier","description":"We inform. We entertain. We connect","publisher":{"@id":"https:\/\/www.ringier.com\/de\/#organization"},"potentialAction":[{"@type":"SearchAction","target":{"@type":"EntryPoint","urlTemplate":"https:\/\/www.ringier.com\/de\/?s={search_term_string}"},"query-input":{"@type":"PropertyValueSpecification","valueRequired":true,"valueName":"search_term_string"}}],"inLanguage":"de-DE"},{"@type":"Organization","@id":"https:\/\/www.ringier.com\/de\/#organization","name":"Ringier","url":"https:\/\/www.ringier.com\/de\/","logo":{"@type":"ImageObject","inLanguage":"de-DE","@id":"https:\/\/www.ringier.com\/de\/#\/schema\/logo\/image\/","url":"https:\/\/www.ringier.com\/wp-content\/uploads\/2021\/10\/ringier_logo_2.jpg","contentUrl":"https:\/\/www.ringier.com\/wp-content\/uploads\/2021\/10\/ringier_logo_2.jpg","width":750,"height":550,"caption":"Ringier"},"image":{"@id":"https:\/\/www.ringier.com\/de\/#\/schema\/logo\/image\/"},"sameAs":["https:\/\/www.facebook.com\/ringierag\/","https:\/\/x.com\/ringier_ag","https:\/\/www.instagram.com\/ringier_ag\/","https:\/\/www.linkedin.com\/company\/ringier\/","https:\/\/www.youtube.com\/user\/RingierComm","https:\/\/en.wikipedia.org\/wiki\/Ringier","https:\/\/de.wikipedia.org\/wiki\/Ringier","https:\/\/fr.wikipedia.org\/wiki\/Ringier","https:\/\/www.crunchbase.com\/organization\/ringier-ag"]},{"@type":"Person","@id":"https:\/\/www.ringier.com\/de\/#\/schema\/person\/4cf76a308dc4b2bb5121bd1e7b752e52","name":"Ringier Corporate Communications","image":{"@type":"ImageObject","inLanguage":"de-DE","@id":"https:\/\/www.ringier.com\/de\/#\/schema\/person\/image\/","url":"https:\/\/secure.gravatar.com\/avatar\/9391e20481368d5df4fe3e1e476c13b27786347489822ec1ed07e532bb41f587?s=96&d=mm&r=g","contentUrl":"https:\/\/secure.gravatar.com\/avatar\/9391e20481368d5df4fe3e1e476c13b27786347489822ec1ed07e532bb41f587?s=96&d=mm&r=g","caption":"Ringier Corporate Communications"},"sameAs":["https:\/\/www.ringier.com"]}]}},"_links":{"self":[{"href":"https:\/\/www.ringier.com\/de\/wp-json\/wp\/v2\/posts\/776","targetHints":{"allow":["GET"]}}],"collection":[{"href":"https:\/\/www.ringier.com\/de\/wp-json\/wp\/v2\/posts"}],"about":[{"href":"https:\/\/www.ringier.com\/de\/wp-json\/wp\/v2\/types\/post"}],"author":[{"embeddable":true,"href":"https:\/\/www.ringier.com\/de\/wp-json\/wp\/v2\/users\/23"}],"replies":[{"embeddable":true,"href":"https:\/\/www.ringier.com\/de\/wp-json\/wp\/v2\/comments?post=776"}],"version-history":[{"count":0,"href":"https:\/\/www.ringier.com\/de\/wp-json\/wp\/v2\/posts\/776\/revisions"}],"wp:featuredmedia":[{"embeddable":true,"href":"https:\/\/www.ringier.com\/de\/wp-json\/wp\/v2\/media\/10324"}],"wp:attachment":[{"href":"https:\/\/www.ringier.com\/de\/wp-json\/wp\/v2\/media?parent=776"}],"wp:term":[{"taxonomy":"category","embeddable":true,"href":"https:\/\/www.ringier.com\/de\/wp-json\/wp\/v2\/categories?post=776"},{"taxonomy":"post_tag","embeddable":true,"href":"https:\/\/www.ringier.com\/de\/wp-json\/wp\/v2\/tags?post=776"}],"curies":[{"name":"wp","href":"https:\/\/api.w.org\/{rel}","templated":true}]}}