{"id":7501,"date":"2010-09-07T16:41:00","date_gmt":"2010-09-07T14:41:00","guid":{"rendered":"https:\/\/www.ringier.com\/rose-dor-festival-great-swiss-stars-have-the-honor\/"},"modified":"2021-09-23T17:25:01","modified_gmt":"2021-09-23T15:25:01","slug":"rose-dor-festival-grosse-schweizer-stars-geben-sich-die-ehre","status":"publish","type":"post","link":"https:\/\/www.ringier.com\/de\/rose-dor-festival-grosse-schweizer-stars-geben-sich-die-ehre\/","title":{"rendered":"Rose d&#8217;Or Festival &#8211; Grosse Schweizer Stars geben sich die Ehre"},"content":{"rendered":"\n<p>Das kann heiter werden: Die beiden Wortakrobaten Ursus &amp; Nadeschkin werden an der Rose d&#8217;Or Awards Ceremony ausgerechnet in ihrer Stammdisziplin eine kurze Laudatio halten. Sie wollen sich wortstark zur Kategorie \u00abSitcom\u00bb \u00e4ussern. Was genau sie dabei zum Besten geben, k\u00f6nnen sie zwei Wochen vor der Veranstaltung noch nicht verraten. Ihr Beitrag soll live und ungeschnitten auf der B\u00fchne entstehen. \u00abSituationskomik ist die direkteste Form von Humor, weil sie nicht \u2039ausgedacht\u203a ist, sondern auf die Situation reagiert\u00bb, sagt Urs Wehrli. Und das seien sie sich gewohnt, das w\u00fcrden sie ohnehin die ganze Zeit tun, wenn sie auf der B\u00fchne sind: \u00abWir reagieren. Daraus entsteht schneller, \u00fcberraschender Humor &#8211; im Idealfall nat\u00fcrlich\u00bb. Und dann verr\u00e4t er noch ein Berufsgeheimnis: \u00abWas die Vorbereitung von spontanen Situationen betrifft: Bei uns sind meistens genau die Momente, die improvisiert wirken, genau vorbereitet und diejenigen, die vorbereitet daherkommen, sind spontan entstanden.\u00bb\u00a0<\/p>\n\n\n\n<p>Geradezu pr\u00e4destiniert f\u00fcr die Kategorie \u00abChildren &amp; Youth\u00bb ist auch Laudator DJ Bobo. Man darf gespannt sein, wie sich der zweifache Familienvater und wohl popul\u00e4rste Entertainer f\u00fcr Jugendliche und Kinder sich dem Thema n\u00e4hern und sich vielleicht sogar sehr pointiert zum Thema Fernseh- und Internetkonsum der jungen Generation \u00e4ussern wird.\u00a0<\/p>\n\n\n\n<p><strong>Sandra Studer: \u00abF\u00fcr jede Rosine eine Rose!\u00bb<\/strong><\/p>\n\n\n\n<p>Fernsehfrau Sandra Studer k\u00f6nnte bei der diesj\u00e4hrigen Preisverleihungs-Gala unter Umst\u00e4nden zweimal auf der B\u00fchne stehen. Erstens als Laudatorin in der Kategorie \u00abMiniseries &amp; Drama\u00bb, zweitens als m\u00f6gliche Gewinnerin einer Rose. Denn die von ihr moderierte Dokumentation der Oper \u00abLa Boh\u00e8me live aus dem Hochhaus\u00bb wurde mit zwei weiteren Beitr\u00e4gen des Schweizer Fernsehens f\u00fcr die Preisverleihung nominiert. \u00abNat\u00fcrlich w\u00fcrde ich mich sehr \u00fcber eine Auszeichnung freuen, aber es ist mir als Laudatorin auch eine grosse Ehre, eine andere Fernsehsendung mit der Goldenen Rose auszeichnen zu d\u00fcrfen\u00bb, sagt sie. \u00abFernsehen produziert Masse f\u00fcr Massen. Umso wichtiger ist es deshalb, Qualit\u00e4t auszuzeichnen. F\u00fcr jede Rosine eine Rose.\u00bb\u00a0<\/p>\n\n\n\n<p>Dass der fr\u00fchere deutsche Bundeskanzler Gerhard Schr\u00f6der an der Awards Ceremony teilnehmen und die Goldene Rose f\u00fcr ein sozial engagiertes TV-Unterhaltungsprogramm verleihen wird, ist schon l\u00e4nger bekannt. Moderiert wird die Gala von der deutsch-t\u00fcrkischen Fernsehfrau Nazan Eckes und ihrem britischen Kollegen Ben Shephard. Beide gelten in ihren L\u00e4ndern als die kommenden grossen Fernsehstars.\u00a0<\/p>\n\n\n\n<p>Festivaldirektor Rolf Probala freut sich \u00fcber die illustre Liste: \u00abDer grosse Stellenwert des Rose d&#8217;Or Awards spiegelt sich auch in den Laudatoren. \u00dcberreicht werden die begehrten Goldenen Rosen von bekannten Pers\u00f6nlichkeiten, die in ihrem Gebiet Ausserordentliches geleistet haben.\u00bb Das Publikum k\u00f6nne sich auf einen kurzweiligen, humorvollen Abend gefasst machen.\u00a0<\/p>\n","protected":false},"excerpt":{"rendered":"<p>Luzern: <\/p>\n<p>Rosige Aussichten f\u00fcr das Publikum der diesj\u00e4hrigen Rose d&#8217;Or Awards Ceremony. Jetzt stehen fast alle Laudatoren dieses Festival-Highlights fest, das am Mittwoch, 22. September in Luzern \u00fcber die KKL-B\u00fchne geht. Ber\u00fchmte Schweizer z\u00e4hlen dazu: Weltstar DJ Bobo, die beliebteste TV-Moderatorin des Landes, Sandra Studer, und die landauf, landab f\u00fcr ihren spontanen Wortwitz popul\u00e4ren Ursus &#038; Nadeschkin.<\/p>\n","protected":false},"author":23,"featured_media":5763,"comment_status":"closed","ping_status":"open","sticky":false,"template":"","format":"standard","meta":{"inline_featured_image":false,"footnotes":""},"categories":[376,371],"tags":[],"class_list":["post-7501","post","type-post","status-publish","format-standard","has-post-thumbnail","hentry","category-marketplaces-de","category-media-de"],"yoast_head":"<!-- This site is optimized with the Yoast SEO Premium plugin v27.0 (Yoast SEO v27.0) - https:\/\/yoast.com\/product\/yoast-seo-premium-wordpress\/ -->\n<title>Rose d&#039;Or Festival - Grosse Schweizer Stars geben sich die Ehre - Ringier<\/title>\n<meta name=\"robots\" content=\"index, follow, max-snippet:-1, max-image-preview:large, max-video-preview:-1\" \/>\n<link rel=\"canonical\" href=\"https:\/\/www.ringier.com\/de\/rose-dor-festival-grosse-schweizer-stars-geben-sich-die-ehre\/\" \/>\n<meta property=\"og:locale\" content=\"de_DE\" \/>\n<meta property=\"og:type\" content=\"article\" \/>\n<meta property=\"og:title\" content=\"Rose d&#039;Or Festival - Grosse Schweizer Stars geben sich die Ehre\" \/>\n<meta property=\"og:description\" content=\"Luzern:  Rosige Aussichten f\u00fcr das Publikum der diesj\u00e4hrigen Rose d&#039;Or Awards Ceremony. Jetzt stehen fast alle Laudatoren dieses Festival-Highlights fest, das am Mittwoch, 22. September in Luzern \u00fcber die KKL-B\u00fchne geht. Ber\u00fchmte Schweizer z\u00e4hlen dazu: Weltstar DJ Bobo, die beliebteste TV-Moderatorin des Landes, Sandra Studer, und die landauf, landab f\u00fcr ihren spontanen Wortwitz popul\u00e4ren Ursus &amp; Nadeschkin.\" \/>\n<meta property=\"og:url\" content=\"https:\/\/www.ringier.com\/de\/rose-dor-festival-grosse-schweizer-stars-geben-sich-die-ehre\/\" \/>\n<meta property=\"og:site_name\" content=\"Ringier\" \/>\n<meta property=\"article:publisher\" content=\"https:\/\/www.facebook.com\/ringierag\/\" \/>\n<meta property=\"article:published_time\" content=\"2010-09-07T14:41:00+00:00\" \/>\n<meta property=\"article:modified_time\" content=\"2021-09-23T15:25:01+00:00\" \/>\n<meta property=\"og:image\" content=\"https:\/\/www.ringier.com\/wp-content\/uploads\/2013\/03\/Press-Release-Default-1024x538.png\" \/>\n\t<meta property=\"og:image:width\" content=\"1024\" \/>\n\t<meta property=\"og:image:height\" content=\"538\" \/>\n\t<meta property=\"og:image:type\" content=\"image\/png\" \/>\n<meta name=\"author\" content=\"Ringier Corporate Communications\" \/>\n<meta name=\"twitter:card\" content=\"summary_large_image\" \/>\n<meta name=\"twitter:creator\" content=\"@ringier_ag\" \/>\n<meta name=\"twitter:site\" content=\"@ringier_ag\" \/>\n<meta name=\"twitter:label1\" content=\"Verfasst von\" \/>\n\t<meta name=\"twitter:data1\" content=\"Ringier Corporate Communications\" \/>\n\t<meta name=\"twitter:label2\" content=\"Gesch\u00e4tzte Lesezeit\" \/>\n\t<meta name=\"twitter:data2\" content=\"2 Minuten\" \/>\n<script type=\"application\/ld+json\" class=\"yoast-schema-graph\">{\"@context\":\"https:\/\/schema.org\",\"@graph\":[{\"@type\":\"Article\",\"@id\":\"https:\/\/www.ringier.com\/de\/rose-dor-festival-grosse-schweizer-stars-geben-sich-die-ehre\/#article\",\"isPartOf\":{\"@id\":\"https:\/\/www.ringier.com\/de\/rose-dor-festival-grosse-schweizer-stars-geben-sich-die-ehre\/\"},\"author\":{\"name\":\"Ringier Corporate Communications\",\"@id\":\"https:\/\/www.ringier.com\/de\/#\/schema\/person\/4cf76a308dc4b2bb5121bd1e7b752e52\"},\"headline\":\"Rose d&#8217;Or Festival &#8211; Grosse Schweizer Stars geben sich die Ehre\",\"datePublished\":\"2010-09-07T14:41:00+00:00\",\"dateModified\":\"2021-09-23T15:25:01+00:00\",\"mainEntityOfPage\":{\"@id\":\"https:\/\/www.ringier.com\/de\/rose-dor-festival-grosse-schweizer-stars-geben-sich-die-ehre\/\"},\"wordCount\":456,\"publisher\":{\"@id\":\"https:\/\/www.ringier.com\/de\/#organization\"},\"image\":{\"@id\":\"https:\/\/www.ringier.com\/de\/rose-dor-festival-grosse-schweizer-stars-geben-sich-die-ehre\/#primaryimage\"},\"thumbnailUrl\":\"https:\/\/www.ringier.com\/wp-content\/uploads\/2013\/03\/Press-Release-Default.png\",\"articleSection\":[\"Marketplaces\",\"Media\"],\"inLanguage\":\"de-DE\"},{\"@type\":\"WebPage\",\"@id\":\"https:\/\/www.ringier.com\/de\/rose-dor-festival-grosse-schweizer-stars-geben-sich-die-ehre\/\",\"url\":\"https:\/\/www.ringier.com\/de\/rose-dor-festival-grosse-schweizer-stars-geben-sich-die-ehre\/\",\"name\":\"Rose d'Or Festival - Grosse Schweizer Stars geben sich die Ehre - Ringier\",\"isPartOf\":{\"@id\":\"https:\/\/www.ringier.com\/de\/#website\"},\"primaryImageOfPage\":{\"@id\":\"https:\/\/www.ringier.com\/de\/rose-dor-festival-grosse-schweizer-stars-geben-sich-die-ehre\/#primaryimage\"},\"image\":{\"@id\":\"https:\/\/www.ringier.com\/de\/rose-dor-festival-grosse-schweizer-stars-geben-sich-die-ehre\/#primaryimage\"},\"thumbnailUrl\":\"https:\/\/www.ringier.com\/wp-content\/uploads\/2013\/03\/Press-Release-Default.png\",\"datePublished\":\"2010-09-07T14:41:00+00:00\",\"dateModified\":\"2021-09-23T15:25:01+00:00\",\"breadcrumb\":{\"@id\":\"https:\/\/www.ringier.com\/de\/rose-dor-festival-grosse-schweizer-stars-geben-sich-die-ehre\/#breadcrumb\"},\"inLanguage\":\"de-DE\",\"potentialAction\":[{\"@type\":\"ReadAction\",\"target\":[\"https:\/\/www.ringier.com\/de\/rose-dor-festival-grosse-schweizer-stars-geben-sich-die-ehre\/\"]}]},{\"@type\":\"ImageObject\",\"inLanguage\":\"de-DE\",\"@id\":\"https:\/\/www.ringier.com\/de\/rose-dor-festival-grosse-schweizer-stars-geben-sich-die-ehre\/#primaryimage\",\"url\":\"https:\/\/www.ringier.com\/wp-content\/uploads\/2013\/03\/Press-Release-Default.png\",\"contentUrl\":\"https:\/\/www.ringier.com\/wp-content\/uploads\/2013\/03\/Press-Release-Default.png\",\"width\":8001,\"height\":4201},{\"@type\":\"BreadcrumbList\",\"@id\":\"https:\/\/www.ringier.com\/de\/rose-dor-festival-grosse-schweizer-stars-geben-sich-die-ehre\/#breadcrumb\",\"itemListElement\":[{\"@type\":\"ListItem\",\"position\":1,\"name\":\"Home\",\"item\":\"https:\/\/www.ringier.com\/de\/\"},{\"@type\":\"ListItem\",\"position\":2,\"name\":\"Rose d&#8217;Or Festival &#8211; Grosse Schweizer Stars geben sich die Ehre\"}]},{\"@type\":\"WebSite\",\"@id\":\"https:\/\/www.ringier.com\/de\/#website\",\"url\":\"https:\/\/www.ringier.com\/de\/\",\"name\":\"Ringier\",\"description\":\"We inform. We entertain. We connect\",\"publisher\":{\"@id\":\"https:\/\/www.ringier.com\/de\/#organization\"},\"potentialAction\":[{\"@type\":\"SearchAction\",\"target\":{\"@type\":\"EntryPoint\",\"urlTemplate\":\"https:\/\/www.ringier.com\/de\/?s={search_term_string}\"},\"query-input\":{\"@type\":\"PropertyValueSpecification\",\"valueRequired\":true,\"valueName\":\"search_term_string\"}}],\"inLanguage\":\"de-DE\"},{\"@type\":\"Organization\",\"@id\":\"https:\/\/www.ringier.com\/de\/#organization\",\"name\":\"Ringier\",\"url\":\"https:\/\/www.ringier.com\/de\/\",\"logo\":{\"@type\":\"ImageObject\",\"inLanguage\":\"de-DE\",\"@id\":\"https:\/\/www.ringier.com\/de\/#\/schema\/logo\/image\/\",\"url\":\"https:\/\/www.ringier.com\/wp-content\/uploads\/2021\/10\/ringier_logo_2.jpg\",\"contentUrl\":\"https:\/\/www.ringier.com\/wp-content\/uploads\/2021\/10\/ringier_logo_2.jpg\",\"width\":750,\"height\":550,\"caption\":\"Ringier\"},\"image\":{\"@id\":\"https:\/\/www.ringier.com\/de\/#\/schema\/logo\/image\/\"},\"sameAs\":[\"https:\/\/www.facebook.com\/ringierag\/\",\"https:\/\/x.com\/ringier_ag\",\"https:\/\/www.instagram.com\/ringier_ag\/\",\"https:\/\/www.linkedin.com\/company\/ringier\/\",\"https:\/\/www.youtube.com\/user\/RingierComm\",\"https:\/\/en.wikipedia.org\/wiki\/Ringier\",\"https:\/\/de.wikipedia.org\/wiki\/Ringier\",\"https:\/\/fr.wikipedia.org\/wiki\/Ringier\",\"https:\/\/www.crunchbase.com\/organization\/ringier-ag\"]},{\"@type\":\"Person\",\"@id\":\"https:\/\/www.ringier.com\/de\/#\/schema\/person\/4cf76a308dc4b2bb5121bd1e7b752e52\",\"name\":\"Ringier Corporate Communications\",\"image\":{\"@type\":\"ImageObject\",\"inLanguage\":\"de-DE\",\"@id\":\"https:\/\/www.ringier.com\/de\/#\/schema\/person\/image\/\",\"url\":\"https:\/\/secure.gravatar.com\/avatar\/9391e20481368d5df4fe3e1e476c13b27786347489822ec1ed07e532bb41f587?s=96&d=mm&r=g\",\"contentUrl\":\"https:\/\/secure.gravatar.com\/avatar\/9391e20481368d5df4fe3e1e476c13b27786347489822ec1ed07e532bb41f587?s=96&d=mm&r=g\",\"caption\":\"Ringier Corporate Communications\"},\"sameAs\":[\"https:\/\/www.ringier.com\"]}]}<\/script>\n<!-- \/ Yoast SEO Premium plugin. -->","yoast_head_json":{"title":"Rose d'Or Festival - Grosse Schweizer Stars geben sich die Ehre - Ringier","robots":{"index":"index","follow":"follow","max-snippet":"max-snippet:-1","max-image-preview":"max-image-preview:large","max-video-preview":"max-video-preview:-1"},"canonical":"https:\/\/www.ringier.com\/de\/rose-dor-festival-grosse-schweizer-stars-geben-sich-die-ehre\/","og_locale":"de_DE","og_type":"article","og_title":"Rose d'Or Festival - Grosse Schweizer Stars geben sich die Ehre","og_description":"Luzern:  Rosige Aussichten f\u00fcr das Publikum der diesj\u00e4hrigen Rose d'Or Awards Ceremony. Jetzt stehen fast alle Laudatoren dieses Festival-Highlights fest, das am Mittwoch, 22. September in Luzern \u00fcber die KKL-B\u00fchne geht. Ber\u00fchmte Schweizer z\u00e4hlen dazu: Weltstar DJ Bobo, die beliebteste TV-Moderatorin des Landes, Sandra Studer, und die landauf, landab f\u00fcr ihren spontanen Wortwitz popul\u00e4ren Ursus & Nadeschkin.","og_url":"https:\/\/www.ringier.com\/de\/rose-dor-festival-grosse-schweizer-stars-geben-sich-die-ehre\/","og_site_name":"Ringier","article_publisher":"https:\/\/www.facebook.com\/ringierag\/","article_published_time":"2010-09-07T14:41:00+00:00","article_modified_time":"2021-09-23T15:25:01+00:00","og_image":[{"width":1024,"height":538,"url":"https:\/\/www.ringier.com\/wp-content\/uploads\/2013\/03\/Press-Release-Default-1024x538.png","type":"image\/png"}],"author":"Ringier Corporate Communications","twitter_card":"summary_large_image","twitter_creator":"@ringier_ag","twitter_site":"@ringier_ag","twitter_misc":{"Verfasst von":"Ringier Corporate Communications","Gesch\u00e4tzte Lesezeit":"2 Minuten"},"schema":{"@context":"https:\/\/schema.org","@graph":[{"@type":"Article","@id":"https:\/\/www.ringier.com\/de\/rose-dor-festival-grosse-schweizer-stars-geben-sich-die-ehre\/#article","isPartOf":{"@id":"https:\/\/www.ringier.com\/de\/rose-dor-festival-grosse-schweizer-stars-geben-sich-die-ehre\/"},"author":{"name":"Ringier Corporate Communications","@id":"https:\/\/www.ringier.com\/de\/#\/schema\/person\/4cf76a308dc4b2bb5121bd1e7b752e52"},"headline":"Rose d&#8217;Or Festival &#8211; Grosse Schweizer Stars geben sich die Ehre","datePublished":"2010-09-07T14:41:00+00:00","dateModified":"2021-09-23T15:25:01+00:00","mainEntityOfPage":{"@id":"https:\/\/www.ringier.com\/de\/rose-dor-festival-grosse-schweizer-stars-geben-sich-die-ehre\/"},"wordCount":456,"publisher":{"@id":"https:\/\/www.ringier.com\/de\/#organization"},"image":{"@id":"https:\/\/www.ringier.com\/de\/rose-dor-festival-grosse-schweizer-stars-geben-sich-die-ehre\/#primaryimage"},"thumbnailUrl":"https:\/\/www.ringier.com\/wp-content\/uploads\/2013\/03\/Press-Release-Default.png","articleSection":["Marketplaces","Media"],"inLanguage":"de-DE"},{"@type":"WebPage","@id":"https:\/\/www.ringier.com\/de\/rose-dor-festival-grosse-schweizer-stars-geben-sich-die-ehre\/","url":"https:\/\/www.ringier.com\/de\/rose-dor-festival-grosse-schweizer-stars-geben-sich-die-ehre\/","name":"Rose d'Or Festival - Grosse Schweizer Stars geben sich die Ehre - Ringier","isPartOf":{"@id":"https:\/\/www.ringier.com\/de\/#website"},"primaryImageOfPage":{"@id":"https:\/\/www.ringier.com\/de\/rose-dor-festival-grosse-schweizer-stars-geben-sich-die-ehre\/#primaryimage"},"image":{"@id":"https:\/\/www.ringier.com\/de\/rose-dor-festival-grosse-schweizer-stars-geben-sich-die-ehre\/#primaryimage"},"thumbnailUrl":"https:\/\/www.ringier.com\/wp-content\/uploads\/2013\/03\/Press-Release-Default.png","datePublished":"2010-09-07T14:41:00+00:00","dateModified":"2021-09-23T15:25:01+00:00","breadcrumb":{"@id":"https:\/\/www.ringier.com\/de\/rose-dor-festival-grosse-schweizer-stars-geben-sich-die-ehre\/#breadcrumb"},"inLanguage":"de-DE","potentialAction":[{"@type":"ReadAction","target":["https:\/\/www.ringier.com\/de\/rose-dor-festival-grosse-schweizer-stars-geben-sich-die-ehre\/"]}]},{"@type":"ImageObject","inLanguage":"de-DE","@id":"https:\/\/www.ringier.com\/de\/rose-dor-festival-grosse-schweizer-stars-geben-sich-die-ehre\/#primaryimage","url":"https:\/\/www.ringier.com\/wp-content\/uploads\/2013\/03\/Press-Release-Default.png","contentUrl":"https:\/\/www.ringier.com\/wp-content\/uploads\/2013\/03\/Press-Release-Default.png","width":8001,"height":4201},{"@type":"BreadcrumbList","@id":"https:\/\/www.ringier.com\/de\/rose-dor-festival-grosse-schweizer-stars-geben-sich-die-ehre\/#breadcrumb","itemListElement":[{"@type":"ListItem","position":1,"name":"Home","item":"https:\/\/www.ringier.com\/de\/"},{"@type":"ListItem","position":2,"name":"Rose d&#8217;Or Festival &#8211; Grosse Schweizer Stars geben sich die Ehre"}]},{"@type":"WebSite","@id":"https:\/\/www.ringier.com\/de\/#website","url":"https:\/\/www.ringier.com\/de\/","name":"Ringier","description":"We inform. We entertain. We connect","publisher":{"@id":"https:\/\/www.ringier.com\/de\/#organization"},"potentialAction":[{"@type":"SearchAction","target":{"@type":"EntryPoint","urlTemplate":"https:\/\/www.ringier.com\/de\/?s={search_term_string}"},"query-input":{"@type":"PropertyValueSpecification","valueRequired":true,"valueName":"search_term_string"}}],"inLanguage":"de-DE"},{"@type":"Organization","@id":"https:\/\/www.ringier.com\/de\/#organization","name":"Ringier","url":"https:\/\/www.ringier.com\/de\/","logo":{"@type":"ImageObject","inLanguage":"de-DE","@id":"https:\/\/www.ringier.com\/de\/#\/schema\/logo\/image\/","url":"https:\/\/www.ringier.com\/wp-content\/uploads\/2021\/10\/ringier_logo_2.jpg","contentUrl":"https:\/\/www.ringier.com\/wp-content\/uploads\/2021\/10\/ringier_logo_2.jpg","width":750,"height":550,"caption":"Ringier"},"image":{"@id":"https:\/\/www.ringier.com\/de\/#\/schema\/logo\/image\/"},"sameAs":["https:\/\/www.facebook.com\/ringierag\/","https:\/\/x.com\/ringier_ag","https:\/\/www.instagram.com\/ringier_ag\/","https:\/\/www.linkedin.com\/company\/ringier\/","https:\/\/www.youtube.com\/user\/RingierComm","https:\/\/en.wikipedia.org\/wiki\/Ringier","https:\/\/de.wikipedia.org\/wiki\/Ringier","https:\/\/fr.wikipedia.org\/wiki\/Ringier","https:\/\/www.crunchbase.com\/organization\/ringier-ag"]},{"@type":"Person","@id":"https:\/\/www.ringier.com\/de\/#\/schema\/person\/4cf76a308dc4b2bb5121bd1e7b752e52","name":"Ringier Corporate Communications","image":{"@type":"ImageObject","inLanguage":"de-DE","@id":"https:\/\/www.ringier.com\/de\/#\/schema\/person\/image\/","url":"https:\/\/secure.gravatar.com\/avatar\/9391e20481368d5df4fe3e1e476c13b27786347489822ec1ed07e532bb41f587?s=96&d=mm&r=g","contentUrl":"https:\/\/secure.gravatar.com\/avatar\/9391e20481368d5df4fe3e1e476c13b27786347489822ec1ed07e532bb41f587?s=96&d=mm&r=g","caption":"Ringier Corporate Communications"},"sameAs":["https:\/\/www.ringier.com"]}]}},"_links":{"self":[{"href":"https:\/\/www.ringier.com\/de\/wp-json\/wp\/v2\/posts\/7501","targetHints":{"allow":["GET"]}}],"collection":[{"href":"https:\/\/www.ringier.com\/de\/wp-json\/wp\/v2\/posts"}],"about":[{"href":"https:\/\/www.ringier.com\/de\/wp-json\/wp\/v2\/types\/post"}],"author":[{"embeddable":true,"href":"https:\/\/www.ringier.com\/de\/wp-json\/wp\/v2\/users\/23"}],"replies":[{"embeddable":true,"href":"https:\/\/www.ringier.com\/de\/wp-json\/wp\/v2\/comments?post=7501"}],"version-history":[{"count":0,"href":"https:\/\/www.ringier.com\/de\/wp-json\/wp\/v2\/posts\/7501\/revisions"}],"wp:featuredmedia":[{"embeddable":true,"href":"https:\/\/www.ringier.com\/de\/wp-json\/wp\/v2\/media\/5763"}],"wp:attachment":[{"href":"https:\/\/www.ringier.com\/de\/wp-json\/wp\/v2\/media?parent=7501"}],"wp:term":[{"taxonomy":"category","embeddable":true,"href":"https:\/\/www.ringier.com\/de\/wp-json\/wp\/v2\/categories?post=7501"},{"taxonomy":"post_tag","embeddable":true,"href":"https:\/\/www.ringier.com\/de\/wp-json\/wp\/v2\/tags?post=7501"}],"curies":[{"name":"wp","href":"https:\/\/api.w.org\/{rel}","templated":true}]}}