{"id":7204,"date":"2010-01-11T13:37:00","date_gmt":"2010-01-11T12:37:00","guid":{"rendered":"https:\/\/www.ringier.com\/?p=7204"},"modified":"2024-11-29T16:58:44","modified_gmt":"2024-11-29T15:58:44","slug":"ilja-kaenzig-wird-sportchef-der-blick-gruppe","status":"publish","type":"post","link":"https:\/\/www.ringier.com\/de\/ilja-kaenzig-wird-sportchef-der-blick-gruppe\/","title":{"rendered":"Ilja Kaenzig wird Sportchef der Blick-Gruppe"},"content":{"rendered":"\n<p>Ilja Kaenzig arbeitete von 1994 bis 1998 als Assistent des Sportdirektors und Transfer-Koordinators f\u00fcr den Grasshoppers-Club Z\u00fcrich. Anschliessend bis 2004 als Manager von Bayer 04 Leverkusen, mit dem er 2001\/2002 das Champions League Finale erreichte. Von Mitte 2004 bis Mitte 2007 amtete er als Gesch\u00e4ftsf\u00fchrer und Sportdirektor von Hannover 1896. Zuletzt arbeitete er selbstst\u00e4ndig im Bereich Investitionen im Fussball.<\/p>\n\n\n\n<p>Kaenzig studierte Betriebswirtschaft und startete seine journalistische Karriere 1993 mit regelm\u00e4ssigen Expertenauftritten und Kolumnen \u00fcber internationalen Fussball im Fernsehen und in Printmedien. Darunter der Neuen Z\u00fcrcher Zeitung und dem FIFA Magazin. Seit Juni 2008 schreibt er eine w\u00f6chentliche Kolumne f\u00fcr den Blick am Abend. Kaenzig ist Mitglied der Vereinigung Schweizer Sportjournalisten.<\/p>\n\n\n\n<p>Ilja Kaenzig folgt in dieser Funktion auf Walter De Gregorio, der Ringier im November 2009 verlassen hat. Die beiden heutigen interimistischen Leiter des Ressorts Sport, Ernst Kindhauser und Patrick M\u00e4der werden beide stellvertretende Sportchefs der Blick-Gruppe.<\/p>\n\n\n\n<p>Kommunikation Ringier Schweiz<\/p>\n","protected":false},"excerpt":{"rendered":"<p>Der 36-j\u00e4hrige Sportexperte Ilja Kaenzig wird per 15. Februar neuer Sportchef der Blick-Gruppe. Die beiden interimistischen Leiter der Sportredaktion, Ernst Kindhauser und Patrick M\u00e4der, werden seine Stellvertreter. Mit der Berufung von Ilja Kaenzig unterstreicht die Blick-Gruppe ihren Anspruch, die f\u00fchrenden Sportzeitungen der Schweiz herauszugeben.<\/p>\n","protected":false},"author":23,"featured_media":7205,"comment_status":"closed","ping_status":"open","sticky":false,"template":"","format":"standard","meta":{"inline_featured_image":false,"footnotes":""},"categories":[371,361,3],"tags":[],"class_list":["post-7204","post","type-post","status-publish","format-standard","has-post-thumbnail","hentry","category-media-de","category-ringier-medien-schweiz","category-unkategorisiert"],"yoast_head":"<!-- This site is optimized with the Yoast SEO Premium plugin v27.0 (Yoast SEO v27.0) - https:\/\/yoast.com\/product\/yoast-seo-premium-wordpress\/ -->\n<title>Ilja Kaenzig wird Sportchef der Blick-Gruppe - Ringier<\/title>\n<meta name=\"robots\" content=\"index, follow, max-snippet:-1, max-image-preview:large, max-video-preview:-1\" \/>\n<link rel=\"canonical\" href=\"https:\/\/www.ringier.com\/de\/ilja-kaenzig-wird-sportchef-der-blick-gruppe\/\" \/>\n<meta property=\"og:locale\" content=\"de_DE\" \/>\n<meta property=\"og:type\" content=\"article\" \/>\n<meta property=\"og:title\" content=\"Ilja Kaenzig wird Sportchef der Blick-Gruppe\" \/>\n<meta property=\"og:description\" content=\"Der 36-j\u00e4hrige Sportexperte Ilja Kaenzig wird per 15. Februar neuer Sportchef der Blick-Gruppe. Die beiden interimistischen Leiter der Sportredaktion, Ernst Kindhauser und Patrick M\u00e4der, werden seine Stellvertreter. Mit der Berufung von Ilja Kaenzig unterstreicht die Blick-Gruppe ihren Anspruch, die f\u00fchrenden Sportzeitungen der Schweiz herauszugeben.\" \/>\n<meta property=\"og:url\" content=\"https:\/\/www.ringier.com\/de\/ilja-kaenzig-wird-sportchef-der-blick-gruppe\/\" \/>\n<meta property=\"og:site_name\" content=\"Ringier\" \/>\n<meta property=\"article:publisher\" content=\"https:\/\/www.facebook.com\/ringierag\/\" \/>\n<meta property=\"article:published_time\" content=\"2010-01-11T12:37:00+00:00\" \/>\n<meta property=\"article:modified_time\" content=\"2024-11-29T15:58:44+00:00\" \/>\n<meta property=\"og:image\" content=\"https:\/\/www.ringier.com\/wp-content\/uploads\/2021\/09\/ilja_kaenzig_sportchef_2010.jpg\" \/>\n\t<meta property=\"og:image:width\" content=\"1080\" \/>\n\t<meta property=\"og:image:height\" content=\"1380\" \/>\n\t<meta property=\"og:image:type\" content=\"image\/jpeg\" \/>\n<meta name=\"author\" content=\"Ringier Corporate Communications\" \/>\n<meta name=\"twitter:card\" content=\"summary_large_image\" \/>\n<meta name=\"twitter:creator\" content=\"@ringier_ag\" \/>\n<meta name=\"twitter:site\" content=\"@ringier_ag\" \/>\n<meta name=\"twitter:label1\" content=\"Verfasst von\" \/>\n\t<meta name=\"twitter:data1\" content=\"Ringier Corporate Communications\" \/>\n\t<meta name=\"twitter:label2\" content=\"Gesch\u00e4tzte Lesezeit\" \/>\n\t<meta name=\"twitter:data2\" content=\"2 Minuten\" \/>\n<script type=\"application\/ld+json\" class=\"yoast-schema-graph\">{\"@context\":\"https:\/\/schema.org\",\"@graph\":[{\"@type\":\"Article\",\"@id\":\"https:\/\/www.ringier.com\/de\/ilja-kaenzig-wird-sportchef-der-blick-gruppe\/#article\",\"isPartOf\":{\"@id\":\"https:\/\/www.ringier.com\/de\/ilja-kaenzig-wird-sportchef-der-blick-gruppe\/\"},\"author\":{\"name\":\"Ringier Corporate Communications\",\"@id\":\"https:\/\/www.ringier.com\/de\/#\/schema\/person\/4cf76a308dc4b2bb5121bd1e7b752e52\"},\"headline\":\"Ilja Kaenzig wird Sportchef der Blick-Gruppe\",\"datePublished\":\"2010-01-11T12:37:00+00:00\",\"dateModified\":\"2024-11-29T15:58:44+00:00\",\"mainEntityOfPage\":{\"@id\":\"https:\/\/www.ringier.com\/de\/ilja-kaenzig-wird-sportchef-der-blick-gruppe\/\"},\"wordCount\":154,\"publisher\":{\"@id\":\"https:\/\/www.ringier.com\/de\/#organization\"},\"image\":{\"@id\":\"https:\/\/www.ringier.com\/de\/ilja-kaenzig-wird-sportchef-der-blick-gruppe\/#primaryimage\"},\"thumbnailUrl\":\"https:\/\/www.ringier.com\/wp-content\/uploads\/2021\/09\/ilja_kaenzig_sportchef_2010.jpg\",\"articleSection\":[\"Media\",\"Ringier Medien Schweiz\",\"Unkategorisiert\"],\"inLanguage\":\"de-DE\"},{\"@type\":\"WebPage\",\"@id\":\"https:\/\/www.ringier.com\/de\/ilja-kaenzig-wird-sportchef-der-blick-gruppe\/\",\"url\":\"https:\/\/www.ringier.com\/de\/ilja-kaenzig-wird-sportchef-der-blick-gruppe\/\",\"name\":\"Ilja Kaenzig wird Sportchef der Blick-Gruppe - Ringier\",\"isPartOf\":{\"@id\":\"https:\/\/www.ringier.com\/de\/#website\"},\"primaryImageOfPage\":{\"@id\":\"https:\/\/www.ringier.com\/de\/ilja-kaenzig-wird-sportchef-der-blick-gruppe\/#primaryimage\"},\"image\":{\"@id\":\"https:\/\/www.ringier.com\/de\/ilja-kaenzig-wird-sportchef-der-blick-gruppe\/#primaryimage\"},\"thumbnailUrl\":\"https:\/\/www.ringier.com\/wp-content\/uploads\/2021\/09\/ilja_kaenzig_sportchef_2010.jpg\",\"datePublished\":\"2010-01-11T12:37:00+00:00\",\"dateModified\":\"2024-11-29T15:58:44+00:00\",\"breadcrumb\":{\"@id\":\"https:\/\/www.ringier.com\/de\/ilja-kaenzig-wird-sportchef-der-blick-gruppe\/#breadcrumb\"},\"inLanguage\":\"de-DE\",\"potentialAction\":[{\"@type\":\"ReadAction\",\"target\":[\"https:\/\/www.ringier.com\/de\/ilja-kaenzig-wird-sportchef-der-blick-gruppe\/\"]}]},{\"@type\":\"ImageObject\",\"inLanguage\":\"de-DE\",\"@id\":\"https:\/\/www.ringier.com\/de\/ilja-kaenzig-wird-sportchef-der-blick-gruppe\/#primaryimage\",\"url\":\"https:\/\/www.ringier.com\/wp-content\/uploads\/2021\/09\/ilja_kaenzig_sportchef_2010.jpg\",\"contentUrl\":\"https:\/\/www.ringier.com\/wp-content\/uploads\/2021\/09\/ilja_kaenzig_sportchef_2010.jpg\",\"width\":1080,\"height\":1380},{\"@type\":\"BreadcrumbList\",\"@id\":\"https:\/\/www.ringier.com\/de\/ilja-kaenzig-wird-sportchef-der-blick-gruppe\/#breadcrumb\",\"itemListElement\":[{\"@type\":\"ListItem\",\"position\":1,\"name\":\"Home\",\"item\":\"https:\/\/www.ringier.com\/de\/\"},{\"@type\":\"ListItem\",\"position\":2,\"name\":\"Ilja Kaenzig wird Sportchef der Blick-Gruppe\"}]},{\"@type\":\"WebSite\",\"@id\":\"https:\/\/www.ringier.com\/de\/#website\",\"url\":\"https:\/\/www.ringier.com\/de\/\",\"name\":\"Ringier\",\"description\":\"We inform. We entertain. We connect\",\"publisher\":{\"@id\":\"https:\/\/www.ringier.com\/de\/#organization\"},\"potentialAction\":[{\"@type\":\"SearchAction\",\"target\":{\"@type\":\"EntryPoint\",\"urlTemplate\":\"https:\/\/www.ringier.com\/de\/?s={search_term_string}\"},\"query-input\":{\"@type\":\"PropertyValueSpecification\",\"valueRequired\":true,\"valueName\":\"search_term_string\"}}],\"inLanguage\":\"de-DE\"},{\"@type\":\"Organization\",\"@id\":\"https:\/\/www.ringier.com\/de\/#organization\",\"name\":\"Ringier\",\"url\":\"https:\/\/www.ringier.com\/de\/\",\"logo\":{\"@type\":\"ImageObject\",\"inLanguage\":\"de-DE\",\"@id\":\"https:\/\/www.ringier.com\/de\/#\/schema\/logo\/image\/\",\"url\":\"https:\/\/www.ringier.com\/wp-content\/uploads\/2021\/10\/ringier_logo_2.jpg\",\"contentUrl\":\"https:\/\/www.ringier.com\/wp-content\/uploads\/2021\/10\/ringier_logo_2.jpg\",\"width\":750,\"height\":550,\"caption\":\"Ringier\"},\"image\":{\"@id\":\"https:\/\/www.ringier.com\/de\/#\/schema\/logo\/image\/\"},\"sameAs\":[\"https:\/\/www.facebook.com\/ringierag\/\",\"https:\/\/x.com\/ringier_ag\",\"https:\/\/www.instagram.com\/ringier_ag\/\",\"https:\/\/www.linkedin.com\/company\/ringier\/\",\"https:\/\/www.youtube.com\/user\/RingierComm\",\"https:\/\/en.wikipedia.org\/wiki\/Ringier\",\"https:\/\/de.wikipedia.org\/wiki\/Ringier\",\"https:\/\/fr.wikipedia.org\/wiki\/Ringier\",\"https:\/\/www.crunchbase.com\/organization\/ringier-ag\"]},{\"@type\":\"Person\",\"@id\":\"https:\/\/www.ringier.com\/de\/#\/schema\/person\/4cf76a308dc4b2bb5121bd1e7b752e52\",\"name\":\"Ringier Corporate Communications\",\"image\":{\"@type\":\"ImageObject\",\"inLanguage\":\"de-DE\",\"@id\":\"https:\/\/www.ringier.com\/de\/#\/schema\/person\/image\/\",\"url\":\"https:\/\/secure.gravatar.com\/avatar\/9391e20481368d5df4fe3e1e476c13b27786347489822ec1ed07e532bb41f587?s=96&d=mm&r=g\",\"contentUrl\":\"https:\/\/secure.gravatar.com\/avatar\/9391e20481368d5df4fe3e1e476c13b27786347489822ec1ed07e532bb41f587?s=96&d=mm&r=g\",\"caption\":\"Ringier Corporate Communications\"},\"sameAs\":[\"https:\/\/www.ringier.com\"]}]}<\/script>\n<!-- \/ Yoast SEO Premium plugin. -->","yoast_head_json":{"title":"Ilja Kaenzig wird Sportchef der Blick-Gruppe - Ringier","robots":{"index":"index","follow":"follow","max-snippet":"max-snippet:-1","max-image-preview":"max-image-preview:large","max-video-preview":"max-video-preview:-1"},"canonical":"https:\/\/www.ringier.com\/de\/ilja-kaenzig-wird-sportchef-der-blick-gruppe\/","og_locale":"de_DE","og_type":"article","og_title":"Ilja Kaenzig wird Sportchef der Blick-Gruppe","og_description":"Der 36-j\u00e4hrige Sportexperte Ilja Kaenzig wird per 15. Februar neuer Sportchef der Blick-Gruppe. Die beiden interimistischen Leiter der Sportredaktion, Ernst Kindhauser und Patrick M\u00e4der, werden seine Stellvertreter. Mit der Berufung von Ilja Kaenzig unterstreicht die Blick-Gruppe ihren Anspruch, die f\u00fchrenden Sportzeitungen der Schweiz herauszugeben.","og_url":"https:\/\/www.ringier.com\/de\/ilja-kaenzig-wird-sportchef-der-blick-gruppe\/","og_site_name":"Ringier","article_publisher":"https:\/\/www.facebook.com\/ringierag\/","article_published_time":"2010-01-11T12:37:00+00:00","article_modified_time":"2024-11-29T15:58:44+00:00","og_image":[{"width":1080,"height":1380,"url":"https:\/\/www.ringier.com\/wp-content\/uploads\/2021\/09\/ilja_kaenzig_sportchef_2010.jpg","type":"image\/jpeg"}],"author":"Ringier Corporate Communications","twitter_card":"summary_large_image","twitter_creator":"@ringier_ag","twitter_site":"@ringier_ag","twitter_misc":{"Verfasst von":"Ringier Corporate Communications","Gesch\u00e4tzte Lesezeit":"2 Minuten"},"schema":{"@context":"https:\/\/schema.org","@graph":[{"@type":"Article","@id":"https:\/\/www.ringier.com\/de\/ilja-kaenzig-wird-sportchef-der-blick-gruppe\/#article","isPartOf":{"@id":"https:\/\/www.ringier.com\/de\/ilja-kaenzig-wird-sportchef-der-blick-gruppe\/"},"author":{"name":"Ringier Corporate Communications","@id":"https:\/\/www.ringier.com\/de\/#\/schema\/person\/4cf76a308dc4b2bb5121bd1e7b752e52"},"headline":"Ilja Kaenzig wird Sportchef der Blick-Gruppe","datePublished":"2010-01-11T12:37:00+00:00","dateModified":"2024-11-29T15:58:44+00:00","mainEntityOfPage":{"@id":"https:\/\/www.ringier.com\/de\/ilja-kaenzig-wird-sportchef-der-blick-gruppe\/"},"wordCount":154,"publisher":{"@id":"https:\/\/www.ringier.com\/de\/#organization"},"image":{"@id":"https:\/\/www.ringier.com\/de\/ilja-kaenzig-wird-sportchef-der-blick-gruppe\/#primaryimage"},"thumbnailUrl":"https:\/\/www.ringier.com\/wp-content\/uploads\/2021\/09\/ilja_kaenzig_sportchef_2010.jpg","articleSection":["Media","Ringier Medien Schweiz","Unkategorisiert"],"inLanguage":"de-DE"},{"@type":"WebPage","@id":"https:\/\/www.ringier.com\/de\/ilja-kaenzig-wird-sportchef-der-blick-gruppe\/","url":"https:\/\/www.ringier.com\/de\/ilja-kaenzig-wird-sportchef-der-blick-gruppe\/","name":"Ilja Kaenzig wird Sportchef der Blick-Gruppe - Ringier","isPartOf":{"@id":"https:\/\/www.ringier.com\/de\/#website"},"primaryImageOfPage":{"@id":"https:\/\/www.ringier.com\/de\/ilja-kaenzig-wird-sportchef-der-blick-gruppe\/#primaryimage"},"image":{"@id":"https:\/\/www.ringier.com\/de\/ilja-kaenzig-wird-sportchef-der-blick-gruppe\/#primaryimage"},"thumbnailUrl":"https:\/\/www.ringier.com\/wp-content\/uploads\/2021\/09\/ilja_kaenzig_sportchef_2010.jpg","datePublished":"2010-01-11T12:37:00+00:00","dateModified":"2024-11-29T15:58:44+00:00","breadcrumb":{"@id":"https:\/\/www.ringier.com\/de\/ilja-kaenzig-wird-sportchef-der-blick-gruppe\/#breadcrumb"},"inLanguage":"de-DE","potentialAction":[{"@type":"ReadAction","target":["https:\/\/www.ringier.com\/de\/ilja-kaenzig-wird-sportchef-der-blick-gruppe\/"]}]},{"@type":"ImageObject","inLanguage":"de-DE","@id":"https:\/\/www.ringier.com\/de\/ilja-kaenzig-wird-sportchef-der-blick-gruppe\/#primaryimage","url":"https:\/\/www.ringier.com\/wp-content\/uploads\/2021\/09\/ilja_kaenzig_sportchef_2010.jpg","contentUrl":"https:\/\/www.ringier.com\/wp-content\/uploads\/2021\/09\/ilja_kaenzig_sportchef_2010.jpg","width":1080,"height":1380},{"@type":"BreadcrumbList","@id":"https:\/\/www.ringier.com\/de\/ilja-kaenzig-wird-sportchef-der-blick-gruppe\/#breadcrumb","itemListElement":[{"@type":"ListItem","position":1,"name":"Home","item":"https:\/\/www.ringier.com\/de\/"},{"@type":"ListItem","position":2,"name":"Ilja Kaenzig wird Sportchef der Blick-Gruppe"}]},{"@type":"WebSite","@id":"https:\/\/www.ringier.com\/de\/#website","url":"https:\/\/www.ringier.com\/de\/","name":"Ringier","description":"We inform. We entertain. We connect","publisher":{"@id":"https:\/\/www.ringier.com\/de\/#organization"},"potentialAction":[{"@type":"SearchAction","target":{"@type":"EntryPoint","urlTemplate":"https:\/\/www.ringier.com\/de\/?s={search_term_string}"},"query-input":{"@type":"PropertyValueSpecification","valueRequired":true,"valueName":"search_term_string"}}],"inLanguage":"de-DE"},{"@type":"Organization","@id":"https:\/\/www.ringier.com\/de\/#organization","name":"Ringier","url":"https:\/\/www.ringier.com\/de\/","logo":{"@type":"ImageObject","inLanguage":"de-DE","@id":"https:\/\/www.ringier.com\/de\/#\/schema\/logo\/image\/","url":"https:\/\/www.ringier.com\/wp-content\/uploads\/2021\/10\/ringier_logo_2.jpg","contentUrl":"https:\/\/www.ringier.com\/wp-content\/uploads\/2021\/10\/ringier_logo_2.jpg","width":750,"height":550,"caption":"Ringier"},"image":{"@id":"https:\/\/www.ringier.com\/de\/#\/schema\/logo\/image\/"},"sameAs":["https:\/\/www.facebook.com\/ringierag\/","https:\/\/x.com\/ringier_ag","https:\/\/www.instagram.com\/ringier_ag\/","https:\/\/www.linkedin.com\/company\/ringier\/","https:\/\/www.youtube.com\/user\/RingierComm","https:\/\/en.wikipedia.org\/wiki\/Ringier","https:\/\/de.wikipedia.org\/wiki\/Ringier","https:\/\/fr.wikipedia.org\/wiki\/Ringier","https:\/\/www.crunchbase.com\/organization\/ringier-ag"]},{"@type":"Person","@id":"https:\/\/www.ringier.com\/de\/#\/schema\/person\/4cf76a308dc4b2bb5121bd1e7b752e52","name":"Ringier Corporate Communications","image":{"@type":"ImageObject","inLanguage":"de-DE","@id":"https:\/\/www.ringier.com\/de\/#\/schema\/person\/image\/","url":"https:\/\/secure.gravatar.com\/avatar\/9391e20481368d5df4fe3e1e476c13b27786347489822ec1ed07e532bb41f587?s=96&d=mm&r=g","contentUrl":"https:\/\/secure.gravatar.com\/avatar\/9391e20481368d5df4fe3e1e476c13b27786347489822ec1ed07e532bb41f587?s=96&d=mm&r=g","caption":"Ringier Corporate Communications"},"sameAs":["https:\/\/www.ringier.com"]}]}},"_links":{"self":[{"href":"https:\/\/www.ringier.com\/de\/wp-json\/wp\/v2\/posts\/7204","targetHints":{"allow":["GET"]}}],"collection":[{"href":"https:\/\/www.ringier.com\/de\/wp-json\/wp\/v2\/posts"}],"about":[{"href":"https:\/\/www.ringier.com\/de\/wp-json\/wp\/v2\/types\/post"}],"author":[{"embeddable":true,"href":"https:\/\/www.ringier.com\/de\/wp-json\/wp\/v2\/users\/23"}],"replies":[{"embeddable":true,"href":"https:\/\/www.ringier.com\/de\/wp-json\/wp\/v2\/comments?post=7204"}],"version-history":[{"count":0,"href":"https:\/\/www.ringier.com\/de\/wp-json\/wp\/v2\/posts\/7204\/revisions"}],"wp:featuredmedia":[{"embeddable":true,"href":"https:\/\/www.ringier.com\/de\/wp-json\/wp\/v2\/media\/7205"}],"wp:attachment":[{"href":"https:\/\/www.ringier.com\/de\/wp-json\/wp\/v2\/media?parent=7204"}],"wp:term":[{"taxonomy":"category","embeddable":true,"href":"https:\/\/www.ringier.com\/de\/wp-json\/wp\/v2\/categories?post=7204"},{"taxonomy":"post_tag","embeddable":true,"href":"https:\/\/www.ringier.com\/de\/wp-json\/wp\/v2\/tags?post=7204"}],"curies":[{"name":"wp","href":"https:\/\/api.w.org\/{rel}","templated":true}]}}